{"id":70906,"date":"2025-12-05T14:57:41","date_gmt":"2025-12-05T20:57:41","guid":{"rendered":"https:\/\/www.bbmnoticias.com\/labravaradiofm\/2025\/12\/05\/inicia-en-oaxaca-la-etapa-nacional-de-la-liga-telmex-telcel-de-basquetbol\/"},"modified":"2025-12-05T14:57:44","modified_gmt":"2025-12-05T20:57:44","slug":"inicia-en-oaxaca-la-etapa-nacional-de-la-liga-telmex-telcel-de-basquetbol","status":"publish","type":"post","link":"https:\/\/www.bbmnoticias.com\/labravaradiofm\/2025\/12\/05\/inicia-en-oaxaca-la-etapa-nacional-de-la-liga-telmex-telcel-de-basquetbol\/","title":{"rendered":"Inicia en Oaxaca la etapa nacional de la Liga Telmex-Telcel de B\u00e1squetbol"},"content":{"rendered":"<div style=\"margin-top: 0px; margin-bottom: 0px;\" class=\"sharethis-inline-share-buttons\" ><\/div>\n<p><strong>Oaxaca de Ju\u00e1rez, Oax.- <\/strong>El Instituto del Deporte del Estado (Indeporte), en colaboraci\u00f3n con la Liga Telmex-Telcel de B\u00e1squetbol, inaugur\u00f3 la etapa nacional de esta justa deportiva en las instalaciones del Complejo Deportivo \u201cHermanos Flores Mag\u00f3n\u201d.<\/p>\n\n\n\n<p>En esta edici\u00f3n, que se desarrollar\u00e1 hasta el 7 de diciembre, participan equipos provenientes de distintos estados del pa\u00eds, en las ramas femenil y varonil de las categor\u00edas infantil, 10-11 a\u00f1os; pasarela, 12-13 a\u00f1os; cadetes, 14-15 a\u00f1os y juvenil, 16-17 a\u00f1os.<\/p>\n\n\n\n<p>Las sedes principales de esta justa deportiva son el Complejo Deportivo \u201cHermanos Flores Mag\u00f3n\u201d, el gimnasio de la Universidad Regional del Sureste (URSE) campus Rosario y la cancha del Instituto Tecnol\u00f3gico de Oaxaca.<\/p>\n\n\n\n<p>La apertura fue presidida por el titular del Indeporte, Arturo de Jes\u00fas Ch\u00e1vez Ram\u00edrez acompa\u00f1ado por el director general nacional de la Liga Telmex Telcel de B\u00e1squetbol, Roberto Gonz\u00e1lez Narozny.<\/p>\n\n\n\n<p>Durante su intervenci\u00f3n, Ch\u00e1vez Ram\u00edrez dio la bienvenida a las delegaciones participantes y destac\u00f3 la relevancia de que Oaxaca sea sede de un evento que impulsa el talento deportivo juvenil y promueve valores como la disciplina, el trabajo en equipo y la sana convivencia.<\/p>\n\n\n\n<p>Posteriormente, la atleta Rojas Garc\u00eda realiz\u00f3 el juramento deportivo en representaci\u00f3n de las y los basquetbolistas que competir\u00e1n durante esta fase nacional.<\/p>\n","protected":false},"excerpt":{"rendered":"<p>Oaxaca de Ju\u00e1rez, Oax.- El Instituto del Deporte del Estado (Indeporte), en colaboraci\u00f3n con la Liga Telmex-Telcel de B\u00e1squetbol, inaugur\u00f3 la etapa nacional de esta justa deportiva en las instalaciones del Complejo Deportivo \u201cHermanos Flores Mag\u00f3n\u201d. En esta edici\u00f3n, que se desarrollar\u00e1 hasta el 7 de diciembre, participan equipos provenientes de distintos estados del pa\u00eds, [&hellip;]<\/p>\n","protected":false},"author":2,"featured_media":70908,"comment_status":"closed","ping_status":"","sticky":false,"template":"","format":"standard","meta":{"footnotes":""},"categories":[2],"tags":[],"class_list":{"0":"post-70906","1":"post","2":"type-post","3":"status-publish","4":"format-standard","5":"has-post-thumbnail","7":"category-oaxaca"},"yoast_head":"<!-- This site is optimized with the Yoast SEO plugin v27.4 - https:\/\/yoast.com\/product\/yoast-seo-wordpress\/ -->\n<title>Inicia en Oaxaca la etapa nacional de la Liga Telmex-Telcel de B\u00e1squetbol - LA BRAVA RADIO<\/title>\n<meta name=\"robots\" content=\"index, follow, max-snippet:-1, max-image-preview:large, max-video-preview:-1\" \/>\n<link rel=\"canonical\" href=\"https:\/\/www.bbmnoticias.com\/inicia-en-oaxaca-la-etapa-nacional-de-la-liga-telmex-telcel-de-basquetbol\/\" \/>\n<meta property=\"og:locale\" content=\"es_MX\" \/>\n<meta property=\"og:type\" content=\"article\" \/>\n<meta property=\"og:title\" content=\"Inicia en Oaxaca la etapa nacional de la Liga Telmex-Telcel de B\u00e1squetbol - LA BRAVA RADIO\" \/>\n<meta property=\"og:description\" content=\"Oaxaca de Ju\u00e1rez, Oax.- El Instituto del Deporte del Estado (Indeporte), en colaboraci\u00f3n con la Liga Telmex-Telcel de B\u00e1squetbol, inaugur\u00f3 la etapa nacional de esta justa deportiva en las instalaciones del Complejo Deportivo \u201cHermanos Flores Mag\u00f3n\u201d. En esta edici\u00f3n, que se desarrollar\u00e1 hasta el 7 de diciembre, participan equipos provenientes de distintos estados del pa\u00eds, [&hellip;]\" \/>\n<meta property=\"og:url\" content=\"https:\/\/www.bbmnoticias.com\/inicia-en-oaxaca-la-etapa-nacional-de-la-liga-telmex-telcel-de-basquetbol\/\" \/>\n<meta property=\"og:site_name\" content=\"LA BRAVA RADIO\" \/>\n<meta property=\"article:published_time\" content=\"2025-12-05T20:57:41+00:00\" \/>\n<meta property=\"article:modified_time\" content=\"2025-12-05T20:57:44+00:00\" \/>\n<meta property=\"og:image\" content=\"https:\/\/www.bbmnoticias.com\/labravaradiofm\/wp-content\/uploads\/sites\/5\/2025\/12\/liga_telmex_telcel.jpg\" \/>\n\t<meta property=\"og:image:width\" content=\"868\" \/>\n\t<meta property=\"og:image:height\" content=\"508\" \/>\n\t<meta property=\"og:image:type\" content=\"image\/jpeg\" \/>\n<meta name=\"author\" content=\"Staff\" \/>\n<meta name=\"twitter:card\" content=\"summary_large_image\" \/>\n<meta name=\"twitter:label1\" content=\"Escrito por\" \/>\n\t<meta name=\"twitter:data1\" content=\"Staff\" \/>\n\t<meta name=\"twitter:label2\" content=\"Tiempo de lectura\" \/>\n\t<meta name=\"twitter:data2\" content=\"1 minuto\" \/>\n<script type=\"application\/ld+json\" class=\"yoast-schema-graph\">{\"@context\":\"https:\\\/\\\/schema.org\",\"@graph\":[{\"@type\":\"Article\",\"@id\":\"https:\\\/\\\/www.bbmnoticias.com\\\/inicia-en-oaxaca-la-etapa-nacional-de-la-liga-telmex-telcel-de-basquetbol\\\/#article\",\"isPartOf\":{\"@id\":\"https:\\\/\\\/www.bbmnoticias.com\\\/labravaradiofm\\\/2025\\\/12\\\/05\\\/inicia-en-oaxaca-la-etapa-nacional-de-la-liga-telmex-telcel-de-basquetbol\\\/\"},\"author\":{\"name\":\"Staff\",\"@id\":\"https:\\\/\\\/www.bbmnoticias.com\\\/labravaradiofm\\\/#\\\/schema\\\/person\\\/68a9e9036ef3c5b55aeb2b71dc8bab45\"},\"headline\":\"Inicia en Oaxaca la etapa nacional de la Liga Telmex-Telcel de B\u00e1squetbol\",\"datePublished\":\"2025-12-05T20:57:41+00:00\",\"dateModified\":\"2025-12-05T20:57:44+00:00\",\"mainEntityOfPage\":{\"@id\":\"https:\\\/\\\/www.bbmnoticias.com\\\/labravaradiofm\\\/2025\\\/12\\\/05\\\/inicia-en-oaxaca-la-etapa-nacional-de-la-liga-telmex-telcel-de-basquetbol\\\/\"},\"wordCount\":244,\"image\":{\"@id\":\"https:\\\/\\\/www.bbmnoticias.com\\\/inicia-en-oaxaca-la-etapa-nacional-de-la-liga-telmex-telcel-de-basquetbol\\\/#primaryimage\"},\"thumbnailUrl\":\"https:\\\/\\\/www.bbmnoticias.com\\\/labravaradiofm\\\/wp-content\\\/uploads\\\/sites\\\/5\\\/2025\\\/12\\\/liga_telmex_telcel.jpg\",\"articleSection\":[\"LOCAL\"],\"inLanguage\":\"es\"},{\"@type\":\"WebPage\",\"@id\":\"https:\\\/\\\/www.bbmnoticias.com\\\/labravaradiofm\\\/2025\\\/12\\\/05\\\/inicia-en-oaxaca-la-etapa-nacional-de-la-liga-telmex-telcel-de-basquetbol\\\/\",\"url\":\"https:\\\/\\\/www.bbmnoticias.com\\\/inicia-en-oaxaca-la-etapa-nacional-de-la-liga-telmex-telcel-de-basquetbol\\\/\",\"name\":\"Inicia en Oaxaca la etapa nacional de la Liga Telmex-Telcel de B\u00e1squetbol - LA BRAVA RADIO\",\"isPartOf\":{\"@id\":\"https:\\\/\\\/www.bbmnoticias.com\\\/labravaradiofm\\\/#website\"},\"primaryImageOfPage\":{\"@id\":\"https:\\\/\\\/www.bbmnoticias.com\\\/inicia-en-oaxaca-la-etapa-nacional-de-la-liga-telmex-telcel-de-basquetbol\\\/#primaryimage\"},\"image\":{\"@id\":\"https:\\\/\\\/www.bbmnoticias.com\\\/inicia-en-oaxaca-la-etapa-nacional-de-la-liga-telmex-telcel-de-basquetbol\\\/#primaryimage\"},\"thumbnailUrl\":\"https:\\\/\\\/www.bbmnoticias.com\\\/labravaradiofm\\\/wp-content\\\/uploads\\\/sites\\\/5\\\/2025\\\/12\\\/liga_telmex_telcel.jpg\",\"datePublished\":\"2025-12-05T20:57:41+00:00\",\"dateModified\":\"2025-12-05T20:57:44+00:00\",\"author\":{\"@id\":\"https:\\\/\\\/www.bbmnoticias.com\\\/labravaradiofm\\\/#\\\/schema\\\/person\\\/68a9e9036ef3c5b55aeb2b71dc8bab45\"},\"breadcrumb\":{\"@id\":\"https:\\\/\\\/www.bbmnoticias.com\\\/inicia-en-oaxaca-la-etapa-nacional-de-la-liga-telmex-telcel-de-basquetbol\\\/#breadcrumb\"},\"inLanguage\":\"es\",\"potentialAction\":[{\"@type\":\"ReadAction\",\"target\":[\"https:\\\/\\\/www.bbmnoticias.com\\\/inicia-en-oaxaca-la-etapa-nacional-de-la-liga-telmex-telcel-de-basquetbol\\\/\"]}]},{\"@type\":\"ImageObject\",\"inLanguage\":\"es\",\"@id\":\"https:\\\/\\\/www.bbmnoticias.com\\\/inicia-en-oaxaca-la-etapa-nacional-de-la-liga-telmex-telcel-de-basquetbol\\\/#primaryimage\",\"url\":\"https:\\\/\\\/www.bbmnoticias.com\\\/labravaradiofm\\\/wp-content\\\/uploads\\\/sites\\\/5\\\/2025\\\/12\\\/liga_telmex_telcel.jpg\",\"contentUrl\":\"https:\\\/\\\/www.bbmnoticias.com\\\/labravaradiofm\\\/wp-content\\\/uploads\\\/sites\\\/5\\\/2025\\\/12\\\/liga_telmex_telcel.jpg\",\"width\":868,\"height\":508},{\"@type\":\"BreadcrumbList\",\"@id\":\"https:\\\/\\\/www.bbmnoticias.com\\\/inicia-en-oaxaca-la-etapa-nacional-de-la-liga-telmex-telcel-de-basquetbol\\\/#breadcrumb\",\"itemListElement\":[{\"@type\":\"ListItem\",\"position\":1,\"name\":\"Inicio\",\"item\":\"https:\\\/\\\/www.bbmnoticias.com\\\/labravaradiofm\\\/\"},{\"@type\":\"ListItem\",\"position\":2,\"name\":\"Inicia en Oaxaca la etapa nacional de la Liga Telmex-Telcel de B\u00e1squetbol\"}]},{\"@type\":\"WebSite\",\"@id\":\"https:\\\/\\\/www.bbmnoticias.com\\\/labravaradiofm\\\/#website\",\"url\":\"https:\\\/\\\/www.bbmnoticias.com\\\/labravaradiofm\\\/\",\"name\":\"LA BRAVA RADIO\",\"description\":\"Empresa productora de medios, Radiodifusi\u00f3n, Noticias, tendencias y todo lo que necesitas saber de la pol\u00edtica mexicana e internacional; entretenimiento, espect\u00e1culos, salud y mucho m\u00e1s.\",\"potentialAction\":[{\"@type\":\"SearchAction\",\"target\":{\"@type\":\"EntryPoint\",\"urlTemplate\":\"https:\\\/\\\/www.bbmnoticias.com\\\/labravaradiofm\\\/?s={search_term_string}\"},\"query-input\":{\"@type\":\"PropertyValueSpecification\",\"valueRequired\":true,\"valueName\":\"search_term_string\"}}],\"inLanguage\":\"es\"},{\"@type\":\"Person\",\"@id\":\"https:\\\/\\\/www.bbmnoticias.com\\\/labravaradiofm\\\/#\\\/schema\\\/person\\\/68a9e9036ef3c5b55aeb2b71dc8bab45\",\"name\":\"Staff\",\"image\":{\"@type\":\"ImageObject\",\"inLanguage\":\"es\",\"@id\":\"https:\\\/\\\/secure.gravatar.com\\\/avatar\\\/fdd21ad66fd8b98c407f9dee5b5e588cfe7f0d8579ec20fa6527cd59bab7f0f0?s=96&d=mm&r=g\",\"url\":\"https:\\\/\\\/secure.gravatar.com\\\/avatar\\\/fdd21ad66fd8b98c407f9dee5b5e588cfe7f0d8579ec20fa6527cd59bab7f0f0?s=96&d=mm&r=g\",\"contentUrl\":\"https:\\\/\\\/secure.gravatar.com\\\/avatar\\\/fdd21ad66fd8b98c407f9dee5b5e588cfe7f0d8579ec20fa6527cd59bab7f0f0?s=96&d=mm&r=g\",\"caption\":\"Staff\"},\"url\":\"https:\\\/\\\/www.bbmnoticias.com\\\/labravaradiofm\\\/author\\\/redaccion\\\/\"}]}<\/script>\n<!-- \/ Yoast SEO plugin. -->","yoast_head_json":{"title":"Inicia en Oaxaca la etapa nacional de la Liga Telmex-Telcel de B\u00e1squetbol - LA BRAVA RADIO","robots":{"index":"index","follow":"follow","max-snippet":"max-snippet:-1","max-image-preview":"max-image-preview:large","max-video-preview":"max-video-preview:-1"},"canonical":"https:\/\/www.bbmnoticias.com\/inicia-en-oaxaca-la-etapa-nacional-de-la-liga-telmex-telcel-de-basquetbol\/","og_locale":"es_MX","og_type":"article","og_title":"Inicia en Oaxaca la etapa nacional de la Liga Telmex-Telcel de B\u00e1squetbol - LA BRAVA RADIO","og_description":"Oaxaca de Ju\u00e1rez, Oax.- El Instituto del Deporte del Estado (Indeporte), en colaboraci\u00f3n con la Liga Telmex-Telcel de B\u00e1squetbol, inaugur\u00f3 la etapa nacional de esta justa deportiva en las instalaciones del Complejo Deportivo \u201cHermanos Flores Mag\u00f3n\u201d. En esta edici\u00f3n, que se desarrollar\u00e1 hasta el 7 de diciembre, participan equipos provenientes de distintos estados del pa\u00eds, [&hellip;]","og_url":"https:\/\/www.bbmnoticias.com\/inicia-en-oaxaca-la-etapa-nacional-de-la-liga-telmex-telcel-de-basquetbol\/","og_site_name":"LA BRAVA RADIO","article_published_time":"2025-12-05T20:57:41+00:00","article_modified_time":"2025-12-05T20:57:44+00:00","og_image":[{"width":868,"height":508,"url":"https:\/\/www.bbmnoticias.com\/labravaradiofm\/wp-content\/uploads\/sites\/5\/2025\/12\/liga_telmex_telcel.jpg","type":"image\/jpeg"}],"author":"Staff","twitter_card":"summary_large_image","twitter_misc":{"Escrito por":"Staff","Tiempo de lectura":"1 minuto"},"schema":{"@context":"https:\/\/schema.org","@graph":[{"@type":"Article","@id":"https:\/\/www.bbmnoticias.com\/inicia-en-oaxaca-la-etapa-nacional-de-la-liga-telmex-telcel-de-basquetbol\/#article","isPartOf":{"@id":"https:\/\/www.bbmnoticias.com\/labravaradiofm\/2025\/12\/05\/inicia-en-oaxaca-la-etapa-nacional-de-la-liga-telmex-telcel-de-basquetbol\/"},"author":{"name":"Staff","@id":"https:\/\/www.bbmnoticias.com\/labravaradiofm\/#\/schema\/person\/68a9e9036ef3c5b55aeb2b71dc8bab45"},"headline":"Inicia en Oaxaca la etapa nacional de la Liga Telmex-Telcel de B\u00e1squetbol","datePublished":"2025-12-05T20:57:41+00:00","dateModified":"2025-12-05T20:57:44+00:00","mainEntityOfPage":{"@id":"https:\/\/www.bbmnoticias.com\/labravaradiofm\/2025\/12\/05\/inicia-en-oaxaca-la-etapa-nacional-de-la-liga-telmex-telcel-de-basquetbol\/"},"wordCount":244,"image":{"@id":"https:\/\/www.bbmnoticias.com\/inicia-en-oaxaca-la-etapa-nacional-de-la-liga-telmex-telcel-de-basquetbol\/#primaryimage"},"thumbnailUrl":"https:\/\/www.bbmnoticias.com\/labravaradiofm\/wp-content\/uploads\/sites\/5\/2025\/12\/liga_telmex_telcel.jpg","articleSection":["LOCAL"],"inLanguage":"es"},{"@type":"WebPage","@id":"https:\/\/www.bbmnoticias.com\/labravaradiofm\/2025\/12\/05\/inicia-en-oaxaca-la-etapa-nacional-de-la-liga-telmex-telcel-de-basquetbol\/","url":"https:\/\/www.bbmnoticias.com\/inicia-en-oaxaca-la-etapa-nacional-de-la-liga-telmex-telcel-de-basquetbol\/","name":"Inicia en Oaxaca la etapa nacional de la Liga Telmex-Telcel de B\u00e1squetbol - LA BRAVA RADIO","isPartOf":{"@id":"https:\/\/www.bbmnoticias.com\/labravaradiofm\/#website"},"primaryImageOfPage":{"@id":"https:\/\/www.bbmnoticias.com\/inicia-en-oaxaca-la-etapa-nacional-de-la-liga-telmex-telcel-de-basquetbol\/#primaryimage"},"image":{"@id":"https:\/\/www.bbmnoticias.com\/inicia-en-oaxaca-la-etapa-nacional-de-la-liga-telmex-telcel-de-basquetbol\/#primaryimage"},"thumbnailUrl":"https:\/\/www.bbmnoticias.com\/labravaradiofm\/wp-content\/uploads\/sites\/5\/2025\/12\/liga_telmex_telcel.jpg","datePublished":"2025-12-05T20:57:41+00:00","dateModified":"2025-12-05T20:57:44+00:00","author":{"@id":"https:\/\/www.bbmnoticias.com\/labravaradiofm\/#\/schema\/person\/68a9e9036ef3c5b55aeb2b71dc8bab45"},"breadcrumb":{"@id":"https:\/\/www.bbmnoticias.com\/inicia-en-oaxaca-la-etapa-nacional-de-la-liga-telmex-telcel-de-basquetbol\/#breadcrumb"},"inLanguage":"es","potentialAction":[{"@type":"ReadAction","target":["https:\/\/www.bbmnoticias.com\/inicia-en-oaxaca-la-etapa-nacional-de-la-liga-telmex-telcel-de-basquetbol\/"]}]},{"@type":"ImageObject","inLanguage":"es","@id":"https:\/\/www.bbmnoticias.com\/inicia-en-oaxaca-la-etapa-nacional-de-la-liga-telmex-telcel-de-basquetbol\/#primaryimage","url":"https:\/\/www.bbmnoticias.com\/labravaradiofm\/wp-content\/uploads\/sites\/5\/2025\/12\/liga_telmex_telcel.jpg","contentUrl":"https:\/\/www.bbmnoticias.com\/labravaradiofm\/wp-content\/uploads\/sites\/5\/2025\/12\/liga_telmex_telcel.jpg","width":868,"height":508},{"@type":"BreadcrumbList","@id":"https:\/\/www.bbmnoticias.com\/inicia-en-oaxaca-la-etapa-nacional-de-la-liga-telmex-telcel-de-basquetbol\/#breadcrumb","itemListElement":[{"@type":"ListItem","position":1,"name":"Inicio","item":"https:\/\/www.bbmnoticias.com\/labravaradiofm\/"},{"@type":"ListItem","position":2,"name":"Inicia en Oaxaca la etapa nacional de la Liga Telmex-Telcel de B\u00e1squetbol"}]},{"@type":"WebSite","@id":"https:\/\/www.bbmnoticias.com\/labravaradiofm\/#website","url":"https:\/\/www.bbmnoticias.com\/labravaradiofm\/","name":"LA BRAVA RADIO","description":"Empresa productora de medios, Radiodifusi\u00f3n, Noticias, tendencias y todo lo que necesitas saber de la pol\u00edtica mexicana e internacional; entretenimiento, espect\u00e1culos, salud y mucho m\u00e1s.","potentialAction":[{"@type":"SearchAction","target":{"@type":"EntryPoint","urlTemplate":"https:\/\/www.bbmnoticias.com\/labravaradiofm\/?s={search_term_string}"},"query-input":{"@type":"PropertyValueSpecification","valueRequired":true,"valueName":"search_term_string"}}],"inLanguage":"es"},{"@type":"Person","@id":"https:\/\/www.bbmnoticias.com\/labravaradiofm\/#\/schema\/person\/68a9e9036ef3c5b55aeb2b71dc8bab45","name":"Staff","image":{"@type":"ImageObject","inLanguage":"es","@id":"https:\/\/secure.gravatar.com\/avatar\/fdd21ad66fd8b98c407f9dee5b5e588cfe7f0d8579ec20fa6527cd59bab7f0f0?s=96&d=mm&r=g","url":"https:\/\/secure.gravatar.com\/avatar\/fdd21ad66fd8b98c407f9dee5b5e588cfe7f0d8579ec20fa6527cd59bab7f0f0?s=96&d=mm&r=g","contentUrl":"https:\/\/secure.gravatar.com\/avatar\/fdd21ad66fd8b98c407f9dee5b5e588cfe7f0d8579ec20fa6527cd59bab7f0f0?s=96&d=mm&r=g","caption":"Staff"},"url":"https:\/\/www.bbmnoticias.com\/labravaradiofm\/author\/redaccion\/"}]}},"_links":{"self":[{"href":"https:\/\/www.bbmnoticias.com\/labravaradiofm\/wp-json\/wp\/v2\/posts\/70906","targetHints":{"allow":["GET"]}}],"collection":[{"href":"https:\/\/www.bbmnoticias.com\/labravaradiofm\/wp-json\/wp\/v2\/posts"}],"about":[{"href":"https:\/\/www.bbmnoticias.com\/labravaradiofm\/wp-json\/wp\/v2\/types\/post"}],"author":[{"embeddable":true,"href":"https:\/\/www.bbmnoticias.com\/labravaradiofm\/wp-json\/wp\/v2\/users\/2"}],"replies":[{"embeddable":true,"href":"https:\/\/www.bbmnoticias.com\/labravaradiofm\/wp-json\/wp\/v2\/comments?post=70906"}],"version-history":[{"count":0,"href":"https:\/\/www.bbmnoticias.com\/labravaradiofm\/wp-json\/wp\/v2\/posts\/70906\/revisions"}],"wp:featuredmedia":[{"embeddable":true,"href":"https:\/\/www.bbmnoticias.com\/labravaradiofm\/wp-json\/wp\/v2\/media\/70908"}],"wp:attachment":[{"href":"https:\/\/www.bbmnoticias.com\/labravaradiofm\/wp-json\/wp\/v2\/media?parent=70906"}],"wp:term":[{"taxonomy":"category","embeddable":true,"href":"https:\/\/www.bbmnoticias.com\/labravaradiofm\/wp-json\/wp\/v2\/categories?post=70906"},{"taxonomy":"post_tag","embeddable":true,"href":"https:\/\/www.bbmnoticias.com\/labravaradiofm\/wp-json\/wp\/v2\/tags?post=70906"}],"curies":[{"name":"wp","href":"https:\/\/api.w.org\/{rel}","templated":true}]}}