{"id":70852,"date":"2025-12-04T18:54:54","date_gmt":"2025-12-05T00:54:54","guid":{"rendered":"https:\/\/www.bbmnoticias.com\/labravaradiofm\/2025\/12\/04\/refineria-salina-cruz-de-pemex-recibe-reconocimiento-nacional-por-eficiencia-energetica\/"},"modified":"2025-12-04T18:55:14","modified_gmt":"2025-12-05T00:55:14","slug":"refineria-salina-cruz-de-pemex-recibe-reconocimiento-nacional-por-eficiencia-energetica","status":"publish","type":"post","link":"https:\/\/www.bbmnoticias.com\/labravaradiofm\/2025\/12\/04\/refineria-salina-cruz-de-pemex-recibe-reconocimiento-nacional-por-eficiencia-energetica\/","title":{"rendered":"Refiner\u00eda Salina Cruz de Pemex recibe reconocimiento nacional por eficiencia energ\u00e9tica"},"content":{"rendered":"<div style=\"margin-top: 0px; margin-bottom: 0px;\" class=\"sharethis-inline-share-buttons\" ><\/div>\n<p>La Refiner\u00eda Ingeniero Antonio Doval\u00ed Jaime, ubicada en Salina Cruz, Oaxaca, fue distinguida por la Comisi\u00f3n Nacional para el Uso Eficiente de la Energ\u00eda <strong>(Conuee)<\/strong> como la mejor instalaci\u00f3n industrial de Petr\u00f3leos Mexicanos (Pemex) en materia de gesti\u00f3n energ\u00e9tica durante 2024, al obtener la calificaci\u00f3n m\u00e1s alta en la implementaci\u00f3n de su Sistema de Gesti\u00f3n de la Energ\u00eda.<\/p>\n\n\n\n<p>El reconocimiento se otorg\u00f3 luego de que la refiner\u00eda alcanzara un ahorro equivalente al 71 por ciento de su potencial detectado para ese a\u00f1o. Se trata de un resultado que supera ampliamente los objetivos internos y que refleja la consolidaci\u00f3n de una estrategia integral para el uso responsable y eficiente de los recursos energ\u00e9ticos. Este logro responde a iniciativas de optimizaci\u00f3n en procesos operativos, modernizaci\u00f3n de equipos y una disciplina constante en el monitoreo del consumo el\u00e9ctrico.<\/p>\n\n\n\n<iframe loading=\"lazy\" src=\"https:\/\/www.facebook.com\/plugins\/post.php?href=https%3A%2F%2Fwww.facebook.com%2FPemex%2Fposts%2Fpfbid02pn7oiwFUNx8Hra9VDhiPGkRZapcxohLtAvWB4pqtMNjYscmJqbTmtvQ5kKinH4jgl&#038;show_text=true&#038;width=500\" width=\"500\" height=\"767\" style=\"border:none;overflow:hidden\" scrolling=\"no\" frameborder=\"0\" allowfullscreen=\"true\" allow=\"autoplay; clipboard-write; encrypted-media; picture-in-picture; web-share\"><\/iframe>\n\n\n\n<p>La Conuee destac\u00f3 que este distintivo se entrega \u00fanicamente a dependencias, entidades y empresas que demuestran avances verificables en la reducci\u00f3n de su consumo energ\u00e9tico, as\u00ed como en la implementaci\u00f3n de pr\u00e1cticas alineadas con los lineamientos nacionales de eficiencia. En el caso de Salina Cruz, la mejora sostenida en su desempe\u00f1o energ\u00e9tico la posiciona como referencia dentro del Sistema Nacional de Refinaci\u00f3n.<\/p>\n\n\n\n<p>De acuerdo con directivos de Pemex, los resultados obtenidos en 2024 reflejan el compromiso de la empresa p\u00fablica del Estado con el nuevo modelo energ\u00e9tico impulsado por la administraci\u00f3n federal, que privilegia el uso eficiente de la energ\u00eda como herramienta clave para fortalecer la soberan\u00eda energ\u00e9tica y reducir costos operativos.<\/p>\n\n\n\n<p>El reconocimiento a la Refiner\u00eda Salina Cruz no solo valida el esfuerzo t\u00e9cnico y operativo del personal. Sino que tambi\u00e9n subraya la importancia de continuar adoptando est\u00e1ndares avanzados de gesti\u00f3n energ\u00e9tica en todas las instalaciones del pa\u00eds. Con ello, Pemex reafirma su apuesta por mejorar su desempe\u00f1o, impulsar la sustentabilidad industrial y avanzar hacia operaciones m\u00e1s limpias, competitivas y responsables.<\/p>\n","protected":false},"excerpt":{"rendered":"<p>La Refiner\u00eda Ingeniero Antonio Doval\u00ed Jaime, ubicada en Salina Cruz, Oaxaca, fue distinguida por la Comisi\u00f3n Nacional para el Uso Eficiente de la Energ\u00eda (Conuee) como la mejor instalaci\u00f3n industrial de Petr\u00f3leos Mexicanos (Pemex) en materia de gesti\u00f3n energ\u00e9tica durante 2024, al obtener la calificaci\u00f3n m\u00e1s alta en la implementaci\u00f3n de su Sistema de Gesti\u00f3n [&hellip;]<\/p>\n","protected":false},"author":2,"featured_media":70854,"comment_status":"closed","ping_status":"","sticky":false,"template":"","format":"standard","meta":{"footnotes":""},"categories":[2],"tags":[],"class_list":{"0":"post-70852","1":"post","2":"type-post","3":"status-publish","4":"format-standard","5":"has-post-thumbnail","7":"category-oaxaca"},"yoast_head":"<!-- This site is optimized with the Yoast SEO plugin v27.4 - https:\/\/yoast.com\/product\/yoast-seo-wordpress\/ -->\n<title>Refiner\u00eda Salina Cruz de Pemex recibe reconocimiento nacional por eficiencia energ\u00e9tica - LA BRAVA RADIO<\/title>\n<meta name=\"robots\" content=\"index, follow, max-snippet:-1, max-image-preview:large, max-video-preview:-1\" \/>\n<link rel=\"canonical\" href=\"https:\/\/www.bbmnoticias.com\/refineria-salina-cruz-de-pemex-recibe-reconocimiento-nacional-por-eficiencia-energetica\/\" \/>\n<meta property=\"og:locale\" content=\"es_MX\" \/>\n<meta property=\"og:type\" content=\"article\" \/>\n<meta property=\"og:title\" content=\"Refiner\u00eda Salina Cruz de Pemex recibe reconocimiento nacional por eficiencia energ\u00e9tica - LA BRAVA RADIO\" \/>\n<meta property=\"og:description\" content=\"La Refiner\u00eda Ingeniero Antonio Doval\u00ed Jaime, ubicada en Salina Cruz, Oaxaca, fue distinguida por la Comisi\u00f3n Nacional para el Uso Eficiente de la Energ\u00eda (Conuee) como la mejor instalaci\u00f3n industrial de Petr\u00f3leos Mexicanos (Pemex) en materia de gesti\u00f3n energ\u00e9tica durante 2024, al obtener la calificaci\u00f3n m\u00e1s alta en la implementaci\u00f3n de su Sistema de Gesti\u00f3n [&hellip;]\" \/>\n<meta property=\"og:url\" content=\"https:\/\/www.bbmnoticias.com\/refineria-salina-cruz-de-pemex-recibe-reconocimiento-nacional-por-eficiencia-energetica\/\" \/>\n<meta property=\"og:site_name\" content=\"LA BRAVA RADIO\" \/>\n<meta property=\"article:published_time\" content=\"2025-12-05T00:54:54+00:00\" \/>\n<meta property=\"article:modified_time\" content=\"2025-12-05T00:55:14+00:00\" \/>\n<meta property=\"og:image\" content=\"https:\/\/www.bbmnoticias.com\/labravaradiofm\/wp-content\/uploads\/sites\/5\/2025\/12\/refineria_pemex_salinacruz.jpg\" \/>\n\t<meta property=\"og:image:width\" content=\"1600\" \/>\n\t<meta property=\"og:image:height\" content=\"774\" \/>\n\t<meta property=\"og:image:type\" content=\"image\/jpeg\" \/>\n<meta name=\"author\" content=\"Staff\" \/>\n<meta name=\"twitter:card\" content=\"summary_large_image\" \/>\n<meta name=\"twitter:label1\" content=\"Escrito por\" \/>\n\t<meta name=\"twitter:data1\" content=\"Staff\" \/>\n\t<meta name=\"twitter:label2\" content=\"Tiempo de lectura\" \/>\n\t<meta name=\"twitter:data2\" content=\"2 minutos\" \/>\n<script type=\"application\/ld+json\" class=\"yoast-schema-graph\">{\"@context\":\"https:\\\/\\\/schema.org\",\"@graph\":[{\"@type\":\"Article\",\"@id\":\"https:\\\/\\\/www.bbmnoticias.com\\\/refineria-salina-cruz-de-pemex-recibe-reconocimiento-nacional-por-eficiencia-energetica\\\/#article\",\"isPartOf\":{\"@id\":\"https:\\\/\\\/www.bbmnoticias.com\\\/labravaradiofm\\\/2025\\\/12\\\/04\\\/refineria-salina-cruz-de-pemex-recibe-reconocimiento-nacional-por-eficiencia-energetica\\\/\"},\"author\":{\"name\":\"Staff\",\"@id\":\"https:\\\/\\\/www.bbmnoticias.com\\\/labravaradiofm\\\/#\\\/schema\\\/person\\\/68a9e9036ef3c5b55aeb2b71dc8bab45\"},\"headline\":\"Refiner\u00eda Salina Cruz de Pemex recibe reconocimiento nacional por eficiencia energ\u00e9tica\",\"datePublished\":\"2025-12-05T00:54:54+00:00\",\"dateModified\":\"2025-12-05T00:55:14+00:00\",\"mainEntityOfPage\":{\"@id\":\"https:\\\/\\\/www.bbmnoticias.com\\\/labravaradiofm\\\/2025\\\/12\\\/04\\\/refineria-salina-cruz-de-pemex-recibe-reconocimiento-nacional-por-eficiencia-energetica\\\/\"},\"wordCount\":358,\"image\":{\"@id\":\"https:\\\/\\\/www.bbmnoticias.com\\\/refineria-salina-cruz-de-pemex-recibe-reconocimiento-nacional-por-eficiencia-energetica\\\/#primaryimage\"},\"thumbnailUrl\":\"https:\\\/\\\/www.bbmnoticias.com\\\/labravaradiofm\\\/wp-content\\\/uploads\\\/sites\\\/5\\\/2025\\\/12\\\/refineria_pemex_salinacruz.jpg\",\"articleSection\":[\"LOCAL\"],\"inLanguage\":\"es\"},{\"@type\":\"WebPage\",\"@id\":\"https:\\\/\\\/www.bbmnoticias.com\\\/labravaradiofm\\\/2025\\\/12\\\/04\\\/refineria-salina-cruz-de-pemex-recibe-reconocimiento-nacional-por-eficiencia-energetica\\\/\",\"url\":\"https:\\\/\\\/www.bbmnoticias.com\\\/refineria-salina-cruz-de-pemex-recibe-reconocimiento-nacional-por-eficiencia-energetica\\\/\",\"name\":\"Refiner\u00eda Salina Cruz de Pemex recibe reconocimiento nacional por eficiencia energ\u00e9tica - LA BRAVA RADIO\",\"isPartOf\":{\"@id\":\"https:\\\/\\\/www.bbmnoticias.com\\\/labravaradiofm\\\/#website\"},\"primaryImageOfPage\":{\"@id\":\"https:\\\/\\\/www.bbmnoticias.com\\\/refineria-salina-cruz-de-pemex-recibe-reconocimiento-nacional-por-eficiencia-energetica\\\/#primaryimage\"},\"image\":{\"@id\":\"https:\\\/\\\/www.bbmnoticias.com\\\/refineria-salina-cruz-de-pemex-recibe-reconocimiento-nacional-por-eficiencia-energetica\\\/#primaryimage\"},\"thumbnailUrl\":\"https:\\\/\\\/www.bbmnoticias.com\\\/labravaradiofm\\\/wp-content\\\/uploads\\\/sites\\\/5\\\/2025\\\/12\\\/refineria_pemex_salinacruz.jpg\",\"datePublished\":\"2025-12-05T00:54:54+00:00\",\"dateModified\":\"2025-12-05T00:55:14+00:00\",\"author\":{\"@id\":\"https:\\\/\\\/www.bbmnoticias.com\\\/labravaradiofm\\\/#\\\/schema\\\/person\\\/68a9e9036ef3c5b55aeb2b71dc8bab45\"},\"breadcrumb\":{\"@id\":\"https:\\\/\\\/www.bbmnoticias.com\\\/refineria-salina-cruz-de-pemex-recibe-reconocimiento-nacional-por-eficiencia-energetica\\\/#breadcrumb\"},\"inLanguage\":\"es\",\"potentialAction\":[{\"@type\":\"ReadAction\",\"target\":[\"https:\\\/\\\/www.bbmnoticias.com\\\/refineria-salina-cruz-de-pemex-recibe-reconocimiento-nacional-por-eficiencia-energetica\\\/\"]}]},{\"@type\":\"ImageObject\",\"inLanguage\":\"es\",\"@id\":\"https:\\\/\\\/www.bbmnoticias.com\\\/refineria-salina-cruz-de-pemex-recibe-reconocimiento-nacional-por-eficiencia-energetica\\\/#primaryimage\",\"url\":\"https:\\\/\\\/www.bbmnoticias.com\\\/labravaradiofm\\\/wp-content\\\/uploads\\\/sites\\\/5\\\/2025\\\/12\\\/refineria_pemex_salinacruz.jpg\",\"contentUrl\":\"https:\\\/\\\/www.bbmnoticias.com\\\/labravaradiofm\\\/wp-content\\\/uploads\\\/sites\\\/5\\\/2025\\\/12\\\/refineria_pemex_salinacruz.jpg\",\"width\":1600,\"height\":774},{\"@type\":\"BreadcrumbList\",\"@id\":\"https:\\\/\\\/www.bbmnoticias.com\\\/refineria-salina-cruz-de-pemex-recibe-reconocimiento-nacional-por-eficiencia-energetica\\\/#breadcrumb\",\"itemListElement\":[{\"@type\":\"ListItem\",\"position\":1,\"name\":\"Inicio\",\"item\":\"https:\\\/\\\/www.bbmnoticias.com\\\/labravaradiofm\\\/\"},{\"@type\":\"ListItem\",\"position\":2,\"name\":\"Refiner\u00eda Salina Cruz de Pemex recibe reconocimiento nacional por eficiencia energ\u00e9tica\"}]},{\"@type\":\"WebSite\",\"@id\":\"https:\\\/\\\/www.bbmnoticias.com\\\/labravaradiofm\\\/#website\",\"url\":\"https:\\\/\\\/www.bbmnoticias.com\\\/labravaradiofm\\\/\",\"name\":\"LA BRAVA RADIO\",\"description\":\"Empresa productora de medios, Radiodifusi\u00f3n, Noticias, tendencias y todo lo que necesitas saber de la pol\u00edtica mexicana e internacional; entretenimiento, espect\u00e1culos, salud y mucho m\u00e1s.\",\"potentialAction\":[{\"@type\":\"SearchAction\",\"target\":{\"@type\":\"EntryPoint\",\"urlTemplate\":\"https:\\\/\\\/www.bbmnoticias.com\\\/labravaradiofm\\\/?s={search_term_string}\"},\"query-input\":{\"@type\":\"PropertyValueSpecification\",\"valueRequired\":true,\"valueName\":\"search_term_string\"}}],\"inLanguage\":\"es\"},{\"@type\":\"Person\",\"@id\":\"https:\\\/\\\/www.bbmnoticias.com\\\/labravaradiofm\\\/#\\\/schema\\\/person\\\/68a9e9036ef3c5b55aeb2b71dc8bab45\",\"name\":\"Staff\",\"image\":{\"@type\":\"ImageObject\",\"inLanguage\":\"es\",\"@id\":\"https:\\\/\\\/secure.gravatar.com\\\/avatar\\\/fdd21ad66fd8b98c407f9dee5b5e588cfe7f0d8579ec20fa6527cd59bab7f0f0?s=96&d=mm&r=g\",\"url\":\"https:\\\/\\\/secure.gravatar.com\\\/avatar\\\/fdd21ad66fd8b98c407f9dee5b5e588cfe7f0d8579ec20fa6527cd59bab7f0f0?s=96&d=mm&r=g\",\"contentUrl\":\"https:\\\/\\\/secure.gravatar.com\\\/avatar\\\/fdd21ad66fd8b98c407f9dee5b5e588cfe7f0d8579ec20fa6527cd59bab7f0f0?s=96&d=mm&r=g\",\"caption\":\"Staff\"},\"url\":\"https:\\\/\\\/www.bbmnoticias.com\\\/labravaradiofm\\\/author\\\/redaccion\\\/\"}]}<\/script>\n<!-- \/ Yoast SEO plugin. -->","yoast_head_json":{"title":"Refiner\u00eda Salina Cruz de Pemex recibe reconocimiento nacional por eficiencia energ\u00e9tica - LA BRAVA RADIO","robots":{"index":"index","follow":"follow","max-snippet":"max-snippet:-1","max-image-preview":"max-image-preview:large","max-video-preview":"max-video-preview:-1"},"canonical":"https:\/\/www.bbmnoticias.com\/refineria-salina-cruz-de-pemex-recibe-reconocimiento-nacional-por-eficiencia-energetica\/","og_locale":"es_MX","og_type":"article","og_title":"Refiner\u00eda Salina Cruz de Pemex recibe reconocimiento nacional por eficiencia energ\u00e9tica - LA BRAVA RADIO","og_description":"La Refiner\u00eda Ingeniero Antonio Doval\u00ed Jaime, ubicada en Salina Cruz, Oaxaca, fue distinguida por la Comisi\u00f3n Nacional para el Uso Eficiente de la Energ\u00eda (Conuee) como la mejor instalaci\u00f3n industrial de Petr\u00f3leos Mexicanos (Pemex) en materia de gesti\u00f3n energ\u00e9tica durante 2024, al obtener la calificaci\u00f3n m\u00e1s alta en la implementaci\u00f3n de su Sistema de Gesti\u00f3n [&hellip;]","og_url":"https:\/\/www.bbmnoticias.com\/refineria-salina-cruz-de-pemex-recibe-reconocimiento-nacional-por-eficiencia-energetica\/","og_site_name":"LA BRAVA RADIO","article_published_time":"2025-12-05T00:54:54+00:00","article_modified_time":"2025-12-05T00:55:14+00:00","og_image":[{"width":1600,"height":774,"url":"https:\/\/www.bbmnoticias.com\/labravaradiofm\/wp-content\/uploads\/sites\/5\/2025\/12\/refineria_pemex_salinacruz.jpg","type":"image\/jpeg"}],"author":"Staff","twitter_card":"summary_large_image","twitter_misc":{"Escrito por":"Staff","Tiempo de lectura":"2 minutos"},"schema":{"@context":"https:\/\/schema.org","@graph":[{"@type":"Article","@id":"https:\/\/www.bbmnoticias.com\/refineria-salina-cruz-de-pemex-recibe-reconocimiento-nacional-por-eficiencia-energetica\/#article","isPartOf":{"@id":"https:\/\/www.bbmnoticias.com\/labravaradiofm\/2025\/12\/04\/refineria-salina-cruz-de-pemex-recibe-reconocimiento-nacional-por-eficiencia-energetica\/"},"author":{"name":"Staff","@id":"https:\/\/www.bbmnoticias.com\/labravaradiofm\/#\/schema\/person\/68a9e9036ef3c5b55aeb2b71dc8bab45"},"headline":"Refiner\u00eda Salina Cruz de Pemex recibe reconocimiento nacional por eficiencia energ\u00e9tica","datePublished":"2025-12-05T00:54:54+00:00","dateModified":"2025-12-05T00:55:14+00:00","mainEntityOfPage":{"@id":"https:\/\/www.bbmnoticias.com\/labravaradiofm\/2025\/12\/04\/refineria-salina-cruz-de-pemex-recibe-reconocimiento-nacional-por-eficiencia-energetica\/"},"wordCount":358,"image":{"@id":"https:\/\/www.bbmnoticias.com\/refineria-salina-cruz-de-pemex-recibe-reconocimiento-nacional-por-eficiencia-energetica\/#primaryimage"},"thumbnailUrl":"https:\/\/www.bbmnoticias.com\/labravaradiofm\/wp-content\/uploads\/sites\/5\/2025\/12\/refineria_pemex_salinacruz.jpg","articleSection":["LOCAL"],"inLanguage":"es"},{"@type":"WebPage","@id":"https:\/\/www.bbmnoticias.com\/labravaradiofm\/2025\/12\/04\/refineria-salina-cruz-de-pemex-recibe-reconocimiento-nacional-por-eficiencia-energetica\/","url":"https:\/\/www.bbmnoticias.com\/refineria-salina-cruz-de-pemex-recibe-reconocimiento-nacional-por-eficiencia-energetica\/","name":"Refiner\u00eda Salina Cruz de Pemex recibe reconocimiento nacional por eficiencia energ\u00e9tica - LA BRAVA RADIO","isPartOf":{"@id":"https:\/\/www.bbmnoticias.com\/labravaradiofm\/#website"},"primaryImageOfPage":{"@id":"https:\/\/www.bbmnoticias.com\/refineria-salina-cruz-de-pemex-recibe-reconocimiento-nacional-por-eficiencia-energetica\/#primaryimage"},"image":{"@id":"https:\/\/www.bbmnoticias.com\/refineria-salina-cruz-de-pemex-recibe-reconocimiento-nacional-por-eficiencia-energetica\/#primaryimage"},"thumbnailUrl":"https:\/\/www.bbmnoticias.com\/labravaradiofm\/wp-content\/uploads\/sites\/5\/2025\/12\/refineria_pemex_salinacruz.jpg","datePublished":"2025-12-05T00:54:54+00:00","dateModified":"2025-12-05T00:55:14+00:00","author":{"@id":"https:\/\/www.bbmnoticias.com\/labravaradiofm\/#\/schema\/person\/68a9e9036ef3c5b55aeb2b71dc8bab45"},"breadcrumb":{"@id":"https:\/\/www.bbmnoticias.com\/refineria-salina-cruz-de-pemex-recibe-reconocimiento-nacional-por-eficiencia-energetica\/#breadcrumb"},"inLanguage":"es","potentialAction":[{"@type":"ReadAction","target":["https:\/\/www.bbmnoticias.com\/refineria-salina-cruz-de-pemex-recibe-reconocimiento-nacional-por-eficiencia-energetica\/"]}]},{"@type":"ImageObject","inLanguage":"es","@id":"https:\/\/www.bbmnoticias.com\/refineria-salina-cruz-de-pemex-recibe-reconocimiento-nacional-por-eficiencia-energetica\/#primaryimage","url":"https:\/\/www.bbmnoticias.com\/labravaradiofm\/wp-content\/uploads\/sites\/5\/2025\/12\/refineria_pemex_salinacruz.jpg","contentUrl":"https:\/\/www.bbmnoticias.com\/labravaradiofm\/wp-content\/uploads\/sites\/5\/2025\/12\/refineria_pemex_salinacruz.jpg","width":1600,"height":774},{"@type":"BreadcrumbList","@id":"https:\/\/www.bbmnoticias.com\/refineria-salina-cruz-de-pemex-recibe-reconocimiento-nacional-por-eficiencia-energetica\/#breadcrumb","itemListElement":[{"@type":"ListItem","position":1,"name":"Inicio","item":"https:\/\/www.bbmnoticias.com\/labravaradiofm\/"},{"@type":"ListItem","position":2,"name":"Refiner\u00eda Salina Cruz de Pemex recibe reconocimiento nacional por eficiencia energ\u00e9tica"}]},{"@type":"WebSite","@id":"https:\/\/www.bbmnoticias.com\/labravaradiofm\/#website","url":"https:\/\/www.bbmnoticias.com\/labravaradiofm\/","name":"LA BRAVA RADIO","description":"Empresa productora de medios, Radiodifusi\u00f3n, Noticias, tendencias y todo lo que necesitas saber de la pol\u00edtica mexicana e internacional; entretenimiento, espect\u00e1culos, salud y mucho m\u00e1s.","potentialAction":[{"@type":"SearchAction","target":{"@type":"EntryPoint","urlTemplate":"https:\/\/www.bbmnoticias.com\/labravaradiofm\/?s={search_term_string}"},"query-input":{"@type":"PropertyValueSpecification","valueRequired":true,"valueName":"search_term_string"}}],"inLanguage":"es"},{"@type":"Person","@id":"https:\/\/www.bbmnoticias.com\/labravaradiofm\/#\/schema\/person\/68a9e9036ef3c5b55aeb2b71dc8bab45","name":"Staff","image":{"@type":"ImageObject","inLanguage":"es","@id":"https:\/\/secure.gravatar.com\/avatar\/fdd21ad66fd8b98c407f9dee5b5e588cfe7f0d8579ec20fa6527cd59bab7f0f0?s=96&d=mm&r=g","url":"https:\/\/secure.gravatar.com\/avatar\/fdd21ad66fd8b98c407f9dee5b5e588cfe7f0d8579ec20fa6527cd59bab7f0f0?s=96&d=mm&r=g","contentUrl":"https:\/\/secure.gravatar.com\/avatar\/fdd21ad66fd8b98c407f9dee5b5e588cfe7f0d8579ec20fa6527cd59bab7f0f0?s=96&d=mm&r=g","caption":"Staff"},"url":"https:\/\/www.bbmnoticias.com\/labravaradiofm\/author\/redaccion\/"}]}},"_links":{"self":[{"href":"https:\/\/www.bbmnoticias.com\/labravaradiofm\/wp-json\/wp\/v2\/posts\/70852","targetHints":{"allow":["GET"]}}],"collection":[{"href":"https:\/\/www.bbmnoticias.com\/labravaradiofm\/wp-json\/wp\/v2\/posts"}],"about":[{"href":"https:\/\/www.bbmnoticias.com\/labravaradiofm\/wp-json\/wp\/v2\/types\/post"}],"author":[{"embeddable":true,"href":"https:\/\/www.bbmnoticias.com\/labravaradiofm\/wp-json\/wp\/v2\/users\/2"}],"replies":[{"embeddable":true,"href":"https:\/\/www.bbmnoticias.com\/labravaradiofm\/wp-json\/wp\/v2\/comments?post=70852"}],"version-history":[{"count":0,"href":"https:\/\/www.bbmnoticias.com\/labravaradiofm\/wp-json\/wp\/v2\/posts\/70852\/revisions"}],"wp:featuredmedia":[{"embeddable":true,"href":"https:\/\/www.bbmnoticias.com\/labravaradiofm\/wp-json\/wp\/v2\/media\/70854"}],"wp:attachment":[{"href":"https:\/\/www.bbmnoticias.com\/labravaradiofm\/wp-json\/wp\/v2\/media?parent=70852"}],"wp:term":[{"taxonomy":"category","embeddable":true,"href":"https:\/\/www.bbmnoticias.com\/labravaradiofm\/wp-json\/wp\/v2\/categories?post=70852"},{"taxonomy":"post_tag","embeddable":true,"href":"https:\/\/www.bbmnoticias.com\/labravaradiofm\/wp-json\/wp\/v2\/tags?post=70852"}],"curies":[{"name":"wp","href":"https:\/\/api.w.org\/{rel}","templated":true}]}}