{"id":70846,"date":"2025-12-04T17:29:58","date_gmt":"2025-12-04T23:29:58","guid":{"rendered":"https:\/\/www.bbmnoticias.com\/labravaradiofm\/2025\/12\/04\/invita-sectur-oaxaca-visitar-la-villa-magica-iluminada-mitla-2025\/"},"modified":"2025-12-04T17:30:01","modified_gmt":"2025-12-04T23:30:01","slug":"invita-sectur-oaxaca-visitar-la-villa-magica-iluminada-mitla-2025","status":"publish","type":"post","link":"https:\/\/www.bbmnoticias.com\/labravaradiofm\/2025\/12\/04\/invita-sectur-oaxaca-visitar-la-villa-magica-iluminada-mitla-2025\/","title":{"rendered":"Invita Sectur Oaxaca visitar la Villa M\u00e1gica Iluminada Mitla 2025"},"content":{"rendered":"<div style=\"margin-top: 0px; margin-bottom: 0px;\" class=\"sharethis-inline-share-buttons\" ><\/div>\n<p><strong>Oaxaca de Ju\u00e1rez, Oax.-<\/strong> La Secretar\u00eda de Turismo (Sectur Oaxaca) invita a visitar el municipio de San Pablo Villa de Mitla y recorrer la Villa M\u00e1gica Iluminada 2025, el espect\u00e1culo de decoraci\u00f3n de luces que forma parte de las actividades de la temporada decembrina.<\/p>\n\n\n\n<p>La subsecretaria de la Sectur Oaxaca, Mariel L\u00f3pez Villatoro expres\u00f3 que las y los visitantes locales, nacionales e internacionales podr\u00e1n disfrutar de un ambiente familiar, en el marco de esta actividad que se llevar\u00e1 a cabo del 6 de diciembre al 4 de enero, en un horario de 18:00 a 00:00 horas.<\/p>\n\n\n\n<p>En su oportunidad, el presidente municipal Esa\u00fa L\u00f3pez Quero inform\u00f3 que este recorrido podr\u00e1 admirarse desde el centro de la poblaci\u00f3n hasta la zona arqueol\u00f3gica, en que las calles, casas y negocios estar\u00e1n iluminados con luces LED. El acceso a esta \u00e1rea contar\u00e1 con una cuota de recuperaci\u00f3n de 40 pesos<\/p>\n\n\n\n<p>San Pablo Villa de Mitla, pertenece a Valles Centrales y se encuentra ubicado a 1 hora de la ciudad capital.<\/p>\n","protected":false},"excerpt":{"rendered":"<p>Oaxaca de Ju\u00e1rez, Oax.- La Secretar\u00eda de Turismo (Sectur Oaxaca) invita a visitar el municipio de San Pablo Villa de Mitla y recorrer la Villa M\u00e1gica Iluminada 2025, el espect\u00e1culo de decoraci\u00f3n de luces que forma parte de las actividades de la temporada decembrina. La subsecretaria de la Sectur Oaxaca, Mariel L\u00f3pez Villatoro expres\u00f3 que [&hellip;]<\/p>\n","protected":false},"author":2,"featured_media":70848,"comment_status":"closed","ping_status":"","sticky":false,"template":"","format":"standard","meta":{"footnotes":""},"categories":[2],"tags":[],"class_list":{"0":"post-70846","1":"post","2":"type-post","3":"status-publish","4":"format-standard","5":"has-post-thumbnail","7":"category-oaxaca"},"yoast_head":"<!-- This site is optimized with the Yoast SEO plugin v27.4 - https:\/\/yoast.com\/product\/yoast-seo-wordpress\/ -->\n<title>Invita Sectur Oaxaca visitar la Villa M\u00e1gica Iluminada Mitla 2025 - LA BRAVA RADIO<\/title>\n<meta name=\"robots\" content=\"index, follow, max-snippet:-1, max-image-preview:large, max-video-preview:-1\" \/>\n<link rel=\"canonical\" href=\"https:\/\/www.bbmnoticias.com\/invita-sectur-oaxaca-visitar-la-villa-magica-iluminada-mitla-2025\/\" \/>\n<meta property=\"og:locale\" content=\"es_MX\" \/>\n<meta property=\"og:type\" content=\"article\" \/>\n<meta property=\"og:title\" content=\"Invita Sectur Oaxaca visitar la Villa M\u00e1gica Iluminada Mitla 2025 - LA BRAVA RADIO\" \/>\n<meta property=\"og:description\" content=\"Oaxaca de Ju\u00e1rez, Oax.- La Secretar\u00eda de Turismo (Sectur Oaxaca) invita a visitar el municipio de San Pablo Villa de Mitla y recorrer la Villa M\u00e1gica Iluminada 2025, el espect\u00e1culo de decoraci\u00f3n de luces que forma parte de las actividades de la temporada decembrina. La subsecretaria de la Sectur Oaxaca, Mariel L\u00f3pez Villatoro expres\u00f3 que [&hellip;]\" \/>\n<meta property=\"og:url\" content=\"https:\/\/www.bbmnoticias.com\/invita-sectur-oaxaca-visitar-la-villa-magica-iluminada-mitla-2025\/\" \/>\n<meta property=\"og:site_name\" content=\"LA BRAVA RADIO\" \/>\n<meta property=\"article:published_time\" content=\"2025-12-04T23:29:58+00:00\" \/>\n<meta property=\"article:modified_time\" content=\"2025-12-04T23:30:01+00:00\" \/>\n<meta property=\"og:image\" content=\"https:\/\/www.bbmnoticias.com\/labravaradiofm\/wp-content\/uploads\/sites\/5\/2025\/12\/thumbnail_Invita-Sectur-Oaxaca-visitar-la-Villa-Magica-Iluminada-Mitla-2025-3.jpg\" \/>\n\t<meta property=\"og:image:width\" content=\"1032\" \/>\n\t<meta property=\"og:image:height\" content=\"688\" \/>\n\t<meta property=\"og:image:type\" content=\"image\/jpeg\" \/>\n<meta name=\"author\" content=\"Staff\" \/>\n<meta name=\"twitter:card\" content=\"summary_large_image\" \/>\n<meta name=\"twitter:label1\" content=\"Escrito por\" \/>\n\t<meta name=\"twitter:data1\" content=\"Staff\" \/>\n\t<meta name=\"twitter:label2\" content=\"Tiempo de lectura\" \/>\n\t<meta name=\"twitter:data2\" content=\"1 minuto\" \/>\n<script type=\"application\/ld+json\" class=\"yoast-schema-graph\">{\"@context\":\"https:\\\/\\\/schema.org\",\"@graph\":[{\"@type\":\"Article\",\"@id\":\"https:\\\/\\\/www.bbmnoticias.com\\\/invita-sectur-oaxaca-visitar-la-villa-magica-iluminada-mitla-2025\\\/#article\",\"isPartOf\":{\"@id\":\"https:\\\/\\\/www.bbmnoticias.com\\\/labravaradiofm\\\/2025\\\/12\\\/04\\\/invita-sectur-oaxaca-visitar-la-villa-magica-iluminada-mitla-2025\\\/\"},\"author\":{\"name\":\"Staff\",\"@id\":\"https:\\\/\\\/www.bbmnoticias.com\\\/labravaradiofm\\\/#\\\/schema\\\/person\\\/68a9e9036ef3c5b55aeb2b71dc8bab45\"},\"headline\":\"Invita Sectur Oaxaca visitar la Villa M\u00e1gica Iluminada Mitla 2025\",\"datePublished\":\"2025-12-04T23:29:58+00:00\",\"dateModified\":\"2025-12-04T23:30:01+00:00\",\"mainEntityOfPage\":{\"@id\":\"https:\\\/\\\/www.bbmnoticias.com\\\/labravaradiofm\\\/2025\\\/12\\\/04\\\/invita-sectur-oaxaca-visitar-la-villa-magica-iluminada-mitla-2025\\\/\"},\"wordCount\":183,\"image\":{\"@id\":\"https:\\\/\\\/www.bbmnoticias.com\\\/invita-sectur-oaxaca-visitar-la-villa-magica-iluminada-mitla-2025\\\/#primaryimage\"},\"thumbnailUrl\":\"https:\\\/\\\/www.bbmnoticias.com\\\/labravaradiofm\\\/wp-content\\\/uploads\\\/sites\\\/5\\\/2025\\\/12\\\/thumbnail_Invita-Sectur-Oaxaca-visitar-la-Villa-Magica-Iluminada-Mitla-2025-3.jpg\",\"articleSection\":[\"LOCAL\"],\"inLanguage\":\"es\"},{\"@type\":\"WebPage\",\"@id\":\"https:\\\/\\\/www.bbmnoticias.com\\\/labravaradiofm\\\/2025\\\/12\\\/04\\\/invita-sectur-oaxaca-visitar-la-villa-magica-iluminada-mitla-2025\\\/\",\"url\":\"https:\\\/\\\/www.bbmnoticias.com\\\/invita-sectur-oaxaca-visitar-la-villa-magica-iluminada-mitla-2025\\\/\",\"name\":\"Invita Sectur Oaxaca visitar la Villa M\u00e1gica Iluminada Mitla 2025 - LA BRAVA RADIO\",\"isPartOf\":{\"@id\":\"https:\\\/\\\/www.bbmnoticias.com\\\/labravaradiofm\\\/#website\"},\"primaryImageOfPage\":{\"@id\":\"https:\\\/\\\/www.bbmnoticias.com\\\/invita-sectur-oaxaca-visitar-la-villa-magica-iluminada-mitla-2025\\\/#primaryimage\"},\"image\":{\"@id\":\"https:\\\/\\\/www.bbmnoticias.com\\\/invita-sectur-oaxaca-visitar-la-villa-magica-iluminada-mitla-2025\\\/#primaryimage\"},\"thumbnailUrl\":\"https:\\\/\\\/www.bbmnoticias.com\\\/labravaradiofm\\\/wp-content\\\/uploads\\\/sites\\\/5\\\/2025\\\/12\\\/thumbnail_Invita-Sectur-Oaxaca-visitar-la-Villa-Magica-Iluminada-Mitla-2025-3.jpg\",\"datePublished\":\"2025-12-04T23:29:58+00:00\",\"dateModified\":\"2025-12-04T23:30:01+00:00\",\"author\":{\"@id\":\"https:\\\/\\\/www.bbmnoticias.com\\\/labravaradiofm\\\/#\\\/schema\\\/person\\\/68a9e9036ef3c5b55aeb2b71dc8bab45\"},\"breadcrumb\":{\"@id\":\"https:\\\/\\\/www.bbmnoticias.com\\\/invita-sectur-oaxaca-visitar-la-villa-magica-iluminada-mitla-2025\\\/#breadcrumb\"},\"inLanguage\":\"es\",\"potentialAction\":[{\"@type\":\"ReadAction\",\"target\":[\"https:\\\/\\\/www.bbmnoticias.com\\\/invita-sectur-oaxaca-visitar-la-villa-magica-iluminada-mitla-2025\\\/\"]}]},{\"@type\":\"ImageObject\",\"inLanguage\":\"es\",\"@id\":\"https:\\\/\\\/www.bbmnoticias.com\\\/invita-sectur-oaxaca-visitar-la-villa-magica-iluminada-mitla-2025\\\/#primaryimage\",\"url\":\"https:\\\/\\\/www.bbmnoticias.com\\\/labravaradiofm\\\/wp-content\\\/uploads\\\/sites\\\/5\\\/2025\\\/12\\\/thumbnail_Invita-Sectur-Oaxaca-visitar-la-Villa-Magica-Iluminada-Mitla-2025-3.jpg\",\"contentUrl\":\"https:\\\/\\\/www.bbmnoticias.com\\\/labravaradiofm\\\/wp-content\\\/uploads\\\/sites\\\/5\\\/2025\\\/12\\\/thumbnail_Invita-Sectur-Oaxaca-visitar-la-Villa-Magica-Iluminada-Mitla-2025-3.jpg\",\"width\":1032,\"height\":688},{\"@type\":\"BreadcrumbList\",\"@id\":\"https:\\\/\\\/www.bbmnoticias.com\\\/invita-sectur-oaxaca-visitar-la-villa-magica-iluminada-mitla-2025\\\/#breadcrumb\",\"itemListElement\":[{\"@type\":\"ListItem\",\"position\":1,\"name\":\"Inicio\",\"item\":\"https:\\\/\\\/www.bbmnoticias.com\\\/labravaradiofm\\\/\"},{\"@type\":\"ListItem\",\"position\":2,\"name\":\"Invita Sectur Oaxaca visitar la Villa M\u00e1gica Iluminada Mitla 2025\"}]},{\"@type\":\"WebSite\",\"@id\":\"https:\\\/\\\/www.bbmnoticias.com\\\/labravaradiofm\\\/#website\",\"url\":\"https:\\\/\\\/www.bbmnoticias.com\\\/labravaradiofm\\\/\",\"name\":\"LA BRAVA RADIO\",\"description\":\"Empresa productora de medios, Radiodifusi\u00f3n, Noticias, tendencias y todo lo que necesitas saber de la pol\u00edtica mexicana e internacional; entretenimiento, espect\u00e1culos, salud y mucho m\u00e1s.\",\"potentialAction\":[{\"@type\":\"SearchAction\",\"target\":{\"@type\":\"EntryPoint\",\"urlTemplate\":\"https:\\\/\\\/www.bbmnoticias.com\\\/labravaradiofm\\\/?s={search_term_string}\"},\"query-input\":{\"@type\":\"PropertyValueSpecification\",\"valueRequired\":true,\"valueName\":\"search_term_string\"}}],\"inLanguage\":\"es\"},{\"@type\":\"Person\",\"@id\":\"https:\\\/\\\/www.bbmnoticias.com\\\/labravaradiofm\\\/#\\\/schema\\\/person\\\/68a9e9036ef3c5b55aeb2b71dc8bab45\",\"name\":\"Staff\",\"image\":{\"@type\":\"ImageObject\",\"inLanguage\":\"es\",\"@id\":\"https:\\\/\\\/secure.gravatar.com\\\/avatar\\\/fdd21ad66fd8b98c407f9dee5b5e588cfe7f0d8579ec20fa6527cd59bab7f0f0?s=96&d=mm&r=g\",\"url\":\"https:\\\/\\\/secure.gravatar.com\\\/avatar\\\/fdd21ad66fd8b98c407f9dee5b5e588cfe7f0d8579ec20fa6527cd59bab7f0f0?s=96&d=mm&r=g\",\"contentUrl\":\"https:\\\/\\\/secure.gravatar.com\\\/avatar\\\/fdd21ad66fd8b98c407f9dee5b5e588cfe7f0d8579ec20fa6527cd59bab7f0f0?s=96&d=mm&r=g\",\"caption\":\"Staff\"},\"url\":\"https:\\\/\\\/www.bbmnoticias.com\\\/labravaradiofm\\\/author\\\/redaccion\\\/\"}]}<\/script>\n<!-- \/ Yoast SEO plugin. -->","yoast_head_json":{"title":"Invita Sectur Oaxaca visitar la Villa M\u00e1gica Iluminada Mitla 2025 - LA BRAVA RADIO","robots":{"index":"index","follow":"follow","max-snippet":"max-snippet:-1","max-image-preview":"max-image-preview:large","max-video-preview":"max-video-preview:-1"},"canonical":"https:\/\/www.bbmnoticias.com\/invita-sectur-oaxaca-visitar-la-villa-magica-iluminada-mitla-2025\/","og_locale":"es_MX","og_type":"article","og_title":"Invita Sectur Oaxaca visitar la Villa M\u00e1gica Iluminada Mitla 2025 - LA BRAVA RADIO","og_description":"Oaxaca de Ju\u00e1rez, Oax.- La Secretar\u00eda de Turismo (Sectur Oaxaca) invita a visitar el municipio de San Pablo Villa de Mitla y recorrer la Villa M\u00e1gica Iluminada 2025, el espect\u00e1culo de decoraci\u00f3n de luces que forma parte de las actividades de la temporada decembrina. La subsecretaria de la Sectur Oaxaca, Mariel L\u00f3pez Villatoro expres\u00f3 que [&hellip;]","og_url":"https:\/\/www.bbmnoticias.com\/invita-sectur-oaxaca-visitar-la-villa-magica-iluminada-mitla-2025\/","og_site_name":"LA BRAVA RADIO","article_published_time":"2025-12-04T23:29:58+00:00","article_modified_time":"2025-12-04T23:30:01+00:00","og_image":[{"width":1032,"height":688,"url":"https:\/\/www.bbmnoticias.com\/labravaradiofm\/wp-content\/uploads\/sites\/5\/2025\/12\/thumbnail_Invita-Sectur-Oaxaca-visitar-la-Villa-Magica-Iluminada-Mitla-2025-3.jpg","type":"image\/jpeg"}],"author":"Staff","twitter_card":"summary_large_image","twitter_misc":{"Escrito por":"Staff","Tiempo de lectura":"1 minuto"},"schema":{"@context":"https:\/\/schema.org","@graph":[{"@type":"Article","@id":"https:\/\/www.bbmnoticias.com\/invita-sectur-oaxaca-visitar-la-villa-magica-iluminada-mitla-2025\/#article","isPartOf":{"@id":"https:\/\/www.bbmnoticias.com\/labravaradiofm\/2025\/12\/04\/invita-sectur-oaxaca-visitar-la-villa-magica-iluminada-mitla-2025\/"},"author":{"name":"Staff","@id":"https:\/\/www.bbmnoticias.com\/labravaradiofm\/#\/schema\/person\/68a9e9036ef3c5b55aeb2b71dc8bab45"},"headline":"Invita Sectur Oaxaca visitar la Villa M\u00e1gica Iluminada Mitla 2025","datePublished":"2025-12-04T23:29:58+00:00","dateModified":"2025-12-04T23:30:01+00:00","mainEntityOfPage":{"@id":"https:\/\/www.bbmnoticias.com\/labravaradiofm\/2025\/12\/04\/invita-sectur-oaxaca-visitar-la-villa-magica-iluminada-mitla-2025\/"},"wordCount":183,"image":{"@id":"https:\/\/www.bbmnoticias.com\/invita-sectur-oaxaca-visitar-la-villa-magica-iluminada-mitla-2025\/#primaryimage"},"thumbnailUrl":"https:\/\/www.bbmnoticias.com\/labravaradiofm\/wp-content\/uploads\/sites\/5\/2025\/12\/thumbnail_Invita-Sectur-Oaxaca-visitar-la-Villa-Magica-Iluminada-Mitla-2025-3.jpg","articleSection":["LOCAL"],"inLanguage":"es"},{"@type":"WebPage","@id":"https:\/\/www.bbmnoticias.com\/labravaradiofm\/2025\/12\/04\/invita-sectur-oaxaca-visitar-la-villa-magica-iluminada-mitla-2025\/","url":"https:\/\/www.bbmnoticias.com\/invita-sectur-oaxaca-visitar-la-villa-magica-iluminada-mitla-2025\/","name":"Invita Sectur Oaxaca visitar la Villa M\u00e1gica Iluminada Mitla 2025 - LA BRAVA RADIO","isPartOf":{"@id":"https:\/\/www.bbmnoticias.com\/labravaradiofm\/#website"},"primaryImageOfPage":{"@id":"https:\/\/www.bbmnoticias.com\/invita-sectur-oaxaca-visitar-la-villa-magica-iluminada-mitla-2025\/#primaryimage"},"image":{"@id":"https:\/\/www.bbmnoticias.com\/invita-sectur-oaxaca-visitar-la-villa-magica-iluminada-mitla-2025\/#primaryimage"},"thumbnailUrl":"https:\/\/www.bbmnoticias.com\/labravaradiofm\/wp-content\/uploads\/sites\/5\/2025\/12\/thumbnail_Invita-Sectur-Oaxaca-visitar-la-Villa-Magica-Iluminada-Mitla-2025-3.jpg","datePublished":"2025-12-04T23:29:58+00:00","dateModified":"2025-12-04T23:30:01+00:00","author":{"@id":"https:\/\/www.bbmnoticias.com\/labravaradiofm\/#\/schema\/person\/68a9e9036ef3c5b55aeb2b71dc8bab45"},"breadcrumb":{"@id":"https:\/\/www.bbmnoticias.com\/invita-sectur-oaxaca-visitar-la-villa-magica-iluminada-mitla-2025\/#breadcrumb"},"inLanguage":"es","potentialAction":[{"@type":"ReadAction","target":["https:\/\/www.bbmnoticias.com\/invita-sectur-oaxaca-visitar-la-villa-magica-iluminada-mitla-2025\/"]}]},{"@type":"ImageObject","inLanguage":"es","@id":"https:\/\/www.bbmnoticias.com\/invita-sectur-oaxaca-visitar-la-villa-magica-iluminada-mitla-2025\/#primaryimage","url":"https:\/\/www.bbmnoticias.com\/labravaradiofm\/wp-content\/uploads\/sites\/5\/2025\/12\/thumbnail_Invita-Sectur-Oaxaca-visitar-la-Villa-Magica-Iluminada-Mitla-2025-3.jpg","contentUrl":"https:\/\/www.bbmnoticias.com\/labravaradiofm\/wp-content\/uploads\/sites\/5\/2025\/12\/thumbnail_Invita-Sectur-Oaxaca-visitar-la-Villa-Magica-Iluminada-Mitla-2025-3.jpg","width":1032,"height":688},{"@type":"BreadcrumbList","@id":"https:\/\/www.bbmnoticias.com\/invita-sectur-oaxaca-visitar-la-villa-magica-iluminada-mitla-2025\/#breadcrumb","itemListElement":[{"@type":"ListItem","position":1,"name":"Inicio","item":"https:\/\/www.bbmnoticias.com\/labravaradiofm\/"},{"@type":"ListItem","position":2,"name":"Invita Sectur Oaxaca visitar la Villa M\u00e1gica Iluminada Mitla 2025"}]},{"@type":"WebSite","@id":"https:\/\/www.bbmnoticias.com\/labravaradiofm\/#website","url":"https:\/\/www.bbmnoticias.com\/labravaradiofm\/","name":"LA BRAVA RADIO","description":"Empresa productora de medios, Radiodifusi\u00f3n, Noticias, tendencias y todo lo que necesitas saber de la pol\u00edtica mexicana e internacional; entretenimiento, espect\u00e1culos, salud y mucho m\u00e1s.","potentialAction":[{"@type":"SearchAction","target":{"@type":"EntryPoint","urlTemplate":"https:\/\/www.bbmnoticias.com\/labravaradiofm\/?s={search_term_string}"},"query-input":{"@type":"PropertyValueSpecification","valueRequired":true,"valueName":"search_term_string"}}],"inLanguage":"es"},{"@type":"Person","@id":"https:\/\/www.bbmnoticias.com\/labravaradiofm\/#\/schema\/person\/68a9e9036ef3c5b55aeb2b71dc8bab45","name":"Staff","image":{"@type":"ImageObject","inLanguage":"es","@id":"https:\/\/secure.gravatar.com\/avatar\/fdd21ad66fd8b98c407f9dee5b5e588cfe7f0d8579ec20fa6527cd59bab7f0f0?s=96&d=mm&r=g","url":"https:\/\/secure.gravatar.com\/avatar\/fdd21ad66fd8b98c407f9dee5b5e588cfe7f0d8579ec20fa6527cd59bab7f0f0?s=96&d=mm&r=g","contentUrl":"https:\/\/secure.gravatar.com\/avatar\/fdd21ad66fd8b98c407f9dee5b5e588cfe7f0d8579ec20fa6527cd59bab7f0f0?s=96&d=mm&r=g","caption":"Staff"},"url":"https:\/\/www.bbmnoticias.com\/labravaradiofm\/author\/redaccion\/"}]}},"_links":{"self":[{"href":"https:\/\/www.bbmnoticias.com\/labravaradiofm\/wp-json\/wp\/v2\/posts\/70846","targetHints":{"allow":["GET"]}}],"collection":[{"href":"https:\/\/www.bbmnoticias.com\/labravaradiofm\/wp-json\/wp\/v2\/posts"}],"about":[{"href":"https:\/\/www.bbmnoticias.com\/labravaradiofm\/wp-json\/wp\/v2\/types\/post"}],"author":[{"embeddable":true,"href":"https:\/\/www.bbmnoticias.com\/labravaradiofm\/wp-json\/wp\/v2\/users\/2"}],"replies":[{"embeddable":true,"href":"https:\/\/www.bbmnoticias.com\/labravaradiofm\/wp-json\/wp\/v2\/comments?post=70846"}],"version-history":[{"count":0,"href":"https:\/\/www.bbmnoticias.com\/labravaradiofm\/wp-json\/wp\/v2\/posts\/70846\/revisions"}],"wp:featuredmedia":[{"embeddable":true,"href":"https:\/\/www.bbmnoticias.com\/labravaradiofm\/wp-json\/wp\/v2\/media\/70848"}],"wp:attachment":[{"href":"https:\/\/www.bbmnoticias.com\/labravaradiofm\/wp-json\/wp\/v2\/media?parent=70846"}],"wp:term":[{"taxonomy":"category","embeddable":true,"href":"https:\/\/www.bbmnoticias.com\/labravaradiofm\/wp-json\/wp\/v2\/categories?post=70846"},{"taxonomy":"post_tag","embeddable":true,"href":"https:\/\/www.bbmnoticias.com\/labravaradiofm\/wp-json\/wp\/v2\/tags?post=70846"}],"curies":[{"name":"wp","href":"https:\/\/api.w.org\/{rel}","templated":true}]}}