{"id":70843,"date":"2025-12-04T17:28:30","date_gmt":"2025-12-04T23:28:30","guid":{"rendered":"https:\/\/www.bbmnoticias.com\/labravaradiofm\/2025\/12\/04\/vamos-por-mas-salomon-jara-realiza-acciones-que-fortalecen-la-educacion-de-la-sierra-de-flores-magon\/"},"modified":"2025-12-04T17:28:33","modified_gmt":"2025-12-04T23:28:33","slug":"vamos-por-mas-salomon-jara-realiza-acciones-que-fortalecen-la-educacion-de-la-sierra-de-flores-magon","status":"publish","type":"post","link":"https:\/\/www.bbmnoticias.com\/labravaradiofm\/2025\/12\/04\/vamos-por-mas-salomon-jara-realiza-acciones-que-fortalecen-la-educacion-de-la-sierra-de-flores-magon\/","title":{"rendered":"\u00a1Vamos por m\u00e1s!, Salom\u00f3n Jara realiza acciones que fortalecen la educaci\u00f3n de la Sierra de Flores Mag\u00f3n"},"content":{"rendered":"<div style=\"margin-top: 0px; margin-bottom: 0px;\" class=\"sharethis-inline-share-buttons\" ><\/div>\n<p><strong>Huautla de Jim\u00e9nez, Oax.-<\/strong> Ante el pueblo mazateco, proveniente de diversas comunidades de la Sierra de Flores Mag\u00f3n y en un acto democr\u00e1tico y de rendici\u00f3n de cuentas, el Gobernador Salom\u00f3n Jara Cruz destac\u00f3 que la atenci\u00f3n educativa es una prioridad de su administraci\u00f3n, por lo que se han canalizado m\u00e1s de 128 millones de pesos para 94 obras de infraestructura.<\/p>\n\n\n\n<p>Acompa\u00f1ado por la Presidenta Honoraria del Sistema DIF Oaxaca, Irma Bola\u00f1os Quijano, el Mandatario Estatal dijo que estas obras contemplan la construcci\u00f3n de aulas, techados, canchas, laboratorios escolares y equipamiento para que ni\u00f1as, ni\u00f1os y j\u00f3venes avancen en su desarrollo personal y profesional.<\/p>\n\n\n\n<p>&#8220;En tres a\u00f1os hemos comenzado a sentar las bases, pero debemos redoblar nuestros esfuerzos para avanzar lo m\u00e1s que se pueda en lo que resta. Todos los compromisos realizados en los municipios se van a cumplir, no habr\u00e1 ninguna obra que no se lleve a cabo. \u201c\u00a1Vamos por m\u00e1s!\u201d, expres\u00f3.<\/p>\n\n\n\n<p>Invit\u00f3 a pobladores y autoridades a caminar juntas y juntos, con la certeza de que Oaxaca puede cambiar y esta regi\u00f3n salga adelante, y sea protagonista incuestionable de esta nueva etapa, sue\u00f1o de los hermanos Flores Mag\u00f3n por una tierra pr\u00f3spera y de bienestar.<\/p>\n\n\n\n<p>Durante su Gira Estatal de Rendici\u00f3n de Cuentas en Huautla de Jim\u00e9nez, Jara Cruz dio a conocer las siguientes obras y acciones:<\/p>\n\n\n\n<p>\u00b7&nbsp;&nbsp;&nbsp;&nbsp;&nbsp;&nbsp;&nbsp;&nbsp; El Sistema DIF Estatal ha invertido 77 millones de pesos en 5 programas para asegurar el bienestar alimenticio de m\u00e1s 27 mil personas de esta zona.<\/p>\n\n\n\n<p>\u00b7&nbsp;&nbsp;&nbsp;&nbsp;&nbsp;&nbsp;&nbsp;&nbsp; La Sierra de Flores Mag\u00f3n es la tercera regi\u00f3n con m\u00e1s acciones en vivienda. Se han realizado 2 mil 800 trabajos con m\u00e1s de 80 millones de pesos.<\/p>\n\n\n\n<p>\u00b7&nbsp;&nbsp;&nbsp;&nbsp;&nbsp;&nbsp;&nbsp;&nbsp; Oaxaca es la primera entidad que cre\u00f3 8 programas de Bienestar con presupuesto estatal; en 3 a\u00f1os logr\u00f3 una inversi\u00f3n hist\u00f3rica de m\u00e1s de 12 mil millones de pesos, de los cuales m\u00e1s de 637 millones son destinados a estas comunidades mazatecas.<\/p>\n\n\n\n<p>\u00b7&nbsp;&nbsp;&nbsp;&nbsp;&nbsp;&nbsp;&nbsp;&nbsp; Se equiparon 75 escuelas de nivel b\u00e1sico con computadoras, proyectores, pizarrones, mobiliario y material de aseo, deportivo y oficina.<\/p>\n\n\n\n<p>\u00b7&nbsp;&nbsp;&nbsp;&nbsp;&nbsp;&nbsp;&nbsp;&nbsp; En mejoramiento de la infraestructura educativa destacan las reparaciones a las telesecundarias de El Carrizal, Barranca Seca y San Andr\u00e9s Hidalgo.<\/p>\n\n\n\n<p>\u00b7&nbsp;&nbsp;&nbsp;&nbsp;&nbsp;&nbsp;&nbsp;&nbsp; Se edifican m\u00e1s de 18 aulas en municipios aleda\u00f1os a Huautla de Jim\u00e9nez.<\/p>\n\n\n\n<p>\u00b7&nbsp;&nbsp;&nbsp;&nbsp;&nbsp;&nbsp;&nbsp;&nbsp; Se construyeron techados en Eloxochitl\u00e1n de Flores Mag\u00f3n, Mazatl\u00e1n Villa de Flores, San Bartolom\u00e9 Ayautla, San Lucas Zoqui\u00e1pam, San Pedro Ocopetatillo; la localidad de San Isidro Zoqui\u00e1pam, entre otros.<\/p>\n\n\n\n<p>\u00b7&nbsp;&nbsp;&nbsp;&nbsp;&nbsp;&nbsp;&nbsp;&nbsp; Tarjeta Margarita Maza ha beneficiado a mil 504 mujeres, mientras que otras 16 recibieron cr\u00e9ditos a la palabra Mujer Primavera.<\/p>\n\n\n\n<p>\u00b7&nbsp;&nbsp;&nbsp;&nbsp;&nbsp;&nbsp;&nbsp;&nbsp; El programa Mi Primera Chamba apoya a 82 j\u00f3venes; Tarjeta Joven favorece a 234 personas que acceden a la cultura, lectura y deporte y 40 mil 20 estudiantes son respaldados con \u00datiles Escolares.<\/p>\n\n\n\n<p>\u00b7&nbsp;&nbsp;&nbsp;&nbsp;&nbsp;&nbsp;&nbsp;&nbsp; Acceden a servicios m\u00e9dicos 12 mil 482 habitantes mediante Farmacias Bienestar. Las Caravanas Ve\u2019e Tata realizaron 382 mastograf\u00edas.<\/p>\n\n\n\n<p>\u00b7&nbsp;&nbsp;&nbsp;&nbsp;&nbsp;&nbsp;&nbsp;&nbsp; Todos los hospitales y centros de salud de esta zona cuentan con un 80% de abasto en medicamentos.<\/p>\n\n\n\n<p>\u00b7&nbsp;&nbsp;&nbsp;&nbsp;&nbsp;&nbsp;&nbsp;&nbsp; En 2026 se destinar\u00e1n mil 350 millones de pesos en inversi\u00f3n para el sector agr\u00edcola. Actualmente se producen 770 mil toneladas de ma\u00edz y m\u00e1s de 5 mil 600 personas se benefician con 6 programas.<\/p>\n\n\n\n<p>\u00b7&nbsp;&nbsp;&nbsp;&nbsp;&nbsp;&nbsp;&nbsp;&nbsp; En materia de seguridad, se resolvieron 4 conflictos agrarios como el de Cerro Mirador \u2013 San Isidro Lagunas.<\/p>\n\n\n\n<p>\u00b7&nbsp;&nbsp;&nbsp;&nbsp;&nbsp;&nbsp;&nbsp;&nbsp; Se han efectuado 40 obras en caminos, equivalentes a 158 km. Destaca la pavimentaci\u00f3n de la carretera Barranca Seca-Agua Pozol y la rehabilitaci\u00f3n de la carretera Huautla-Teotitl\u00e1n.<\/p>\n\n\n\n<p>\u00b7&nbsp;&nbsp;&nbsp;&nbsp;&nbsp;&nbsp;&nbsp;&nbsp; Tambi\u00e9n se pavimentaron los caminos de: San Andr\u00e9s Hidalgo, El Carrizal y Barranca Seca de Huautla; Agua Ancha-San Jos\u00e9 Buena Vista en Eloxochitl\u00e1n de Flores Mag\u00f3n; El Camar\u00f3n, Huautepec; Agua Mosquito y Soyaltitla en Mazatl\u00e1n Villa de Flores; Teocuatl\u00e1n, San Jos\u00e9 Tenango; San Marcos Liquid\u00e1mbar y San Jos\u00e9 Vista Hermosa de San Lucas Zoqui\u00e1pam; La Reforma San Mateo y San Mateo Yoloxochitl\u00e1n; San Pedro Ocopetatillo-Eloxochitl\u00e1n; Santa Mar\u00eda la Asunci\u00f3n-Huautla.<\/p>\n\n\n\n<p>\u00b7&nbsp;&nbsp;&nbsp;&nbsp;&nbsp;&nbsp;&nbsp;&nbsp; Se trabaja la v\u00eda de Villa Nueva en Santa Mar\u00eda Teopoxco.<\/p>\n","protected":false},"excerpt":{"rendered":"<p>Huautla de Jim\u00e9nez, Oax.- Ante el pueblo mazateco, proveniente de diversas comunidades de la Sierra de Flores Mag\u00f3n y en un acto democr\u00e1tico y de rendici\u00f3n de cuentas, el Gobernador Salom\u00f3n Jara Cruz destac\u00f3 que la atenci\u00f3n educativa es una prioridad de su administraci\u00f3n, por lo que se han canalizado m\u00e1s de 128 millones de [&hellip;]<\/p>\n","protected":false},"author":2,"featured_media":70845,"comment_status":"closed","ping_status":"","sticky":false,"template":"","format":"standard","meta":{"footnotes":""},"categories":[2],"tags":[],"class_list":{"0":"post-70843","1":"post","2":"type-post","3":"status-publish","4":"format-standard","5":"has-post-thumbnail","7":"category-oaxaca"},"yoast_head":"<!-- This site is optimized with the Yoast SEO plugin v27.4 - https:\/\/yoast.com\/product\/yoast-seo-wordpress\/ -->\n<title>\u00a1Vamos por m\u00e1s!, Salom\u00f3n Jara realiza acciones que fortalecen la educaci\u00f3n de la Sierra de Flores Mag\u00f3n - LA BRAVA RADIO<\/title>\n<meta name=\"robots\" content=\"index, follow, max-snippet:-1, max-image-preview:large, max-video-preview:-1\" \/>\n<link rel=\"canonical\" href=\"https:\/\/www.bbmnoticias.com\/vamos-por-mas-salomon-jara-realiza-acciones-que-fortalecen-la-educacion-de-la-sierra-de-flores-magon\/\" \/>\n<meta property=\"og:locale\" content=\"es_MX\" \/>\n<meta property=\"og:type\" content=\"article\" \/>\n<meta property=\"og:title\" content=\"\u00a1Vamos por m\u00e1s!, Salom\u00f3n Jara realiza acciones que fortalecen la educaci\u00f3n de la Sierra de Flores Mag\u00f3n - LA BRAVA RADIO\" \/>\n<meta property=\"og:description\" content=\"Huautla de Jim\u00e9nez, Oax.- Ante el pueblo mazateco, proveniente de diversas comunidades de la Sierra de Flores Mag\u00f3n y en un acto democr\u00e1tico y de rendici\u00f3n de cuentas, el Gobernador Salom\u00f3n Jara Cruz destac\u00f3 que la atenci\u00f3n educativa es una prioridad de su administraci\u00f3n, por lo que se han canalizado m\u00e1s de 128 millones de [&hellip;]\" \/>\n<meta property=\"og:url\" content=\"https:\/\/www.bbmnoticias.com\/vamos-por-mas-salomon-jara-realiza-acciones-que-fortalecen-la-educacion-de-la-sierra-de-flores-magon\/\" \/>\n<meta property=\"og:site_name\" content=\"LA BRAVA RADIO\" \/>\n<meta property=\"article:published_time\" content=\"2025-12-04T23:28:30+00:00\" \/>\n<meta property=\"article:modified_time\" content=\"2025-12-04T23:28:33+00:00\" \/>\n<meta property=\"og:image\" content=\"https:\/\/www.bbmnoticias.com\/labravaradiofm\/wp-content\/uploads\/sites\/5\/2025\/12\/thumbnail_\u00a1Vamos-por-mas-Salomon-Jara-realiza-acciones-que-fortalecen-la-educacion-de-la-Sierra-de-Flores-Magon-4.jpg\" \/>\n\t<meta property=\"og:image:width\" content=\"932\" \/>\n\t<meta property=\"og:image:height\" content=\"605\" \/>\n\t<meta property=\"og:image:type\" content=\"image\/jpeg\" \/>\n<meta name=\"author\" content=\"Staff\" \/>\n<meta name=\"twitter:card\" content=\"summary_large_image\" \/>\n<meta name=\"twitter:label1\" content=\"Escrito por\" \/>\n\t<meta name=\"twitter:data1\" content=\"Staff\" \/>\n\t<meta name=\"twitter:label2\" content=\"Tiempo de lectura\" \/>\n\t<meta name=\"twitter:data2\" content=\"4 minutos\" \/>\n<script type=\"application\/ld+json\" class=\"yoast-schema-graph\">{\"@context\":\"https:\\\/\\\/schema.org\",\"@graph\":[{\"@type\":\"Article\",\"@id\":\"https:\\\/\\\/www.bbmnoticias.com\\\/vamos-por-mas-salomon-jara-realiza-acciones-que-fortalecen-la-educacion-de-la-sierra-de-flores-magon\\\/#article\",\"isPartOf\":{\"@id\":\"https:\\\/\\\/www.bbmnoticias.com\\\/labravaradiofm\\\/2025\\\/12\\\/04\\\/vamos-por-mas-salomon-jara-realiza-acciones-que-fortalecen-la-educacion-de-la-sierra-de-flores-magon\\\/\"},\"author\":{\"name\":\"Staff\",\"@id\":\"https:\\\/\\\/www.bbmnoticias.com\\\/labravaradiofm\\\/#\\\/schema\\\/person\\\/68a9e9036ef3c5b55aeb2b71dc8bab45\"},\"headline\":\"\u00a1Vamos por m\u00e1s!, Salom\u00f3n Jara realiza acciones que fortalecen la educaci\u00f3n de la Sierra de Flores Mag\u00f3n\",\"datePublished\":\"2025-12-04T23:28:30+00:00\",\"dateModified\":\"2025-12-04T23:28:33+00:00\",\"mainEntityOfPage\":{\"@id\":\"https:\\\/\\\/www.bbmnoticias.com\\\/labravaradiofm\\\/2025\\\/12\\\/04\\\/vamos-por-mas-salomon-jara-realiza-acciones-que-fortalecen-la-educacion-de-la-sierra-de-flores-magon\\\/\"},\"wordCount\":834,\"image\":{\"@id\":\"https:\\\/\\\/www.bbmnoticias.com\\\/vamos-por-mas-salomon-jara-realiza-acciones-que-fortalecen-la-educacion-de-la-sierra-de-flores-magon\\\/#primaryimage\"},\"thumbnailUrl\":\"https:\\\/\\\/www.bbmnoticias.com\\\/labravaradiofm\\\/wp-content\\\/uploads\\\/sites\\\/5\\\/2025\\\/12\\\/thumbnail_\u00a1Vamos-por-mas-Salomon-Jara-realiza-acciones-que-fortalecen-la-educacion-de-la-Sierra-de-Flores-Magon-4.jpg\",\"articleSection\":[\"LOCAL\"],\"inLanguage\":\"es\"},{\"@type\":\"WebPage\",\"@id\":\"https:\\\/\\\/www.bbmnoticias.com\\\/labravaradiofm\\\/2025\\\/12\\\/04\\\/vamos-por-mas-salomon-jara-realiza-acciones-que-fortalecen-la-educacion-de-la-sierra-de-flores-magon\\\/\",\"url\":\"https:\\\/\\\/www.bbmnoticias.com\\\/vamos-por-mas-salomon-jara-realiza-acciones-que-fortalecen-la-educacion-de-la-sierra-de-flores-magon\\\/\",\"name\":\"\u00a1Vamos por m\u00e1s!, Salom\u00f3n Jara realiza acciones que fortalecen la educaci\u00f3n de la Sierra de Flores Mag\u00f3n - LA BRAVA RADIO\",\"isPartOf\":{\"@id\":\"https:\\\/\\\/www.bbmnoticias.com\\\/labravaradiofm\\\/#website\"},\"primaryImageOfPage\":{\"@id\":\"https:\\\/\\\/www.bbmnoticias.com\\\/vamos-por-mas-salomon-jara-realiza-acciones-que-fortalecen-la-educacion-de-la-sierra-de-flores-magon\\\/#primaryimage\"},\"image\":{\"@id\":\"https:\\\/\\\/www.bbmnoticias.com\\\/vamos-por-mas-salomon-jara-realiza-acciones-que-fortalecen-la-educacion-de-la-sierra-de-flores-magon\\\/#primaryimage\"},\"thumbnailUrl\":\"https:\\\/\\\/www.bbmnoticias.com\\\/labravaradiofm\\\/wp-content\\\/uploads\\\/sites\\\/5\\\/2025\\\/12\\\/thumbnail_\u00a1Vamos-por-mas-Salomon-Jara-realiza-acciones-que-fortalecen-la-educacion-de-la-Sierra-de-Flores-Magon-4.jpg\",\"datePublished\":\"2025-12-04T23:28:30+00:00\",\"dateModified\":\"2025-12-04T23:28:33+00:00\",\"author\":{\"@id\":\"https:\\\/\\\/www.bbmnoticias.com\\\/labravaradiofm\\\/#\\\/schema\\\/person\\\/68a9e9036ef3c5b55aeb2b71dc8bab45\"},\"breadcrumb\":{\"@id\":\"https:\\\/\\\/www.bbmnoticias.com\\\/vamos-por-mas-salomon-jara-realiza-acciones-que-fortalecen-la-educacion-de-la-sierra-de-flores-magon\\\/#breadcrumb\"},\"inLanguage\":\"es\",\"potentialAction\":[{\"@type\":\"ReadAction\",\"target\":[\"https:\\\/\\\/www.bbmnoticias.com\\\/vamos-por-mas-salomon-jara-realiza-acciones-que-fortalecen-la-educacion-de-la-sierra-de-flores-magon\\\/\"]}]},{\"@type\":\"ImageObject\",\"inLanguage\":\"es\",\"@id\":\"https:\\\/\\\/www.bbmnoticias.com\\\/vamos-por-mas-salomon-jara-realiza-acciones-que-fortalecen-la-educacion-de-la-sierra-de-flores-magon\\\/#primaryimage\",\"url\":\"https:\\\/\\\/www.bbmnoticias.com\\\/labravaradiofm\\\/wp-content\\\/uploads\\\/sites\\\/5\\\/2025\\\/12\\\/thumbnail_\u00a1Vamos-por-mas-Salomon-Jara-realiza-acciones-que-fortalecen-la-educacion-de-la-Sierra-de-Flores-Magon-4.jpg\",\"contentUrl\":\"https:\\\/\\\/www.bbmnoticias.com\\\/labravaradiofm\\\/wp-content\\\/uploads\\\/sites\\\/5\\\/2025\\\/12\\\/thumbnail_\u00a1Vamos-por-mas-Salomon-Jara-realiza-acciones-que-fortalecen-la-educacion-de-la-Sierra-de-Flores-Magon-4.jpg\",\"width\":932,\"height\":605},{\"@type\":\"BreadcrumbList\",\"@id\":\"https:\\\/\\\/www.bbmnoticias.com\\\/vamos-por-mas-salomon-jara-realiza-acciones-que-fortalecen-la-educacion-de-la-sierra-de-flores-magon\\\/#breadcrumb\",\"itemListElement\":[{\"@type\":\"ListItem\",\"position\":1,\"name\":\"Inicio\",\"item\":\"https:\\\/\\\/www.bbmnoticias.com\\\/labravaradiofm\\\/\"},{\"@type\":\"ListItem\",\"position\":2,\"name\":\"\u00a1Vamos por m\u00e1s!, Salom\u00f3n Jara realiza acciones que fortalecen la educaci\u00f3n de la Sierra de Flores Mag\u00f3n\"}]},{\"@type\":\"WebSite\",\"@id\":\"https:\\\/\\\/www.bbmnoticias.com\\\/labravaradiofm\\\/#website\",\"url\":\"https:\\\/\\\/www.bbmnoticias.com\\\/labravaradiofm\\\/\",\"name\":\"LA BRAVA RADIO\",\"description\":\"Empresa productora de medios, Radiodifusi\u00f3n, Noticias, tendencias y todo lo que necesitas saber de la pol\u00edtica mexicana e internacional; entretenimiento, espect\u00e1culos, salud y mucho m\u00e1s.\",\"potentialAction\":[{\"@type\":\"SearchAction\",\"target\":{\"@type\":\"EntryPoint\",\"urlTemplate\":\"https:\\\/\\\/www.bbmnoticias.com\\\/labravaradiofm\\\/?s={search_term_string}\"},\"query-input\":{\"@type\":\"PropertyValueSpecification\",\"valueRequired\":true,\"valueName\":\"search_term_string\"}}],\"inLanguage\":\"es\"},{\"@type\":\"Person\",\"@id\":\"https:\\\/\\\/www.bbmnoticias.com\\\/labravaradiofm\\\/#\\\/schema\\\/person\\\/68a9e9036ef3c5b55aeb2b71dc8bab45\",\"name\":\"Staff\",\"image\":{\"@type\":\"ImageObject\",\"inLanguage\":\"es\",\"@id\":\"https:\\\/\\\/secure.gravatar.com\\\/avatar\\\/fdd21ad66fd8b98c407f9dee5b5e588cfe7f0d8579ec20fa6527cd59bab7f0f0?s=96&d=mm&r=g\",\"url\":\"https:\\\/\\\/secure.gravatar.com\\\/avatar\\\/fdd21ad66fd8b98c407f9dee5b5e588cfe7f0d8579ec20fa6527cd59bab7f0f0?s=96&d=mm&r=g\",\"contentUrl\":\"https:\\\/\\\/secure.gravatar.com\\\/avatar\\\/fdd21ad66fd8b98c407f9dee5b5e588cfe7f0d8579ec20fa6527cd59bab7f0f0?s=96&d=mm&r=g\",\"caption\":\"Staff\"},\"url\":\"https:\\\/\\\/www.bbmnoticias.com\\\/labravaradiofm\\\/author\\\/redaccion\\\/\"}]}<\/script>\n<!-- \/ Yoast SEO plugin. -->","yoast_head_json":{"title":"\u00a1Vamos por m\u00e1s!, Salom\u00f3n Jara realiza acciones que fortalecen la educaci\u00f3n de la Sierra de Flores Mag\u00f3n - LA BRAVA RADIO","robots":{"index":"index","follow":"follow","max-snippet":"max-snippet:-1","max-image-preview":"max-image-preview:large","max-video-preview":"max-video-preview:-1"},"canonical":"https:\/\/www.bbmnoticias.com\/vamos-por-mas-salomon-jara-realiza-acciones-que-fortalecen-la-educacion-de-la-sierra-de-flores-magon\/","og_locale":"es_MX","og_type":"article","og_title":"\u00a1Vamos por m\u00e1s!, Salom\u00f3n Jara realiza acciones que fortalecen la educaci\u00f3n de la Sierra de Flores Mag\u00f3n - LA BRAVA RADIO","og_description":"Huautla de Jim\u00e9nez, Oax.- Ante el pueblo mazateco, proveniente de diversas comunidades de la Sierra de Flores Mag\u00f3n y en un acto democr\u00e1tico y de rendici\u00f3n de cuentas, el Gobernador Salom\u00f3n Jara Cruz destac\u00f3 que la atenci\u00f3n educativa es una prioridad de su administraci\u00f3n, por lo que se han canalizado m\u00e1s de 128 millones de [&hellip;]","og_url":"https:\/\/www.bbmnoticias.com\/vamos-por-mas-salomon-jara-realiza-acciones-que-fortalecen-la-educacion-de-la-sierra-de-flores-magon\/","og_site_name":"LA BRAVA RADIO","article_published_time":"2025-12-04T23:28:30+00:00","article_modified_time":"2025-12-04T23:28:33+00:00","og_image":[{"width":932,"height":605,"url":"https:\/\/www.bbmnoticias.com\/labravaradiofm\/wp-content\/uploads\/sites\/5\/2025\/12\/thumbnail_\u00a1Vamos-por-mas-Salomon-Jara-realiza-acciones-que-fortalecen-la-educacion-de-la-Sierra-de-Flores-Magon-4.jpg","type":"image\/jpeg"}],"author":"Staff","twitter_card":"summary_large_image","twitter_misc":{"Escrito por":"Staff","Tiempo de lectura":"4 minutos"},"schema":{"@context":"https:\/\/schema.org","@graph":[{"@type":"Article","@id":"https:\/\/www.bbmnoticias.com\/vamos-por-mas-salomon-jara-realiza-acciones-que-fortalecen-la-educacion-de-la-sierra-de-flores-magon\/#article","isPartOf":{"@id":"https:\/\/www.bbmnoticias.com\/labravaradiofm\/2025\/12\/04\/vamos-por-mas-salomon-jara-realiza-acciones-que-fortalecen-la-educacion-de-la-sierra-de-flores-magon\/"},"author":{"name":"Staff","@id":"https:\/\/www.bbmnoticias.com\/labravaradiofm\/#\/schema\/person\/68a9e9036ef3c5b55aeb2b71dc8bab45"},"headline":"\u00a1Vamos por m\u00e1s!, Salom\u00f3n Jara realiza acciones que fortalecen la educaci\u00f3n de la Sierra de Flores Mag\u00f3n","datePublished":"2025-12-04T23:28:30+00:00","dateModified":"2025-12-04T23:28:33+00:00","mainEntityOfPage":{"@id":"https:\/\/www.bbmnoticias.com\/labravaradiofm\/2025\/12\/04\/vamos-por-mas-salomon-jara-realiza-acciones-que-fortalecen-la-educacion-de-la-sierra-de-flores-magon\/"},"wordCount":834,"image":{"@id":"https:\/\/www.bbmnoticias.com\/vamos-por-mas-salomon-jara-realiza-acciones-que-fortalecen-la-educacion-de-la-sierra-de-flores-magon\/#primaryimage"},"thumbnailUrl":"https:\/\/www.bbmnoticias.com\/labravaradiofm\/wp-content\/uploads\/sites\/5\/2025\/12\/thumbnail_\u00a1Vamos-por-mas-Salomon-Jara-realiza-acciones-que-fortalecen-la-educacion-de-la-Sierra-de-Flores-Magon-4.jpg","articleSection":["LOCAL"],"inLanguage":"es"},{"@type":"WebPage","@id":"https:\/\/www.bbmnoticias.com\/labravaradiofm\/2025\/12\/04\/vamos-por-mas-salomon-jara-realiza-acciones-que-fortalecen-la-educacion-de-la-sierra-de-flores-magon\/","url":"https:\/\/www.bbmnoticias.com\/vamos-por-mas-salomon-jara-realiza-acciones-que-fortalecen-la-educacion-de-la-sierra-de-flores-magon\/","name":"\u00a1Vamos por m\u00e1s!, Salom\u00f3n Jara realiza acciones que fortalecen la educaci\u00f3n de la Sierra de Flores Mag\u00f3n - LA BRAVA RADIO","isPartOf":{"@id":"https:\/\/www.bbmnoticias.com\/labravaradiofm\/#website"},"primaryImageOfPage":{"@id":"https:\/\/www.bbmnoticias.com\/vamos-por-mas-salomon-jara-realiza-acciones-que-fortalecen-la-educacion-de-la-sierra-de-flores-magon\/#primaryimage"},"image":{"@id":"https:\/\/www.bbmnoticias.com\/vamos-por-mas-salomon-jara-realiza-acciones-que-fortalecen-la-educacion-de-la-sierra-de-flores-magon\/#primaryimage"},"thumbnailUrl":"https:\/\/www.bbmnoticias.com\/labravaradiofm\/wp-content\/uploads\/sites\/5\/2025\/12\/thumbnail_\u00a1Vamos-por-mas-Salomon-Jara-realiza-acciones-que-fortalecen-la-educacion-de-la-Sierra-de-Flores-Magon-4.jpg","datePublished":"2025-12-04T23:28:30+00:00","dateModified":"2025-12-04T23:28:33+00:00","author":{"@id":"https:\/\/www.bbmnoticias.com\/labravaradiofm\/#\/schema\/person\/68a9e9036ef3c5b55aeb2b71dc8bab45"},"breadcrumb":{"@id":"https:\/\/www.bbmnoticias.com\/vamos-por-mas-salomon-jara-realiza-acciones-que-fortalecen-la-educacion-de-la-sierra-de-flores-magon\/#breadcrumb"},"inLanguage":"es","potentialAction":[{"@type":"ReadAction","target":["https:\/\/www.bbmnoticias.com\/vamos-por-mas-salomon-jara-realiza-acciones-que-fortalecen-la-educacion-de-la-sierra-de-flores-magon\/"]}]},{"@type":"ImageObject","inLanguage":"es","@id":"https:\/\/www.bbmnoticias.com\/vamos-por-mas-salomon-jara-realiza-acciones-que-fortalecen-la-educacion-de-la-sierra-de-flores-magon\/#primaryimage","url":"https:\/\/www.bbmnoticias.com\/labravaradiofm\/wp-content\/uploads\/sites\/5\/2025\/12\/thumbnail_\u00a1Vamos-por-mas-Salomon-Jara-realiza-acciones-que-fortalecen-la-educacion-de-la-Sierra-de-Flores-Magon-4.jpg","contentUrl":"https:\/\/www.bbmnoticias.com\/labravaradiofm\/wp-content\/uploads\/sites\/5\/2025\/12\/thumbnail_\u00a1Vamos-por-mas-Salomon-Jara-realiza-acciones-que-fortalecen-la-educacion-de-la-Sierra-de-Flores-Magon-4.jpg","width":932,"height":605},{"@type":"BreadcrumbList","@id":"https:\/\/www.bbmnoticias.com\/vamos-por-mas-salomon-jara-realiza-acciones-que-fortalecen-la-educacion-de-la-sierra-de-flores-magon\/#breadcrumb","itemListElement":[{"@type":"ListItem","position":1,"name":"Inicio","item":"https:\/\/www.bbmnoticias.com\/labravaradiofm\/"},{"@type":"ListItem","position":2,"name":"\u00a1Vamos por m\u00e1s!, Salom\u00f3n Jara realiza acciones que fortalecen la educaci\u00f3n de la Sierra de Flores Mag\u00f3n"}]},{"@type":"WebSite","@id":"https:\/\/www.bbmnoticias.com\/labravaradiofm\/#website","url":"https:\/\/www.bbmnoticias.com\/labravaradiofm\/","name":"LA BRAVA RADIO","description":"Empresa productora de medios, Radiodifusi\u00f3n, Noticias, tendencias y todo lo que necesitas saber de la pol\u00edtica mexicana e internacional; entretenimiento, espect\u00e1culos, salud y mucho m\u00e1s.","potentialAction":[{"@type":"SearchAction","target":{"@type":"EntryPoint","urlTemplate":"https:\/\/www.bbmnoticias.com\/labravaradiofm\/?s={search_term_string}"},"query-input":{"@type":"PropertyValueSpecification","valueRequired":true,"valueName":"search_term_string"}}],"inLanguage":"es"},{"@type":"Person","@id":"https:\/\/www.bbmnoticias.com\/labravaradiofm\/#\/schema\/person\/68a9e9036ef3c5b55aeb2b71dc8bab45","name":"Staff","image":{"@type":"ImageObject","inLanguage":"es","@id":"https:\/\/secure.gravatar.com\/avatar\/fdd21ad66fd8b98c407f9dee5b5e588cfe7f0d8579ec20fa6527cd59bab7f0f0?s=96&d=mm&r=g","url":"https:\/\/secure.gravatar.com\/avatar\/fdd21ad66fd8b98c407f9dee5b5e588cfe7f0d8579ec20fa6527cd59bab7f0f0?s=96&d=mm&r=g","contentUrl":"https:\/\/secure.gravatar.com\/avatar\/fdd21ad66fd8b98c407f9dee5b5e588cfe7f0d8579ec20fa6527cd59bab7f0f0?s=96&d=mm&r=g","caption":"Staff"},"url":"https:\/\/www.bbmnoticias.com\/labravaradiofm\/author\/redaccion\/"}]}},"_links":{"self":[{"href":"https:\/\/www.bbmnoticias.com\/labravaradiofm\/wp-json\/wp\/v2\/posts\/70843","targetHints":{"allow":["GET"]}}],"collection":[{"href":"https:\/\/www.bbmnoticias.com\/labravaradiofm\/wp-json\/wp\/v2\/posts"}],"about":[{"href":"https:\/\/www.bbmnoticias.com\/labravaradiofm\/wp-json\/wp\/v2\/types\/post"}],"author":[{"embeddable":true,"href":"https:\/\/www.bbmnoticias.com\/labravaradiofm\/wp-json\/wp\/v2\/users\/2"}],"replies":[{"embeddable":true,"href":"https:\/\/www.bbmnoticias.com\/labravaradiofm\/wp-json\/wp\/v2\/comments?post=70843"}],"version-history":[{"count":0,"href":"https:\/\/www.bbmnoticias.com\/labravaradiofm\/wp-json\/wp\/v2\/posts\/70843\/revisions"}],"wp:featuredmedia":[{"embeddable":true,"href":"https:\/\/www.bbmnoticias.com\/labravaradiofm\/wp-json\/wp\/v2\/media\/70845"}],"wp:attachment":[{"href":"https:\/\/www.bbmnoticias.com\/labravaradiofm\/wp-json\/wp\/v2\/media?parent=70843"}],"wp:term":[{"taxonomy":"category","embeddable":true,"href":"https:\/\/www.bbmnoticias.com\/labravaradiofm\/wp-json\/wp\/v2\/categories?post=70843"},{"taxonomy":"post_tag","embeddable":true,"href":"https:\/\/www.bbmnoticias.com\/labravaradiofm\/wp-json\/wp\/v2\/tags?post=70843"}],"curies":[{"name":"wp","href":"https:\/\/api.w.org\/{rel}","templated":true}]}}