{"id":70837,"date":"2025-12-04T15:41:43","date_gmt":"2025-12-04T21:41:43","guid":{"rendered":"https:\/\/www.bbmnoticias.com\/labravaradiofm\/2025\/12\/04\/congreso-local-fortalece-la-libertad-de-conciencia-con-el-foro-por-el-reconocimiento-de-la-libertad-religiosa-como-derecho-fundamental\/"},"modified":"2025-12-04T15:42:12","modified_gmt":"2025-12-04T21:42:12","slug":"congreso-local-fortalece-la-libertad-de-conciencia-con-el-foro-por-el-reconocimiento-de-la-libertad-religiosa-como-derecho-fundamental","status":"publish","type":"post","link":"https:\/\/www.bbmnoticias.com\/labravaradiofm\/2025\/12\/04\/congreso-local-fortalece-la-libertad-de-conciencia-con-el-foro-por-el-reconocimiento-de-la-libertad-religiosa-como-derecho-fundamental\/","title":{"rendered":"Congreso local fortalece la libertad de conciencia con el \u201cForo por el Reconocimiento de la Libertad Religiosa como Derecho Fundamental\u201d"},"content":{"rendered":"<div style=\"margin-top: 0px; margin-bottom: 0px;\" class=\"sharethis-inline-share-buttons\" ><\/div>\n<p>San Raymundo Jalpan, Oax.- Con el prop\u00f3sito de reflexionar, analizar y construir propuestas que fortalezcan los derechos humanos en la entidad, el Congreso del Estado, a trav\u00e9s de la Comisi\u00f3n Permanente de Mujeres e Igualdad de G\u00e9nero, llev\u00f3 a cabo el \u201cForo por el Reconocimiento de la Libertad Religiosa como Derecho Fundamental\u201d.<\/p>\n\n\n\n<p>En esta actividad, impulsada por la legisladora Dennis Garc\u00eda Guti\u00e9rrez, presidenta de la comisi\u00f3n antes mencionada, se realiz\u00f3 en el marco del \u201cD\u00eda Estatal de la Libertad Religiosa\u201d que se conmemora cada 04 de diciembre, en la que participaron autoridades civiles, religiosas y sociedad civil.<\/p>\n\n\n\n<p>Durante su intervenci\u00f3n, la presidenta de la Mesa Directiva, diputada Eva Diego Cruz, destac\u00f3 la importancia de consolidar un marco jur\u00eddico que garantice el ejercicio pleno de la libertad de conciencia en un estado pluricultural. Subray\u00f3 que, \u201cpese a los avances normativos, persisten retos derivados de la diversidad comunitaria, donde esta libertad contin\u00faa siendo motivo de conflictos\u201d, por ello, llam\u00f3 a sumar esfuerzos institucionales y ciudadanos para construir una convivencia basada en el respeto, la tolerancia y la igualdad.<\/p>\n\n\n\n<p>La titular de la Defensor\u00eda de los Derechos Humanos del Pueblo de Oaxaca (DDHPO), Mtra. Elizabeth Lara Rodr\u00edguez, enfatiz\u00f3 que la libertad religiosa es esencial para garantizar la dignidad humana, por lo que es necesario que este d\u00eda sirva como un ejercicio de reflexi\u00f3n para enviar un mensaje claro, \u201cen la entidad ninguna persona debe ser discriminada por sus creencias\u201d.<\/p>\n\n\n\n<p>En su participaci\u00f3n, el director de Asuntos Religiosos de la Secretar\u00eda de Gobierno, Edwin Mart\u00ednez Esp\u00edndola, resalt\u00f3 que este derecho es un pilar democr\u00e1tico que exige condiciones reales para el desarrollo pac\u00edfico de todas las expresiones de fe. Afirm\u00f3 que la colaboraci\u00f3n respetuosa entre instituciones y asociaciones religiosas es indispensable para fortalecer la convivencia social.<\/p>\n\n\n\n<p>Por su parte, el coordinador estatal de Iniciativa Ciudadana, Juan Antonio Hern\u00e1ndez Ram\u00edrez, record\u00f3 que la neutralidad gubernamental es indispensable para proteger la libertad de conciencia, y que los recientes avances legislativos representan un paso importante, aunque a\u00fan persisten desaf\u00edos para erradicar pr\u00e1cticas de intolerancia en el estado.<\/p>\n\n\n\n<p>Al cierre, la diputada Garc\u00eda Guti\u00e9rrez reafirm\u00f3 su compromiso de trabajar desde el Congreso en la revisi\u00f3n y fortalecimiento del marco normativo que garantice plenamente este derecho en Oaxaca y reiter\u00f3 que el establecimiento del \u201cD\u00eda Estatal de la Libertad Religiosa\u201d representa un avance significativo en la visibilizaci\u00f3n de un tema hist\u00f3ricamente relegado.<\/p>\n\n\n\n<p>Durante la ponencia el especialista Cristian Badillo Guti\u00e9rrez expuso los antecedentes y las actuales problem\u00e1ticas relacionadas con la libertad religiosa en comunidades ind\u00edgenas, destacando la necesidad de impulsar mecanismos de di\u00e1logo, mediaci\u00f3n y respeto intercultural para prevenir conflictos que vulneran derechos humanos fundamentales.<\/p>\n\n\n\n<p>Tambi\u00e9n abord\u00f3 el marco legal nacional y los desaf\u00edos globales, subrayando que la Constituci\u00f3n protege la libertad de conciencia y religi\u00f3 mediante la prohibici\u00f3n de cualquier forma de discriminaci\u00f3n.<\/p>\n\n\n\n<p>El evento cont\u00f3 con la participaci\u00f3n de los legisladores Isaac L\u00f3pez L\u00f3pez y C\u00e9sar David Mateos Ben\u00edtez.<\/p>\n","protected":false},"excerpt":{"rendered":"<p>San Raymundo Jalpan, Oax.- Con el prop\u00f3sito de reflexionar, analizar y construir propuestas que fortalezcan los derechos humanos en la entidad, el Congreso del Estado, a trav\u00e9s de la Comisi\u00f3n Permanente de Mujeres e Igualdad de G\u00e9nero, llev\u00f3 a cabo el \u201cForo por el Reconocimiento de la Libertad Religiosa como Derecho Fundamental\u201d. En esta actividad, [&hellip;]<\/p>\n","protected":false},"author":2,"featured_media":70839,"comment_status":"closed","ping_status":"","sticky":false,"template":"","format":"standard","meta":{"footnotes":""},"categories":[2],"tags":[],"class_list":{"0":"post-70837","1":"post","2":"type-post","3":"status-publish","4":"format-standard","5":"has-post-thumbnail","7":"category-oaxaca"},"yoast_head":"<!-- This site is optimized with the Yoast SEO plugin v27.4 - https:\/\/yoast.com\/product\/yoast-seo-wordpress\/ -->\n<title>Congreso local fortalece la libertad de conciencia con el \u201cForo por el Reconocimiento de la Libertad Religiosa como Derecho Fundamental\u201d - LA BRAVA RADIO<\/title>\n<meta name=\"robots\" content=\"index, follow, max-snippet:-1, max-image-preview:large, max-video-preview:-1\" \/>\n<link rel=\"canonical\" href=\"https:\/\/www.bbmnoticias.com\/congreso-local-fortalece-la-libertad-de-conciencia-con-el-foro-por-el-reconocimiento-de-la-libertad-religiosa-como-derecho-fundamental\/\" \/>\n<meta property=\"og:locale\" content=\"es_MX\" \/>\n<meta property=\"og:type\" content=\"article\" \/>\n<meta property=\"og:title\" content=\"Congreso local fortalece la libertad de conciencia con el \u201cForo por el Reconocimiento de la Libertad Religiosa como Derecho Fundamental\u201d - LA BRAVA RADIO\" \/>\n<meta property=\"og:description\" content=\"San Raymundo Jalpan, Oax.- Con el prop\u00f3sito de reflexionar, analizar y construir propuestas que fortalezcan los derechos humanos en la entidad, el Congreso del Estado, a trav\u00e9s de la Comisi\u00f3n Permanente de Mujeres e Igualdad de G\u00e9nero, llev\u00f3 a cabo el \u201cForo por el Reconocimiento de la Libertad Religiosa como Derecho Fundamental\u201d. En esta actividad, [&hellip;]\" \/>\n<meta property=\"og:url\" content=\"https:\/\/www.bbmnoticias.com\/congreso-local-fortalece-la-libertad-de-conciencia-con-el-foro-por-el-reconocimiento-de-la-libertad-religiosa-como-derecho-fundamental\/\" \/>\n<meta property=\"og:site_name\" content=\"LA BRAVA RADIO\" \/>\n<meta property=\"article:published_time\" content=\"2025-12-04T21:41:43+00:00\" \/>\n<meta property=\"article:modified_time\" content=\"2025-12-04T21:42:12+00:00\" \/>\n<meta property=\"og:image\" content=\"https:\/\/www.bbmnoticias.com\/labravaradiofm\/wp-content\/uploads\/sites\/5\/2025\/12\/camara_diputados.jpg\" \/>\n\t<meta property=\"og:image:width\" content=\"800\" \/>\n\t<meta property=\"og:image:height\" content=\"528\" \/>\n\t<meta property=\"og:image:type\" content=\"image\/jpeg\" \/>\n<meta name=\"author\" content=\"Staff\" \/>\n<meta name=\"twitter:card\" content=\"summary_large_image\" \/>\n<meta name=\"twitter:label1\" content=\"Escrito por\" \/>\n\t<meta name=\"twitter:data1\" content=\"Staff\" \/>\n\t<meta name=\"twitter:label2\" content=\"Tiempo de lectura\" \/>\n\t<meta name=\"twitter:data2\" content=\"3 minutos\" \/>\n<script type=\"application\/ld+json\" class=\"yoast-schema-graph\">{\"@context\":\"https:\\\/\\\/schema.org\",\"@graph\":[{\"@type\":\"Article\",\"@id\":\"https:\\\/\\\/www.bbmnoticias.com\\\/congreso-local-fortalece-la-libertad-de-conciencia-con-el-foro-por-el-reconocimiento-de-la-libertad-religiosa-como-derecho-fundamental\\\/#article\",\"isPartOf\":{\"@id\":\"https:\\\/\\\/www.bbmnoticias.com\\\/labravaradiofm\\\/2025\\\/12\\\/04\\\/congreso-local-fortalece-la-libertad-de-conciencia-con-el-foro-por-el-reconocimiento-de-la-libertad-religiosa-como-derecho-fundamental\\\/\"},\"author\":{\"name\":\"Staff\",\"@id\":\"https:\\\/\\\/www.bbmnoticias.com\\\/labravaradiofm\\\/#\\\/schema\\\/person\\\/68a9e9036ef3c5b55aeb2b71dc8bab45\"},\"headline\":\"Congreso local fortalece la libertad de conciencia con el \u201cForo por el Reconocimiento de la Libertad Religiosa como Derecho Fundamental\u201d\",\"datePublished\":\"2025-12-04T21:41:43+00:00\",\"dateModified\":\"2025-12-04T21:42:12+00:00\",\"mainEntityOfPage\":{\"@id\":\"https:\\\/\\\/www.bbmnoticias.com\\\/labravaradiofm\\\/2025\\\/12\\\/04\\\/congreso-local-fortalece-la-libertad-de-conciencia-con-el-foro-por-el-reconocimiento-de-la-libertad-religiosa-como-derecho-fundamental\\\/\"},\"wordCount\":549,\"image\":{\"@id\":\"https:\\\/\\\/www.bbmnoticias.com\\\/congreso-local-fortalece-la-libertad-de-conciencia-con-el-foro-por-el-reconocimiento-de-la-libertad-religiosa-como-derecho-fundamental\\\/#primaryimage\"},\"thumbnailUrl\":\"https:\\\/\\\/www.bbmnoticias.com\\\/labravaradiofm\\\/wp-content\\\/uploads\\\/sites\\\/5\\\/2025\\\/12\\\/camara_diputados.jpg\",\"articleSection\":[\"LOCAL\"],\"inLanguage\":\"es\"},{\"@type\":\"WebPage\",\"@id\":\"https:\\\/\\\/www.bbmnoticias.com\\\/labravaradiofm\\\/2025\\\/12\\\/04\\\/congreso-local-fortalece-la-libertad-de-conciencia-con-el-foro-por-el-reconocimiento-de-la-libertad-religiosa-como-derecho-fundamental\\\/\",\"url\":\"https:\\\/\\\/www.bbmnoticias.com\\\/congreso-local-fortalece-la-libertad-de-conciencia-con-el-foro-por-el-reconocimiento-de-la-libertad-religiosa-como-derecho-fundamental\\\/\",\"name\":\"Congreso local fortalece la libertad de conciencia con el \u201cForo por el Reconocimiento de la Libertad Religiosa como Derecho Fundamental\u201d - LA BRAVA RADIO\",\"isPartOf\":{\"@id\":\"https:\\\/\\\/www.bbmnoticias.com\\\/labravaradiofm\\\/#website\"},\"primaryImageOfPage\":{\"@id\":\"https:\\\/\\\/www.bbmnoticias.com\\\/congreso-local-fortalece-la-libertad-de-conciencia-con-el-foro-por-el-reconocimiento-de-la-libertad-religiosa-como-derecho-fundamental\\\/#primaryimage\"},\"image\":{\"@id\":\"https:\\\/\\\/www.bbmnoticias.com\\\/congreso-local-fortalece-la-libertad-de-conciencia-con-el-foro-por-el-reconocimiento-de-la-libertad-religiosa-como-derecho-fundamental\\\/#primaryimage\"},\"thumbnailUrl\":\"https:\\\/\\\/www.bbmnoticias.com\\\/labravaradiofm\\\/wp-content\\\/uploads\\\/sites\\\/5\\\/2025\\\/12\\\/camara_diputados.jpg\",\"datePublished\":\"2025-12-04T21:41:43+00:00\",\"dateModified\":\"2025-12-04T21:42:12+00:00\",\"author\":{\"@id\":\"https:\\\/\\\/www.bbmnoticias.com\\\/labravaradiofm\\\/#\\\/schema\\\/person\\\/68a9e9036ef3c5b55aeb2b71dc8bab45\"},\"breadcrumb\":{\"@id\":\"https:\\\/\\\/www.bbmnoticias.com\\\/congreso-local-fortalece-la-libertad-de-conciencia-con-el-foro-por-el-reconocimiento-de-la-libertad-religiosa-como-derecho-fundamental\\\/#breadcrumb\"},\"inLanguage\":\"es\",\"potentialAction\":[{\"@type\":\"ReadAction\",\"target\":[\"https:\\\/\\\/www.bbmnoticias.com\\\/congreso-local-fortalece-la-libertad-de-conciencia-con-el-foro-por-el-reconocimiento-de-la-libertad-religiosa-como-derecho-fundamental\\\/\"]}]},{\"@type\":\"ImageObject\",\"inLanguage\":\"es\",\"@id\":\"https:\\\/\\\/www.bbmnoticias.com\\\/congreso-local-fortalece-la-libertad-de-conciencia-con-el-foro-por-el-reconocimiento-de-la-libertad-religiosa-como-derecho-fundamental\\\/#primaryimage\",\"url\":\"https:\\\/\\\/www.bbmnoticias.com\\\/labravaradiofm\\\/wp-content\\\/uploads\\\/sites\\\/5\\\/2025\\\/12\\\/camara_diputados.jpg\",\"contentUrl\":\"https:\\\/\\\/www.bbmnoticias.com\\\/labravaradiofm\\\/wp-content\\\/uploads\\\/sites\\\/5\\\/2025\\\/12\\\/camara_diputados.jpg\",\"width\":800,\"height\":528},{\"@type\":\"BreadcrumbList\",\"@id\":\"https:\\\/\\\/www.bbmnoticias.com\\\/congreso-local-fortalece-la-libertad-de-conciencia-con-el-foro-por-el-reconocimiento-de-la-libertad-religiosa-como-derecho-fundamental\\\/#breadcrumb\",\"itemListElement\":[{\"@type\":\"ListItem\",\"position\":1,\"name\":\"Inicio\",\"item\":\"https:\\\/\\\/www.bbmnoticias.com\\\/labravaradiofm\\\/\"},{\"@type\":\"ListItem\",\"position\":2,\"name\":\"Congreso local fortalece la libertad de conciencia con el \u201cForo por el Reconocimiento de la Libertad Religiosa como Derecho Fundamental\u201d\"}]},{\"@type\":\"WebSite\",\"@id\":\"https:\\\/\\\/www.bbmnoticias.com\\\/labravaradiofm\\\/#website\",\"url\":\"https:\\\/\\\/www.bbmnoticias.com\\\/labravaradiofm\\\/\",\"name\":\"LA BRAVA RADIO\",\"description\":\"Empresa productora de medios, Radiodifusi\u00f3n, Noticias, tendencias y todo lo que necesitas saber de la pol\u00edtica mexicana e internacional; entretenimiento, espect\u00e1culos, salud y mucho m\u00e1s.\",\"potentialAction\":[{\"@type\":\"SearchAction\",\"target\":{\"@type\":\"EntryPoint\",\"urlTemplate\":\"https:\\\/\\\/www.bbmnoticias.com\\\/labravaradiofm\\\/?s={search_term_string}\"},\"query-input\":{\"@type\":\"PropertyValueSpecification\",\"valueRequired\":true,\"valueName\":\"search_term_string\"}}],\"inLanguage\":\"es\"},{\"@type\":\"Person\",\"@id\":\"https:\\\/\\\/www.bbmnoticias.com\\\/labravaradiofm\\\/#\\\/schema\\\/person\\\/68a9e9036ef3c5b55aeb2b71dc8bab45\",\"name\":\"Staff\",\"image\":{\"@type\":\"ImageObject\",\"inLanguage\":\"es\",\"@id\":\"https:\\\/\\\/secure.gravatar.com\\\/avatar\\\/fdd21ad66fd8b98c407f9dee5b5e588cfe7f0d8579ec20fa6527cd59bab7f0f0?s=96&d=mm&r=g\",\"url\":\"https:\\\/\\\/secure.gravatar.com\\\/avatar\\\/fdd21ad66fd8b98c407f9dee5b5e588cfe7f0d8579ec20fa6527cd59bab7f0f0?s=96&d=mm&r=g\",\"contentUrl\":\"https:\\\/\\\/secure.gravatar.com\\\/avatar\\\/fdd21ad66fd8b98c407f9dee5b5e588cfe7f0d8579ec20fa6527cd59bab7f0f0?s=96&d=mm&r=g\",\"caption\":\"Staff\"},\"url\":\"https:\\\/\\\/www.bbmnoticias.com\\\/labravaradiofm\\\/author\\\/redaccion\\\/\"}]}<\/script>\n<!-- \/ Yoast SEO plugin. -->","yoast_head_json":{"title":"Congreso local fortalece la libertad de conciencia con el \u201cForo por el Reconocimiento de la Libertad Religiosa como Derecho Fundamental\u201d - LA BRAVA RADIO","robots":{"index":"index","follow":"follow","max-snippet":"max-snippet:-1","max-image-preview":"max-image-preview:large","max-video-preview":"max-video-preview:-1"},"canonical":"https:\/\/www.bbmnoticias.com\/congreso-local-fortalece-la-libertad-de-conciencia-con-el-foro-por-el-reconocimiento-de-la-libertad-religiosa-como-derecho-fundamental\/","og_locale":"es_MX","og_type":"article","og_title":"Congreso local fortalece la libertad de conciencia con el \u201cForo por el Reconocimiento de la Libertad Religiosa como Derecho Fundamental\u201d - LA BRAVA RADIO","og_description":"San Raymundo Jalpan, Oax.- Con el prop\u00f3sito de reflexionar, analizar y construir propuestas que fortalezcan los derechos humanos en la entidad, el Congreso del Estado, a trav\u00e9s de la Comisi\u00f3n Permanente de Mujeres e Igualdad de G\u00e9nero, llev\u00f3 a cabo el \u201cForo por el Reconocimiento de la Libertad Religiosa como Derecho Fundamental\u201d. En esta actividad, [&hellip;]","og_url":"https:\/\/www.bbmnoticias.com\/congreso-local-fortalece-la-libertad-de-conciencia-con-el-foro-por-el-reconocimiento-de-la-libertad-religiosa-como-derecho-fundamental\/","og_site_name":"LA BRAVA RADIO","article_published_time":"2025-12-04T21:41:43+00:00","article_modified_time":"2025-12-04T21:42:12+00:00","og_image":[{"width":800,"height":528,"url":"https:\/\/www.bbmnoticias.com\/labravaradiofm\/wp-content\/uploads\/sites\/5\/2025\/12\/camara_diputados.jpg","type":"image\/jpeg"}],"author":"Staff","twitter_card":"summary_large_image","twitter_misc":{"Escrito por":"Staff","Tiempo de lectura":"3 minutos"},"schema":{"@context":"https:\/\/schema.org","@graph":[{"@type":"Article","@id":"https:\/\/www.bbmnoticias.com\/congreso-local-fortalece-la-libertad-de-conciencia-con-el-foro-por-el-reconocimiento-de-la-libertad-religiosa-como-derecho-fundamental\/#article","isPartOf":{"@id":"https:\/\/www.bbmnoticias.com\/labravaradiofm\/2025\/12\/04\/congreso-local-fortalece-la-libertad-de-conciencia-con-el-foro-por-el-reconocimiento-de-la-libertad-religiosa-como-derecho-fundamental\/"},"author":{"name":"Staff","@id":"https:\/\/www.bbmnoticias.com\/labravaradiofm\/#\/schema\/person\/68a9e9036ef3c5b55aeb2b71dc8bab45"},"headline":"Congreso local fortalece la libertad de conciencia con el \u201cForo por el Reconocimiento de la Libertad Religiosa como Derecho Fundamental\u201d","datePublished":"2025-12-04T21:41:43+00:00","dateModified":"2025-12-04T21:42:12+00:00","mainEntityOfPage":{"@id":"https:\/\/www.bbmnoticias.com\/labravaradiofm\/2025\/12\/04\/congreso-local-fortalece-la-libertad-de-conciencia-con-el-foro-por-el-reconocimiento-de-la-libertad-religiosa-como-derecho-fundamental\/"},"wordCount":549,"image":{"@id":"https:\/\/www.bbmnoticias.com\/congreso-local-fortalece-la-libertad-de-conciencia-con-el-foro-por-el-reconocimiento-de-la-libertad-religiosa-como-derecho-fundamental\/#primaryimage"},"thumbnailUrl":"https:\/\/www.bbmnoticias.com\/labravaradiofm\/wp-content\/uploads\/sites\/5\/2025\/12\/camara_diputados.jpg","articleSection":["LOCAL"],"inLanguage":"es"},{"@type":"WebPage","@id":"https:\/\/www.bbmnoticias.com\/labravaradiofm\/2025\/12\/04\/congreso-local-fortalece-la-libertad-de-conciencia-con-el-foro-por-el-reconocimiento-de-la-libertad-religiosa-como-derecho-fundamental\/","url":"https:\/\/www.bbmnoticias.com\/congreso-local-fortalece-la-libertad-de-conciencia-con-el-foro-por-el-reconocimiento-de-la-libertad-religiosa-como-derecho-fundamental\/","name":"Congreso local fortalece la libertad de conciencia con el \u201cForo por el Reconocimiento de la Libertad Religiosa como Derecho Fundamental\u201d - LA BRAVA RADIO","isPartOf":{"@id":"https:\/\/www.bbmnoticias.com\/labravaradiofm\/#website"},"primaryImageOfPage":{"@id":"https:\/\/www.bbmnoticias.com\/congreso-local-fortalece-la-libertad-de-conciencia-con-el-foro-por-el-reconocimiento-de-la-libertad-religiosa-como-derecho-fundamental\/#primaryimage"},"image":{"@id":"https:\/\/www.bbmnoticias.com\/congreso-local-fortalece-la-libertad-de-conciencia-con-el-foro-por-el-reconocimiento-de-la-libertad-religiosa-como-derecho-fundamental\/#primaryimage"},"thumbnailUrl":"https:\/\/www.bbmnoticias.com\/labravaradiofm\/wp-content\/uploads\/sites\/5\/2025\/12\/camara_diputados.jpg","datePublished":"2025-12-04T21:41:43+00:00","dateModified":"2025-12-04T21:42:12+00:00","author":{"@id":"https:\/\/www.bbmnoticias.com\/labravaradiofm\/#\/schema\/person\/68a9e9036ef3c5b55aeb2b71dc8bab45"},"breadcrumb":{"@id":"https:\/\/www.bbmnoticias.com\/congreso-local-fortalece-la-libertad-de-conciencia-con-el-foro-por-el-reconocimiento-de-la-libertad-religiosa-como-derecho-fundamental\/#breadcrumb"},"inLanguage":"es","potentialAction":[{"@type":"ReadAction","target":["https:\/\/www.bbmnoticias.com\/congreso-local-fortalece-la-libertad-de-conciencia-con-el-foro-por-el-reconocimiento-de-la-libertad-religiosa-como-derecho-fundamental\/"]}]},{"@type":"ImageObject","inLanguage":"es","@id":"https:\/\/www.bbmnoticias.com\/congreso-local-fortalece-la-libertad-de-conciencia-con-el-foro-por-el-reconocimiento-de-la-libertad-religiosa-como-derecho-fundamental\/#primaryimage","url":"https:\/\/www.bbmnoticias.com\/labravaradiofm\/wp-content\/uploads\/sites\/5\/2025\/12\/camara_diputados.jpg","contentUrl":"https:\/\/www.bbmnoticias.com\/labravaradiofm\/wp-content\/uploads\/sites\/5\/2025\/12\/camara_diputados.jpg","width":800,"height":528},{"@type":"BreadcrumbList","@id":"https:\/\/www.bbmnoticias.com\/congreso-local-fortalece-la-libertad-de-conciencia-con-el-foro-por-el-reconocimiento-de-la-libertad-religiosa-como-derecho-fundamental\/#breadcrumb","itemListElement":[{"@type":"ListItem","position":1,"name":"Inicio","item":"https:\/\/www.bbmnoticias.com\/labravaradiofm\/"},{"@type":"ListItem","position":2,"name":"Congreso local fortalece la libertad de conciencia con el \u201cForo por el Reconocimiento de la Libertad Religiosa como Derecho Fundamental\u201d"}]},{"@type":"WebSite","@id":"https:\/\/www.bbmnoticias.com\/labravaradiofm\/#website","url":"https:\/\/www.bbmnoticias.com\/labravaradiofm\/","name":"LA BRAVA RADIO","description":"Empresa productora de medios, Radiodifusi\u00f3n, Noticias, tendencias y todo lo que necesitas saber de la pol\u00edtica mexicana e internacional; entretenimiento, espect\u00e1culos, salud y mucho m\u00e1s.","potentialAction":[{"@type":"SearchAction","target":{"@type":"EntryPoint","urlTemplate":"https:\/\/www.bbmnoticias.com\/labravaradiofm\/?s={search_term_string}"},"query-input":{"@type":"PropertyValueSpecification","valueRequired":true,"valueName":"search_term_string"}}],"inLanguage":"es"},{"@type":"Person","@id":"https:\/\/www.bbmnoticias.com\/labravaradiofm\/#\/schema\/person\/68a9e9036ef3c5b55aeb2b71dc8bab45","name":"Staff","image":{"@type":"ImageObject","inLanguage":"es","@id":"https:\/\/secure.gravatar.com\/avatar\/fdd21ad66fd8b98c407f9dee5b5e588cfe7f0d8579ec20fa6527cd59bab7f0f0?s=96&d=mm&r=g","url":"https:\/\/secure.gravatar.com\/avatar\/fdd21ad66fd8b98c407f9dee5b5e588cfe7f0d8579ec20fa6527cd59bab7f0f0?s=96&d=mm&r=g","contentUrl":"https:\/\/secure.gravatar.com\/avatar\/fdd21ad66fd8b98c407f9dee5b5e588cfe7f0d8579ec20fa6527cd59bab7f0f0?s=96&d=mm&r=g","caption":"Staff"},"url":"https:\/\/www.bbmnoticias.com\/labravaradiofm\/author\/redaccion\/"}]}},"_links":{"self":[{"href":"https:\/\/www.bbmnoticias.com\/labravaradiofm\/wp-json\/wp\/v2\/posts\/70837","targetHints":{"allow":["GET"]}}],"collection":[{"href":"https:\/\/www.bbmnoticias.com\/labravaradiofm\/wp-json\/wp\/v2\/posts"}],"about":[{"href":"https:\/\/www.bbmnoticias.com\/labravaradiofm\/wp-json\/wp\/v2\/types\/post"}],"author":[{"embeddable":true,"href":"https:\/\/www.bbmnoticias.com\/labravaradiofm\/wp-json\/wp\/v2\/users\/2"}],"replies":[{"embeddable":true,"href":"https:\/\/www.bbmnoticias.com\/labravaradiofm\/wp-json\/wp\/v2\/comments?post=70837"}],"version-history":[{"count":0,"href":"https:\/\/www.bbmnoticias.com\/labravaradiofm\/wp-json\/wp\/v2\/posts\/70837\/revisions"}],"wp:featuredmedia":[{"embeddable":true,"href":"https:\/\/www.bbmnoticias.com\/labravaradiofm\/wp-json\/wp\/v2\/media\/70839"}],"wp:attachment":[{"href":"https:\/\/www.bbmnoticias.com\/labravaradiofm\/wp-json\/wp\/v2\/media?parent=70837"}],"wp:term":[{"taxonomy":"category","embeddable":true,"href":"https:\/\/www.bbmnoticias.com\/labravaradiofm\/wp-json\/wp\/v2\/categories?post=70837"},{"taxonomy":"post_tag","embeddable":true,"href":"https:\/\/www.bbmnoticias.com\/labravaradiofm\/wp-json\/wp\/v2\/tags?post=70837"}],"curies":[{"name":"wp","href":"https:\/\/api.w.org\/{rel}","templated":true}]}}