{"id":70834,"date":"2025-12-04T14:43:00","date_gmt":"2025-12-04T20:43:00","guid":{"rendered":"https:\/\/www.bbmnoticias.com\/labravaradiofm\/2025\/12\/04\/latidos-vecinales-llega-a-san-martin-mexicapam-y-manuel-avila-camacho\/"},"modified":"2025-12-04T15:25:18","modified_gmt":"2025-12-04T21:25:18","slug":"latidos-vecinales-llega-a-san-martin-mexicapam-y-manuel-avila-camacho","status":"publish","type":"post","link":"https:\/\/www.bbmnoticias.com\/labravaradiofm\/2025\/12\/04\/latidos-vecinales-llega-a-san-martin-mexicapam-y-manuel-avila-camacho\/","title":{"rendered":"Latidos Vecinales llega a San Mart\u00edn Mexicapam y Manuel \u00c1vila Camacho"},"content":{"rendered":"<div style=\"margin-top: 0px; margin-bottom: 0px;\" class=\"sharethis-inline-share-buttons\" ><\/div>\n<p>Oaxaca de Ju\u00e1rez, Oax.- El Municipio de Oaxaca de Ju\u00e1rez invita a las vecinas y los vecinos a participar en las pr\u00f3ximas jornadas de Latidos Vecinales, una estrategia que impulsa espacios seguros, actividades educativas y acciones de prevenci\u00f3n dirigidas a la ni\u00f1ez y adolescencia de la capital.<\/p>\n\n\n\n<p>Durante este fin de semana, San Mart\u00edn Mexicapam y la colonia Manuel \u00c1vila Camacho ser\u00e1n sede de talleres, din\u00e1micas recreativas, juegos de prevenci\u00f3n, fomento a la lectura, fortalecimiento de valores y m\u00f3dulos informativos que se llevar\u00e1n a cabo con la participaci\u00f3n de diversas \u00e1reas municipales.<\/p>\n\n\n\n<p>Las actividades se desarrollar\u00e1n en tres fechas. El viernes 5 de diciembre, en San Mart\u00edn Mexicapam, de 17:00 a 19:00 horas, en la Calle Cuixtla 127, Colonia Estado de Oaxaca. El s\u00e1bado 6 de diciembre, en la Colonia Manuel \u00c1vila Camacho, de 9:00 a 11:00 horas, en la Calle Guadalupe Victoria 308A. Finalmente, el domingo 7 de diciembre, nuevamente en San Mart\u00edn Mexicapam, de 9:00 a 11:00 horas, en la Calle Sierra 146, Colonia Primavera.<\/p>\n\n\n\n<p>Cada jornada incluir\u00e1 talleres de pintura y lectura, actividades culturales, din\u00e1micas de valores, juegos preventivos, activaci\u00f3n f\u00edsica, separaci\u00f3n de residuos, ejercicios de convivencia segura, m\u00f3dulos de atenci\u00f3n a negocios establecidos e inscripci\u00f3n a Farmacias Bienestar, as\u00ed como herramientas para fortalecer la comunicaci\u00f3n, el autocuidado y el desarrollo integral de ni\u00f1as, ni\u00f1os y adolescentes.<\/p>\n\n\n\n<p>Latidos Vecinales reafirma el compromiso de construir una Ciudad Limpia y Segura, generando entornos protectores y espacios de participaci\u00f3n para las familias de Oaxaca de Ju\u00e1rez.<\/p>\n\n\n\n<p>Se invita a toda la poblaci\u00f3n a sumarse y disfrutar de estas actividades de acceso gratuito.<\/p>\n","protected":false},"excerpt":{"rendered":"<p>Oaxaca de Ju\u00e1rez, Oax.- El Municipio de Oaxaca de Ju\u00e1rez invita a las vecinas y los vecinos a participar en las pr\u00f3ximas jornadas de Latidos Vecinales, una estrategia que impulsa espacios seguros, actividades educativas y acciones de prevenci\u00f3n dirigidas a la ni\u00f1ez y adolescencia de la capital. Durante este fin de semana, San Mart\u00edn Mexicapam [&hellip;]<\/p>\n","protected":false},"author":2,"featured_media":70836,"comment_status":"closed","ping_status":"","sticky":false,"template":"","format":"standard","meta":{"footnotes":""},"categories":[2],"tags":[],"class_list":{"0":"post-70834","1":"post","2":"type-post","3":"status-publish","4":"format-standard","5":"has-post-thumbnail","7":"category-oaxaca"},"yoast_head":"<!-- This site is optimized with the Yoast SEO plugin v27.4 - https:\/\/yoast.com\/product\/yoast-seo-wordpress\/ -->\n<title>Latidos Vecinales llega a San Mart\u00edn Mexicapam y Manuel \u00c1vila Camacho - LA BRAVA RADIO<\/title>\n<meta name=\"robots\" content=\"index, follow, max-snippet:-1, max-image-preview:large, max-video-preview:-1\" \/>\n<link rel=\"canonical\" href=\"https:\/\/www.bbmnoticias.com\/latidos-vecinales-llega-a-san-martin-mexicapam-y-manuel-avila-camacho\/\" \/>\n<meta property=\"og:locale\" content=\"es_MX\" \/>\n<meta property=\"og:type\" content=\"article\" \/>\n<meta property=\"og:title\" content=\"Latidos Vecinales llega a San Mart\u00edn Mexicapam y Manuel \u00c1vila Camacho - LA BRAVA RADIO\" \/>\n<meta property=\"og:description\" content=\"Oaxaca de Ju\u00e1rez, Oax.- El Municipio de Oaxaca de Ju\u00e1rez invita a las vecinas y los vecinos a participar en las pr\u00f3ximas jornadas de Latidos Vecinales, una estrategia que impulsa espacios seguros, actividades educativas y acciones de prevenci\u00f3n dirigidas a la ni\u00f1ez y adolescencia de la capital. Durante este fin de semana, San Mart\u00edn Mexicapam [&hellip;]\" \/>\n<meta property=\"og:url\" content=\"https:\/\/www.bbmnoticias.com\/latidos-vecinales-llega-a-san-martin-mexicapam-y-manuel-avila-camacho\/\" \/>\n<meta property=\"og:site_name\" content=\"LA BRAVA RADIO\" \/>\n<meta property=\"article:published_time\" content=\"2025-12-04T20:43:00+00:00\" \/>\n<meta property=\"article:modified_time\" content=\"2025-12-04T21:25:18+00:00\" \/>\n<meta property=\"og:image\" content=\"https:\/\/www.bbmnoticias.com\/labravaradiofm\/wp-content\/uploads\/sites\/5\/2025\/12\/latidos_vecinales.jpg\" \/>\n\t<meta property=\"og:image:width\" content=\"800\" \/>\n\t<meta property=\"og:image:height\" content=\"533\" \/>\n\t<meta property=\"og:image:type\" content=\"image\/jpeg\" \/>\n<meta name=\"author\" content=\"Staff\" \/>\n<meta name=\"twitter:card\" content=\"summary_large_image\" \/>\n<meta name=\"twitter:label1\" content=\"Escrito por\" \/>\n\t<meta name=\"twitter:data1\" content=\"Staff\" \/>\n\t<meta name=\"twitter:label2\" content=\"Tiempo de lectura\" \/>\n\t<meta name=\"twitter:data2\" content=\"1 minuto\" \/>\n<script type=\"application\/ld+json\" class=\"yoast-schema-graph\">{\"@context\":\"https:\\\/\\\/schema.org\",\"@graph\":[{\"@type\":\"Article\",\"@id\":\"https:\\\/\\\/www.bbmnoticias.com\\\/latidos-vecinales-llega-a-san-martin-mexicapam-y-manuel-avila-camacho\\\/#article\",\"isPartOf\":{\"@id\":\"https:\\\/\\\/www.bbmnoticias.com\\\/labravaradiofm\\\/2025\\\/12\\\/04\\\/latidos-vecinales-llega-a-san-martin-mexicapam-y-manuel-avila-camacho\\\/\"},\"author\":{\"name\":\"Staff\",\"@id\":\"https:\\\/\\\/www.bbmnoticias.com\\\/labravaradiofm\\\/#\\\/schema\\\/person\\\/68a9e9036ef3c5b55aeb2b71dc8bab45\"},\"headline\":\"Latidos Vecinales llega a San Mart\u00edn Mexicapam y Manuel \u00c1vila Camacho\",\"datePublished\":\"2025-12-04T20:43:00+00:00\",\"dateModified\":\"2025-12-04T21:25:18+00:00\",\"mainEntityOfPage\":{\"@id\":\"https:\\\/\\\/www.bbmnoticias.com\\\/labravaradiofm\\\/2025\\\/12\\\/04\\\/latidos-vecinales-llega-a-san-martin-mexicapam-y-manuel-avila-camacho\\\/\"},\"wordCount\":293,\"image\":{\"@id\":\"https:\\\/\\\/www.bbmnoticias.com\\\/latidos-vecinales-llega-a-san-martin-mexicapam-y-manuel-avila-camacho\\\/#primaryimage\"},\"thumbnailUrl\":\"https:\\\/\\\/www.bbmnoticias.com\\\/labravaradiofm\\\/wp-content\\\/uploads\\\/sites\\\/5\\\/2025\\\/12\\\/latidos_vecinales.jpg\",\"articleSection\":[\"LOCAL\"],\"inLanguage\":\"es\"},{\"@type\":\"WebPage\",\"@id\":\"https:\\\/\\\/www.bbmnoticias.com\\\/labravaradiofm\\\/2025\\\/12\\\/04\\\/latidos-vecinales-llega-a-san-martin-mexicapam-y-manuel-avila-camacho\\\/\",\"url\":\"https:\\\/\\\/www.bbmnoticias.com\\\/latidos-vecinales-llega-a-san-martin-mexicapam-y-manuel-avila-camacho\\\/\",\"name\":\"Latidos Vecinales llega a San Mart\u00edn Mexicapam y Manuel \u00c1vila Camacho - LA BRAVA RADIO\",\"isPartOf\":{\"@id\":\"https:\\\/\\\/www.bbmnoticias.com\\\/labravaradiofm\\\/#website\"},\"primaryImageOfPage\":{\"@id\":\"https:\\\/\\\/www.bbmnoticias.com\\\/latidos-vecinales-llega-a-san-martin-mexicapam-y-manuel-avila-camacho\\\/#primaryimage\"},\"image\":{\"@id\":\"https:\\\/\\\/www.bbmnoticias.com\\\/latidos-vecinales-llega-a-san-martin-mexicapam-y-manuel-avila-camacho\\\/#primaryimage\"},\"thumbnailUrl\":\"https:\\\/\\\/www.bbmnoticias.com\\\/labravaradiofm\\\/wp-content\\\/uploads\\\/sites\\\/5\\\/2025\\\/12\\\/latidos_vecinales.jpg\",\"datePublished\":\"2025-12-04T20:43:00+00:00\",\"dateModified\":\"2025-12-04T21:25:18+00:00\",\"author\":{\"@id\":\"https:\\\/\\\/www.bbmnoticias.com\\\/labravaradiofm\\\/#\\\/schema\\\/person\\\/68a9e9036ef3c5b55aeb2b71dc8bab45\"},\"breadcrumb\":{\"@id\":\"https:\\\/\\\/www.bbmnoticias.com\\\/latidos-vecinales-llega-a-san-martin-mexicapam-y-manuel-avila-camacho\\\/#breadcrumb\"},\"inLanguage\":\"es\",\"potentialAction\":[{\"@type\":\"ReadAction\",\"target\":[\"https:\\\/\\\/www.bbmnoticias.com\\\/latidos-vecinales-llega-a-san-martin-mexicapam-y-manuel-avila-camacho\\\/\"]}]},{\"@type\":\"ImageObject\",\"inLanguage\":\"es\",\"@id\":\"https:\\\/\\\/www.bbmnoticias.com\\\/latidos-vecinales-llega-a-san-martin-mexicapam-y-manuel-avila-camacho\\\/#primaryimage\",\"url\":\"https:\\\/\\\/www.bbmnoticias.com\\\/labravaradiofm\\\/wp-content\\\/uploads\\\/sites\\\/5\\\/2025\\\/12\\\/latidos_vecinales.jpg\",\"contentUrl\":\"https:\\\/\\\/www.bbmnoticias.com\\\/labravaradiofm\\\/wp-content\\\/uploads\\\/sites\\\/5\\\/2025\\\/12\\\/latidos_vecinales.jpg\",\"width\":800,\"height\":533},{\"@type\":\"BreadcrumbList\",\"@id\":\"https:\\\/\\\/www.bbmnoticias.com\\\/latidos-vecinales-llega-a-san-martin-mexicapam-y-manuel-avila-camacho\\\/#breadcrumb\",\"itemListElement\":[{\"@type\":\"ListItem\",\"position\":1,\"name\":\"Inicio\",\"item\":\"https:\\\/\\\/www.bbmnoticias.com\\\/labravaradiofm\\\/\"},{\"@type\":\"ListItem\",\"position\":2,\"name\":\"Latidos Vecinales llega a San Mart\u00edn Mexicapam y Manuel \u00c1vila Camacho\"}]},{\"@type\":\"WebSite\",\"@id\":\"https:\\\/\\\/www.bbmnoticias.com\\\/labravaradiofm\\\/#website\",\"url\":\"https:\\\/\\\/www.bbmnoticias.com\\\/labravaradiofm\\\/\",\"name\":\"LA BRAVA RADIO\",\"description\":\"Empresa productora de medios, Radiodifusi\u00f3n, Noticias, tendencias y todo lo que necesitas saber de la pol\u00edtica mexicana e internacional; entretenimiento, espect\u00e1culos, salud y mucho m\u00e1s.\",\"potentialAction\":[{\"@type\":\"SearchAction\",\"target\":{\"@type\":\"EntryPoint\",\"urlTemplate\":\"https:\\\/\\\/www.bbmnoticias.com\\\/labravaradiofm\\\/?s={search_term_string}\"},\"query-input\":{\"@type\":\"PropertyValueSpecification\",\"valueRequired\":true,\"valueName\":\"search_term_string\"}}],\"inLanguage\":\"es\"},{\"@type\":\"Person\",\"@id\":\"https:\\\/\\\/www.bbmnoticias.com\\\/labravaradiofm\\\/#\\\/schema\\\/person\\\/68a9e9036ef3c5b55aeb2b71dc8bab45\",\"name\":\"Staff\",\"image\":{\"@type\":\"ImageObject\",\"inLanguage\":\"es\",\"@id\":\"https:\\\/\\\/secure.gravatar.com\\\/avatar\\\/fdd21ad66fd8b98c407f9dee5b5e588cfe7f0d8579ec20fa6527cd59bab7f0f0?s=96&d=mm&r=g\",\"url\":\"https:\\\/\\\/secure.gravatar.com\\\/avatar\\\/fdd21ad66fd8b98c407f9dee5b5e588cfe7f0d8579ec20fa6527cd59bab7f0f0?s=96&d=mm&r=g\",\"contentUrl\":\"https:\\\/\\\/secure.gravatar.com\\\/avatar\\\/fdd21ad66fd8b98c407f9dee5b5e588cfe7f0d8579ec20fa6527cd59bab7f0f0?s=96&d=mm&r=g\",\"caption\":\"Staff\"},\"url\":\"https:\\\/\\\/www.bbmnoticias.com\\\/labravaradiofm\\\/author\\\/redaccion\\\/\"}]}<\/script>\n<!-- \/ Yoast SEO plugin. -->","yoast_head_json":{"title":"Latidos Vecinales llega a San Mart\u00edn Mexicapam y Manuel \u00c1vila Camacho - LA BRAVA RADIO","robots":{"index":"index","follow":"follow","max-snippet":"max-snippet:-1","max-image-preview":"max-image-preview:large","max-video-preview":"max-video-preview:-1"},"canonical":"https:\/\/www.bbmnoticias.com\/latidos-vecinales-llega-a-san-martin-mexicapam-y-manuel-avila-camacho\/","og_locale":"es_MX","og_type":"article","og_title":"Latidos Vecinales llega a San Mart\u00edn Mexicapam y Manuel \u00c1vila Camacho - LA BRAVA RADIO","og_description":"Oaxaca de Ju\u00e1rez, Oax.- El Municipio de Oaxaca de Ju\u00e1rez invita a las vecinas y los vecinos a participar en las pr\u00f3ximas jornadas de Latidos Vecinales, una estrategia que impulsa espacios seguros, actividades educativas y acciones de prevenci\u00f3n dirigidas a la ni\u00f1ez y adolescencia de la capital. Durante este fin de semana, San Mart\u00edn Mexicapam [&hellip;]","og_url":"https:\/\/www.bbmnoticias.com\/latidos-vecinales-llega-a-san-martin-mexicapam-y-manuel-avila-camacho\/","og_site_name":"LA BRAVA RADIO","article_published_time":"2025-12-04T20:43:00+00:00","article_modified_time":"2025-12-04T21:25:18+00:00","og_image":[{"width":800,"height":533,"url":"https:\/\/www.bbmnoticias.com\/labravaradiofm\/wp-content\/uploads\/sites\/5\/2025\/12\/latidos_vecinales.jpg","type":"image\/jpeg"}],"author":"Staff","twitter_card":"summary_large_image","twitter_misc":{"Escrito por":"Staff","Tiempo de lectura":"1 minuto"},"schema":{"@context":"https:\/\/schema.org","@graph":[{"@type":"Article","@id":"https:\/\/www.bbmnoticias.com\/latidos-vecinales-llega-a-san-martin-mexicapam-y-manuel-avila-camacho\/#article","isPartOf":{"@id":"https:\/\/www.bbmnoticias.com\/labravaradiofm\/2025\/12\/04\/latidos-vecinales-llega-a-san-martin-mexicapam-y-manuel-avila-camacho\/"},"author":{"name":"Staff","@id":"https:\/\/www.bbmnoticias.com\/labravaradiofm\/#\/schema\/person\/68a9e9036ef3c5b55aeb2b71dc8bab45"},"headline":"Latidos Vecinales llega a San Mart\u00edn Mexicapam y Manuel \u00c1vila Camacho","datePublished":"2025-12-04T20:43:00+00:00","dateModified":"2025-12-04T21:25:18+00:00","mainEntityOfPage":{"@id":"https:\/\/www.bbmnoticias.com\/labravaradiofm\/2025\/12\/04\/latidos-vecinales-llega-a-san-martin-mexicapam-y-manuel-avila-camacho\/"},"wordCount":293,"image":{"@id":"https:\/\/www.bbmnoticias.com\/latidos-vecinales-llega-a-san-martin-mexicapam-y-manuel-avila-camacho\/#primaryimage"},"thumbnailUrl":"https:\/\/www.bbmnoticias.com\/labravaradiofm\/wp-content\/uploads\/sites\/5\/2025\/12\/latidos_vecinales.jpg","articleSection":["LOCAL"],"inLanguage":"es"},{"@type":"WebPage","@id":"https:\/\/www.bbmnoticias.com\/labravaradiofm\/2025\/12\/04\/latidos-vecinales-llega-a-san-martin-mexicapam-y-manuel-avila-camacho\/","url":"https:\/\/www.bbmnoticias.com\/latidos-vecinales-llega-a-san-martin-mexicapam-y-manuel-avila-camacho\/","name":"Latidos Vecinales llega a San Mart\u00edn Mexicapam y Manuel \u00c1vila Camacho - LA BRAVA RADIO","isPartOf":{"@id":"https:\/\/www.bbmnoticias.com\/labravaradiofm\/#website"},"primaryImageOfPage":{"@id":"https:\/\/www.bbmnoticias.com\/latidos-vecinales-llega-a-san-martin-mexicapam-y-manuel-avila-camacho\/#primaryimage"},"image":{"@id":"https:\/\/www.bbmnoticias.com\/latidos-vecinales-llega-a-san-martin-mexicapam-y-manuel-avila-camacho\/#primaryimage"},"thumbnailUrl":"https:\/\/www.bbmnoticias.com\/labravaradiofm\/wp-content\/uploads\/sites\/5\/2025\/12\/latidos_vecinales.jpg","datePublished":"2025-12-04T20:43:00+00:00","dateModified":"2025-12-04T21:25:18+00:00","author":{"@id":"https:\/\/www.bbmnoticias.com\/labravaradiofm\/#\/schema\/person\/68a9e9036ef3c5b55aeb2b71dc8bab45"},"breadcrumb":{"@id":"https:\/\/www.bbmnoticias.com\/latidos-vecinales-llega-a-san-martin-mexicapam-y-manuel-avila-camacho\/#breadcrumb"},"inLanguage":"es","potentialAction":[{"@type":"ReadAction","target":["https:\/\/www.bbmnoticias.com\/latidos-vecinales-llega-a-san-martin-mexicapam-y-manuel-avila-camacho\/"]}]},{"@type":"ImageObject","inLanguage":"es","@id":"https:\/\/www.bbmnoticias.com\/latidos-vecinales-llega-a-san-martin-mexicapam-y-manuel-avila-camacho\/#primaryimage","url":"https:\/\/www.bbmnoticias.com\/labravaradiofm\/wp-content\/uploads\/sites\/5\/2025\/12\/latidos_vecinales.jpg","contentUrl":"https:\/\/www.bbmnoticias.com\/labravaradiofm\/wp-content\/uploads\/sites\/5\/2025\/12\/latidos_vecinales.jpg","width":800,"height":533},{"@type":"BreadcrumbList","@id":"https:\/\/www.bbmnoticias.com\/latidos-vecinales-llega-a-san-martin-mexicapam-y-manuel-avila-camacho\/#breadcrumb","itemListElement":[{"@type":"ListItem","position":1,"name":"Inicio","item":"https:\/\/www.bbmnoticias.com\/labravaradiofm\/"},{"@type":"ListItem","position":2,"name":"Latidos Vecinales llega a San Mart\u00edn Mexicapam y Manuel \u00c1vila Camacho"}]},{"@type":"WebSite","@id":"https:\/\/www.bbmnoticias.com\/labravaradiofm\/#website","url":"https:\/\/www.bbmnoticias.com\/labravaradiofm\/","name":"LA BRAVA RADIO","description":"Empresa productora de medios, Radiodifusi\u00f3n, Noticias, tendencias y todo lo que necesitas saber de la pol\u00edtica mexicana e internacional; entretenimiento, espect\u00e1culos, salud y mucho m\u00e1s.","potentialAction":[{"@type":"SearchAction","target":{"@type":"EntryPoint","urlTemplate":"https:\/\/www.bbmnoticias.com\/labravaradiofm\/?s={search_term_string}"},"query-input":{"@type":"PropertyValueSpecification","valueRequired":true,"valueName":"search_term_string"}}],"inLanguage":"es"},{"@type":"Person","@id":"https:\/\/www.bbmnoticias.com\/labravaradiofm\/#\/schema\/person\/68a9e9036ef3c5b55aeb2b71dc8bab45","name":"Staff","image":{"@type":"ImageObject","inLanguage":"es","@id":"https:\/\/secure.gravatar.com\/avatar\/fdd21ad66fd8b98c407f9dee5b5e588cfe7f0d8579ec20fa6527cd59bab7f0f0?s=96&d=mm&r=g","url":"https:\/\/secure.gravatar.com\/avatar\/fdd21ad66fd8b98c407f9dee5b5e588cfe7f0d8579ec20fa6527cd59bab7f0f0?s=96&d=mm&r=g","contentUrl":"https:\/\/secure.gravatar.com\/avatar\/fdd21ad66fd8b98c407f9dee5b5e588cfe7f0d8579ec20fa6527cd59bab7f0f0?s=96&d=mm&r=g","caption":"Staff"},"url":"https:\/\/www.bbmnoticias.com\/labravaradiofm\/author\/redaccion\/"}]}},"_links":{"self":[{"href":"https:\/\/www.bbmnoticias.com\/labravaradiofm\/wp-json\/wp\/v2\/posts\/70834","targetHints":{"allow":["GET"]}}],"collection":[{"href":"https:\/\/www.bbmnoticias.com\/labravaradiofm\/wp-json\/wp\/v2\/posts"}],"about":[{"href":"https:\/\/www.bbmnoticias.com\/labravaradiofm\/wp-json\/wp\/v2\/types\/post"}],"author":[{"embeddable":true,"href":"https:\/\/www.bbmnoticias.com\/labravaradiofm\/wp-json\/wp\/v2\/users\/2"}],"replies":[{"embeddable":true,"href":"https:\/\/www.bbmnoticias.com\/labravaradiofm\/wp-json\/wp\/v2\/comments?post=70834"}],"version-history":[{"count":0,"href":"https:\/\/www.bbmnoticias.com\/labravaradiofm\/wp-json\/wp\/v2\/posts\/70834\/revisions"}],"wp:featuredmedia":[{"embeddable":true,"href":"https:\/\/www.bbmnoticias.com\/labravaradiofm\/wp-json\/wp\/v2\/media\/70836"}],"wp:attachment":[{"href":"https:\/\/www.bbmnoticias.com\/labravaradiofm\/wp-json\/wp\/v2\/media?parent=70834"}],"wp:term":[{"taxonomy":"category","embeddable":true,"href":"https:\/\/www.bbmnoticias.com\/labravaradiofm\/wp-json\/wp\/v2\/categories?post=70834"},{"taxonomy":"post_tag","embeddable":true,"href":"https:\/\/www.bbmnoticias.com\/labravaradiofm\/wp-json\/wp\/v2\/tags?post=70834"}],"curies":[{"name":"wp","href":"https:\/\/api.w.org\/{rel}","templated":true}]}}