{"id":70813,"date":"2025-12-04T10:21:45","date_gmt":"2025-12-04T16:21:45","guid":{"rendered":"https:\/\/www.bbmnoticias.com\/labravaradiofm\/2025\/12\/04\/fiscalia-lo-vincula-a-proceso-por-feminicidio-agravado-ocurrido-en-cuilapam-de-guerrero\/"},"modified":"2025-12-04T10:21:50","modified_gmt":"2025-12-04T16:21:50","slug":"fiscalia-lo-vincula-a-proceso-por-feminicidio-agravado-ocurrido-en-cuilapam-de-guerrero","status":"publish","type":"post","link":"https:\/\/www.bbmnoticias.com\/labravaradiofm\/2025\/12\/04\/fiscalia-lo-vincula-a-proceso-por-feminicidio-agravado-ocurrido-en-cuilapam-de-guerrero\/","title":{"rendered":"Fiscal\u00eda lo vincula a proceso por feminicidio agravado ocurrido en Cuilapam de Guerrero"},"content":{"rendered":"<div style=\"margin-top: 0px; margin-bottom: 0px;\" class=\"sharethis-inline-share-buttons\" ><\/div>\n<p><strong>Oaxaca de Ju\u00e1rez, Oax.-<\/strong> La Fiscal\u00eda General del Estado obtuvo la vinculaci\u00f3n a proceso de una persona del sexo masculino identificado como T.H.S.\u00a0 por el delito de feminicidio agravado, hechos ocurridos en Cuilapam de Guerrero.<\/p>\n\n\n\n<p>De acuerdo con el expediente penal, la v\u00edctima manten\u00eda una relaci\u00f3n de concubinato con el imputado, periodo durante el cual sufri\u00f3 violencia f\u00edsica y verbal, adem\u00e1s de que junto con sus hijos eran objeto de violencia econ\u00f3mica.<\/p>\n\n\n\n<p>A ra\u00edz de la constante violencia, la v\u00edctima decidi\u00f3 alejarse, sin embargo, era forzada a reiniciar la convivencia, momento en que volv\u00edan a presentarse nuevamente las agresiones en su contra. En junio 2019 la pareja abandon\u00f3 el domicilio familiar ubicado en el municipio de Cuilapam de Guerrero.<\/p>\n\n\n\n<p>El 29 de agosto de 2019, la v\u00edctima sali\u00f3 de su domicilio junto a uno de sus hijos, mientras caminaba por calles del paraje Trampelobo, fue interceptada por un veh\u00edculo tipo tsuru color blanco del cual descendi\u00f3 un hombre que realiz\u00f3 diversos disparos de arma de fuego en su contra, lo que le provoc\u00f3 lesiones que le causaron la muerte.<\/p>\n\n\n\n<p>Por estos hechos, la Fiscal\u00eda Especializada para la Atenci\u00f3n a Delitos contra la Mujer por Raz\u00f3n de G\u00e9nero y la Fiscal\u00eda Especializada en Feminicidios iniciaron las investigaciones correspondientes, lo que permiti\u00f3 obtener la orden de aprehensi\u00f3n en contra de T.H.S., misma que fue ejecutada por elementos de la Agencia Estatal de Investigaciones.<\/p>\n","protected":false},"excerpt":{"rendered":"<p>Oaxaca de Ju\u00e1rez, Oax.- La Fiscal\u00eda General del Estado obtuvo la vinculaci\u00f3n a proceso de una persona del sexo masculino identificado como T.H.S.\u00a0 por el delito de feminicidio agravado, hechos ocurridos en Cuilapam de Guerrero. De acuerdo con el expediente penal, la v\u00edctima manten\u00eda una relaci\u00f3n de concubinato con el imputado, periodo durante el cual [&hellip;]<\/p>\n","protected":false},"author":2,"featured_media":70815,"comment_status":"closed","ping_status":"","sticky":false,"template":"","format":"standard","meta":{"footnotes":""},"categories":[2,20],"tags":[],"class_list":{"0":"post-70813","1":"post","2":"type-post","3":"status-publish","4":"format-standard","5":"has-post-thumbnail","7":"category-oaxaca","8":"category-policiaca"},"yoast_head":"<!-- This site is optimized with the Yoast SEO plugin v27.4 - https:\/\/yoast.com\/product\/yoast-seo-wordpress\/ -->\n<title>Fiscal\u00eda lo vincula a proceso por feminicidio agravado ocurrido en Cuilapam de Guerrero - LA BRAVA RADIO<\/title>\n<meta name=\"robots\" content=\"index, follow, max-snippet:-1, max-image-preview:large, max-video-preview:-1\" \/>\n<link rel=\"canonical\" href=\"https:\/\/www.bbmnoticias.com\/fiscalia-lo-vincula-a-proceso-por-feminicidio-agravado-ocurrido-en-cuilapam-de-guerrero\/\" \/>\n<meta property=\"og:locale\" content=\"es_MX\" \/>\n<meta property=\"og:type\" content=\"article\" \/>\n<meta property=\"og:title\" content=\"Fiscal\u00eda lo vincula a proceso por feminicidio agravado ocurrido en Cuilapam de Guerrero - LA BRAVA RADIO\" \/>\n<meta property=\"og:description\" content=\"Oaxaca de Ju\u00e1rez, Oax.- La Fiscal\u00eda General del Estado obtuvo la vinculaci\u00f3n a proceso de una persona del sexo masculino identificado como T.H.S.\u00a0 por el delito de feminicidio agravado, hechos ocurridos en Cuilapam de Guerrero. De acuerdo con el expediente penal, la v\u00edctima manten\u00eda una relaci\u00f3n de concubinato con el imputado, periodo durante el cual [&hellip;]\" \/>\n<meta property=\"og:url\" content=\"https:\/\/www.bbmnoticias.com\/fiscalia-lo-vincula-a-proceso-por-feminicidio-agravado-ocurrido-en-cuilapam-de-guerrero\/\" \/>\n<meta property=\"og:site_name\" content=\"LA BRAVA RADIO\" \/>\n<meta property=\"article:published_time\" content=\"2025-12-04T16:21:45+00:00\" \/>\n<meta property=\"article:modified_time\" content=\"2025-12-04T16:21:50+00:00\" \/>\n<meta property=\"og:image\" content=\"https:\/\/www.bbmnoticias.com\/labravaradiofm\/wp-content\/uploads\/sites\/5\/2025\/12\/presunto_feminicida.jpg\" \/>\n\t<meta property=\"og:image:width\" content=\"800\" \/>\n\t<meta property=\"og:image:height\" content=\"460\" \/>\n\t<meta property=\"og:image:type\" content=\"image\/jpeg\" \/>\n<meta name=\"author\" content=\"Staff\" \/>\n<meta name=\"twitter:card\" content=\"summary_large_image\" \/>\n<meta name=\"twitter:label1\" content=\"Escrito por\" \/>\n\t<meta name=\"twitter:data1\" content=\"Staff\" \/>\n\t<meta name=\"twitter:label2\" content=\"Tiempo de lectura\" \/>\n\t<meta name=\"twitter:data2\" content=\"1 minuto\" \/>\n<script type=\"application\/ld+json\" class=\"yoast-schema-graph\">{\"@context\":\"https:\\\/\\\/schema.org\",\"@graph\":[{\"@type\":\"Article\",\"@id\":\"https:\\\/\\\/www.bbmnoticias.com\\\/fiscalia-lo-vincula-a-proceso-por-feminicidio-agravado-ocurrido-en-cuilapam-de-guerrero\\\/#article\",\"isPartOf\":{\"@id\":\"https:\\\/\\\/www.bbmnoticias.com\\\/labravaradiofm\\\/2025\\\/12\\\/04\\\/fiscalia-lo-vincula-a-proceso-por-feminicidio-agravado-ocurrido-en-cuilapam-de-guerrero\\\/\"},\"author\":{\"name\":\"Staff\",\"@id\":\"https:\\\/\\\/www.bbmnoticias.com\\\/labravaradiofm\\\/#\\\/schema\\\/person\\\/68a9e9036ef3c5b55aeb2b71dc8bab45\"},\"headline\":\"Fiscal\u00eda lo vincula a proceso por feminicidio agravado ocurrido en Cuilapam de Guerrero\",\"datePublished\":\"2025-12-04T16:21:45+00:00\",\"dateModified\":\"2025-12-04T16:21:50+00:00\",\"mainEntityOfPage\":{\"@id\":\"https:\\\/\\\/www.bbmnoticias.com\\\/labravaradiofm\\\/2025\\\/12\\\/04\\\/fiscalia-lo-vincula-a-proceso-por-feminicidio-agravado-ocurrido-en-cuilapam-de-guerrero\\\/\"},\"wordCount\":267,\"image\":{\"@id\":\"https:\\\/\\\/www.bbmnoticias.com\\\/fiscalia-lo-vincula-a-proceso-por-feminicidio-agravado-ocurrido-en-cuilapam-de-guerrero\\\/#primaryimage\"},\"thumbnailUrl\":\"https:\\\/\\\/www.bbmnoticias.com\\\/labravaradiofm\\\/wp-content\\\/uploads\\\/sites\\\/5\\\/2025\\\/12\\\/presunto_feminicida.jpg\",\"articleSection\":[\"LOCAL\",\"POLICIACA\"],\"inLanguage\":\"es\"},{\"@type\":\"WebPage\",\"@id\":\"https:\\\/\\\/www.bbmnoticias.com\\\/labravaradiofm\\\/2025\\\/12\\\/04\\\/fiscalia-lo-vincula-a-proceso-por-feminicidio-agravado-ocurrido-en-cuilapam-de-guerrero\\\/\",\"url\":\"https:\\\/\\\/www.bbmnoticias.com\\\/fiscalia-lo-vincula-a-proceso-por-feminicidio-agravado-ocurrido-en-cuilapam-de-guerrero\\\/\",\"name\":\"Fiscal\u00eda lo vincula a proceso por feminicidio agravado ocurrido en Cuilapam de Guerrero - LA BRAVA RADIO\",\"isPartOf\":{\"@id\":\"https:\\\/\\\/www.bbmnoticias.com\\\/labravaradiofm\\\/#website\"},\"primaryImageOfPage\":{\"@id\":\"https:\\\/\\\/www.bbmnoticias.com\\\/fiscalia-lo-vincula-a-proceso-por-feminicidio-agravado-ocurrido-en-cuilapam-de-guerrero\\\/#primaryimage\"},\"image\":{\"@id\":\"https:\\\/\\\/www.bbmnoticias.com\\\/fiscalia-lo-vincula-a-proceso-por-feminicidio-agravado-ocurrido-en-cuilapam-de-guerrero\\\/#primaryimage\"},\"thumbnailUrl\":\"https:\\\/\\\/www.bbmnoticias.com\\\/labravaradiofm\\\/wp-content\\\/uploads\\\/sites\\\/5\\\/2025\\\/12\\\/presunto_feminicida.jpg\",\"datePublished\":\"2025-12-04T16:21:45+00:00\",\"dateModified\":\"2025-12-04T16:21:50+00:00\",\"author\":{\"@id\":\"https:\\\/\\\/www.bbmnoticias.com\\\/labravaradiofm\\\/#\\\/schema\\\/person\\\/68a9e9036ef3c5b55aeb2b71dc8bab45\"},\"breadcrumb\":{\"@id\":\"https:\\\/\\\/www.bbmnoticias.com\\\/fiscalia-lo-vincula-a-proceso-por-feminicidio-agravado-ocurrido-en-cuilapam-de-guerrero\\\/#breadcrumb\"},\"inLanguage\":\"es\",\"potentialAction\":[{\"@type\":\"ReadAction\",\"target\":[\"https:\\\/\\\/www.bbmnoticias.com\\\/fiscalia-lo-vincula-a-proceso-por-feminicidio-agravado-ocurrido-en-cuilapam-de-guerrero\\\/\"]}]},{\"@type\":\"ImageObject\",\"inLanguage\":\"es\",\"@id\":\"https:\\\/\\\/www.bbmnoticias.com\\\/fiscalia-lo-vincula-a-proceso-por-feminicidio-agravado-ocurrido-en-cuilapam-de-guerrero\\\/#primaryimage\",\"url\":\"https:\\\/\\\/www.bbmnoticias.com\\\/labravaradiofm\\\/wp-content\\\/uploads\\\/sites\\\/5\\\/2025\\\/12\\\/presunto_feminicida.jpg\",\"contentUrl\":\"https:\\\/\\\/www.bbmnoticias.com\\\/labravaradiofm\\\/wp-content\\\/uploads\\\/sites\\\/5\\\/2025\\\/12\\\/presunto_feminicida.jpg\",\"width\":800,\"height\":460},{\"@type\":\"BreadcrumbList\",\"@id\":\"https:\\\/\\\/www.bbmnoticias.com\\\/fiscalia-lo-vincula-a-proceso-por-feminicidio-agravado-ocurrido-en-cuilapam-de-guerrero\\\/#breadcrumb\",\"itemListElement\":[{\"@type\":\"ListItem\",\"position\":1,\"name\":\"Inicio\",\"item\":\"https:\\\/\\\/www.bbmnoticias.com\\\/labravaradiofm\\\/\"},{\"@type\":\"ListItem\",\"position\":2,\"name\":\"Fiscal\u00eda lo vincula a proceso por feminicidio agravado ocurrido en Cuilapam de Guerrero\"}]},{\"@type\":\"WebSite\",\"@id\":\"https:\\\/\\\/www.bbmnoticias.com\\\/labravaradiofm\\\/#website\",\"url\":\"https:\\\/\\\/www.bbmnoticias.com\\\/labravaradiofm\\\/\",\"name\":\"LA BRAVA RADIO\",\"description\":\"Empresa productora de medios, Radiodifusi\u00f3n, Noticias, tendencias y todo lo que necesitas saber de la pol\u00edtica mexicana e internacional; entretenimiento, espect\u00e1culos, salud y mucho m\u00e1s.\",\"potentialAction\":[{\"@type\":\"SearchAction\",\"target\":{\"@type\":\"EntryPoint\",\"urlTemplate\":\"https:\\\/\\\/www.bbmnoticias.com\\\/labravaradiofm\\\/?s={search_term_string}\"},\"query-input\":{\"@type\":\"PropertyValueSpecification\",\"valueRequired\":true,\"valueName\":\"search_term_string\"}}],\"inLanguage\":\"es\"},{\"@type\":\"Person\",\"@id\":\"https:\\\/\\\/www.bbmnoticias.com\\\/labravaradiofm\\\/#\\\/schema\\\/person\\\/68a9e9036ef3c5b55aeb2b71dc8bab45\",\"name\":\"Staff\",\"image\":{\"@type\":\"ImageObject\",\"inLanguage\":\"es\",\"@id\":\"https:\\\/\\\/secure.gravatar.com\\\/avatar\\\/fdd21ad66fd8b98c407f9dee5b5e588cfe7f0d8579ec20fa6527cd59bab7f0f0?s=96&d=mm&r=g\",\"url\":\"https:\\\/\\\/secure.gravatar.com\\\/avatar\\\/fdd21ad66fd8b98c407f9dee5b5e588cfe7f0d8579ec20fa6527cd59bab7f0f0?s=96&d=mm&r=g\",\"contentUrl\":\"https:\\\/\\\/secure.gravatar.com\\\/avatar\\\/fdd21ad66fd8b98c407f9dee5b5e588cfe7f0d8579ec20fa6527cd59bab7f0f0?s=96&d=mm&r=g\",\"caption\":\"Staff\"},\"url\":\"https:\\\/\\\/www.bbmnoticias.com\\\/labravaradiofm\\\/author\\\/redaccion\\\/\"}]}<\/script>\n<!-- \/ Yoast SEO plugin. -->","yoast_head_json":{"title":"Fiscal\u00eda lo vincula a proceso por feminicidio agravado ocurrido en Cuilapam de Guerrero - LA BRAVA RADIO","robots":{"index":"index","follow":"follow","max-snippet":"max-snippet:-1","max-image-preview":"max-image-preview:large","max-video-preview":"max-video-preview:-1"},"canonical":"https:\/\/www.bbmnoticias.com\/fiscalia-lo-vincula-a-proceso-por-feminicidio-agravado-ocurrido-en-cuilapam-de-guerrero\/","og_locale":"es_MX","og_type":"article","og_title":"Fiscal\u00eda lo vincula a proceso por feminicidio agravado ocurrido en Cuilapam de Guerrero - LA BRAVA RADIO","og_description":"Oaxaca de Ju\u00e1rez, Oax.- La Fiscal\u00eda General del Estado obtuvo la vinculaci\u00f3n a proceso de una persona del sexo masculino identificado como T.H.S.\u00a0 por el delito de feminicidio agravado, hechos ocurridos en Cuilapam de Guerrero. De acuerdo con el expediente penal, la v\u00edctima manten\u00eda una relaci\u00f3n de concubinato con el imputado, periodo durante el cual [&hellip;]","og_url":"https:\/\/www.bbmnoticias.com\/fiscalia-lo-vincula-a-proceso-por-feminicidio-agravado-ocurrido-en-cuilapam-de-guerrero\/","og_site_name":"LA BRAVA RADIO","article_published_time":"2025-12-04T16:21:45+00:00","article_modified_time":"2025-12-04T16:21:50+00:00","og_image":[{"width":800,"height":460,"url":"https:\/\/www.bbmnoticias.com\/labravaradiofm\/wp-content\/uploads\/sites\/5\/2025\/12\/presunto_feminicida.jpg","type":"image\/jpeg"}],"author":"Staff","twitter_card":"summary_large_image","twitter_misc":{"Escrito por":"Staff","Tiempo de lectura":"1 minuto"},"schema":{"@context":"https:\/\/schema.org","@graph":[{"@type":"Article","@id":"https:\/\/www.bbmnoticias.com\/fiscalia-lo-vincula-a-proceso-por-feminicidio-agravado-ocurrido-en-cuilapam-de-guerrero\/#article","isPartOf":{"@id":"https:\/\/www.bbmnoticias.com\/labravaradiofm\/2025\/12\/04\/fiscalia-lo-vincula-a-proceso-por-feminicidio-agravado-ocurrido-en-cuilapam-de-guerrero\/"},"author":{"name":"Staff","@id":"https:\/\/www.bbmnoticias.com\/labravaradiofm\/#\/schema\/person\/68a9e9036ef3c5b55aeb2b71dc8bab45"},"headline":"Fiscal\u00eda lo vincula a proceso por feminicidio agravado ocurrido en Cuilapam de Guerrero","datePublished":"2025-12-04T16:21:45+00:00","dateModified":"2025-12-04T16:21:50+00:00","mainEntityOfPage":{"@id":"https:\/\/www.bbmnoticias.com\/labravaradiofm\/2025\/12\/04\/fiscalia-lo-vincula-a-proceso-por-feminicidio-agravado-ocurrido-en-cuilapam-de-guerrero\/"},"wordCount":267,"image":{"@id":"https:\/\/www.bbmnoticias.com\/fiscalia-lo-vincula-a-proceso-por-feminicidio-agravado-ocurrido-en-cuilapam-de-guerrero\/#primaryimage"},"thumbnailUrl":"https:\/\/www.bbmnoticias.com\/labravaradiofm\/wp-content\/uploads\/sites\/5\/2025\/12\/presunto_feminicida.jpg","articleSection":["LOCAL","POLICIACA"],"inLanguage":"es"},{"@type":"WebPage","@id":"https:\/\/www.bbmnoticias.com\/labravaradiofm\/2025\/12\/04\/fiscalia-lo-vincula-a-proceso-por-feminicidio-agravado-ocurrido-en-cuilapam-de-guerrero\/","url":"https:\/\/www.bbmnoticias.com\/fiscalia-lo-vincula-a-proceso-por-feminicidio-agravado-ocurrido-en-cuilapam-de-guerrero\/","name":"Fiscal\u00eda lo vincula a proceso por feminicidio agravado ocurrido en Cuilapam de Guerrero - LA BRAVA RADIO","isPartOf":{"@id":"https:\/\/www.bbmnoticias.com\/labravaradiofm\/#website"},"primaryImageOfPage":{"@id":"https:\/\/www.bbmnoticias.com\/fiscalia-lo-vincula-a-proceso-por-feminicidio-agravado-ocurrido-en-cuilapam-de-guerrero\/#primaryimage"},"image":{"@id":"https:\/\/www.bbmnoticias.com\/fiscalia-lo-vincula-a-proceso-por-feminicidio-agravado-ocurrido-en-cuilapam-de-guerrero\/#primaryimage"},"thumbnailUrl":"https:\/\/www.bbmnoticias.com\/labravaradiofm\/wp-content\/uploads\/sites\/5\/2025\/12\/presunto_feminicida.jpg","datePublished":"2025-12-04T16:21:45+00:00","dateModified":"2025-12-04T16:21:50+00:00","author":{"@id":"https:\/\/www.bbmnoticias.com\/labravaradiofm\/#\/schema\/person\/68a9e9036ef3c5b55aeb2b71dc8bab45"},"breadcrumb":{"@id":"https:\/\/www.bbmnoticias.com\/fiscalia-lo-vincula-a-proceso-por-feminicidio-agravado-ocurrido-en-cuilapam-de-guerrero\/#breadcrumb"},"inLanguage":"es","potentialAction":[{"@type":"ReadAction","target":["https:\/\/www.bbmnoticias.com\/fiscalia-lo-vincula-a-proceso-por-feminicidio-agravado-ocurrido-en-cuilapam-de-guerrero\/"]}]},{"@type":"ImageObject","inLanguage":"es","@id":"https:\/\/www.bbmnoticias.com\/fiscalia-lo-vincula-a-proceso-por-feminicidio-agravado-ocurrido-en-cuilapam-de-guerrero\/#primaryimage","url":"https:\/\/www.bbmnoticias.com\/labravaradiofm\/wp-content\/uploads\/sites\/5\/2025\/12\/presunto_feminicida.jpg","contentUrl":"https:\/\/www.bbmnoticias.com\/labravaradiofm\/wp-content\/uploads\/sites\/5\/2025\/12\/presunto_feminicida.jpg","width":800,"height":460},{"@type":"BreadcrumbList","@id":"https:\/\/www.bbmnoticias.com\/fiscalia-lo-vincula-a-proceso-por-feminicidio-agravado-ocurrido-en-cuilapam-de-guerrero\/#breadcrumb","itemListElement":[{"@type":"ListItem","position":1,"name":"Inicio","item":"https:\/\/www.bbmnoticias.com\/labravaradiofm\/"},{"@type":"ListItem","position":2,"name":"Fiscal\u00eda lo vincula a proceso por feminicidio agravado ocurrido en Cuilapam de Guerrero"}]},{"@type":"WebSite","@id":"https:\/\/www.bbmnoticias.com\/labravaradiofm\/#website","url":"https:\/\/www.bbmnoticias.com\/labravaradiofm\/","name":"LA BRAVA RADIO","description":"Empresa productora de medios, Radiodifusi\u00f3n, Noticias, tendencias y todo lo que necesitas saber de la pol\u00edtica mexicana e internacional; entretenimiento, espect\u00e1culos, salud y mucho m\u00e1s.","potentialAction":[{"@type":"SearchAction","target":{"@type":"EntryPoint","urlTemplate":"https:\/\/www.bbmnoticias.com\/labravaradiofm\/?s={search_term_string}"},"query-input":{"@type":"PropertyValueSpecification","valueRequired":true,"valueName":"search_term_string"}}],"inLanguage":"es"},{"@type":"Person","@id":"https:\/\/www.bbmnoticias.com\/labravaradiofm\/#\/schema\/person\/68a9e9036ef3c5b55aeb2b71dc8bab45","name":"Staff","image":{"@type":"ImageObject","inLanguage":"es","@id":"https:\/\/secure.gravatar.com\/avatar\/fdd21ad66fd8b98c407f9dee5b5e588cfe7f0d8579ec20fa6527cd59bab7f0f0?s=96&d=mm&r=g","url":"https:\/\/secure.gravatar.com\/avatar\/fdd21ad66fd8b98c407f9dee5b5e588cfe7f0d8579ec20fa6527cd59bab7f0f0?s=96&d=mm&r=g","contentUrl":"https:\/\/secure.gravatar.com\/avatar\/fdd21ad66fd8b98c407f9dee5b5e588cfe7f0d8579ec20fa6527cd59bab7f0f0?s=96&d=mm&r=g","caption":"Staff"},"url":"https:\/\/www.bbmnoticias.com\/labravaradiofm\/author\/redaccion\/"}]}},"_links":{"self":[{"href":"https:\/\/www.bbmnoticias.com\/labravaradiofm\/wp-json\/wp\/v2\/posts\/70813","targetHints":{"allow":["GET"]}}],"collection":[{"href":"https:\/\/www.bbmnoticias.com\/labravaradiofm\/wp-json\/wp\/v2\/posts"}],"about":[{"href":"https:\/\/www.bbmnoticias.com\/labravaradiofm\/wp-json\/wp\/v2\/types\/post"}],"author":[{"embeddable":true,"href":"https:\/\/www.bbmnoticias.com\/labravaradiofm\/wp-json\/wp\/v2\/users\/2"}],"replies":[{"embeddable":true,"href":"https:\/\/www.bbmnoticias.com\/labravaradiofm\/wp-json\/wp\/v2\/comments?post=70813"}],"version-history":[{"count":0,"href":"https:\/\/www.bbmnoticias.com\/labravaradiofm\/wp-json\/wp\/v2\/posts\/70813\/revisions"}],"wp:featuredmedia":[{"embeddable":true,"href":"https:\/\/www.bbmnoticias.com\/labravaradiofm\/wp-json\/wp\/v2\/media\/70815"}],"wp:attachment":[{"href":"https:\/\/www.bbmnoticias.com\/labravaradiofm\/wp-json\/wp\/v2\/media?parent=70813"}],"wp:term":[{"taxonomy":"category","embeddable":true,"href":"https:\/\/www.bbmnoticias.com\/labravaradiofm\/wp-json\/wp\/v2\/categories?post=70813"},{"taxonomy":"post_tag","embeddable":true,"href":"https:\/\/www.bbmnoticias.com\/labravaradiofm\/wp-json\/wp\/v2\/tags?post=70813"}],"curies":[{"name":"wp","href":"https:\/\/api.w.org\/{rel}","templated":true}]}}