{"id":70810,"date":"2025-12-04T09:34:22","date_gmt":"2025-12-04T15:34:22","guid":{"rendered":"https:\/\/www.bbmnoticias.com\/labravaradiofm\/2025\/12\/04\/celebra-sheinbaum-designacion-de-godoy-en-fgr\/"},"modified":"2025-12-04T09:34:43","modified_gmt":"2025-12-04T15:34:43","slug":"celebra-sheinbaum-designacion-de-godoy-en-fgr","status":"publish","type":"post","link":"https:\/\/www.bbmnoticias.com\/labravaradiofm\/2025\/12\/04\/celebra-sheinbaum-designacion-de-godoy-en-fgr\/","title":{"rendered":"Celebra Sheinbaum designaci\u00f3n de Godoy en FGR"},"content":{"rendered":"<div style=\"margin-top: 0px; margin-bottom: 0px;\" class=\"sharethis-inline-share-buttons\" ><\/div>\n<p>La presidenta Claudia Sheinbaum Pardo celebr\u00f3 que el Senado de la Rep\u00fablica design\u00f3 a Ernestina Godoy como la nueva fiscal General de la Rep\u00fablica en sustituci\u00f3n de Alejandro Gertz Manero. En la conferencia de prensa matutina, confi\u00f3 en que se fortalecer\u00e1 la relaci\u00f3n con las fiscal\u00edas de los estados.<\/p>\n\n\n\n<p>\u2014-Presidenta, adem\u00e1s, me gustar\u00eda preguntarle, ayer en el Senado, la nueva fiscal Ernestina Godoy habl\u00f3 sobre los principales ejes de lo que ser\u00e1 su gesti\u00f3n, \u00bfqu\u00e9 le parecen las cualidades de la nueva fiscal? Entre ellos, la procuraci\u00f3n de justicia con perspectiva de g\u00e9nero, la cero tolerancia a la tortura, no a la fabricaci\u00f3n de culpables, ni persecuci\u00f3n pol\u00edtica y el combate frontal a la impunidad, as\u00ed lo dijo, se le pregunt\u00f3.<\/p>\n\n\n\n<p>\u2014Pues, Ernestina es una mujer, como lo dije el otro d\u00eda, honesta, una gran profesional de su trabajo, es decir, lo hace con profesionalismo, con mucha integridad y conoce ya el tema porque fue fiscal general en la Ciudad de M\u00e9xico, acot\u00f3.<\/p>\n\n\n\n<p>La titular del Ejecutivo Federal dijo que habr\u00e1 mayor coordinaci\u00f3n con el gabinete de seguridad.<\/p>\n\n\n\n<p>\u201cEntonces, yo creo que va a ser muy bueno para el pa\u00eds esta aprobaci\u00f3n. Me dio gusto tambi\u00e9n que recibi\u00f3 mucha aprobaci\u00f3n, fueron 97 votos en el Senado y va a haber mucha m\u00e1s coordinaci\u00f3n ahora entre la Secretar\u00eda de Seguridad y Protecci\u00f3n Ciudadana, la Fiscal\u00eda, la Guardia Nacional y esperamos tambi\u00e9n que ella sea un liderazgo para fortalecer la relaci\u00f3n con las fiscal\u00edas de los estados de la Rep\u00fablica. Entonces, muchas felicidades a Ernestina Godoy, nos dio mucho gusto\u201d, recalc\u00f3.<\/p>\n\n\n\n<p>\u2014\u00bfEsta figura del fiscal general, mantendr\u00e1 reuniones peri\u00f3dicas o diarias en el gabinete?, se le pregunt\u00f3.<\/p>\n\n\n\n<p>\u2014No lo hemos platicado con ella, depende de ella cu\u00e1ntas veces quiera venir al gabinete. Nos importa mucho que, si no viene ella, pues haya un representante de la fiscal\u00eda, como ocurr\u00eda con el doctor Gertz, para que los casos que se ven permanentemente en el gabinete haya coordinaci\u00f3n, dijo.<\/p>\n","protected":false},"excerpt":{"rendered":"<p>La presidenta Claudia Sheinbaum Pardo celebr\u00f3 que el Senado de la Rep\u00fablica design\u00f3 a Ernestina Godoy como la nueva fiscal General de la Rep\u00fablica en sustituci\u00f3n de Alejandro Gertz Manero. En la conferencia de prensa matutina, confi\u00f3 en que se fortalecer\u00e1 la relaci\u00f3n con las fiscal\u00edas de los estados. \u2014-Presidenta, adem\u00e1s, me gustar\u00eda preguntarle, ayer [&hellip;]<\/p>\n","protected":false},"author":4,"featured_media":70812,"comment_status":"closed","ping_status":"","sticky":false,"template":"","format":"standard","meta":{"footnotes":""},"categories":[2,19],"tags":[],"class_list":{"0":"post-70810","1":"post","2":"type-post","3":"status-publish","4":"format-standard","5":"has-post-thumbnail","7":"category-oaxaca","8":"category-nacional"},"yoast_head":"<!-- This site is optimized with the Yoast SEO plugin v27.4 - https:\/\/yoast.com\/product\/yoast-seo-wordpress\/ -->\n<title>Celebra Sheinbaum designaci\u00f3n de Godoy en FGR - LA BRAVA RADIO<\/title>\n<meta name=\"robots\" content=\"index, follow, max-snippet:-1, max-image-preview:large, max-video-preview:-1\" \/>\n<link rel=\"canonical\" href=\"https:\/\/www.bbmnoticias.com\/celebra-sheinbaum-designacion-de-godoy-en-fgr\/\" \/>\n<meta property=\"og:locale\" content=\"es_MX\" \/>\n<meta property=\"og:type\" content=\"article\" \/>\n<meta property=\"og:title\" content=\"Celebra Sheinbaum designaci\u00f3n de Godoy en FGR - LA BRAVA RADIO\" \/>\n<meta property=\"og:description\" content=\"La presidenta Claudia Sheinbaum Pardo celebr\u00f3 que el Senado de la Rep\u00fablica design\u00f3 a Ernestina Godoy como la nueva fiscal General de la Rep\u00fablica en sustituci\u00f3n de Alejandro Gertz Manero. En la conferencia de prensa matutina, confi\u00f3 en que se fortalecer\u00e1 la relaci\u00f3n con las fiscal\u00edas de los estados. \u2014-Presidenta, adem\u00e1s, me gustar\u00eda preguntarle, ayer [&hellip;]\" \/>\n<meta property=\"og:url\" content=\"https:\/\/www.bbmnoticias.com\/celebra-sheinbaum-designacion-de-godoy-en-fgr\/\" \/>\n<meta property=\"og:site_name\" content=\"LA BRAVA RADIO\" \/>\n<meta property=\"article:published_time\" content=\"2025-12-04T15:34:22+00:00\" \/>\n<meta property=\"article:modified_time\" content=\"2025-12-04T15:34:43+00:00\" \/>\n<meta property=\"og:image\" content=\"https:\/\/www.bbmnoticias.com\/labravaradiofm\/wp-content\/uploads\/sites\/5\/2025\/12\/ernestina_godoy-1.jpg\" \/>\n\t<meta property=\"og:image:width\" content=\"848\" \/>\n\t<meta property=\"og:image:height\" content=\"477\" \/>\n\t<meta property=\"og:image:type\" content=\"image\/jpeg\" \/>\n<meta name=\"author\" content=\"Agencias\" \/>\n<meta name=\"twitter:card\" content=\"summary_large_image\" \/>\n<meta name=\"twitter:label1\" content=\"Escrito por\" \/>\n\t<meta name=\"twitter:data1\" content=\"Agencias\" \/>\n\t<meta name=\"twitter:label2\" content=\"Tiempo de lectura\" \/>\n\t<meta name=\"twitter:data2\" content=\"2 minutos\" \/>\n<script type=\"application\/ld+json\" class=\"yoast-schema-graph\">{\"@context\":\"https:\\\/\\\/schema.org\",\"@graph\":[{\"@type\":\"Article\",\"@id\":\"https:\\\/\\\/www.bbmnoticias.com\\\/celebra-sheinbaum-designacion-de-godoy-en-fgr\\\/#article\",\"isPartOf\":{\"@id\":\"https:\\\/\\\/www.bbmnoticias.com\\\/labravaradiofm\\\/2025\\\/12\\\/04\\\/celebra-sheinbaum-designacion-de-godoy-en-fgr\\\/\"},\"author\":{\"name\":\"Agencias\",\"@id\":\"https:\\\/\\\/www.bbmnoticias.com\\\/labravaradiofm\\\/#\\\/schema\\\/person\\\/000bdaf0a8fb5bff0d537c4d0778e33f\"},\"headline\":\"Celebra Sheinbaum designaci\u00f3n de Godoy en FGR\",\"datePublished\":\"2025-12-04T15:34:22+00:00\",\"dateModified\":\"2025-12-04T15:34:43+00:00\",\"mainEntityOfPage\":{\"@id\":\"https:\\\/\\\/www.bbmnoticias.com\\\/labravaradiofm\\\/2025\\\/12\\\/04\\\/celebra-sheinbaum-designacion-de-godoy-en-fgr\\\/\"},\"wordCount\":366,\"image\":{\"@id\":\"https:\\\/\\\/www.bbmnoticias.com\\\/celebra-sheinbaum-designacion-de-godoy-en-fgr\\\/#primaryimage\"},\"thumbnailUrl\":\"https:\\\/\\\/www.bbmnoticias.com\\\/labravaradiofm\\\/wp-content\\\/uploads\\\/sites\\\/5\\\/2025\\\/12\\\/ernestina_godoy-1.jpg\",\"articleSection\":[\"LOCAL\",\"NACIONAL\"],\"inLanguage\":\"es\"},{\"@type\":\"WebPage\",\"@id\":\"https:\\\/\\\/www.bbmnoticias.com\\\/labravaradiofm\\\/2025\\\/12\\\/04\\\/celebra-sheinbaum-designacion-de-godoy-en-fgr\\\/\",\"url\":\"https:\\\/\\\/www.bbmnoticias.com\\\/celebra-sheinbaum-designacion-de-godoy-en-fgr\\\/\",\"name\":\"Celebra Sheinbaum designaci\u00f3n de Godoy en FGR - LA BRAVA RADIO\",\"isPartOf\":{\"@id\":\"https:\\\/\\\/www.bbmnoticias.com\\\/labravaradiofm\\\/#website\"},\"primaryImageOfPage\":{\"@id\":\"https:\\\/\\\/www.bbmnoticias.com\\\/celebra-sheinbaum-designacion-de-godoy-en-fgr\\\/#primaryimage\"},\"image\":{\"@id\":\"https:\\\/\\\/www.bbmnoticias.com\\\/celebra-sheinbaum-designacion-de-godoy-en-fgr\\\/#primaryimage\"},\"thumbnailUrl\":\"https:\\\/\\\/www.bbmnoticias.com\\\/labravaradiofm\\\/wp-content\\\/uploads\\\/sites\\\/5\\\/2025\\\/12\\\/ernestina_godoy-1.jpg\",\"datePublished\":\"2025-12-04T15:34:22+00:00\",\"dateModified\":\"2025-12-04T15:34:43+00:00\",\"author\":{\"@id\":\"https:\\\/\\\/www.bbmnoticias.com\\\/labravaradiofm\\\/#\\\/schema\\\/person\\\/000bdaf0a8fb5bff0d537c4d0778e33f\"},\"breadcrumb\":{\"@id\":\"https:\\\/\\\/www.bbmnoticias.com\\\/celebra-sheinbaum-designacion-de-godoy-en-fgr\\\/#breadcrumb\"},\"inLanguage\":\"es\",\"potentialAction\":[{\"@type\":\"ReadAction\",\"target\":[\"https:\\\/\\\/www.bbmnoticias.com\\\/celebra-sheinbaum-designacion-de-godoy-en-fgr\\\/\"]}]},{\"@type\":\"ImageObject\",\"inLanguage\":\"es\",\"@id\":\"https:\\\/\\\/www.bbmnoticias.com\\\/celebra-sheinbaum-designacion-de-godoy-en-fgr\\\/#primaryimage\",\"url\":\"https:\\\/\\\/www.bbmnoticias.com\\\/labravaradiofm\\\/wp-content\\\/uploads\\\/sites\\\/5\\\/2025\\\/12\\\/ernestina_godoy-1.jpg\",\"contentUrl\":\"https:\\\/\\\/www.bbmnoticias.com\\\/labravaradiofm\\\/wp-content\\\/uploads\\\/sites\\\/5\\\/2025\\\/12\\\/ernestina_godoy-1.jpg\",\"width\":848,\"height\":477},{\"@type\":\"BreadcrumbList\",\"@id\":\"https:\\\/\\\/www.bbmnoticias.com\\\/celebra-sheinbaum-designacion-de-godoy-en-fgr\\\/#breadcrumb\",\"itemListElement\":[{\"@type\":\"ListItem\",\"position\":1,\"name\":\"Inicio\",\"item\":\"https:\\\/\\\/www.bbmnoticias.com\\\/labravaradiofm\\\/\"},{\"@type\":\"ListItem\",\"position\":2,\"name\":\"Celebra Sheinbaum designaci\u00f3n de Godoy en FGR\"}]},{\"@type\":\"WebSite\",\"@id\":\"https:\\\/\\\/www.bbmnoticias.com\\\/labravaradiofm\\\/#website\",\"url\":\"https:\\\/\\\/www.bbmnoticias.com\\\/labravaradiofm\\\/\",\"name\":\"LA BRAVA RADIO\",\"description\":\"Empresa productora de medios, Radiodifusi\u00f3n, Noticias, tendencias y todo lo que necesitas saber de la pol\u00edtica mexicana e internacional; entretenimiento, espect\u00e1culos, salud y mucho m\u00e1s.\",\"potentialAction\":[{\"@type\":\"SearchAction\",\"target\":{\"@type\":\"EntryPoint\",\"urlTemplate\":\"https:\\\/\\\/www.bbmnoticias.com\\\/labravaradiofm\\\/?s={search_term_string}\"},\"query-input\":{\"@type\":\"PropertyValueSpecification\",\"valueRequired\":true,\"valueName\":\"search_term_string\"}}],\"inLanguage\":\"es\"},{\"@type\":\"Person\",\"@id\":\"https:\\\/\\\/www.bbmnoticias.com\\\/labravaradiofm\\\/#\\\/schema\\\/person\\\/000bdaf0a8fb5bff0d537c4d0778e33f\",\"name\":\"Agencias\",\"image\":{\"@type\":\"ImageObject\",\"inLanguage\":\"es\",\"@id\":\"https:\\\/\\\/secure.gravatar.com\\\/avatar\\\/739e0b61adf9e398b425c36718c8752286da0e8cd90f20ce9a86678abc26aa0d?s=96&d=mm&r=g\",\"url\":\"https:\\\/\\\/secure.gravatar.com\\\/avatar\\\/739e0b61adf9e398b425c36718c8752286da0e8cd90f20ce9a86678abc26aa0d?s=96&d=mm&r=g\",\"contentUrl\":\"https:\\\/\\\/secure.gravatar.com\\\/avatar\\\/739e0b61adf9e398b425c36718c8752286da0e8cd90f20ce9a86678abc26aa0d?s=96&d=mm&r=g\",\"caption\":\"Agencias\"},\"url\":\"https:\\\/\\\/www.bbmnoticias.com\\\/labravaradiofm\\\/author\\\/agencias\\\/\"}]}<\/script>\n<!-- \/ Yoast SEO plugin. -->","yoast_head_json":{"title":"Celebra Sheinbaum designaci\u00f3n de Godoy en FGR - LA BRAVA RADIO","robots":{"index":"index","follow":"follow","max-snippet":"max-snippet:-1","max-image-preview":"max-image-preview:large","max-video-preview":"max-video-preview:-1"},"canonical":"https:\/\/www.bbmnoticias.com\/celebra-sheinbaum-designacion-de-godoy-en-fgr\/","og_locale":"es_MX","og_type":"article","og_title":"Celebra Sheinbaum designaci\u00f3n de Godoy en FGR - LA BRAVA RADIO","og_description":"La presidenta Claudia Sheinbaum Pardo celebr\u00f3 que el Senado de la Rep\u00fablica design\u00f3 a Ernestina Godoy como la nueva fiscal General de la Rep\u00fablica en sustituci\u00f3n de Alejandro Gertz Manero. En la conferencia de prensa matutina, confi\u00f3 en que se fortalecer\u00e1 la relaci\u00f3n con las fiscal\u00edas de los estados. \u2014-Presidenta, adem\u00e1s, me gustar\u00eda preguntarle, ayer [&hellip;]","og_url":"https:\/\/www.bbmnoticias.com\/celebra-sheinbaum-designacion-de-godoy-en-fgr\/","og_site_name":"LA BRAVA RADIO","article_published_time":"2025-12-04T15:34:22+00:00","article_modified_time":"2025-12-04T15:34:43+00:00","og_image":[{"width":848,"height":477,"url":"https:\/\/www.bbmnoticias.com\/labravaradiofm\/wp-content\/uploads\/sites\/5\/2025\/12\/ernestina_godoy-1.jpg","type":"image\/jpeg"}],"author":"Agencias","twitter_card":"summary_large_image","twitter_misc":{"Escrito por":"Agencias","Tiempo de lectura":"2 minutos"},"schema":{"@context":"https:\/\/schema.org","@graph":[{"@type":"Article","@id":"https:\/\/www.bbmnoticias.com\/celebra-sheinbaum-designacion-de-godoy-en-fgr\/#article","isPartOf":{"@id":"https:\/\/www.bbmnoticias.com\/labravaradiofm\/2025\/12\/04\/celebra-sheinbaum-designacion-de-godoy-en-fgr\/"},"author":{"name":"Agencias","@id":"https:\/\/www.bbmnoticias.com\/labravaradiofm\/#\/schema\/person\/000bdaf0a8fb5bff0d537c4d0778e33f"},"headline":"Celebra Sheinbaum designaci\u00f3n de Godoy en FGR","datePublished":"2025-12-04T15:34:22+00:00","dateModified":"2025-12-04T15:34:43+00:00","mainEntityOfPage":{"@id":"https:\/\/www.bbmnoticias.com\/labravaradiofm\/2025\/12\/04\/celebra-sheinbaum-designacion-de-godoy-en-fgr\/"},"wordCount":366,"image":{"@id":"https:\/\/www.bbmnoticias.com\/celebra-sheinbaum-designacion-de-godoy-en-fgr\/#primaryimage"},"thumbnailUrl":"https:\/\/www.bbmnoticias.com\/labravaradiofm\/wp-content\/uploads\/sites\/5\/2025\/12\/ernestina_godoy-1.jpg","articleSection":["LOCAL","NACIONAL"],"inLanguage":"es"},{"@type":"WebPage","@id":"https:\/\/www.bbmnoticias.com\/labravaradiofm\/2025\/12\/04\/celebra-sheinbaum-designacion-de-godoy-en-fgr\/","url":"https:\/\/www.bbmnoticias.com\/celebra-sheinbaum-designacion-de-godoy-en-fgr\/","name":"Celebra Sheinbaum designaci\u00f3n de Godoy en FGR - LA BRAVA RADIO","isPartOf":{"@id":"https:\/\/www.bbmnoticias.com\/labravaradiofm\/#website"},"primaryImageOfPage":{"@id":"https:\/\/www.bbmnoticias.com\/celebra-sheinbaum-designacion-de-godoy-en-fgr\/#primaryimage"},"image":{"@id":"https:\/\/www.bbmnoticias.com\/celebra-sheinbaum-designacion-de-godoy-en-fgr\/#primaryimage"},"thumbnailUrl":"https:\/\/www.bbmnoticias.com\/labravaradiofm\/wp-content\/uploads\/sites\/5\/2025\/12\/ernestina_godoy-1.jpg","datePublished":"2025-12-04T15:34:22+00:00","dateModified":"2025-12-04T15:34:43+00:00","author":{"@id":"https:\/\/www.bbmnoticias.com\/labravaradiofm\/#\/schema\/person\/000bdaf0a8fb5bff0d537c4d0778e33f"},"breadcrumb":{"@id":"https:\/\/www.bbmnoticias.com\/celebra-sheinbaum-designacion-de-godoy-en-fgr\/#breadcrumb"},"inLanguage":"es","potentialAction":[{"@type":"ReadAction","target":["https:\/\/www.bbmnoticias.com\/celebra-sheinbaum-designacion-de-godoy-en-fgr\/"]}]},{"@type":"ImageObject","inLanguage":"es","@id":"https:\/\/www.bbmnoticias.com\/celebra-sheinbaum-designacion-de-godoy-en-fgr\/#primaryimage","url":"https:\/\/www.bbmnoticias.com\/labravaradiofm\/wp-content\/uploads\/sites\/5\/2025\/12\/ernestina_godoy-1.jpg","contentUrl":"https:\/\/www.bbmnoticias.com\/labravaradiofm\/wp-content\/uploads\/sites\/5\/2025\/12\/ernestina_godoy-1.jpg","width":848,"height":477},{"@type":"BreadcrumbList","@id":"https:\/\/www.bbmnoticias.com\/celebra-sheinbaum-designacion-de-godoy-en-fgr\/#breadcrumb","itemListElement":[{"@type":"ListItem","position":1,"name":"Inicio","item":"https:\/\/www.bbmnoticias.com\/labravaradiofm\/"},{"@type":"ListItem","position":2,"name":"Celebra Sheinbaum designaci\u00f3n de Godoy en FGR"}]},{"@type":"WebSite","@id":"https:\/\/www.bbmnoticias.com\/labravaradiofm\/#website","url":"https:\/\/www.bbmnoticias.com\/labravaradiofm\/","name":"LA BRAVA RADIO","description":"Empresa productora de medios, Radiodifusi\u00f3n, Noticias, tendencias y todo lo que necesitas saber de la pol\u00edtica mexicana e internacional; entretenimiento, espect\u00e1culos, salud y mucho m\u00e1s.","potentialAction":[{"@type":"SearchAction","target":{"@type":"EntryPoint","urlTemplate":"https:\/\/www.bbmnoticias.com\/labravaradiofm\/?s={search_term_string}"},"query-input":{"@type":"PropertyValueSpecification","valueRequired":true,"valueName":"search_term_string"}}],"inLanguage":"es"},{"@type":"Person","@id":"https:\/\/www.bbmnoticias.com\/labravaradiofm\/#\/schema\/person\/000bdaf0a8fb5bff0d537c4d0778e33f","name":"Agencias","image":{"@type":"ImageObject","inLanguage":"es","@id":"https:\/\/secure.gravatar.com\/avatar\/739e0b61adf9e398b425c36718c8752286da0e8cd90f20ce9a86678abc26aa0d?s=96&d=mm&r=g","url":"https:\/\/secure.gravatar.com\/avatar\/739e0b61adf9e398b425c36718c8752286da0e8cd90f20ce9a86678abc26aa0d?s=96&d=mm&r=g","contentUrl":"https:\/\/secure.gravatar.com\/avatar\/739e0b61adf9e398b425c36718c8752286da0e8cd90f20ce9a86678abc26aa0d?s=96&d=mm&r=g","caption":"Agencias"},"url":"https:\/\/www.bbmnoticias.com\/labravaradiofm\/author\/agencias\/"}]}},"_links":{"self":[{"href":"https:\/\/www.bbmnoticias.com\/labravaradiofm\/wp-json\/wp\/v2\/posts\/70810","targetHints":{"allow":["GET"]}}],"collection":[{"href":"https:\/\/www.bbmnoticias.com\/labravaradiofm\/wp-json\/wp\/v2\/posts"}],"about":[{"href":"https:\/\/www.bbmnoticias.com\/labravaradiofm\/wp-json\/wp\/v2\/types\/post"}],"author":[{"embeddable":true,"href":"https:\/\/www.bbmnoticias.com\/labravaradiofm\/wp-json\/wp\/v2\/users\/4"}],"replies":[{"embeddable":true,"href":"https:\/\/www.bbmnoticias.com\/labravaradiofm\/wp-json\/wp\/v2\/comments?post=70810"}],"version-history":[{"count":0,"href":"https:\/\/www.bbmnoticias.com\/labravaradiofm\/wp-json\/wp\/v2\/posts\/70810\/revisions"}],"wp:featuredmedia":[{"embeddable":true,"href":"https:\/\/www.bbmnoticias.com\/labravaradiofm\/wp-json\/wp\/v2\/media\/70812"}],"wp:attachment":[{"href":"https:\/\/www.bbmnoticias.com\/labravaradiofm\/wp-json\/wp\/v2\/media?parent=70810"}],"wp:term":[{"taxonomy":"category","embeddable":true,"href":"https:\/\/www.bbmnoticias.com\/labravaradiofm\/wp-json\/wp\/v2\/categories?post=70810"},{"taxonomy":"post_tag","embeddable":true,"href":"https:\/\/www.bbmnoticias.com\/labravaradiofm\/wp-json\/wp\/v2\/tags?post=70810"}],"curies":[{"name":"wp","href":"https:\/\/api.w.org\/{rel}","templated":true}]}}