{"id":70804,"date":"2025-12-04T09:17:05","date_gmt":"2025-12-04T15:17:05","guid":{"rendered":"https:\/\/www.bbmnoticias.com\/labravaradiofm\/2025\/12\/04\/tren-maya-alcanza-movilizar-a-mas-de-un-millon-200-mil-pasajeros\/"},"modified":"2025-12-04T09:17:10","modified_gmt":"2025-12-04T15:17:10","slug":"tren-maya-alcanza-movilizar-a-mas-de-un-millon-200-mil-pasajeros","status":"publish","type":"post","link":"https:\/\/www.bbmnoticias.com\/labravaradiofm\/2025\/12\/04\/tren-maya-alcanza-movilizar-a-mas-de-un-millon-200-mil-pasajeros\/","title":{"rendered":"Tren Maya alcanza movilizar a m\u00e1s de un mill\u00f3n 200 mil pasajeros"},"content":{"rendered":"<div style=\"margin-top: 0px; margin-bottom: 0px;\" class=\"sharethis-inline-share-buttons\" ><\/div>\n<p>El Tren Maya alcanz\u00f3 el d\u00eda de ayer 3 de <strong>diciembre<\/strong> el objetivo de este a\u00f1o de movilizar a m\u00e1s de un mill\u00f3n 200 mil <strong>personas<\/strong>, inform\u00f3 \u00d3scar David Lozano \u00c1guila, director general del <strong>Tren Maya<\/strong>.\u00a0<\/p>\n\n\n\n<p>Desde la conferencia ma\u00f1anera, el funcionario federal indic\u00f3 que para el pr\u00f3ximo a\u00f1o, el objetivo del gobierno federal ser\u00e1 movilizar hasta un mill\u00f3n 383 personas en dicho tren.\u00a0<\/p>\n\n\n\n<blockquote class=\"wp-block-quote is-layout-flow wp-block-quote-is-layout-flow\">\n<p>\u201cEl d\u00eda de hoy ya estamos cumpliendo nuestro objetivo, mover un mill\u00f3n doscientos mil personas; lo cumplimos el d\u00eda de ayer, que era el objetivo de este a\u00f1o, y vamos a alcanzar hasta un mill\u00f3n trescientos ochenta y tres en este a\u00f1o\u201d, dijo.<\/p>\n<\/blockquote>\n\n\n\n<figure class=\"wp-block-image\"><img decoding=\"async\" src=\"https:\/\/heraldodemexico.com.mx\/u\/fotografias\/m\/2025\/4\/10\/f768x1-1111351_1111478_5050.jpg\" alt=\"\"\/><figcaption class=\"wp-element-caption\">Tren Maya tendr\u00e1 paquetes vacacionistas en invierno<br>FOTO: Gobierno de M\u00e9xico<\/figcaption><\/figure>\n\n\n\n<h2 class=\"wp-block-heading\">Paquetes vacacionales han recibido aceptaci\u00f3n del 96 por ciento<\/h2>\n\n\n\n<p>Al presentar los paquetes de <strong>vacaciones<\/strong> que se estar\u00e1n ofertando para la temporada <strong>invernal<\/strong>, el director general del <strong>Tren Maya <\/strong>expuso que dichos paquetes, ofrecidos en las temporadas vacacionales, han tenido una aceptaci\u00f3n del 96 por ciento.&nbsp;<\/p>\n\n\n\n<p>Agreg\u00f3 que para la <strong>Semana Santa<\/strong>, el gobierno federal logr\u00f3 comercializar 117 paquetes vacacionales; en el verano se comercializaron 136 paquetes y sostuvo que a la fecha se han comercializado 81 paquetes vacacionales para la <strong>temporada<\/strong> de invierno.&nbsp; Por su parte, Adolfo H\u00e9ctor Tonatiuh Velasco Bernal, director general de <strong>Grupo Mundo Maya<\/strong>, destac\u00f3 que a la fecha, los hoteles que conforman este mundo han registrado una ocupaci\u00f3n de 67 mil 352 personas.&nbsp;<\/p>\n\n\n\n<p>\u201cLos meses que mejor tuvimos hospedaje fueron julio con 9 mil 397 personas, agosto con 10 mil 568 personas. Y estamos considerando que en este mes de diciembre, temporada alta, la ocupaci\u00f3n ser\u00e1 mucho mejor que en los meses pasados\u201d, dijo.<\/p>\n\n\n\n<h2 class=\"wp-block-heading\">Mexicana de Aviaci\u00f3n ampl\u00eda oferta tur\u00edstica&nbsp;<\/h2>\n\n\n\n<p>Leobardo \u00c1vila Boj\u00f3rquez, director general de <strong>Mexicana de Aviaci\u00f3n<\/strong>, se\u00f1al\u00f3 que est\u00e1 ampliando la oferta <strong>tur\u00edstica<\/strong> en esta temporada de fin de a\u00f1o en el sureste del pa\u00eds, adem\u00e1s de que los precios m\u00e1s bajos en promedio en el <strong>mercado<\/strong>.<\/p>\n\n\n\n<p>\u201cY actualmente ahorita tenemos una promoci\u00f3n que es del 35% que termina el 7 de diciembre para estar viajando desde enero el pr\u00f3ximo a\u00f1o hasta septiembre del pr\u00f3ximo a\u00f1o, entonces son precios accesibles y atendiendo la instrucci\u00f3n de nuestra se\u00f1ora presidenta de hacer el transporte a\u00e9reo justo, accesible para todos sectores de la sociedad mexicana\u201d, inform\u00f3.<\/p>\n\n\n\n<figure class=\"wp-block-image\"><img decoding=\"async\" src=\"https:\/\/heraldodemexico.com.mx\/u\/fotografias\/m\/2025\/1\/6\/f768x1-1066386_1066513_5050.jpg\" alt=\"\"\/><figcaption class=\"wp-element-caption\">Mexicana de Aviaci\u00f3n tendr\u00e1 promoci\u00f3n de hasta el 35 por ciento hasta el 7 de diciembre<br>FOTO: Cuartoscuro<\/figcaption><\/figure>\n\n\n\n<p>En la conferencia de prensa, dijo que con esta aerol\u00ednea se integra a los paquetes tur\u00edsticos del Tren Maya y del Mundo Maya.<\/p>\n\n\n\n<blockquote class=\"wp-block-quote is-layout-flow wp-block-quote-is-layout-flow\">\n<p>\u201cMexicana, a trav\u00e9s de nuestra red de rutas nacionales que tiene actualmente, la cual atiende a 14 destinos, a trav\u00e9s del AIFA principal fase de operaciones, y el cual se convierte en nuestro principal centro de distribuci\u00f3n, conecta las diferentes regiones de nuestro pa\u00eds, es decir, el norte, el noreste, el occidente hacia el centro, y de ah\u00ed conecta hacia el sureste mexicano\u201d, apunt\u00f3.<\/p>\n<\/blockquote>\n\n\n\n<p>Se\u00f1al\u00f3 que tambi\u00e9n se impulsa la econom\u00eda regional en el sureste como en <strong>Quintana Roo, Campeche, Yucat\u00e1n y Chiapas<\/strong>.<\/p>\n","protected":false},"excerpt":{"rendered":"<p>El Tren Maya alcanz\u00f3 el d\u00eda de ayer 3 de diciembre el objetivo de este a\u00f1o de movilizar a m\u00e1s de un mill\u00f3n 200 mil personas, inform\u00f3 \u00d3scar David Lozano \u00c1guila, director general del Tren Maya.\u00a0 Desde la conferencia ma\u00f1anera, el funcionario federal indic\u00f3 que para el pr\u00f3ximo a\u00f1o, el objetivo del gobierno federal ser\u00e1 [&hellip;]<\/p>\n","protected":false},"author":4,"featured_media":70806,"comment_status":"closed","ping_status":"","sticky":false,"template":"","format":"standard","meta":{"footnotes":""},"categories":[2,19],"tags":[],"class_list":{"0":"post-70804","1":"post","2":"type-post","3":"status-publish","4":"format-standard","5":"has-post-thumbnail","7":"category-oaxaca","8":"category-nacional"},"yoast_head":"<!-- This site is optimized with the Yoast SEO plugin v27.4 - https:\/\/yoast.com\/product\/yoast-seo-wordpress\/ -->\n<title>Tren Maya alcanza movilizar a m\u00e1s de un mill\u00f3n 200 mil pasajeros - LA BRAVA RADIO<\/title>\n<meta name=\"robots\" content=\"index, follow, max-snippet:-1, max-image-preview:large, max-video-preview:-1\" \/>\n<link rel=\"canonical\" href=\"https:\/\/www.bbmnoticias.com\/tren-maya-alcanza-movilizar-a-mas-de-un-millon-200-mil-pasajeros\/\" \/>\n<meta property=\"og:locale\" content=\"es_MX\" \/>\n<meta property=\"og:type\" content=\"article\" \/>\n<meta property=\"og:title\" content=\"Tren Maya alcanza movilizar a m\u00e1s de un mill\u00f3n 200 mil pasajeros - LA BRAVA RADIO\" \/>\n<meta property=\"og:description\" content=\"El Tren Maya alcanz\u00f3 el d\u00eda de ayer 3 de diciembre el objetivo de este a\u00f1o de movilizar a m\u00e1s de un mill\u00f3n 200 mil personas, inform\u00f3 \u00d3scar David Lozano \u00c1guila, director general del Tren Maya.\u00a0 Desde la conferencia ma\u00f1anera, el funcionario federal indic\u00f3 que para el pr\u00f3ximo a\u00f1o, el objetivo del gobierno federal ser\u00e1 [&hellip;]\" \/>\n<meta property=\"og:url\" content=\"https:\/\/www.bbmnoticias.com\/tren-maya-alcanza-movilizar-a-mas-de-un-millon-200-mil-pasajeros\/\" \/>\n<meta property=\"og:site_name\" content=\"LA BRAVA RADIO\" \/>\n<meta property=\"article:published_time\" content=\"2025-12-04T15:17:05+00:00\" \/>\n<meta property=\"article:modified_time\" content=\"2025-12-04T15:17:10+00:00\" \/>\n<meta property=\"og:image\" content=\"https:\/\/www.bbmnoticias.com\/labravaradiofm\/wp-content\/uploads\/sites\/5\/2025\/12\/tren_maya.jpeg\" \/>\n\t<meta property=\"og:image:width\" content=\"848\" \/>\n\t<meta property=\"og:image:height\" content=\"477\" \/>\n\t<meta property=\"og:image:type\" content=\"image\/jpeg\" \/>\n<meta name=\"author\" content=\"Agencias\" \/>\n<meta name=\"twitter:card\" content=\"summary_large_image\" \/>\n<meta name=\"twitter:label1\" content=\"Escrito por\" \/>\n\t<meta name=\"twitter:data1\" content=\"Agencias\" \/>\n\t<meta name=\"twitter:label2\" content=\"Tiempo de lectura\" \/>\n\t<meta name=\"twitter:data2\" content=\"3 minutos\" \/>\n<script type=\"application\/ld+json\" class=\"yoast-schema-graph\">{\"@context\":\"https:\\\/\\\/schema.org\",\"@graph\":[{\"@type\":\"Article\",\"@id\":\"https:\\\/\\\/www.bbmnoticias.com\\\/tren-maya-alcanza-movilizar-a-mas-de-un-millon-200-mil-pasajeros\\\/#article\",\"isPartOf\":{\"@id\":\"https:\\\/\\\/www.bbmnoticias.com\\\/labravaradiofm\\\/2025\\\/12\\\/04\\\/tren-maya-alcanza-movilizar-a-mas-de-un-millon-200-mil-pasajeros\\\/\"},\"author\":{\"name\":\"Agencias\",\"@id\":\"https:\\\/\\\/www.bbmnoticias.com\\\/labravaradiofm\\\/#\\\/schema\\\/person\\\/000bdaf0a8fb5bff0d537c4d0778e33f\"},\"headline\":\"Tren Maya alcanza movilizar a m\u00e1s de un mill\u00f3n 200 mil pasajeros\",\"datePublished\":\"2025-12-04T15:17:05+00:00\",\"dateModified\":\"2025-12-04T15:17:10+00:00\",\"mainEntityOfPage\":{\"@id\":\"https:\\\/\\\/www.bbmnoticias.com\\\/labravaradiofm\\\/2025\\\/12\\\/04\\\/tren-maya-alcanza-movilizar-a-mas-de-un-millon-200-mil-pasajeros\\\/\"},\"wordCount\":551,\"image\":{\"@id\":\"https:\\\/\\\/www.bbmnoticias.com\\\/tren-maya-alcanza-movilizar-a-mas-de-un-millon-200-mil-pasajeros\\\/#primaryimage\"},\"thumbnailUrl\":\"https:\\\/\\\/www.bbmnoticias.com\\\/labravaradiofm\\\/wp-content\\\/uploads\\\/sites\\\/5\\\/2025\\\/12\\\/tren_maya.jpeg\",\"articleSection\":[\"LOCAL\",\"NACIONAL\"],\"inLanguage\":\"es\"},{\"@type\":\"WebPage\",\"@id\":\"https:\\\/\\\/www.bbmnoticias.com\\\/labravaradiofm\\\/2025\\\/12\\\/04\\\/tren-maya-alcanza-movilizar-a-mas-de-un-millon-200-mil-pasajeros\\\/\",\"url\":\"https:\\\/\\\/www.bbmnoticias.com\\\/tren-maya-alcanza-movilizar-a-mas-de-un-millon-200-mil-pasajeros\\\/\",\"name\":\"Tren Maya alcanza movilizar a m\u00e1s de un mill\u00f3n 200 mil pasajeros - LA BRAVA RADIO\",\"isPartOf\":{\"@id\":\"https:\\\/\\\/www.bbmnoticias.com\\\/labravaradiofm\\\/#website\"},\"primaryImageOfPage\":{\"@id\":\"https:\\\/\\\/www.bbmnoticias.com\\\/tren-maya-alcanza-movilizar-a-mas-de-un-millon-200-mil-pasajeros\\\/#primaryimage\"},\"image\":{\"@id\":\"https:\\\/\\\/www.bbmnoticias.com\\\/tren-maya-alcanza-movilizar-a-mas-de-un-millon-200-mil-pasajeros\\\/#primaryimage\"},\"thumbnailUrl\":\"https:\\\/\\\/www.bbmnoticias.com\\\/labravaradiofm\\\/wp-content\\\/uploads\\\/sites\\\/5\\\/2025\\\/12\\\/tren_maya.jpeg\",\"datePublished\":\"2025-12-04T15:17:05+00:00\",\"dateModified\":\"2025-12-04T15:17:10+00:00\",\"author\":{\"@id\":\"https:\\\/\\\/www.bbmnoticias.com\\\/labravaradiofm\\\/#\\\/schema\\\/person\\\/000bdaf0a8fb5bff0d537c4d0778e33f\"},\"breadcrumb\":{\"@id\":\"https:\\\/\\\/www.bbmnoticias.com\\\/tren-maya-alcanza-movilizar-a-mas-de-un-millon-200-mil-pasajeros\\\/#breadcrumb\"},\"inLanguage\":\"es\",\"potentialAction\":[{\"@type\":\"ReadAction\",\"target\":[\"https:\\\/\\\/www.bbmnoticias.com\\\/tren-maya-alcanza-movilizar-a-mas-de-un-millon-200-mil-pasajeros\\\/\"]}]},{\"@type\":\"ImageObject\",\"inLanguage\":\"es\",\"@id\":\"https:\\\/\\\/www.bbmnoticias.com\\\/tren-maya-alcanza-movilizar-a-mas-de-un-millon-200-mil-pasajeros\\\/#primaryimage\",\"url\":\"https:\\\/\\\/www.bbmnoticias.com\\\/labravaradiofm\\\/wp-content\\\/uploads\\\/sites\\\/5\\\/2025\\\/12\\\/tren_maya.jpeg\",\"contentUrl\":\"https:\\\/\\\/www.bbmnoticias.com\\\/labravaradiofm\\\/wp-content\\\/uploads\\\/sites\\\/5\\\/2025\\\/12\\\/tren_maya.jpeg\",\"width\":848,\"height\":477},{\"@type\":\"BreadcrumbList\",\"@id\":\"https:\\\/\\\/www.bbmnoticias.com\\\/tren-maya-alcanza-movilizar-a-mas-de-un-millon-200-mil-pasajeros\\\/#breadcrumb\",\"itemListElement\":[{\"@type\":\"ListItem\",\"position\":1,\"name\":\"Inicio\",\"item\":\"https:\\\/\\\/www.bbmnoticias.com\\\/labravaradiofm\\\/\"},{\"@type\":\"ListItem\",\"position\":2,\"name\":\"Tren Maya alcanza movilizar a m\u00e1s de un mill\u00f3n 200 mil pasajeros\"}]},{\"@type\":\"WebSite\",\"@id\":\"https:\\\/\\\/www.bbmnoticias.com\\\/labravaradiofm\\\/#website\",\"url\":\"https:\\\/\\\/www.bbmnoticias.com\\\/labravaradiofm\\\/\",\"name\":\"LA BRAVA RADIO\",\"description\":\"Empresa productora de medios, Radiodifusi\u00f3n, Noticias, tendencias y todo lo que necesitas saber de la pol\u00edtica mexicana e internacional; entretenimiento, espect\u00e1culos, salud y mucho m\u00e1s.\",\"potentialAction\":[{\"@type\":\"SearchAction\",\"target\":{\"@type\":\"EntryPoint\",\"urlTemplate\":\"https:\\\/\\\/www.bbmnoticias.com\\\/labravaradiofm\\\/?s={search_term_string}\"},\"query-input\":{\"@type\":\"PropertyValueSpecification\",\"valueRequired\":true,\"valueName\":\"search_term_string\"}}],\"inLanguage\":\"es\"},{\"@type\":\"Person\",\"@id\":\"https:\\\/\\\/www.bbmnoticias.com\\\/labravaradiofm\\\/#\\\/schema\\\/person\\\/000bdaf0a8fb5bff0d537c4d0778e33f\",\"name\":\"Agencias\",\"image\":{\"@type\":\"ImageObject\",\"inLanguage\":\"es\",\"@id\":\"https:\\\/\\\/secure.gravatar.com\\\/avatar\\\/739e0b61adf9e398b425c36718c8752286da0e8cd90f20ce9a86678abc26aa0d?s=96&d=mm&r=g\",\"url\":\"https:\\\/\\\/secure.gravatar.com\\\/avatar\\\/739e0b61adf9e398b425c36718c8752286da0e8cd90f20ce9a86678abc26aa0d?s=96&d=mm&r=g\",\"contentUrl\":\"https:\\\/\\\/secure.gravatar.com\\\/avatar\\\/739e0b61adf9e398b425c36718c8752286da0e8cd90f20ce9a86678abc26aa0d?s=96&d=mm&r=g\",\"caption\":\"Agencias\"},\"url\":\"https:\\\/\\\/www.bbmnoticias.com\\\/labravaradiofm\\\/author\\\/agencias\\\/\"}]}<\/script>\n<!-- \/ Yoast SEO plugin. -->","yoast_head_json":{"title":"Tren Maya alcanza movilizar a m\u00e1s de un mill\u00f3n 200 mil pasajeros - LA BRAVA RADIO","robots":{"index":"index","follow":"follow","max-snippet":"max-snippet:-1","max-image-preview":"max-image-preview:large","max-video-preview":"max-video-preview:-1"},"canonical":"https:\/\/www.bbmnoticias.com\/tren-maya-alcanza-movilizar-a-mas-de-un-millon-200-mil-pasajeros\/","og_locale":"es_MX","og_type":"article","og_title":"Tren Maya alcanza movilizar a m\u00e1s de un mill\u00f3n 200 mil pasajeros - LA BRAVA RADIO","og_description":"El Tren Maya alcanz\u00f3 el d\u00eda de ayer 3 de diciembre el objetivo de este a\u00f1o de movilizar a m\u00e1s de un mill\u00f3n 200 mil personas, inform\u00f3 \u00d3scar David Lozano \u00c1guila, director general del Tren Maya.\u00a0 Desde la conferencia ma\u00f1anera, el funcionario federal indic\u00f3 que para el pr\u00f3ximo a\u00f1o, el objetivo del gobierno federal ser\u00e1 [&hellip;]","og_url":"https:\/\/www.bbmnoticias.com\/tren-maya-alcanza-movilizar-a-mas-de-un-millon-200-mil-pasajeros\/","og_site_name":"LA BRAVA RADIO","article_published_time":"2025-12-04T15:17:05+00:00","article_modified_time":"2025-12-04T15:17:10+00:00","og_image":[{"width":848,"height":477,"url":"https:\/\/www.bbmnoticias.com\/labravaradiofm\/wp-content\/uploads\/sites\/5\/2025\/12\/tren_maya.jpeg","type":"image\/jpeg"}],"author":"Agencias","twitter_card":"summary_large_image","twitter_misc":{"Escrito por":"Agencias","Tiempo de lectura":"3 minutos"},"schema":{"@context":"https:\/\/schema.org","@graph":[{"@type":"Article","@id":"https:\/\/www.bbmnoticias.com\/tren-maya-alcanza-movilizar-a-mas-de-un-millon-200-mil-pasajeros\/#article","isPartOf":{"@id":"https:\/\/www.bbmnoticias.com\/labravaradiofm\/2025\/12\/04\/tren-maya-alcanza-movilizar-a-mas-de-un-millon-200-mil-pasajeros\/"},"author":{"name":"Agencias","@id":"https:\/\/www.bbmnoticias.com\/labravaradiofm\/#\/schema\/person\/000bdaf0a8fb5bff0d537c4d0778e33f"},"headline":"Tren Maya alcanza movilizar a m\u00e1s de un mill\u00f3n 200 mil pasajeros","datePublished":"2025-12-04T15:17:05+00:00","dateModified":"2025-12-04T15:17:10+00:00","mainEntityOfPage":{"@id":"https:\/\/www.bbmnoticias.com\/labravaradiofm\/2025\/12\/04\/tren-maya-alcanza-movilizar-a-mas-de-un-millon-200-mil-pasajeros\/"},"wordCount":551,"image":{"@id":"https:\/\/www.bbmnoticias.com\/tren-maya-alcanza-movilizar-a-mas-de-un-millon-200-mil-pasajeros\/#primaryimage"},"thumbnailUrl":"https:\/\/www.bbmnoticias.com\/labravaradiofm\/wp-content\/uploads\/sites\/5\/2025\/12\/tren_maya.jpeg","articleSection":["LOCAL","NACIONAL"],"inLanguage":"es"},{"@type":"WebPage","@id":"https:\/\/www.bbmnoticias.com\/labravaradiofm\/2025\/12\/04\/tren-maya-alcanza-movilizar-a-mas-de-un-millon-200-mil-pasajeros\/","url":"https:\/\/www.bbmnoticias.com\/tren-maya-alcanza-movilizar-a-mas-de-un-millon-200-mil-pasajeros\/","name":"Tren Maya alcanza movilizar a m\u00e1s de un mill\u00f3n 200 mil pasajeros - LA BRAVA RADIO","isPartOf":{"@id":"https:\/\/www.bbmnoticias.com\/labravaradiofm\/#website"},"primaryImageOfPage":{"@id":"https:\/\/www.bbmnoticias.com\/tren-maya-alcanza-movilizar-a-mas-de-un-millon-200-mil-pasajeros\/#primaryimage"},"image":{"@id":"https:\/\/www.bbmnoticias.com\/tren-maya-alcanza-movilizar-a-mas-de-un-millon-200-mil-pasajeros\/#primaryimage"},"thumbnailUrl":"https:\/\/www.bbmnoticias.com\/labravaradiofm\/wp-content\/uploads\/sites\/5\/2025\/12\/tren_maya.jpeg","datePublished":"2025-12-04T15:17:05+00:00","dateModified":"2025-12-04T15:17:10+00:00","author":{"@id":"https:\/\/www.bbmnoticias.com\/labravaradiofm\/#\/schema\/person\/000bdaf0a8fb5bff0d537c4d0778e33f"},"breadcrumb":{"@id":"https:\/\/www.bbmnoticias.com\/tren-maya-alcanza-movilizar-a-mas-de-un-millon-200-mil-pasajeros\/#breadcrumb"},"inLanguage":"es","potentialAction":[{"@type":"ReadAction","target":["https:\/\/www.bbmnoticias.com\/tren-maya-alcanza-movilizar-a-mas-de-un-millon-200-mil-pasajeros\/"]}]},{"@type":"ImageObject","inLanguage":"es","@id":"https:\/\/www.bbmnoticias.com\/tren-maya-alcanza-movilizar-a-mas-de-un-millon-200-mil-pasajeros\/#primaryimage","url":"https:\/\/www.bbmnoticias.com\/labravaradiofm\/wp-content\/uploads\/sites\/5\/2025\/12\/tren_maya.jpeg","contentUrl":"https:\/\/www.bbmnoticias.com\/labravaradiofm\/wp-content\/uploads\/sites\/5\/2025\/12\/tren_maya.jpeg","width":848,"height":477},{"@type":"BreadcrumbList","@id":"https:\/\/www.bbmnoticias.com\/tren-maya-alcanza-movilizar-a-mas-de-un-millon-200-mil-pasajeros\/#breadcrumb","itemListElement":[{"@type":"ListItem","position":1,"name":"Inicio","item":"https:\/\/www.bbmnoticias.com\/labravaradiofm\/"},{"@type":"ListItem","position":2,"name":"Tren Maya alcanza movilizar a m\u00e1s de un mill\u00f3n 200 mil pasajeros"}]},{"@type":"WebSite","@id":"https:\/\/www.bbmnoticias.com\/labravaradiofm\/#website","url":"https:\/\/www.bbmnoticias.com\/labravaradiofm\/","name":"LA BRAVA RADIO","description":"Empresa productora de medios, Radiodifusi\u00f3n, Noticias, tendencias y todo lo que necesitas saber de la pol\u00edtica mexicana e internacional; entretenimiento, espect\u00e1culos, salud y mucho m\u00e1s.","potentialAction":[{"@type":"SearchAction","target":{"@type":"EntryPoint","urlTemplate":"https:\/\/www.bbmnoticias.com\/labravaradiofm\/?s={search_term_string}"},"query-input":{"@type":"PropertyValueSpecification","valueRequired":true,"valueName":"search_term_string"}}],"inLanguage":"es"},{"@type":"Person","@id":"https:\/\/www.bbmnoticias.com\/labravaradiofm\/#\/schema\/person\/000bdaf0a8fb5bff0d537c4d0778e33f","name":"Agencias","image":{"@type":"ImageObject","inLanguage":"es","@id":"https:\/\/secure.gravatar.com\/avatar\/739e0b61adf9e398b425c36718c8752286da0e8cd90f20ce9a86678abc26aa0d?s=96&d=mm&r=g","url":"https:\/\/secure.gravatar.com\/avatar\/739e0b61adf9e398b425c36718c8752286da0e8cd90f20ce9a86678abc26aa0d?s=96&d=mm&r=g","contentUrl":"https:\/\/secure.gravatar.com\/avatar\/739e0b61adf9e398b425c36718c8752286da0e8cd90f20ce9a86678abc26aa0d?s=96&d=mm&r=g","caption":"Agencias"},"url":"https:\/\/www.bbmnoticias.com\/labravaradiofm\/author\/agencias\/"}]}},"_links":{"self":[{"href":"https:\/\/www.bbmnoticias.com\/labravaradiofm\/wp-json\/wp\/v2\/posts\/70804","targetHints":{"allow":["GET"]}}],"collection":[{"href":"https:\/\/www.bbmnoticias.com\/labravaradiofm\/wp-json\/wp\/v2\/posts"}],"about":[{"href":"https:\/\/www.bbmnoticias.com\/labravaradiofm\/wp-json\/wp\/v2\/types\/post"}],"author":[{"embeddable":true,"href":"https:\/\/www.bbmnoticias.com\/labravaradiofm\/wp-json\/wp\/v2\/users\/4"}],"replies":[{"embeddable":true,"href":"https:\/\/www.bbmnoticias.com\/labravaradiofm\/wp-json\/wp\/v2\/comments?post=70804"}],"version-history":[{"count":0,"href":"https:\/\/www.bbmnoticias.com\/labravaradiofm\/wp-json\/wp\/v2\/posts\/70804\/revisions"}],"wp:featuredmedia":[{"embeddable":true,"href":"https:\/\/www.bbmnoticias.com\/labravaradiofm\/wp-json\/wp\/v2\/media\/70806"}],"wp:attachment":[{"href":"https:\/\/www.bbmnoticias.com\/labravaradiofm\/wp-json\/wp\/v2\/media?parent=70804"}],"wp:term":[{"taxonomy":"category","embeddable":true,"href":"https:\/\/www.bbmnoticias.com\/labravaradiofm\/wp-json\/wp\/v2\/categories?post=70804"},{"taxonomy":"post_tag","embeddable":true,"href":"https:\/\/www.bbmnoticias.com\/labravaradiofm\/wp-json\/wp\/v2\/tags?post=70804"}],"curies":[{"name":"wp","href":"https:\/\/api.w.org\/{rel}","templated":true}]}}