{"id":70798,"date":"2025-12-04T09:03:10","date_gmt":"2025-12-04T15:03:10","guid":{"rendered":"https:\/\/www.bbmnoticias.com\/labravaradiofm\/2025\/12\/04\/todo-listo-para-celebrar-la-primera-guelaguetza-de-la-chinantla-2025\/"},"modified":"2025-12-04T09:03:16","modified_gmt":"2025-12-04T15:03:16","slug":"todo-listo-para-celebrar-la-primera-guelaguetza-de-la-chinantla-2025","status":"publish","type":"post","link":"https:\/\/www.bbmnoticias.com\/labravaradiofm\/2025\/12\/04\/todo-listo-para-celebrar-la-primera-guelaguetza-de-la-chinantla-2025\/","title":{"rendered":"Todo listo para celebrar la primera Guelaguetza de la Chinantla 2025"},"content":{"rendered":"<div style=\"margin-top: 0px; margin-bottom: 0px;\" class=\"sharethis-inline-share-buttons\" ><\/div>\n<p><strong>Oaxaca de Ju\u00e1rez, Oax.- <\/strong>Todo est\u00e1 listo para celebrar este s\u00e1bado 6 de diciembre, la primera edici\u00f3n de la Guelaguetza de la Chinantla 2025 en San Juan Bautista Tuxtepec, con la presentaci\u00f3n de 11 delegaciones en el Lienzo Charro, a partir de las 17:00 horas.<\/p>\n\n\n\n<p>La Secretar\u00eda de Turismo del Estado (Sectur Oaxaca) invita a locales y turistas nacionales e internacionales, a sumarse a este festejo que iniciar\u00e1 con una Calenda de las Culturas a las 16:00 horas, desde el Parque Piragua.<\/p>\n\n\n\n<p>San Juan Bautista Tuxtepec; San Lucas Ojitl\u00e1n, San Felipe Jalapa de D\u00edaz; San Juan Bautista Valle Nacional; Loma Bonita; San Pedro Ixcatl\u00e1n; Montenegro Santiago Jocotepec y San Felipe Usila, compartir\u00e1n al ritmo de sus bailes, la riqueza de sus tradiciones y sus atav\u00edos de textiles artesanales.<\/p>\n\n\n\n<p>Heroica Ciudad de Ejutla de Crespo, Heroica Ciudad de Huajuapan de Le\u00f3n y San Pedro Pochutla, con sus sones y jarabes tradicionales, participar\u00e1n como delegaciones invitadas para sumar colorido y alegr\u00eda a la fiesta de la Chinantla.<\/p>\n\n\n\n<p>Previo a la fiesta de la hermandad, el 5 de diciembre en el Recinto Ferial de Tuxtepec se inaugurar\u00e1n los stands de las poblaciones de la Ruta de la Chinantla, que ofrecer\u00e1n sus productos m\u00e1s representativos.<\/p>\n","protected":false},"excerpt":{"rendered":"<p>Oaxaca de Ju\u00e1rez, Oax.- Todo est\u00e1 listo para celebrar este s\u00e1bado 6 de diciembre, la primera edici\u00f3n de la Guelaguetza de la Chinantla 2025 en San Juan Bautista Tuxtepec, con la presentaci\u00f3n de 11 delegaciones en el Lienzo Charro, a partir de las 17:00 horas. La Secretar\u00eda de Turismo del Estado (Sectur Oaxaca) invita a [&hellip;]<\/p>\n","protected":false},"author":2,"featured_media":70800,"comment_status":"closed","ping_status":"","sticky":false,"template":"","format":"standard","meta":{"footnotes":""},"categories":[2],"tags":[],"class_list":{"0":"post-70798","1":"post","2":"type-post","3":"status-publish","4":"format-standard","5":"has-post-thumbnail","7":"category-oaxaca"},"yoast_head":"<!-- This site is optimized with the Yoast SEO plugin v27.4 - https:\/\/yoast.com\/product\/yoast-seo-wordpress\/ -->\n<title>Todo listo para celebrar la primera Guelaguetza de la Chinantla 2025 - LA BRAVA RADIO<\/title>\n<meta name=\"robots\" content=\"index, follow, max-snippet:-1, max-image-preview:large, max-video-preview:-1\" \/>\n<link rel=\"canonical\" href=\"https:\/\/www.bbmnoticias.com\/todo-listo-para-celebrar-la-primera-guelaguetza-de-la-chinantla-2025\/\" \/>\n<meta property=\"og:locale\" content=\"es_MX\" \/>\n<meta property=\"og:type\" content=\"article\" \/>\n<meta property=\"og:title\" content=\"Todo listo para celebrar la primera Guelaguetza de la Chinantla 2025 - LA BRAVA RADIO\" \/>\n<meta property=\"og:description\" content=\"Oaxaca de Ju\u00e1rez, Oax.- Todo est\u00e1 listo para celebrar este s\u00e1bado 6 de diciembre, la primera edici\u00f3n de la Guelaguetza de la Chinantla 2025 en San Juan Bautista Tuxtepec, con la presentaci\u00f3n de 11 delegaciones en el Lienzo Charro, a partir de las 17:00 horas. La Secretar\u00eda de Turismo del Estado (Sectur Oaxaca) invita a [&hellip;]\" \/>\n<meta property=\"og:url\" content=\"https:\/\/www.bbmnoticias.com\/todo-listo-para-celebrar-la-primera-guelaguetza-de-la-chinantla-2025\/\" \/>\n<meta property=\"og:site_name\" content=\"LA BRAVA RADIO\" \/>\n<meta property=\"article:published_time\" content=\"2025-12-04T15:03:10+00:00\" \/>\n<meta property=\"article:modified_time\" content=\"2025-12-04T15:03:16+00:00\" \/>\n<meta property=\"og:image\" content=\"https:\/\/www.bbmnoticias.com\/labravaradiofm\/wp-content\/uploads\/sites\/5\/2025\/12\/guelaguetza_chinantla.jpg\" \/>\n\t<meta property=\"og:image:width\" content=\"800\" \/>\n\t<meta property=\"og:image:height\" content=\"533\" \/>\n\t<meta property=\"og:image:type\" content=\"image\/jpeg\" \/>\n<meta name=\"author\" content=\"Staff\" \/>\n<meta name=\"twitter:card\" content=\"summary_large_image\" \/>\n<meta name=\"twitter:label1\" content=\"Escrito por\" \/>\n\t<meta name=\"twitter:data1\" content=\"Staff\" \/>\n\t<meta name=\"twitter:label2\" content=\"Tiempo de lectura\" \/>\n\t<meta name=\"twitter:data2\" content=\"1 minuto\" \/>\n<script type=\"application\/ld+json\" class=\"yoast-schema-graph\">{\"@context\":\"https:\\\/\\\/schema.org\",\"@graph\":[{\"@type\":\"Article\",\"@id\":\"https:\\\/\\\/www.bbmnoticias.com\\\/todo-listo-para-celebrar-la-primera-guelaguetza-de-la-chinantla-2025\\\/#article\",\"isPartOf\":{\"@id\":\"https:\\\/\\\/www.bbmnoticias.com\\\/labravaradiofm\\\/2025\\\/12\\\/04\\\/todo-listo-para-celebrar-la-primera-guelaguetza-de-la-chinantla-2025\\\/\"},\"author\":{\"name\":\"Staff\",\"@id\":\"https:\\\/\\\/www.bbmnoticias.com\\\/labravaradiofm\\\/#\\\/schema\\\/person\\\/68a9e9036ef3c5b55aeb2b71dc8bab45\"},\"headline\":\"Todo listo para celebrar la primera Guelaguetza de la Chinantla 2025\",\"datePublished\":\"2025-12-04T15:03:10+00:00\",\"dateModified\":\"2025-12-04T15:03:16+00:00\",\"mainEntityOfPage\":{\"@id\":\"https:\\\/\\\/www.bbmnoticias.com\\\/labravaradiofm\\\/2025\\\/12\\\/04\\\/todo-listo-para-celebrar-la-primera-guelaguetza-de-la-chinantla-2025\\\/\"},\"wordCount\":222,\"image\":{\"@id\":\"https:\\\/\\\/www.bbmnoticias.com\\\/todo-listo-para-celebrar-la-primera-guelaguetza-de-la-chinantla-2025\\\/#primaryimage\"},\"thumbnailUrl\":\"https:\\\/\\\/www.bbmnoticias.com\\\/labravaradiofm\\\/wp-content\\\/uploads\\\/sites\\\/5\\\/2025\\\/12\\\/guelaguetza_chinantla.jpg\",\"articleSection\":[\"LOCAL\"],\"inLanguage\":\"es\"},{\"@type\":\"WebPage\",\"@id\":\"https:\\\/\\\/www.bbmnoticias.com\\\/labravaradiofm\\\/2025\\\/12\\\/04\\\/todo-listo-para-celebrar-la-primera-guelaguetza-de-la-chinantla-2025\\\/\",\"url\":\"https:\\\/\\\/www.bbmnoticias.com\\\/todo-listo-para-celebrar-la-primera-guelaguetza-de-la-chinantla-2025\\\/\",\"name\":\"Todo listo para celebrar la primera Guelaguetza de la Chinantla 2025 - LA BRAVA RADIO\",\"isPartOf\":{\"@id\":\"https:\\\/\\\/www.bbmnoticias.com\\\/labravaradiofm\\\/#website\"},\"primaryImageOfPage\":{\"@id\":\"https:\\\/\\\/www.bbmnoticias.com\\\/todo-listo-para-celebrar-la-primera-guelaguetza-de-la-chinantla-2025\\\/#primaryimage\"},\"image\":{\"@id\":\"https:\\\/\\\/www.bbmnoticias.com\\\/todo-listo-para-celebrar-la-primera-guelaguetza-de-la-chinantla-2025\\\/#primaryimage\"},\"thumbnailUrl\":\"https:\\\/\\\/www.bbmnoticias.com\\\/labravaradiofm\\\/wp-content\\\/uploads\\\/sites\\\/5\\\/2025\\\/12\\\/guelaguetza_chinantla.jpg\",\"datePublished\":\"2025-12-04T15:03:10+00:00\",\"dateModified\":\"2025-12-04T15:03:16+00:00\",\"author\":{\"@id\":\"https:\\\/\\\/www.bbmnoticias.com\\\/labravaradiofm\\\/#\\\/schema\\\/person\\\/68a9e9036ef3c5b55aeb2b71dc8bab45\"},\"breadcrumb\":{\"@id\":\"https:\\\/\\\/www.bbmnoticias.com\\\/todo-listo-para-celebrar-la-primera-guelaguetza-de-la-chinantla-2025\\\/#breadcrumb\"},\"inLanguage\":\"es\",\"potentialAction\":[{\"@type\":\"ReadAction\",\"target\":[\"https:\\\/\\\/www.bbmnoticias.com\\\/todo-listo-para-celebrar-la-primera-guelaguetza-de-la-chinantla-2025\\\/\"]}]},{\"@type\":\"ImageObject\",\"inLanguage\":\"es\",\"@id\":\"https:\\\/\\\/www.bbmnoticias.com\\\/todo-listo-para-celebrar-la-primera-guelaguetza-de-la-chinantla-2025\\\/#primaryimage\",\"url\":\"https:\\\/\\\/www.bbmnoticias.com\\\/labravaradiofm\\\/wp-content\\\/uploads\\\/sites\\\/5\\\/2025\\\/12\\\/guelaguetza_chinantla.jpg\",\"contentUrl\":\"https:\\\/\\\/www.bbmnoticias.com\\\/labravaradiofm\\\/wp-content\\\/uploads\\\/sites\\\/5\\\/2025\\\/12\\\/guelaguetza_chinantla.jpg\",\"width\":800,\"height\":533},{\"@type\":\"BreadcrumbList\",\"@id\":\"https:\\\/\\\/www.bbmnoticias.com\\\/todo-listo-para-celebrar-la-primera-guelaguetza-de-la-chinantla-2025\\\/#breadcrumb\",\"itemListElement\":[{\"@type\":\"ListItem\",\"position\":1,\"name\":\"Inicio\",\"item\":\"https:\\\/\\\/www.bbmnoticias.com\\\/labravaradiofm\\\/\"},{\"@type\":\"ListItem\",\"position\":2,\"name\":\"Todo listo para celebrar la primera Guelaguetza de la Chinantla 2025\"}]},{\"@type\":\"WebSite\",\"@id\":\"https:\\\/\\\/www.bbmnoticias.com\\\/labravaradiofm\\\/#website\",\"url\":\"https:\\\/\\\/www.bbmnoticias.com\\\/labravaradiofm\\\/\",\"name\":\"LA BRAVA RADIO\",\"description\":\"Empresa productora de medios, Radiodifusi\u00f3n, Noticias, tendencias y todo lo que necesitas saber de la pol\u00edtica mexicana e internacional; entretenimiento, espect\u00e1culos, salud y mucho m\u00e1s.\",\"potentialAction\":[{\"@type\":\"SearchAction\",\"target\":{\"@type\":\"EntryPoint\",\"urlTemplate\":\"https:\\\/\\\/www.bbmnoticias.com\\\/labravaradiofm\\\/?s={search_term_string}\"},\"query-input\":{\"@type\":\"PropertyValueSpecification\",\"valueRequired\":true,\"valueName\":\"search_term_string\"}}],\"inLanguage\":\"es\"},{\"@type\":\"Person\",\"@id\":\"https:\\\/\\\/www.bbmnoticias.com\\\/labravaradiofm\\\/#\\\/schema\\\/person\\\/68a9e9036ef3c5b55aeb2b71dc8bab45\",\"name\":\"Staff\",\"image\":{\"@type\":\"ImageObject\",\"inLanguage\":\"es\",\"@id\":\"https:\\\/\\\/secure.gravatar.com\\\/avatar\\\/fdd21ad66fd8b98c407f9dee5b5e588cfe7f0d8579ec20fa6527cd59bab7f0f0?s=96&d=mm&r=g\",\"url\":\"https:\\\/\\\/secure.gravatar.com\\\/avatar\\\/fdd21ad66fd8b98c407f9dee5b5e588cfe7f0d8579ec20fa6527cd59bab7f0f0?s=96&d=mm&r=g\",\"contentUrl\":\"https:\\\/\\\/secure.gravatar.com\\\/avatar\\\/fdd21ad66fd8b98c407f9dee5b5e588cfe7f0d8579ec20fa6527cd59bab7f0f0?s=96&d=mm&r=g\",\"caption\":\"Staff\"},\"url\":\"https:\\\/\\\/www.bbmnoticias.com\\\/labravaradiofm\\\/author\\\/redaccion\\\/\"}]}<\/script>\n<!-- \/ Yoast SEO plugin. -->","yoast_head_json":{"title":"Todo listo para celebrar la primera Guelaguetza de la Chinantla 2025 - LA BRAVA RADIO","robots":{"index":"index","follow":"follow","max-snippet":"max-snippet:-1","max-image-preview":"max-image-preview:large","max-video-preview":"max-video-preview:-1"},"canonical":"https:\/\/www.bbmnoticias.com\/todo-listo-para-celebrar-la-primera-guelaguetza-de-la-chinantla-2025\/","og_locale":"es_MX","og_type":"article","og_title":"Todo listo para celebrar la primera Guelaguetza de la Chinantla 2025 - LA BRAVA RADIO","og_description":"Oaxaca de Ju\u00e1rez, Oax.- Todo est\u00e1 listo para celebrar este s\u00e1bado 6 de diciembre, la primera edici\u00f3n de la Guelaguetza de la Chinantla 2025 en San Juan Bautista Tuxtepec, con la presentaci\u00f3n de 11 delegaciones en el Lienzo Charro, a partir de las 17:00 horas. La Secretar\u00eda de Turismo del Estado (Sectur Oaxaca) invita a [&hellip;]","og_url":"https:\/\/www.bbmnoticias.com\/todo-listo-para-celebrar-la-primera-guelaguetza-de-la-chinantla-2025\/","og_site_name":"LA BRAVA RADIO","article_published_time":"2025-12-04T15:03:10+00:00","article_modified_time":"2025-12-04T15:03:16+00:00","og_image":[{"width":800,"height":533,"url":"https:\/\/www.bbmnoticias.com\/labravaradiofm\/wp-content\/uploads\/sites\/5\/2025\/12\/guelaguetza_chinantla.jpg","type":"image\/jpeg"}],"author":"Staff","twitter_card":"summary_large_image","twitter_misc":{"Escrito por":"Staff","Tiempo de lectura":"1 minuto"},"schema":{"@context":"https:\/\/schema.org","@graph":[{"@type":"Article","@id":"https:\/\/www.bbmnoticias.com\/todo-listo-para-celebrar-la-primera-guelaguetza-de-la-chinantla-2025\/#article","isPartOf":{"@id":"https:\/\/www.bbmnoticias.com\/labravaradiofm\/2025\/12\/04\/todo-listo-para-celebrar-la-primera-guelaguetza-de-la-chinantla-2025\/"},"author":{"name":"Staff","@id":"https:\/\/www.bbmnoticias.com\/labravaradiofm\/#\/schema\/person\/68a9e9036ef3c5b55aeb2b71dc8bab45"},"headline":"Todo listo para celebrar la primera Guelaguetza de la Chinantla 2025","datePublished":"2025-12-04T15:03:10+00:00","dateModified":"2025-12-04T15:03:16+00:00","mainEntityOfPage":{"@id":"https:\/\/www.bbmnoticias.com\/labravaradiofm\/2025\/12\/04\/todo-listo-para-celebrar-la-primera-guelaguetza-de-la-chinantla-2025\/"},"wordCount":222,"image":{"@id":"https:\/\/www.bbmnoticias.com\/todo-listo-para-celebrar-la-primera-guelaguetza-de-la-chinantla-2025\/#primaryimage"},"thumbnailUrl":"https:\/\/www.bbmnoticias.com\/labravaradiofm\/wp-content\/uploads\/sites\/5\/2025\/12\/guelaguetza_chinantla.jpg","articleSection":["LOCAL"],"inLanguage":"es"},{"@type":"WebPage","@id":"https:\/\/www.bbmnoticias.com\/labravaradiofm\/2025\/12\/04\/todo-listo-para-celebrar-la-primera-guelaguetza-de-la-chinantla-2025\/","url":"https:\/\/www.bbmnoticias.com\/todo-listo-para-celebrar-la-primera-guelaguetza-de-la-chinantla-2025\/","name":"Todo listo para celebrar la primera Guelaguetza de la Chinantla 2025 - LA BRAVA RADIO","isPartOf":{"@id":"https:\/\/www.bbmnoticias.com\/labravaradiofm\/#website"},"primaryImageOfPage":{"@id":"https:\/\/www.bbmnoticias.com\/todo-listo-para-celebrar-la-primera-guelaguetza-de-la-chinantla-2025\/#primaryimage"},"image":{"@id":"https:\/\/www.bbmnoticias.com\/todo-listo-para-celebrar-la-primera-guelaguetza-de-la-chinantla-2025\/#primaryimage"},"thumbnailUrl":"https:\/\/www.bbmnoticias.com\/labravaradiofm\/wp-content\/uploads\/sites\/5\/2025\/12\/guelaguetza_chinantla.jpg","datePublished":"2025-12-04T15:03:10+00:00","dateModified":"2025-12-04T15:03:16+00:00","author":{"@id":"https:\/\/www.bbmnoticias.com\/labravaradiofm\/#\/schema\/person\/68a9e9036ef3c5b55aeb2b71dc8bab45"},"breadcrumb":{"@id":"https:\/\/www.bbmnoticias.com\/todo-listo-para-celebrar-la-primera-guelaguetza-de-la-chinantla-2025\/#breadcrumb"},"inLanguage":"es","potentialAction":[{"@type":"ReadAction","target":["https:\/\/www.bbmnoticias.com\/todo-listo-para-celebrar-la-primera-guelaguetza-de-la-chinantla-2025\/"]}]},{"@type":"ImageObject","inLanguage":"es","@id":"https:\/\/www.bbmnoticias.com\/todo-listo-para-celebrar-la-primera-guelaguetza-de-la-chinantla-2025\/#primaryimage","url":"https:\/\/www.bbmnoticias.com\/labravaradiofm\/wp-content\/uploads\/sites\/5\/2025\/12\/guelaguetza_chinantla.jpg","contentUrl":"https:\/\/www.bbmnoticias.com\/labravaradiofm\/wp-content\/uploads\/sites\/5\/2025\/12\/guelaguetza_chinantla.jpg","width":800,"height":533},{"@type":"BreadcrumbList","@id":"https:\/\/www.bbmnoticias.com\/todo-listo-para-celebrar-la-primera-guelaguetza-de-la-chinantla-2025\/#breadcrumb","itemListElement":[{"@type":"ListItem","position":1,"name":"Inicio","item":"https:\/\/www.bbmnoticias.com\/labravaradiofm\/"},{"@type":"ListItem","position":2,"name":"Todo listo para celebrar la primera Guelaguetza de la Chinantla 2025"}]},{"@type":"WebSite","@id":"https:\/\/www.bbmnoticias.com\/labravaradiofm\/#website","url":"https:\/\/www.bbmnoticias.com\/labravaradiofm\/","name":"LA BRAVA RADIO","description":"Empresa productora de medios, Radiodifusi\u00f3n, Noticias, tendencias y todo lo que necesitas saber de la pol\u00edtica mexicana e internacional; entretenimiento, espect\u00e1culos, salud y mucho m\u00e1s.","potentialAction":[{"@type":"SearchAction","target":{"@type":"EntryPoint","urlTemplate":"https:\/\/www.bbmnoticias.com\/labravaradiofm\/?s={search_term_string}"},"query-input":{"@type":"PropertyValueSpecification","valueRequired":true,"valueName":"search_term_string"}}],"inLanguage":"es"},{"@type":"Person","@id":"https:\/\/www.bbmnoticias.com\/labravaradiofm\/#\/schema\/person\/68a9e9036ef3c5b55aeb2b71dc8bab45","name":"Staff","image":{"@type":"ImageObject","inLanguage":"es","@id":"https:\/\/secure.gravatar.com\/avatar\/fdd21ad66fd8b98c407f9dee5b5e588cfe7f0d8579ec20fa6527cd59bab7f0f0?s=96&d=mm&r=g","url":"https:\/\/secure.gravatar.com\/avatar\/fdd21ad66fd8b98c407f9dee5b5e588cfe7f0d8579ec20fa6527cd59bab7f0f0?s=96&d=mm&r=g","contentUrl":"https:\/\/secure.gravatar.com\/avatar\/fdd21ad66fd8b98c407f9dee5b5e588cfe7f0d8579ec20fa6527cd59bab7f0f0?s=96&d=mm&r=g","caption":"Staff"},"url":"https:\/\/www.bbmnoticias.com\/labravaradiofm\/author\/redaccion\/"}]}},"_links":{"self":[{"href":"https:\/\/www.bbmnoticias.com\/labravaradiofm\/wp-json\/wp\/v2\/posts\/70798","targetHints":{"allow":["GET"]}}],"collection":[{"href":"https:\/\/www.bbmnoticias.com\/labravaradiofm\/wp-json\/wp\/v2\/posts"}],"about":[{"href":"https:\/\/www.bbmnoticias.com\/labravaradiofm\/wp-json\/wp\/v2\/types\/post"}],"author":[{"embeddable":true,"href":"https:\/\/www.bbmnoticias.com\/labravaradiofm\/wp-json\/wp\/v2\/users\/2"}],"replies":[{"embeddable":true,"href":"https:\/\/www.bbmnoticias.com\/labravaradiofm\/wp-json\/wp\/v2\/comments?post=70798"}],"version-history":[{"count":0,"href":"https:\/\/www.bbmnoticias.com\/labravaradiofm\/wp-json\/wp\/v2\/posts\/70798\/revisions"}],"wp:featuredmedia":[{"embeddable":true,"href":"https:\/\/www.bbmnoticias.com\/labravaradiofm\/wp-json\/wp\/v2\/media\/70800"}],"wp:attachment":[{"href":"https:\/\/www.bbmnoticias.com\/labravaradiofm\/wp-json\/wp\/v2\/media?parent=70798"}],"wp:term":[{"taxonomy":"category","embeddable":true,"href":"https:\/\/www.bbmnoticias.com\/labravaradiofm\/wp-json\/wp\/v2\/categories?post=70798"},{"taxonomy":"post_tag","embeddable":true,"href":"https:\/\/www.bbmnoticias.com\/labravaradiofm\/wp-json\/wp\/v2\/tags?post=70798"}],"curies":[{"name":"wp","href":"https:\/\/api.w.org\/{rel}","templated":true}]}}