{"id":70776,"date":"2025-12-03T18:25:43","date_gmt":"2025-12-04T00:25:43","guid":{"rendered":"https:\/\/www.bbmnoticias.com\/labravaradiofm\/2025\/12\/03\/la-primavera-oaxaquena-es-una-realidad-palpable-con-315-obras-de-infraestructura-en-la-sierra-de-juarez-salomon-jara\/"},"modified":"2025-12-03T18:25:47","modified_gmt":"2025-12-04T00:25:47","slug":"la-primavera-oaxaquena-es-una-realidad-palpable-con-315-obras-de-infraestructura-en-la-sierra-de-juarez-salomon-jara","status":"publish","type":"post","link":"https:\/\/www.bbmnoticias.com\/labravaradiofm\/2025\/12\/03\/la-primavera-oaxaquena-es-una-realidad-palpable-con-315-obras-de-infraestructura-en-la-sierra-de-juarez-salomon-jara\/","title":{"rendered":"La Primavera Oaxaque\u00f1a es una realidad palpable con 315 obras de infraestructura en la Sierra de Ju\u00e1rez: Salom\u00f3n Jara"},"content":{"rendered":"<div style=\"margin-top: 0px; margin-bottom: 0px;\" class=\"sharethis-inline-share-buttons\" ><\/div>\n<p>Guelatao de Ju\u00e1rez, Oax.- Desde la tierra del Benem\u00e9rito de las Am\u00e9ricas, Benito Ju\u00e1rez Garc\u00eda; el Gobernador Salom\u00f3n Jara Cruz destac\u00f3 que la Primavera Oaxaque\u00f1a no es solo un discurso, es una realidad palpable con 315 obras de infraestructura construidas en tres a\u00f1os en la Sierra de Ju\u00e1rez, con una inversi\u00f3n de 837 millones de pesos.<\/p>\n\n\n\n<p>En el marco de su Gira Estatal de Rendici\u00f3n de Cuentas, el Mandatario estatal resalt\u00f3 ante la poblaci\u00f3n, la atenci\u00f3n a caminos y carreteras que han beneficiado a&nbsp; 42 municipios.<\/p>\n\n\n\n<p>Expres\u00f3 que estas acciones y los apoyos al campo, sector salud y educaci\u00f3n que impulsa su gobierno, se reflejan en los hogares y en las familias; siendo que por primera vez en d\u00e9cadas, los 570 municipios cuentan con obras en sus territorios y uno de cada dos oaxaque\u00f1os recibe un apoyo directo.<\/p>\n\n\n\n<p>\u201cYo s\u00e9 que nuestra regi\u00f3n requiere y necesita m\u00e1s; s\u00e9 que no es suficiente porque tuvimos un rezago durante muchos a\u00f1os por los gobiernos anteriores que no visitaban las comunidades; ahora nuestro gobierno est\u00e1 recorriendo todos los municipios para sacar adelante a Oaxaca\u201d, expres\u00f3.<\/p>\n\n\n\n<p>Para corresponder a la confianza del pueblo y honrar el mandato que le fue conferido hace tres a\u00f1os, Jara Cruz expres\u00f3 que en esta regi\u00f3n se han resuelto 9 conflictos agrarios, que han contribuido al desarrollo de las localidades.<\/p>\n\n\n\n<p>Entre las obras destacadas se encuentran:<\/p>\n\n\n\n<p>\u00b7&nbsp;&nbsp;&nbsp;&nbsp;&nbsp;&nbsp;&nbsp;&nbsp; La rehabilitaci\u00f3n con mezcla asf\u00e1ltica de las carreteras de: San Pablo Macuiltianguis, Santa Catarina Ixtepeji, San Juan Quiotepec y Soledad Tectitl\u00e1n.<\/p>\n\n\n\n<p>\u00b7&nbsp;&nbsp;&nbsp;&nbsp;&nbsp;&nbsp;&nbsp;&nbsp; Se han pavimentado con concreto hidr\u00e1ulico tramos en: San Miguel Amatl\u00e1n, San Pedro Y\u00f3lox, Santa Mar\u00eda Totomoxtla, Santa Ana Yareni, Santiago Laxopa, Santiago Zoochila, San Pedro Cajonos, Santa Mar\u00eda Yaves\u00eda, Santiago Xiacu\u00ed, San Baltazar Yatzachi el Bajo, Santa Mar\u00eda Tavehua, Abejones, Santa Mar\u00eda Yaviche, Tanetze de Zaragoza.<\/p>\n\n\n\n<p>\u00b7&nbsp;&nbsp;&nbsp;&nbsp;&nbsp;&nbsp;&nbsp;&nbsp; A partir de enero del 2026 se continuar\u00e1n los trabajos en la carretera Ixtl\u00e1n de Ju\u00e1rez hasta San Bartolom\u00e9 Zoogocho. Tambi\u00e9n se destinar\u00e1n mil millones de pesos en la construcci\u00f3n de caminos artesanales.<\/p>\n\n\n\n<p>\u00b7&nbsp;&nbsp;&nbsp;&nbsp;&nbsp;&nbsp;&nbsp;&nbsp; En estos tres a\u00f1os se destin\u00f3 una inversi\u00f3n hist\u00f3rica de m\u00e1s de 12 mil millones de pesos como parte de la pol\u00edtica social.<\/p>\n\n\n\n<p>\u00b7&nbsp;&nbsp;&nbsp;&nbsp;&nbsp;&nbsp;&nbsp;&nbsp; En la Sierra de Ju\u00e1rez, mil 275 jefas de familia han sido beneficiadas con la Tarjeta Margarita Maza y 113 con Cr\u00e9ditos a la Palabra Mujer Primavera.<\/p>\n\n\n\n<p>\u00b7&nbsp;&nbsp;&nbsp;&nbsp;&nbsp;&nbsp;&nbsp;&nbsp; Asimismo, 100 juventudes forman parte del programa Mi Primera Chamba, y m\u00e1s de 30 mil estudiantes con apoyo de \u00datiles Escolares.<\/p>\n\n\n\n<p>\u00b7&nbsp;&nbsp;&nbsp;&nbsp;&nbsp;&nbsp;&nbsp;&nbsp; Mediante las caravanas Ve\u2019e Tata 6 mil 804 personas han recibido distintos servicios, entre los que destaca m\u00e1s de mil mastograf\u00edas.<\/p>\n\n\n\n<p>\u00b7&nbsp;&nbsp;&nbsp;&nbsp;&nbsp;&nbsp;&nbsp;&nbsp; M\u00e1s de 4 mil personas agricultoras se benefician con programas para el campo.<\/p>\n\n\n\n<p>\u00b7&nbsp;&nbsp;&nbsp;&nbsp;&nbsp;&nbsp;&nbsp;&nbsp; Se destinaron m\u00e1s de 33 millones de pesos para los programas Autosuficiencia Alimentaria y Abasto Seguro de Ma\u00edz. Para la producci\u00f3n de este grano se entregaron 2 mil 738 paquetes de insumos agr\u00edcolas.<\/p>\n\n\n\n<p>\u00b7&nbsp;&nbsp;&nbsp;&nbsp;&nbsp;&nbsp;&nbsp;&nbsp; Con Agronegocios, se apoyaron 24 proyectos con garant\u00edas l\u00edquidas para cr\u00e9ditos por un monto de 15 millones de pesos.<\/p>\n\n\n\n<p>\u00b7&nbsp;&nbsp;&nbsp;&nbsp;&nbsp;&nbsp;&nbsp;&nbsp; En el sector pecuario se favorecieron 13 proyectos de inseminaci\u00f3n artificial y en acuacultura 35 con un monto de 883 mil pesos.<\/p>\n\n\n\n<p>\u00b7&nbsp;&nbsp;&nbsp;&nbsp;&nbsp;&nbsp;&nbsp;&nbsp; En materia de sanidad forestal, se canalizaron m\u00e1s de 3.5 millones de pesos. Con la Federaci\u00f3n, se han invertido m\u00e1s de 4 millones de pesos para el medio ambiente.<\/p>\n\n\n\n<p>\u00b7&nbsp;&nbsp;&nbsp;&nbsp;&nbsp;&nbsp;&nbsp;&nbsp; Un monto de 3.5 millones de pesos ha sido destinado para el control de plagas del gusano descortezador y defoliador.<\/p>\n\n\n\n<p>\u00b7&nbsp;&nbsp;&nbsp;&nbsp;&nbsp;&nbsp;&nbsp;&nbsp; Se destin\u00f3 una inversi\u00f3n superior a 50 millones de pesos en aulas, rehabilitaciones, sanitarios, entre otros. Destaca la construcci\u00f3n de 16 domos.<\/p>\n\n\n\n<p>\u00b7&nbsp;&nbsp;&nbsp;&nbsp;&nbsp;&nbsp;&nbsp;&nbsp; En el sector Ixtl\u00e1n se realizaron m\u00e1s de ocho techados en diversos centros escolares.<\/p>\n\n\n\n<p>\u00b7&nbsp;&nbsp;&nbsp;&nbsp;&nbsp;&nbsp;&nbsp;&nbsp; Para mejorar espacios deportivos, se aplicaron 3 millones de pesos en dos municipios. En tanto, nueve demarcaciones se beneficiaron con electrificaci\u00f3n. Se pavimentaron 12 calles en nueve municipios.<\/p>\n\n\n\n<p>\u00b7&nbsp;&nbsp;&nbsp;&nbsp;&nbsp;&nbsp;&nbsp;&nbsp; Se realiz\u00f3 la restauraci\u00f3n del patrimonio arquitect\u00f3nico de la Sierra de Ju\u00e1rez en los templos de Capul\u00e1lpam de M\u00e9ndez, Guelatao de Ju\u00e1rez, Villa Talea de Castro, Yatzachi El Alto, del municipio de San Baltazar Yatzachi El Bajo y Santo Domingo Yojovi, perteneciente a San Andr\u00e9s Solaga.<\/p>\n","protected":false},"excerpt":{"rendered":"<p>Guelatao de Ju\u00e1rez, Oax.- Desde la tierra del Benem\u00e9rito de las Am\u00e9ricas, Benito Ju\u00e1rez Garc\u00eda; el Gobernador Salom\u00f3n Jara Cruz destac\u00f3 que la Primavera Oaxaque\u00f1a no es solo un discurso, es una realidad palpable con 315 obras de infraestructura construidas en tres a\u00f1os en la Sierra de Ju\u00e1rez, con una inversi\u00f3n de 837 millones de [&hellip;]<\/p>\n","protected":false},"author":2,"featured_media":70778,"comment_status":"closed","ping_status":"","sticky":false,"template":"","format":"standard","meta":{"footnotes":""},"categories":[2],"tags":[],"class_list":{"0":"post-70776","1":"post","2":"type-post","3":"status-publish","4":"format-standard","5":"has-post-thumbnail","7":"category-oaxaca"},"yoast_head":"<!-- This site is optimized with the Yoast SEO plugin v27.4 - https:\/\/yoast.com\/product\/yoast-seo-wordpress\/ -->\n<title>La Primavera Oaxaque\u00f1a es una realidad palpable con 315 obras de infraestructura en la Sierra de Ju\u00e1rez: Salom\u00f3n Jara - LA BRAVA RADIO<\/title>\n<meta name=\"robots\" content=\"index, follow, max-snippet:-1, max-image-preview:large, max-video-preview:-1\" \/>\n<link rel=\"canonical\" href=\"https:\/\/www.bbmnoticias.com\/la-primavera-oaxaquena-es-una-realidad-palpable-con-315-obras-de-infraestructura-en-la-sierra-de-juarez-salomon-jara\/\" \/>\n<meta property=\"og:locale\" content=\"es_MX\" \/>\n<meta property=\"og:type\" content=\"article\" \/>\n<meta property=\"og:title\" content=\"La Primavera Oaxaque\u00f1a es una realidad palpable con 315 obras de infraestructura en la Sierra de Ju\u00e1rez: Salom\u00f3n Jara - LA BRAVA RADIO\" \/>\n<meta property=\"og:description\" content=\"Guelatao de Ju\u00e1rez, Oax.- Desde la tierra del Benem\u00e9rito de las Am\u00e9ricas, Benito Ju\u00e1rez Garc\u00eda; el Gobernador Salom\u00f3n Jara Cruz destac\u00f3 que la Primavera Oaxaque\u00f1a no es solo un discurso, es una realidad palpable con 315 obras de infraestructura construidas en tres a\u00f1os en la Sierra de Ju\u00e1rez, con una inversi\u00f3n de 837 millones de [&hellip;]\" \/>\n<meta property=\"og:url\" content=\"https:\/\/www.bbmnoticias.com\/la-primavera-oaxaquena-es-una-realidad-palpable-con-315-obras-de-infraestructura-en-la-sierra-de-juarez-salomon-jara\/\" \/>\n<meta property=\"og:site_name\" content=\"LA BRAVA RADIO\" \/>\n<meta property=\"article:published_time\" content=\"2025-12-04T00:25:43+00:00\" \/>\n<meta property=\"article:modified_time\" content=\"2025-12-04T00:25:47+00:00\" \/>\n<meta property=\"og:image\" content=\"https:\/\/www.bbmnoticias.com\/labravaradiofm\/wp-content\/uploads\/sites\/5\/2025\/12\/GOBERNADOR-RENDICION-DE-CUENTAS-GUELATAO-4.jpeg\" \/>\n\t<meta property=\"og:image:width\" content=\"1280\" \/>\n\t<meta property=\"og:image:height\" content=\"854\" \/>\n\t<meta property=\"og:image:type\" content=\"image\/jpeg\" \/>\n<meta name=\"author\" content=\"Staff\" \/>\n<meta name=\"twitter:card\" content=\"summary_large_image\" \/>\n<meta name=\"twitter:label1\" content=\"Escrito por\" \/>\n\t<meta name=\"twitter:data1\" content=\"Staff\" \/>\n\t<meta name=\"twitter:label2\" content=\"Tiempo de lectura\" \/>\n\t<meta name=\"twitter:data2\" content=\"4 minutos\" \/>\n<script type=\"application\/ld+json\" class=\"yoast-schema-graph\">{\"@context\":\"https:\\\/\\\/schema.org\",\"@graph\":[{\"@type\":\"Article\",\"@id\":\"https:\\\/\\\/www.bbmnoticias.com\\\/la-primavera-oaxaquena-es-una-realidad-palpable-con-315-obras-de-infraestructura-en-la-sierra-de-juarez-salomon-jara\\\/#article\",\"isPartOf\":{\"@id\":\"https:\\\/\\\/www.bbmnoticias.com\\\/labravaradiofm\\\/2025\\\/12\\\/03\\\/la-primavera-oaxaquena-es-una-realidad-palpable-con-315-obras-de-infraestructura-en-la-sierra-de-juarez-salomon-jara\\\/\"},\"author\":{\"name\":\"Staff\",\"@id\":\"https:\\\/\\\/www.bbmnoticias.com\\\/labravaradiofm\\\/#\\\/schema\\\/person\\\/68a9e9036ef3c5b55aeb2b71dc8bab45\"},\"headline\":\"La Primavera Oaxaque\u00f1a es una realidad palpable con 315 obras de infraestructura en la Sierra de Ju\u00e1rez: Salom\u00f3n Jara\",\"datePublished\":\"2025-12-04T00:25:43+00:00\",\"dateModified\":\"2025-12-04T00:25:47+00:00\",\"mainEntityOfPage\":{\"@id\":\"https:\\\/\\\/www.bbmnoticias.com\\\/labravaradiofm\\\/2025\\\/12\\\/03\\\/la-primavera-oaxaquena-es-una-realidad-palpable-con-315-obras-de-infraestructura-en-la-sierra-de-juarez-salomon-jara\\\/\"},\"wordCount\":869,\"image\":{\"@id\":\"https:\\\/\\\/www.bbmnoticias.com\\\/la-primavera-oaxaquena-es-una-realidad-palpable-con-315-obras-de-infraestructura-en-la-sierra-de-juarez-salomon-jara\\\/#primaryimage\"},\"thumbnailUrl\":\"https:\\\/\\\/www.bbmnoticias.com\\\/labravaradiofm\\\/wp-content\\\/uploads\\\/sites\\\/5\\\/2025\\\/12\\\/GOBERNADOR-RENDICION-DE-CUENTAS-GUELATAO-4.jpeg\",\"articleSection\":[\"LOCAL\"],\"inLanguage\":\"es\"},{\"@type\":\"WebPage\",\"@id\":\"https:\\\/\\\/www.bbmnoticias.com\\\/labravaradiofm\\\/2025\\\/12\\\/03\\\/la-primavera-oaxaquena-es-una-realidad-palpable-con-315-obras-de-infraestructura-en-la-sierra-de-juarez-salomon-jara\\\/\",\"url\":\"https:\\\/\\\/www.bbmnoticias.com\\\/la-primavera-oaxaquena-es-una-realidad-palpable-con-315-obras-de-infraestructura-en-la-sierra-de-juarez-salomon-jara\\\/\",\"name\":\"La Primavera Oaxaque\u00f1a es una realidad palpable con 315 obras de infraestructura en la Sierra de Ju\u00e1rez: Salom\u00f3n Jara - LA BRAVA RADIO\",\"isPartOf\":{\"@id\":\"https:\\\/\\\/www.bbmnoticias.com\\\/labravaradiofm\\\/#website\"},\"primaryImageOfPage\":{\"@id\":\"https:\\\/\\\/www.bbmnoticias.com\\\/la-primavera-oaxaquena-es-una-realidad-palpable-con-315-obras-de-infraestructura-en-la-sierra-de-juarez-salomon-jara\\\/#primaryimage\"},\"image\":{\"@id\":\"https:\\\/\\\/www.bbmnoticias.com\\\/la-primavera-oaxaquena-es-una-realidad-palpable-con-315-obras-de-infraestructura-en-la-sierra-de-juarez-salomon-jara\\\/#primaryimage\"},\"thumbnailUrl\":\"https:\\\/\\\/www.bbmnoticias.com\\\/labravaradiofm\\\/wp-content\\\/uploads\\\/sites\\\/5\\\/2025\\\/12\\\/GOBERNADOR-RENDICION-DE-CUENTAS-GUELATAO-4.jpeg\",\"datePublished\":\"2025-12-04T00:25:43+00:00\",\"dateModified\":\"2025-12-04T00:25:47+00:00\",\"author\":{\"@id\":\"https:\\\/\\\/www.bbmnoticias.com\\\/labravaradiofm\\\/#\\\/schema\\\/person\\\/68a9e9036ef3c5b55aeb2b71dc8bab45\"},\"breadcrumb\":{\"@id\":\"https:\\\/\\\/www.bbmnoticias.com\\\/la-primavera-oaxaquena-es-una-realidad-palpable-con-315-obras-de-infraestructura-en-la-sierra-de-juarez-salomon-jara\\\/#breadcrumb\"},\"inLanguage\":\"es\",\"potentialAction\":[{\"@type\":\"ReadAction\",\"target\":[\"https:\\\/\\\/www.bbmnoticias.com\\\/la-primavera-oaxaquena-es-una-realidad-palpable-con-315-obras-de-infraestructura-en-la-sierra-de-juarez-salomon-jara\\\/\"]}]},{\"@type\":\"ImageObject\",\"inLanguage\":\"es\",\"@id\":\"https:\\\/\\\/www.bbmnoticias.com\\\/la-primavera-oaxaquena-es-una-realidad-palpable-con-315-obras-de-infraestructura-en-la-sierra-de-juarez-salomon-jara\\\/#primaryimage\",\"url\":\"https:\\\/\\\/www.bbmnoticias.com\\\/labravaradiofm\\\/wp-content\\\/uploads\\\/sites\\\/5\\\/2025\\\/12\\\/GOBERNADOR-RENDICION-DE-CUENTAS-GUELATAO-4.jpeg\",\"contentUrl\":\"https:\\\/\\\/www.bbmnoticias.com\\\/labravaradiofm\\\/wp-content\\\/uploads\\\/sites\\\/5\\\/2025\\\/12\\\/GOBERNADOR-RENDICION-DE-CUENTAS-GUELATAO-4.jpeg\",\"width\":1280,\"height\":854},{\"@type\":\"BreadcrumbList\",\"@id\":\"https:\\\/\\\/www.bbmnoticias.com\\\/la-primavera-oaxaquena-es-una-realidad-palpable-con-315-obras-de-infraestructura-en-la-sierra-de-juarez-salomon-jara\\\/#breadcrumb\",\"itemListElement\":[{\"@type\":\"ListItem\",\"position\":1,\"name\":\"Inicio\",\"item\":\"https:\\\/\\\/www.bbmnoticias.com\\\/labravaradiofm\\\/\"},{\"@type\":\"ListItem\",\"position\":2,\"name\":\"La Primavera Oaxaque\u00f1a es una realidad palpable con 315 obras de infraestructura en la Sierra de Ju\u00e1rez: Salom\u00f3n Jara\"}]},{\"@type\":\"WebSite\",\"@id\":\"https:\\\/\\\/www.bbmnoticias.com\\\/labravaradiofm\\\/#website\",\"url\":\"https:\\\/\\\/www.bbmnoticias.com\\\/labravaradiofm\\\/\",\"name\":\"LA BRAVA RADIO\",\"description\":\"Empresa productora de medios, Radiodifusi\u00f3n, Noticias, tendencias y todo lo que necesitas saber de la pol\u00edtica mexicana e internacional; entretenimiento, espect\u00e1culos, salud y mucho m\u00e1s.\",\"potentialAction\":[{\"@type\":\"SearchAction\",\"target\":{\"@type\":\"EntryPoint\",\"urlTemplate\":\"https:\\\/\\\/www.bbmnoticias.com\\\/labravaradiofm\\\/?s={search_term_string}\"},\"query-input\":{\"@type\":\"PropertyValueSpecification\",\"valueRequired\":true,\"valueName\":\"search_term_string\"}}],\"inLanguage\":\"es\"},{\"@type\":\"Person\",\"@id\":\"https:\\\/\\\/www.bbmnoticias.com\\\/labravaradiofm\\\/#\\\/schema\\\/person\\\/68a9e9036ef3c5b55aeb2b71dc8bab45\",\"name\":\"Staff\",\"image\":{\"@type\":\"ImageObject\",\"inLanguage\":\"es\",\"@id\":\"https:\\\/\\\/secure.gravatar.com\\\/avatar\\\/fdd21ad66fd8b98c407f9dee5b5e588cfe7f0d8579ec20fa6527cd59bab7f0f0?s=96&d=mm&r=g\",\"url\":\"https:\\\/\\\/secure.gravatar.com\\\/avatar\\\/fdd21ad66fd8b98c407f9dee5b5e588cfe7f0d8579ec20fa6527cd59bab7f0f0?s=96&d=mm&r=g\",\"contentUrl\":\"https:\\\/\\\/secure.gravatar.com\\\/avatar\\\/fdd21ad66fd8b98c407f9dee5b5e588cfe7f0d8579ec20fa6527cd59bab7f0f0?s=96&d=mm&r=g\",\"caption\":\"Staff\"},\"url\":\"https:\\\/\\\/www.bbmnoticias.com\\\/labravaradiofm\\\/author\\\/redaccion\\\/\"}]}<\/script>\n<!-- \/ Yoast SEO plugin. -->","yoast_head_json":{"title":"La Primavera Oaxaque\u00f1a es una realidad palpable con 315 obras de infraestructura en la Sierra de Ju\u00e1rez: Salom\u00f3n Jara - LA BRAVA RADIO","robots":{"index":"index","follow":"follow","max-snippet":"max-snippet:-1","max-image-preview":"max-image-preview:large","max-video-preview":"max-video-preview:-1"},"canonical":"https:\/\/www.bbmnoticias.com\/la-primavera-oaxaquena-es-una-realidad-palpable-con-315-obras-de-infraestructura-en-la-sierra-de-juarez-salomon-jara\/","og_locale":"es_MX","og_type":"article","og_title":"La Primavera Oaxaque\u00f1a es una realidad palpable con 315 obras de infraestructura en la Sierra de Ju\u00e1rez: Salom\u00f3n Jara - LA BRAVA RADIO","og_description":"Guelatao de Ju\u00e1rez, Oax.- Desde la tierra del Benem\u00e9rito de las Am\u00e9ricas, Benito Ju\u00e1rez Garc\u00eda; el Gobernador Salom\u00f3n Jara Cruz destac\u00f3 que la Primavera Oaxaque\u00f1a no es solo un discurso, es una realidad palpable con 315 obras de infraestructura construidas en tres a\u00f1os en la Sierra de Ju\u00e1rez, con una inversi\u00f3n de 837 millones de [&hellip;]","og_url":"https:\/\/www.bbmnoticias.com\/la-primavera-oaxaquena-es-una-realidad-palpable-con-315-obras-de-infraestructura-en-la-sierra-de-juarez-salomon-jara\/","og_site_name":"LA BRAVA RADIO","article_published_time":"2025-12-04T00:25:43+00:00","article_modified_time":"2025-12-04T00:25:47+00:00","og_image":[{"width":1280,"height":854,"url":"https:\/\/www.bbmnoticias.com\/labravaradiofm\/wp-content\/uploads\/sites\/5\/2025\/12\/GOBERNADOR-RENDICION-DE-CUENTAS-GUELATAO-4.jpeg","type":"image\/jpeg"}],"author":"Staff","twitter_card":"summary_large_image","twitter_misc":{"Escrito por":"Staff","Tiempo de lectura":"4 minutos"},"schema":{"@context":"https:\/\/schema.org","@graph":[{"@type":"Article","@id":"https:\/\/www.bbmnoticias.com\/la-primavera-oaxaquena-es-una-realidad-palpable-con-315-obras-de-infraestructura-en-la-sierra-de-juarez-salomon-jara\/#article","isPartOf":{"@id":"https:\/\/www.bbmnoticias.com\/labravaradiofm\/2025\/12\/03\/la-primavera-oaxaquena-es-una-realidad-palpable-con-315-obras-de-infraestructura-en-la-sierra-de-juarez-salomon-jara\/"},"author":{"name":"Staff","@id":"https:\/\/www.bbmnoticias.com\/labravaradiofm\/#\/schema\/person\/68a9e9036ef3c5b55aeb2b71dc8bab45"},"headline":"La Primavera Oaxaque\u00f1a es una realidad palpable con 315 obras de infraestructura en la Sierra de Ju\u00e1rez: Salom\u00f3n Jara","datePublished":"2025-12-04T00:25:43+00:00","dateModified":"2025-12-04T00:25:47+00:00","mainEntityOfPage":{"@id":"https:\/\/www.bbmnoticias.com\/labravaradiofm\/2025\/12\/03\/la-primavera-oaxaquena-es-una-realidad-palpable-con-315-obras-de-infraestructura-en-la-sierra-de-juarez-salomon-jara\/"},"wordCount":869,"image":{"@id":"https:\/\/www.bbmnoticias.com\/la-primavera-oaxaquena-es-una-realidad-palpable-con-315-obras-de-infraestructura-en-la-sierra-de-juarez-salomon-jara\/#primaryimage"},"thumbnailUrl":"https:\/\/www.bbmnoticias.com\/labravaradiofm\/wp-content\/uploads\/sites\/5\/2025\/12\/GOBERNADOR-RENDICION-DE-CUENTAS-GUELATAO-4.jpeg","articleSection":["LOCAL"],"inLanguage":"es"},{"@type":"WebPage","@id":"https:\/\/www.bbmnoticias.com\/labravaradiofm\/2025\/12\/03\/la-primavera-oaxaquena-es-una-realidad-palpable-con-315-obras-de-infraestructura-en-la-sierra-de-juarez-salomon-jara\/","url":"https:\/\/www.bbmnoticias.com\/la-primavera-oaxaquena-es-una-realidad-palpable-con-315-obras-de-infraestructura-en-la-sierra-de-juarez-salomon-jara\/","name":"La Primavera Oaxaque\u00f1a es una realidad palpable con 315 obras de infraestructura en la Sierra de Ju\u00e1rez: Salom\u00f3n Jara - LA BRAVA RADIO","isPartOf":{"@id":"https:\/\/www.bbmnoticias.com\/labravaradiofm\/#website"},"primaryImageOfPage":{"@id":"https:\/\/www.bbmnoticias.com\/la-primavera-oaxaquena-es-una-realidad-palpable-con-315-obras-de-infraestructura-en-la-sierra-de-juarez-salomon-jara\/#primaryimage"},"image":{"@id":"https:\/\/www.bbmnoticias.com\/la-primavera-oaxaquena-es-una-realidad-palpable-con-315-obras-de-infraestructura-en-la-sierra-de-juarez-salomon-jara\/#primaryimage"},"thumbnailUrl":"https:\/\/www.bbmnoticias.com\/labravaradiofm\/wp-content\/uploads\/sites\/5\/2025\/12\/GOBERNADOR-RENDICION-DE-CUENTAS-GUELATAO-4.jpeg","datePublished":"2025-12-04T00:25:43+00:00","dateModified":"2025-12-04T00:25:47+00:00","author":{"@id":"https:\/\/www.bbmnoticias.com\/labravaradiofm\/#\/schema\/person\/68a9e9036ef3c5b55aeb2b71dc8bab45"},"breadcrumb":{"@id":"https:\/\/www.bbmnoticias.com\/la-primavera-oaxaquena-es-una-realidad-palpable-con-315-obras-de-infraestructura-en-la-sierra-de-juarez-salomon-jara\/#breadcrumb"},"inLanguage":"es","potentialAction":[{"@type":"ReadAction","target":["https:\/\/www.bbmnoticias.com\/la-primavera-oaxaquena-es-una-realidad-palpable-con-315-obras-de-infraestructura-en-la-sierra-de-juarez-salomon-jara\/"]}]},{"@type":"ImageObject","inLanguage":"es","@id":"https:\/\/www.bbmnoticias.com\/la-primavera-oaxaquena-es-una-realidad-palpable-con-315-obras-de-infraestructura-en-la-sierra-de-juarez-salomon-jara\/#primaryimage","url":"https:\/\/www.bbmnoticias.com\/labravaradiofm\/wp-content\/uploads\/sites\/5\/2025\/12\/GOBERNADOR-RENDICION-DE-CUENTAS-GUELATAO-4.jpeg","contentUrl":"https:\/\/www.bbmnoticias.com\/labravaradiofm\/wp-content\/uploads\/sites\/5\/2025\/12\/GOBERNADOR-RENDICION-DE-CUENTAS-GUELATAO-4.jpeg","width":1280,"height":854},{"@type":"BreadcrumbList","@id":"https:\/\/www.bbmnoticias.com\/la-primavera-oaxaquena-es-una-realidad-palpable-con-315-obras-de-infraestructura-en-la-sierra-de-juarez-salomon-jara\/#breadcrumb","itemListElement":[{"@type":"ListItem","position":1,"name":"Inicio","item":"https:\/\/www.bbmnoticias.com\/labravaradiofm\/"},{"@type":"ListItem","position":2,"name":"La Primavera Oaxaque\u00f1a es una realidad palpable con 315 obras de infraestructura en la Sierra de Ju\u00e1rez: Salom\u00f3n Jara"}]},{"@type":"WebSite","@id":"https:\/\/www.bbmnoticias.com\/labravaradiofm\/#website","url":"https:\/\/www.bbmnoticias.com\/labravaradiofm\/","name":"LA BRAVA RADIO","description":"Empresa productora de medios, Radiodifusi\u00f3n, Noticias, tendencias y todo lo que necesitas saber de la pol\u00edtica mexicana e internacional; entretenimiento, espect\u00e1culos, salud y mucho m\u00e1s.","potentialAction":[{"@type":"SearchAction","target":{"@type":"EntryPoint","urlTemplate":"https:\/\/www.bbmnoticias.com\/labravaradiofm\/?s={search_term_string}"},"query-input":{"@type":"PropertyValueSpecification","valueRequired":true,"valueName":"search_term_string"}}],"inLanguage":"es"},{"@type":"Person","@id":"https:\/\/www.bbmnoticias.com\/labravaradiofm\/#\/schema\/person\/68a9e9036ef3c5b55aeb2b71dc8bab45","name":"Staff","image":{"@type":"ImageObject","inLanguage":"es","@id":"https:\/\/secure.gravatar.com\/avatar\/fdd21ad66fd8b98c407f9dee5b5e588cfe7f0d8579ec20fa6527cd59bab7f0f0?s=96&d=mm&r=g","url":"https:\/\/secure.gravatar.com\/avatar\/fdd21ad66fd8b98c407f9dee5b5e588cfe7f0d8579ec20fa6527cd59bab7f0f0?s=96&d=mm&r=g","contentUrl":"https:\/\/secure.gravatar.com\/avatar\/fdd21ad66fd8b98c407f9dee5b5e588cfe7f0d8579ec20fa6527cd59bab7f0f0?s=96&d=mm&r=g","caption":"Staff"},"url":"https:\/\/www.bbmnoticias.com\/labravaradiofm\/author\/redaccion\/"}]}},"_links":{"self":[{"href":"https:\/\/www.bbmnoticias.com\/labravaradiofm\/wp-json\/wp\/v2\/posts\/70776","targetHints":{"allow":["GET"]}}],"collection":[{"href":"https:\/\/www.bbmnoticias.com\/labravaradiofm\/wp-json\/wp\/v2\/posts"}],"about":[{"href":"https:\/\/www.bbmnoticias.com\/labravaradiofm\/wp-json\/wp\/v2\/types\/post"}],"author":[{"embeddable":true,"href":"https:\/\/www.bbmnoticias.com\/labravaradiofm\/wp-json\/wp\/v2\/users\/2"}],"replies":[{"embeddable":true,"href":"https:\/\/www.bbmnoticias.com\/labravaradiofm\/wp-json\/wp\/v2\/comments?post=70776"}],"version-history":[{"count":0,"href":"https:\/\/www.bbmnoticias.com\/labravaradiofm\/wp-json\/wp\/v2\/posts\/70776\/revisions"}],"wp:featuredmedia":[{"embeddable":true,"href":"https:\/\/www.bbmnoticias.com\/labravaradiofm\/wp-json\/wp\/v2\/media\/70778"}],"wp:attachment":[{"href":"https:\/\/www.bbmnoticias.com\/labravaradiofm\/wp-json\/wp\/v2\/media?parent=70776"}],"wp:term":[{"taxonomy":"category","embeddable":true,"href":"https:\/\/www.bbmnoticias.com\/labravaradiofm\/wp-json\/wp\/v2\/categories?post=70776"},{"taxonomy":"post_tag","embeddable":true,"href":"https:\/\/www.bbmnoticias.com\/labravaradiofm\/wp-json\/wp\/v2\/tags?post=70776"}],"curies":[{"name":"wp","href":"https:\/\/api.w.org\/{rel}","templated":true}]}}