{"id":70770,"date":"2025-12-03T18:20:09","date_gmt":"2025-12-04T00:20:09","guid":{"rendered":"https:\/\/www.bbmnoticias.com\/labravaradiofm\/2025\/12\/03\/concluye-sego-taller-mindfulness-en-centro-penitenciario-varonil-de-tanivet-tlacolula\/"},"modified":"2025-12-03T18:20:29","modified_gmt":"2025-12-04T00:20:29","slug":"concluye-sego-taller-mindfulness-en-centro-penitenciario-varonil-de-tanivet-tlacolula","status":"publish","type":"post","link":"https:\/\/www.bbmnoticias.com\/labravaradiofm\/2025\/12\/03\/concluye-sego-taller-mindfulness-en-centro-penitenciario-varonil-de-tanivet-tlacolula\/","title":{"rendered":"Concluye Sego taller Mindfulness en Centro Penitenciario Varonil de Tanivet, Tlacolula"},"content":{"rendered":"<div style=\"margin-top: 0px; margin-bottom: 0px;\" class=\"sharethis-inline-share-buttons\" ><\/div>\n<p><strong>Oaxaca de Ju\u00e1rez, Oax.-<\/strong> La Secretar\u00eda de Gobierno (Sego) concluy\u00f3 el taller para el Entrenamiento en Atenci\u00f3n Plena (Mindfulness) a 36 Personas Privadas de su Libertad (PPL) del Centro Penitenciario Varonil de Tanivet, Tlacolula; con el fin de promover entornos armoniosos que contribuyen a la reinserci\u00f3n social.<\/p>\n\n\n\n<p>En coordinaci\u00f3n con la Secretar\u00eda de Seguridad y Protecci\u00f3n Ciudadana (SSPC) se realizaron 10 sesiones, las cuales iniciaron el pasado 12 de agosto, correspondientes al Programa de Paz con Justicia y Bienestar para el Pueblo de Oaxaca de la Sego.<\/p>\n\n\n\n<p>Esta capacitaci\u00f3n ayud\u00f3 a reducir el estr\u00e9s y estados emocionales negativos, promovi\u00f3 la relajaci\u00f3n, bienestar y paz interior de esta poblaci\u00f3n.<\/p>\n\n\n\n<p>En cada sesi\u00f3n se propiciaron espacios de di\u00e1logo, participaci\u00f3n colectiva, empat\u00eda, y creaci\u00f3n art\u00edstica; se tom\u00f3 en cuenta que la atenci\u00f3n plena no solo se centra en las necesidades individuales, sino que incide en la din\u00e1mica colectiva, favoreciendo espacios de aprendizaje y sanaci\u00f3n.<\/p>\n","protected":false},"excerpt":{"rendered":"<p>Oaxaca de Ju\u00e1rez, Oax.- La Secretar\u00eda de Gobierno (Sego) concluy\u00f3 el taller para el Entrenamiento en Atenci\u00f3n Plena (Mindfulness) a 36 Personas Privadas de su Libertad (PPL) del Centro Penitenciario Varonil de Tanivet, Tlacolula; con el fin de promover entornos armoniosos que contribuyen a la reinserci\u00f3n social. En coordinaci\u00f3n con la Secretar\u00eda de Seguridad y [&hellip;]<\/p>\n","protected":false},"author":2,"featured_media":70772,"comment_status":"closed","ping_status":"","sticky":false,"template":"","format":"standard","meta":{"footnotes":""},"categories":[2],"tags":[],"class_list":{"0":"post-70770","1":"post","2":"type-post","3":"status-publish","4":"format-standard","5":"has-post-thumbnail","7":"category-oaxaca"},"yoast_head":"<!-- This site is optimized with the Yoast SEO plugin v27.4 - https:\/\/yoast.com\/product\/yoast-seo-wordpress\/ -->\n<title>Concluye Sego taller Mindfulness en Centro Penitenciario Varonil de Tanivet, Tlacolula - LA BRAVA RADIO<\/title>\n<meta name=\"robots\" content=\"index, follow, max-snippet:-1, max-image-preview:large, max-video-preview:-1\" \/>\n<link rel=\"canonical\" href=\"https:\/\/www.bbmnoticias.com\/concluye-sego-taller-mindfulness-en-centro-penitenciario-varonil-de-tanivet-tlacolula\/\" \/>\n<meta property=\"og:locale\" content=\"es_MX\" \/>\n<meta property=\"og:type\" content=\"article\" \/>\n<meta property=\"og:title\" content=\"Concluye Sego taller Mindfulness en Centro Penitenciario Varonil de Tanivet, Tlacolula - LA BRAVA RADIO\" \/>\n<meta property=\"og:description\" content=\"Oaxaca de Ju\u00e1rez, Oax.- La Secretar\u00eda de Gobierno (Sego) concluy\u00f3 el taller para el Entrenamiento en Atenci\u00f3n Plena (Mindfulness) a 36 Personas Privadas de su Libertad (PPL) del Centro Penitenciario Varonil de Tanivet, Tlacolula; con el fin de promover entornos armoniosos que contribuyen a la reinserci\u00f3n social. En coordinaci\u00f3n con la Secretar\u00eda de Seguridad y [&hellip;]\" \/>\n<meta property=\"og:url\" content=\"https:\/\/www.bbmnoticias.com\/concluye-sego-taller-mindfulness-en-centro-penitenciario-varonil-de-tanivet-tlacolula\/\" \/>\n<meta property=\"og:site_name\" content=\"LA BRAVA RADIO\" \/>\n<meta property=\"article:published_time\" content=\"2025-12-04T00:20:09+00:00\" \/>\n<meta property=\"article:modified_time\" content=\"2025-12-04T00:20:29+00:00\" \/>\n<meta property=\"og:image\" content=\"https:\/\/www.bbmnoticias.com\/labravaradiofm\/wp-content\/uploads\/sites\/5\/2025\/12\/Concluye-Sego-taller-Mindfulness-en-Centro-Penitenciario-Varonil-de-Tanivet-Tlacolula-3.jpg\" \/>\n\t<meta property=\"og:image:width\" content=\"1403\" \/>\n\t<meta property=\"og:image:height\" content=\"1159\" \/>\n\t<meta property=\"og:image:type\" content=\"image\/jpeg\" \/>\n<meta name=\"author\" content=\"Staff\" \/>\n<meta name=\"twitter:card\" content=\"summary_large_image\" \/>\n<meta name=\"twitter:label1\" content=\"Escrito por\" \/>\n\t<meta name=\"twitter:data1\" content=\"Staff\" \/>\n\t<meta name=\"twitter:label2\" content=\"Tiempo de lectura\" \/>\n\t<meta name=\"twitter:data2\" content=\"1 minuto\" \/>\n<script type=\"application\/ld+json\" class=\"yoast-schema-graph\">{\"@context\":\"https:\\\/\\\/schema.org\",\"@graph\":[{\"@type\":\"Article\",\"@id\":\"https:\\\/\\\/www.bbmnoticias.com\\\/concluye-sego-taller-mindfulness-en-centro-penitenciario-varonil-de-tanivet-tlacolula\\\/#article\",\"isPartOf\":{\"@id\":\"https:\\\/\\\/www.bbmnoticias.com\\\/labravaradiofm\\\/2025\\\/12\\\/03\\\/concluye-sego-taller-mindfulness-en-centro-penitenciario-varonil-de-tanivet-tlacolula\\\/\"},\"author\":{\"name\":\"Staff\",\"@id\":\"https:\\\/\\\/www.bbmnoticias.com\\\/labravaradiofm\\\/#\\\/schema\\\/person\\\/68a9e9036ef3c5b55aeb2b71dc8bab45\"},\"headline\":\"Concluye Sego taller Mindfulness en Centro Penitenciario Varonil de Tanivet, Tlacolula\",\"datePublished\":\"2025-12-04T00:20:09+00:00\",\"dateModified\":\"2025-12-04T00:20:29+00:00\",\"mainEntityOfPage\":{\"@id\":\"https:\\\/\\\/www.bbmnoticias.com\\\/labravaradiofm\\\/2025\\\/12\\\/03\\\/concluye-sego-taller-mindfulness-en-centro-penitenciario-varonil-de-tanivet-tlacolula\\\/\"},\"wordCount\":180,\"image\":{\"@id\":\"https:\\\/\\\/www.bbmnoticias.com\\\/concluye-sego-taller-mindfulness-en-centro-penitenciario-varonil-de-tanivet-tlacolula\\\/#primaryimage\"},\"thumbnailUrl\":\"https:\\\/\\\/www.bbmnoticias.com\\\/labravaradiofm\\\/wp-content\\\/uploads\\\/sites\\\/5\\\/2025\\\/12\\\/Concluye-Sego-taller-Mindfulness-en-Centro-Penitenciario-Varonil-de-Tanivet-Tlacolula-3.jpg\",\"articleSection\":[\"LOCAL\"],\"inLanguage\":\"es\"},{\"@type\":\"WebPage\",\"@id\":\"https:\\\/\\\/www.bbmnoticias.com\\\/labravaradiofm\\\/2025\\\/12\\\/03\\\/concluye-sego-taller-mindfulness-en-centro-penitenciario-varonil-de-tanivet-tlacolula\\\/\",\"url\":\"https:\\\/\\\/www.bbmnoticias.com\\\/concluye-sego-taller-mindfulness-en-centro-penitenciario-varonil-de-tanivet-tlacolula\\\/\",\"name\":\"Concluye Sego taller Mindfulness en Centro Penitenciario Varonil de Tanivet, Tlacolula - LA BRAVA RADIO\",\"isPartOf\":{\"@id\":\"https:\\\/\\\/www.bbmnoticias.com\\\/labravaradiofm\\\/#website\"},\"primaryImageOfPage\":{\"@id\":\"https:\\\/\\\/www.bbmnoticias.com\\\/concluye-sego-taller-mindfulness-en-centro-penitenciario-varonil-de-tanivet-tlacolula\\\/#primaryimage\"},\"image\":{\"@id\":\"https:\\\/\\\/www.bbmnoticias.com\\\/concluye-sego-taller-mindfulness-en-centro-penitenciario-varonil-de-tanivet-tlacolula\\\/#primaryimage\"},\"thumbnailUrl\":\"https:\\\/\\\/www.bbmnoticias.com\\\/labravaradiofm\\\/wp-content\\\/uploads\\\/sites\\\/5\\\/2025\\\/12\\\/Concluye-Sego-taller-Mindfulness-en-Centro-Penitenciario-Varonil-de-Tanivet-Tlacolula-3.jpg\",\"datePublished\":\"2025-12-04T00:20:09+00:00\",\"dateModified\":\"2025-12-04T00:20:29+00:00\",\"author\":{\"@id\":\"https:\\\/\\\/www.bbmnoticias.com\\\/labravaradiofm\\\/#\\\/schema\\\/person\\\/68a9e9036ef3c5b55aeb2b71dc8bab45\"},\"breadcrumb\":{\"@id\":\"https:\\\/\\\/www.bbmnoticias.com\\\/concluye-sego-taller-mindfulness-en-centro-penitenciario-varonil-de-tanivet-tlacolula\\\/#breadcrumb\"},\"inLanguage\":\"es\",\"potentialAction\":[{\"@type\":\"ReadAction\",\"target\":[\"https:\\\/\\\/www.bbmnoticias.com\\\/concluye-sego-taller-mindfulness-en-centro-penitenciario-varonil-de-tanivet-tlacolula\\\/\"]}]},{\"@type\":\"ImageObject\",\"inLanguage\":\"es\",\"@id\":\"https:\\\/\\\/www.bbmnoticias.com\\\/concluye-sego-taller-mindfulness-en-centro-penitenciario-varonil-de-tanivet-tlacolula\\\/#primaryimage\",\"url\":\"https:\\\/\\\/www.bbmnoticias.com\\\/labravaradiofm\\\/wp-content\\\/uploads\\\/sites\\\/5\\\/2025\\\/12\\\/Concluye-Sego-taller-Mindfulness-en-Centro-Penitenciario-Varonil-de-Tanivet-Tlacolula-3.jpg\",\"contentUrl\":\"https:\\\/\\\/www.bbmnoticias.com\\\/labravaradiofm\\\/wp-content\\\/uploads\\\/sites\\\/5\\\/2025\\\/12\\\/Concluye-Sego-taller-Mindfulness-en-Centro-Penitenciario-Varonil-de-Tanivet-Tlacolula-3.jpg\",\"width\":1403,\"height\":1159},{\"@type\":\"BreadcrumbList\",\"@id\":\"https:\\\/\\\/www.bbmnoticias.com\\\/concluye-sego-taller-mindfulness-en-centro-penitenciario-varonil-de-tanivet-tlacolula\\\/#breadcrumb\",\"itemListElement\":[{\"@type\":\"ListItem\",\"position\":1,\"name\":\"Inicio\",\"item\":\"https:\\\/\\\/www.bbmnoticias.com\\\/labravaradiofm\\\/\"},{\"@type\":\"ListItem\",\"position\":2,\"name\":\"Concluye Sego taller Mindfulness en Centro Penitenciario Varonil de Tanivet, Tlacolula\"}]},{\"@type\":\"WebSite\",\"@id\":\"https:\\\/\\\/www.bbmnoticias.com\\\/labravaradiofm\\\/#website\",\"url\":\"https:\\\/\\\/www.bbmnoticias.com\\\/labravaradiofm\\\/\",\"name\":\"LA BRAVA RADIO\",\"description\":\"Empresa productora de medios, Radiodifusi\u00f3n, Noticias, tendencias y todo lo que necesitas saber de la pol\u00edtica mexicana e internacional; entretenimiento, espect\u00e1culos, salud y mucho m\u00e1s.\",\"potentialAction\":[{\"@type\":\"SearchAction\",\"target\":{\"@type\":\"EntryPoint\",\"urlTemplate\":\"https:\\\/\\\/www.bbmnoticias.com\\\/labravaradiofm\\\/?s={search_term_string}\"},\"query-input\":{\"@type\":\"PropertyValueSpecification\",\"valueRequired\":true,\"valueName\":\"search_term_string\"}}],\"inLanguage\":\"es\"},{\"@type\":\"Person\",\"@id\":\"https:\\\/\\\/www.bbmnoticias.com\\\/labravaradiofm\\\/#\\\/schema\\\/person\\\/68a9e9036ef3c5b55aeb2b71dc8bab45\",\"name\":\"Staff\",\"image\":{\"@type\":\"ImageObject\",\"inLanguage\":\"es\",\"@id\":\"https:\\\/\\\/secure.gravatar.com\\\/avatar\\\/fdd21ad66fd8b98c407f9dee5b5e588cfe7f0d8579ec20fa6527cd59bab7f0f0?s=96&d=mm&r=g\",\"url\":\"https:\\\/\\\/secure.gravatar.com\\\/avatar\\\/fdd21ad66fd8b98c407f9dee5b5e588cfe7f0d8579ec20fa6527cd59bab7f0f0?s=96&d=mm&r=g\",\"contentUrl\":\"https:\\\/\\\/secure.gravatar.com\\\/avatar\\\/fdd21ad66fd8b98c407f9dee5b5e588cfe7f0d8579ec20fa6527cd59bab7f0f0?s=96&d=mm&r=g\",\"caption\":\"Staff\"},\"url\":\"https:\\\/\\\/www.bbmnoticias.com\\\/labravaradiofm\\\/author\\\/redaccion\\\/\"}]}<\/script>\n<!-- \/ Yoast SEO plugin. -->","yoast_head_json":{"title":"Concluye Sego taller Mindfulness en Centro Penitenciario Varonil de Tanivet, Tlacolula - LA BRAVA RADIO","robots":{"index":"index","follow":"follow","max-snippet":"max-snippet:-1","max-image-preview":"max-image-preview:large","max-video-preview":"max-video-preview:-1"},"canonical":"https:\/\/www.bbmnoticias.com\/concluye-sego-taller-mindfulness-en-centro-penitenciario-varonil-de-tanivet-tlacolula\/","og_locale":"es_MX","og_type":"article","og_title":"Concluye Sego taller Mindfulness en Centro Penitenciario Varonil de Tanivet, Tlacolula - LA BRAVA RADIO","og_description":"Oaxaca de Ju\u00e1rez, Oax.- La Secretar\u00eda de Gobierno (Sego) concluy\u00f3 el taller para el Entrenamiento en Atenci\u00f3n Plena (Mindfulness) a 36 Personas Privadas de su Libertad (PPL) del Centro Penitenciario Varonil de Tanivet, Tlacolula; con el fin de promover entornos armoniosos que contribuyen a la reinserci\u00f3n social. En coordinaci\u00f3n con la Secretar\u00eda de Seguridad y [&hellip;]","og_url":"https:\/\/www.bbmnoticias.com\/concluye-sego-taller-mindfulness-en-centro-penitenciario-varonil-de-tanivet-tlacolula\/","og_site_name":"LA BRAVA RADIO","article_published_time":"2025-12-04T00:20:09+00:00","article_modified_time":"2025-12-04T00:20:29+00:00","og_image":[{"width":1403,"height":1159,"url":"https:\/\/www.bbmnoticias.com\/labravaradiofm\/wp-content\/uploads\/sites\/5\/2025\/12\/Concluye-Sego-taller-Mindfulness-en-Centro-Penitenciario-Varonil-de-Tanivet-Tlacolula-3.jpg","type":"image\/jpeg"}],"author":"Staff","twitter_card":"summary_large_image","twitter_misc":{"Escrito por":"Staff","Tiempo de lectura":"1 minuto"},"schema":{"@context":"https:\/\/schema.org","@graph":[{"@type":"Article","@id":"https:\/\/www.bbmnoticias.com\/concluye-sego-taller-mindfulness-en-centro-penitenciario-varonil-de-tanivet-tlacolula\/#article","isPartOf":{"@id":"https:\/\/www.bbmnoticias.com\/labravaradiofm\/2025\/12\/03\/concluye-sego-taller-mindfulness-en-centro-penitenciario-varonil-de-tanivet-tlacolula\/"},"author":{"name":"Staff","@id":"https:\/\/www.bbmnoticias.com\/labravaradiofm\/#\/schema\/person\/68a9e9036ef3c5b55aeb2b71dc8bab45"},"headline":"Concluye Sego taller Mindfulness en Centro Penitenciario Varonil de Tanivet, Tlacolula","datePublished":"2025-12-04T00:20:09+00:00","dateModified":"2025-12-04T00:20:29+00:00","mainEntityOfPage":{"@id":"https:\/\/www.bbmnoticias.com\/labravaradiofm\/2025\/12\/03\/concluye-sego-taller-mindfulness-en-centro-penitenciario-varonil-de-tanivet-tlacolula\/"},"wordCount":180,"image":{"@id":"https:\/\/www.bbmnoticias.com\/concluye-sego-taller-mindfulness-en-centro-penitenciario-varonil-de-tanivet-tlacolula\/#primaryimage"},"thumbnailUrl":"https:\/\/www.bbmnoticias.com\/labravaradiofm\/wp-content\/uploads\/sites\/5\/2025\/12\/Concluye-Sego-taller-Mindfulness-en-Centro-Penitenciario-Varonil-de-Tanivet-Tlacolula-3.jpg","articleSection":["LOCAL"],"inLanguage":"es"},{"@type":"WebPage","@id":"https:\/\/www.bbmnoticias.com\/labravaradiofm\/2025\/12\/03\/concluye-sego-taller-mindfulness-en-centro-penitenciario-varonil-de-tanivet-tlacolula\/","url":"https:\/\/www.bbmnoticias.com\/concluye-sego-taller-mindfulness-en-centro-penitenciario-varonil-de-tanivet-tlacolula\/","name":"Concluye Sego taller Mindfulness en Centro Penitenciario Varonil de Tanivet, Tlacolula - LA BRAVA RADIO","isPartOf":{"@id":"https:\/\/www.bbmnoticias.com\/labravaradiofm\/#website"},"primaryImageOfPage":{"@id":"https:\/\/www.bbmnoticias.com\/concluye-sego-taller-mindfulness-en-centro-penitenciario-varonil-de-tanivet-tlacolula\/#primaryimage"},"image":{"@id":"https:\/\/www.bbmnoticias.com\/concluye-sego-taller-mindfulness-en-centro-penitenciario-varonil-de-tanivet-tlacolula\/#primaryimage"},"thumbnailUrl":"https:\/\/www.bbmnoticias.com\/labravaradiofm\/wp-content\/uploads\/sites\/5\/2025\/12\/Concluye-Sego-taller-Mindfulness-en-Centro-Penitenciario-Varonil-de-Tanivet-Tlacolula-3.jpg","datePublished":"2025-12-04T00:20:09+00:00","dateModified":"2025-12-04T00:20:29+00:00","author":{"@id":"https:\/\/www.bbmnoticias.com\/labravaradiofm\/#\/schema\/person\/68a9e9036ef3c5b55aeb2b71dc8bab45"},"breadcrumb":{"@id":"https:\/\/www.bbmnoticias.com\/concluye-sego-taller-mindfulness-en-centro-penitenciario-varonil-de-tanivet-tlacolula\/#breadcrumb"},"inLanguage":"es","potentialAction":[{"@type":"ReadAction","target":["https:\/\/www.bbmnoticias.com\/concluye-sego-taller-mindfulness-en-centro-penitenciario-varonil-de-tanivet-tlacolula\/"]}]},{"@type":"ImageObject","inLanguage":"es","@id":"https:\/\/www.bbmnoticias.com\/concluye-sego-taller-mindfulness-en-centro-penitenciario-varonil-de-tanivet-tlacolula\/#primaryimage","url":"https:\/\/www.bbmnoticias.com\/labravaradiofm\/wp-content\/uploads\/sites\/5\/2025\/12\/Concluye-Sego-taller-Mindfulness-en-Centro-Penitenciario-Varonil-de-Tanivet-Tlacolula-3.jpg","contentUrl":"https:\/\/www.bbmnoticias.com\/labravaradiofm\/wp-content\/uploads\/sites\/5\/2025\/12\/Concluye-Sego-taller-Mindfulness-en-Centro-Penitenciario-Varonil-de-Tanivet-Tlacolula-3.jpg","width":1403,"height":1159},{"@type":"BreadcrumbList","@id":"https:\/\/www.bbmnoticias.com\/concluye-sego-taller-mindfulness-en-centro-penitenciario-varonil-de-tanivet-tlacolula\/#breadcrumb","itemListElement":[{"@type":"ListItem","position":1,"name":"Inicio","item":"https:\/\/www.bbmnoticias.com\/labravaradiofm\/"},{"@type":"ListItem","position":2,"name":"Concluye Sego taller Mindfulness en Centro Penitenciario Varonil de Tanivet, Tlacolula"}]},{"@type":"WebSite","@id":"https:\/\/www.bbmnoticias.com\/labravaradiofm\/#website","url":"https:\/\/www.bbmnoticias.com\/labravaradiofm\/","name":"LA BRAVA RADIO","description":"Empresa productora de medios, Radiodifusi\u00f3n, Noticias, tendencias y todo lo que necesitas saber de la pol\u00edtica mexicana e internacional; entretenimiento, espect\u00e1culos, salud y mucho m\u00e1s.","potentialAction":[{"@type":"SearchAction","target":{"@type":"EntryPoint","urlTemplate":"https:\/\/www.bbmnoticias.com\/labravaradiofm\/?s={search_term_string}"},"query-input":{"@type":"PropertyValueSpecification","valueRequired":true,"valueName":"search_term_string"}}],"inLanguage":"es"},{"@type":"Person","@id":"https:\/\/www.bbmnoticias.com\/labravaradiofm\/#\/schema\/person\/68a9e9036ef3c5b55aeb2b71dc8bab45","name":"Staff","image":{"@type":"ImageObject","inLanguage":"es","@id":"https:\/\/secure.gravatar.com\/avatar\/fdd21ad66fd8b98c407f9dee5b5e588cfe7f0d8579ec20fa6527cd59bab7f0f0?s=96&d=mm&r=g","url":"https:\/\/secure.gravatar.com\/avatar\/fdd21ad66fd8b98c407f9dee5b5e588cfe7f0d8579ec20fa6527cd59bab7f0f0?s=96&d=mm&r=g","contentUrl":"https:\/\/secure.gravatar.com\/avatar\/fdd21ad66fd8b98c407f9dee5b5e588cfe7f0d8579ec20fa6527cd59bab7f0f0?s=96&d=mm&r=g","caption":"Staff"},"url":"https:\/\/www.bbmnoticias.com\/labravaradiofm\/author\/redaccion\/"}]}},"_links":{"self":[{"href":"https:\/\/www.bbmnoticias.com\/labravaradiofm\/wp-json\/wp\/v2\/posts\/70770","targetHints":{"allow":["GET"]}}],"collection":[{"href":"https:\/\/www.bbmnoticias.com\/labravaradiofm\/wp-json\/wp\/v2\/posts"}],"about":[{"href":"https:\/\/www.bbmnoticias.com\/labravaradiofm\/wp-json\/wp\/v2\/types\/post"}],"author":[{"embeddable":true,"href":"https:\/\/www.bbmnoticias.com\/labravaradiofm\/wp-json\/wp\/v2\/users\/2"}],"replies":[{"embeddable":true,"href":"https:\/\/www.bbmnoticias.com\/labravaradiofm\/wp-json\/wp\/v2\/comments?post=70770"}],"version-history":[{"count":0,"href":"https:\/\/www.bbmnoticias.com\/labravaradiofm\/wp-json\/wp\/v2\/posts\/70770\/revisions"}],"wp:featuredmedia":[{"embeddable":true,"href":"https:\/\/www.bbmnoticias.com\/labravaradiofm\/wp-json\/wp\/v2\/media\/70772"}],"wp:attachment":[{"href":"https:\/\/www.bbmnoticias.com\/labravaradiofm\/wp-json\/wp\/v2\/media?parent=70770"}],"wp:term":[{"taxonomy":"category","embeddable":true,"href":"https:\/\/www.bbmnoticias.com\/labravaradiofm\/wp-json\/wp\/v2\/categories?post=70770"},{"taxonomy":"post_tag","embeddable":true,"href":"https:\/\/www.bbmnoticias.com\/labravaradiofm\/wp-json\/wp\/v2\/tags?post=70770"}],"curies":[{"name":"wp","href":"https:\/\/api.w.org\/{rel}","templated":true}]}}