{"id":70761,"date":"2025-12-03T14:55:20","date_gmt":"2025-12-03T20:55:20","guid":{"rendered":"https:\/\/www.bbmnoticias.com\/labravaradiofm\/2025\/12\/03\/no-fabricaremos-culpables-pero-tampoco-habra-impunidad-dice-ernestina-godoy-en-comparecencia\/"},"modified":"2025-12-03T14:55:28","modified_gmt":"2025-12-03T20:55:28","slug":"no-fabricaremos-culpables-pero-tampoco-habra-impunidad-dice-ernestina-godoy-en-comparecencia","status":"publish","type":"post","link":"https:\/\/www.bbmnoticias.com\/labravaradiofm\/2025\/12\/03\/no-fabricaremos-culpables-pero-tampoco-habra-impunidad-dice-ernestina-godoy-en-comparecencia\/","title":{"rendered":"No fabricaremos culpables, pero tampoco habr\u00e1 impunidad, dice Ernestina Godoy en comparecencia"},"content":{"rendered":"<div style=\"margin-top: 0px; margin-bottom: 0px;\" class=\"sharethis-inline-share-buttons\" ><\/div>\n<p>Sin estridencias ni gritos de senadores, <strong>Ernestina Godoy Ramos<\/strong> compareci\u00f3 ante el <strong>Pleno del Senado<\/strong> donde present\u00f3 una propuesta de redise\u00f1o de la <strong>Fiscal\u00eda General de la Rep\u00fablica <\/strong>(<strong>FGR<\/strong>) con inteligencia y tecnolog\u00eda, adem\u00e1s de dejar claro que, de ser nombrada fiscal general, no fabricar\u00e1n culpables ni habr\u00e1 persecuci\u00f3n pol\u00edtica, pero tampoco habr\u00e1 impunidad.&nbsp;<\/p>\n\n\n\n<p>La fiscal interina de la Rep\u00fablica respondi\u00f3 a cuestionamientos de senadores como parte del proceso para ratificarla como fiscal general de la Rep\u00fablica (<strong>FGR<\/strong>) para los pr\u00f3ximos nueve a\u00f1os.&nbsp;<\/p>\n\n\n\n<blockquote class=\"wp-block-quote is-layout-flow wp-block-quote-is-layout-flow\">\n<p>\u201cNo se acusar\u00e1 a nadie injustamente, porque en la procuraci\u00f3n de justicia no caben ni por asomo las acciones parciales, ni con tintes pol\u00edticos, la procuraci\u00f3n de justicia que propongo es aquella leal a los bienes y valores de la patria, sin ninguna posibilidad de negociaci\u00f3n, la justicia no se negocia\u201d, expres\u00f3.&nbsp;<\/p>\n<\/blockquote>\n\n\n\n<p>Los senadores tuvieron tres rondas de preguntas de dos minutos por pregunta para realizarlas, no solo a Ernestina Godoy, sino tambi\u00e9n a las candidatas <strong>Luz Mar\u00eda Zarza Delgado<\/strong> y <strong>Maribel Bojorges Beltr\u00e1n<\/strong>.&nbsp;<\/p>\n\n\n\n<p>La oposici\u00f3n cuestion\u00f3 a Godoy sobre c\u00f3mo garantizar la autonom\u00eda e independencia de la <strong>FGR<\/strong>, cuando ella es cercana a la presidenta Claudia Sheinbaum Pardo y la Cuarta Transformaci\u00f3n.&nbsp;<\/p>\n\n\n\n<figure class=\"wp-block-image\"><img decoding=\"async\" src=\"https:\/\/heraldodemexico.com.mx\/u\/fotografias\/m\/2025\/12\/3\/f768x1-1217522_1217649_5050.jpg\" alt=\"\"\/><figcaption class=\"wp-element-caption\">Ernestina Godoy respondi\u00f3 que la coordinaci\u00f3n no implica subordinaci\u00f3n| Cuartoscuro<\/figcaption><\/figure>\n\n\n\n<p>Ernestina Godoy respondi\u00f3 que la coordinaci\u00f3n no implica subordinaci\u00f3n, por lo que adelant\u00f3 que presentar\u00e1 un plan estrat\u00e9gico de procuraci\u00f3n de justicia para fortalecer las labores de investigaci\u00f3n, inteligencia y judicializaci\u00f3n. &nbsp;<\/p>\n\n\n\n<h2 class=\"wp-block-heading\">Una fiscal\u00eda act\u00faa sola: Godoy<\/h2>\n\n\n\n<p>Y es que afirm\u00f3 que una fiscal\u00eda que act\u00faa sola, est\u00e1 destinada al fracaso.&nbsp;\u201cLa autonom\u00eda se fortalece con coordinaci\u00f3n, con inteligencia y con visi\u00f3n de Estado, es necesaria y se construye d\u00eda a d\u00eda, no s\u00f3lo con las autoridades en materia de seguridad p\u00fablica, sino tambi\u00e9n con la fiscal\u00eda locales, los organismos protectores de derechos humanos, las comisiones nacionales y estatal, de b\u00fasqueda de personas, entre otros instituciones\u201d, respondi\u00f3.&nbsp;<\/p>\n\n\n\n<p>En su plan de trabajo que present\u00f3 a los senadores, Godoy sostuvo que en un pa\u00eds que enfrenta la delincuencia organizada de alto nivel y <strong>redes financieras delictivas<\/strong>, es necesaria una fiscal\u00eda que investigue no s\u00f3lo a las personas sino a la ruta del dinero.<\/p>\n\n\n\n<blockquote class=\"wp-block-quote is-layout-flow wp-block-quote-is-layout-flow\">\n<p>\u201cNuestras investigaciones tendr\u00e1n &nbsp;como base la investigaci\u00f3n cient\u00edfica\u201d.&nbsp;<\/p>\n<\/blockquote>\n\n\n\n<blockquote class=\"wp-block-quote is-layout-flow wp-block-quote-is-layout-flow\">\n<p>\u201cTrabajaremos con evidencia s\u00f3lida, peritajes cient\u00edficos y an\u00e1lisis de inteligencia, adem\u00e1s de argumentos t\u00e9cnico y jur\u00eddicos que se traduzcan en la judicilizacion fuerte de esas carpetas hacia la obtenci\u00f3n de sentencias ejemplares\u201d, sostuvo.&nbsp;<\/p>\n<\/blockquote>\n\n\n\n<p>Ernestina Godoy indic\u00f3 que en este redise\u00f1o institucional profundo en la <strong>FGR <\/strong>priorizar\u00e1 al nuevo modelo en investigaci\u00f3n inteligencia y persecuci\u00f3n penal, adem\u00e1s de los nuevos tipos penales.<\/p>\n\n\n\n<p>Indic\u00f3 que la demanda urgente es construir una fiscal\u00eda que est\u00e9 a la altura de los tiempos, que ponga el centro a las v\u00edctimas, que act\u00fae con inteligencia, con profesionalismo y probidad, y de esta manera recupere la confianza ciudadana.&nbsp;<br>Incluso afirm\u00f3 que en el contexto de la estrategia nacional de seguridad p\u00fablica, y sus cuatro ejes rectores, se debe entrar a una nueva etapa en materia de procuraci\u00f3n de justicia, ya que la fiscal\u00eda necesita estar a la altura de una realidad compleja.&nbsp;<\/p>\n\n\n\n<p>\u201cPasamos de un modelo inquisitivo a uno acusatorio, la calidad de la <strong>justicia <\/strong>a\u00fan no est\u00e1 a la altura de lo que nuestro pa\u00eds necesita y sigues siendo una deuda hist\u00f3rica con la sociedad, enfrentamos desaf\u00edos hist\u00f3ricos\u201d, asever\u00f3.&nbsp;<\/p>\n\n\n\n<p>Y es que dijo que hoy el crimen opera con tecnolog\u00eda sofisticadas, presencia trasnacional y con estructuras financieras complejas, incluida la trata de personas, lavado de dinero, <strong>ciberdelincuencia<\/strong>, <strong>corrupci\u00f3n<\/strong>, tr\u00e1fico de armas de fentanilo, drogas sint\u00e9ticas, entre otras.&nbsp;<\/p>\n\n\n\n<p>\u201cAnte estos retos, es imperativo combatir de manera coordinada profesional y sin tregua a la corrupci\u00f3n\u201d, manifest\u00f3.&nbsp;<br>Asimismo, detall\u00f3 que la fiscal\u00eda de asuntos internos tendr\u00e1 un papel central, toda vez que se fortalecer\u00e1 los mecanismos internos de detecci\u00f3n, investigaci\u00f3n, persecuci\u00f3n y sanci\u00f3n de actos de corrupci\u00f3n interna.&nbsp;<\/p>\n\n\n\n<p>\u201cEstoy convencida de qu\u00e9 no habr\u00e1 justicia, si quienes investigan carecen de recursos, formaci\u00f3n y <strong>certificaci\u00f3n<\/strong>, por lo que esta es una l\u00ednea de trabajo prioritaria\u201d, mencion\u00f3.&nbsp;<\/p>\n\n\n\n<p>Adem\u00e1s, se investigar\u00e1 y sancionar\u00e1 con la misma severidad a cualquier servidor p\u00fablico que incurren violaciones de <strong>derechos humanos<\/strong>, pues la fiscal\u00eda no puede ser fuente de ilegalidad, se tiene que asegurar y el fortalecimiento de la prueba cient\u00edfica en la cadena de custodia.<\/p>\n","protected":false},"excerpt":{"rendered":"<p>Sin estridencias ni gritos de senadores, Ernestina Godoy Ramos compareci\u00f3 ante el Pleno del Senado donde present\u00f3 una propuesta de redise\u00f1o de la Fiscal\u00eda General de la Rep\u00fablica (FGR) con inteligencia y tecnolog\u00eda, adem\u00e1s de dejar claro que, de ser nombrada fiscal general, no fabricar\u00e1n culpables ni habr\u00e1 persecuci\u00f3n pol\u00edtica, pero tampoco habr\u00e1 impunidad.&nbsp; La [&hellip;]<\/p>\n","protected":false},"author":4,"featured_media":70763,"comment_status":"closed","ping_status":"","sticky":false,"template":"","format":"standard","meta":{"footnotes":""},"categories":[2,19],"tags":[],"class_list":{"0":"post-70761","1":"post","2":"type-post","3":"status-publish","4":"format-standard","5":"has-post-thumbnail","7":"category-oaxaca","8":"category-nacional"},"yoast_head":"<!-- This site is optimized with the Yoast SEO plugin v27.4 - https:\/\/yoast.com\/product\/yoast-seo-wordpress\/ -->\n<title>No fabricaremos culpables, pero tampoco habr\u00e1 impunidad, dice Ernestina Godoy en comparecencia - LA BRAVA RADIO<\/title>\n<meta name=\"robots\" content=\"index, follow, max-snippet:-1, max-image-preview:large, max-video-preview:-1\" \/>\n<link rel=\"canonical\" href=\"https:\/\/www.bbmnoticias.com\/no-fabricaremos-culpables-pero-tampoco-habra-impunidad-dice-ernestina-godoy-en-comparecencia\/\" \/>\n<meta property=\"og:locale\" content=\"es_MX\" \/>\n<meta property=\"og:type\" content=\"article\" \/>\n<meta property=\"og:title\" content=\"No fabricaremos culpables, pero tampoco habr\u00e1 impunidad, dice Ernestina Godoy en comparecencia - LA BRAVA RADIO\" \/>\n<meta property=\"og:description\" content=\"Sin estridencias ni gritos de senadores, Ernestina Godoy Ramos compareci\u00f3 ante el Pleno del Senado donde present\u00f3 una propuesta de redise\u00f1o de la Fiscal\u00eda General de la Rep\u00fablica (FGR) con inteligencia y tecnolog\u00eda, adem\u00e1s de dejar claro que, de ser nombrada fiscal general, no fabricar\u00e1n culpables ni habr\u00e1 persecuci\u00f3n pol\u00edtica, pero tampoco habr\u00e1 impunidad.&nbsp; La [&hellip;]\" \/>\n<meta property=\"og:url\" content=\"https:\/\/www.bbmnoticias.com\/no-fabricaremos-culpables-pero-tampoco-habra-impunidad-dice-ernestina-godoy-en-comparecencia\/\" \/>\n<meta property=\"og:site_name\" content=\"LA BRAVA RADIO\" \/>\n<meta property=\"article:published_time\" content=\"2025-12-03T20:55:20+00:00\" \/>\n<meta property=\"article:modified_time\" content=\"2025-12-03T20:55:28+00:00\" \/>\n<meta property=\"og:image\" content=\"https:\/\/www.bbmnoticias.com\/labravaradiofm\/wp-content\/uploads\/sites\/5\/2025\/12\/ernestina_godoy.jpg\" \/>\n\t<meta property=\"og:image:width\" content=\"848\" \/>\n\t<meta property=\"og:image:height\" content=\"477\" \/>\n\t<meta property=\"og:image:type\" content=\"image\/jpeg\" \/>\n<meta name=\"author\" content=\"Agencias\" \/>\n<meta name=\"twitter:card\" content=\"summary_large_image\" \/>\n<meta name=\"twitter:label1\" content=\"Escrito por\" \/>\n\t<meta name=\"twitter:data1\" content=\"Agencias\" \/>\n\t<meta name=\"twitter:label2\" content=\"Tiempo de lectura\" \/>\n\t<meta name=\"twitter:data2\" content=\"4 minutos\" \/>\n<script type=\"application\/ld+json\" class=\"yoast-schema-graph\">{\"@context\":\"https:\\\/\\\/schema.org\",\"@graph\":[{\"@type\":\"Article\",\"@id\":\"https:\\\/\\\/www.bbmnoticias.com\\\/no-fabricaremos-culpables-pero-tampoco-habra-impunidad-dice-ernestina-godoy-en-comparecencia\\\/#article\",\"isPartOf\":{\"@id\":\"https:\\\/\\\/www.bbmnoticias.com\\\/labravaradiofm\\\/2025\\\/12\\\/03\\\/no-fabricaremos-culpables-pero-tampoco-habra-impunidad-dice-ernestina-godoy-en-comparecencia\\\/\"},\"author\":{\"name\":\"Agencias\",\"@id\":\"https:\\\/\\\/www.bbmnoticias.com\\\/labravaradiofm\\\/#\\\/schema\\\/person\\\/000bdaf0a8fb5bff0d537c4d0778e33f\"},\"headline\":\"No fabricaremos culpables, pero tampoco habr\u00e1 impunidad, dice Ernestina Godoy en comparecencia\",\"datePublished\":\"2025-12-03T20:55:20+00:00\",\"dateModified\":\"2025-12-03T20:55:28+00:00\",\"mainEntityOfPage\":{\"@id\":\"https:\\\/\\\/www.bbmnoticias.com\\\/labravaradiofm\\\/2025\\\/12\\\/03\\\/no-fabricaremos-culpables-pero-tampoco-habra-impunidad-dice-ernestina-godoy-en-comparecencia\\\/\"},\"wordCount\":826,\"image\":{\"@id\":\"https:\\\/\\\/www.bbmnoticias.com\\\/no-fabricaremos-culpables-pero-tampoco-habra-impunidad-dice-ernestina-godoy-en-comparecencia\\\/#primaryimage\"},\"thumbnailUrl\":\"https:\\\/\\\/www.bbmnoticias.com\\\/labravaradiofm\\\/wp-content\\\/uploads\\\/sites\\\/5\\\/2025\\\/12\\\/ernestina_godoy.jpg\",\"articleSection\":[\"LOCAL\",\"NACIONAL\"],\"inLanguage\":\"es\"},{\"@type\":\"WebPage\",\"@id\":\"https:\\\/\\\/www.bbmnoticias.com\\\/labravaradiofm\\\/2025\\\/12\\\/03\\\/no-fabricaremos-culpables-pero-tampoco-habra-impunidad-dice-ernestina-godoy-en-comparecencia\\\/\",\"url\":\"https:\\\/\\\/www.bbmnoticias.com\\\/no-fabricaremos-culpables-pero-tampoco-habra-impunidad-dice-ernestina-godoy-en-comparecencia\\\/\",\"name\":\"No fabricaremos culpables, pero tampoco habr\u00e1 impunidad, dice Ernestina Godoy en comparecencia - LA BRAVA RADIO\",\"isPartOf\":{\"@id\":\"https:\\\/\\\/www.bbmnoticias.com\\\/labravaradiofm\\\/#website\"},\"primaryImageOfPage\":{\"@id\":\"https:\\\/\\\/www.bbmnoticias.com\\\/no-fabricaremos-culpables-pero-tampoco-habra-impunidad-dice-ernestina-godoy-en-comparecencia\\\/#primaryimage\"},\"image\":{\"@id\":\"https:\\\/\\\/www.bbmnoticias.com\\\/no-fabricaremos-culpables-pero-tampoco-habra-impunidad-dice-ernestina-godoy-en-comparecencia\\\/#primaryimage\"},\"thumbnailUrl\":\"https:\\\/\\\/www.bbmnoticias.com\\\/labravaradiofm\\\/wp-content\\\/uploads\\\/sites\\\/5\\\/2025\\\/12\\\/ernestina_godoy.jpg\",\"datePublished\":\"2025-12-03T20:55:20+00:00\",\"dateModified\":\"2025-12-03T20:55:28+00:00\",\"author\":{\"@id\":\"https:\\\/\\\/www.bbmnoticias.com\\\/labravaradiofm\\\/#\\\/schema\\\/person\\\/000bdaf0a8fb5bff0d537c4d0778e33f\"},\"breadcrumb\":{\"@id\":\"https:\\\/\\\/www.bbmnoticias.com\\\/no-fabricaremos-culpables-pero-tampoco-habra-impunidad-dice-ernestina-godoy-en-comparecencia\\\/#breadcrumb\"},\"inLanguage\":\"es\",\"potentialAction\":[{\"@type\":\"ReadAction\",\"target\":[\"https:\\\/\\\/www.bbmnoticias.com\\\/no-fabricaremos-culpables-pero-tampoco-habra-impunidad-dice-ernestina-godoy-en-comparecencia\\\/\"]}]},{\"@type\":\"ImageObject\",\"inLanguage\":\"es\",\"@id\":\"https:\\\/\\\/www.bbmnoticias.com\\\/no-fabricaremos-culpables-pero-tampoco-habra-impunidad-dice-ernestina-godoy-en-comparecencia\\\/#primaryimage\",\"url\":\"https:\\\/\\\/www.bbmnoticias.com\\\/labravaradiofm\\\/wp-content\\\/uploads\\\/sites\\\/5\\\/2025\\\/12\\\/ernestina_godoy.jpg\",\"contentUrl\":\"https:\\\/\\\/www.bbmnoticias.com\\\/labravaradiofm\\\/wp-content\\\/uploads\\\/sites\\\/5\\\/2025\\\/12\\\/ernestina_godoy.jpg\",\"width\":848,\"height\":477},{\"@type\":\"BreadcrumbList\",\"@id\":\"https:\\\/\\\/www.bbmnoticias.com\\\/no-fabricaremos-culpables-pero-tampoco-habra-impunidad-dice-ernestina-godoy-en-comparecencia\\\/#breadcrumb\",\"itemListElement\":[{\"@type\":\"ListItem\",\"position\":1,\"name\":\"Inicio\",\"item\":\"https:\\\/\\\/www.bbmnoticias.com\\\/labravaradiofm\\\/\"},{\"@type\":\"ListItem\",\"position\":2,\"name\":\"No fabricaremos culpables, pero tampoco habr\u00e1 impunidad, dice Ernestina Godoy en comparecencia\"}]},{\"@type\":\"WebSite\",\"@id\":\"https:\\\/\\\/www.bbmnoticias.com\\\/labravaradiofm\\\/#website\",\"url\":\"https:\\\/\\\/www.bbmnoticias.com\\\/labravaradiofm\\\/\",\"name\":\"LA BRAVA RADIO\",\"description\":\"Empresa productora de medios, Radiodifusi\u00f3n, Noticias, tendencias y todo lo que necesitas saber de la pol\u00edtica mexicana e internacional; entretenimiento, espect\u00e1culos, salud y mucho m\u00e1s.\",\"potentialAction\":[{\"@type\":\"SearchAction\",\"target\":{\"@type\":\"EntryPoint\",\"urlTemplate\":\"https:\\\/\\\/www.bbmnoticias.com\\\/labravaradiofm\\\/?s={search_term_string}\"},\"query-input\":{\"@type\":\"PropertyValueSpecification\",\"valueRequired\":true,\"valueName\":\"search_term_string\"}}],\"inLanguage\":\"es\"},{\"@type\":\"Person\",\"@id\":\"https:\\\/\\\/www.bbmnoticias.com\\\/labravaradiofm\\\/#\\\/schema\\\/person\\\/000bdaf0a8fb5bff0d537c4d0778e33f\",\"name\":\"Agencias\",\"image\":{\"@type\":\"ImageObject\",\"inLanguage\":\"es\",\"@id\":\"https:\\\/\\\/secure.gravatar.com\\\/avatar\\\/739e0b61adf9e398b425c36718c8752286da0e8cd90f20ce9a86678abc26aa0d?s=96&d=mm&r=g\",\"url\":\"https:\\\/\\\/secure.gravatar.com\\\/avatar\\\/739e0b61adf9e398b425c36718c8752286da0e8cd90f20ce9a86678abc26aa0d?s=96&d=mm&r=g\",\"contentUrl\":\"https:\\\/\\\/secure.gravatar.com\\\/avatar\\\/739e0b61adf9e398b425c36718c8752286da0e8cd90f20ce9a86678abc26aa0d?s=96&d=mm&r=g\",\"caption\":\"Agencias\"},\"url\":\"https:\\\/\\\/www.bbmnoticias.com\\\/labravaradiofm\\\/author\\\/agencias\\\/\"}]}<\/script>\n<!-- \/ Yoast SEO plugin. -->","yoast_head_json":{"title":"No fabricaremos culpables, pero tampoco habr\u00e1 impunidad, dice Ernestina Godoy en comparecencia - LA BRAVA RADIO","robots":{"index":"index","follow":"follow","max-snippet":"max-snippet:-1","max-image-preview":"max-image-preview:large","max-video-preview":"max-video-preview:-1"},"canonical":"https:\/\/www.bbmnoticias.com\/no-fabricaremos-culpables-pero-tampoco-habra-impunidad-dice-ernestina-godoy-en-comparecencia\/","og_locale":"es_MX","og_type":"article","og_title":"No fabricaremos culpables, pero tampoco habr\u00e1 impunidad, dice Ernestina Godoy en comparecencia - LA BRAVA RADIO","og_description":"Sin estridencias ni gritos de senadores, Ernestina Godoy Ramos compareci\u00f3 ante el Pleno del Senado donde present\u00f3 una propuesta de redise\u00f1o de la Fiscal\u00eda General de la Rep\u00fablica (FGR) con inteligencia y tecnolog\u00eda, adem\u00e1s de dejar claro que, de ser nombrada fiscal general, no fabricar\u00e1n culpables ni habr\u00e1 persecuci\u00f3n pol\u00edtica, pero tampoco habr\u00e1 impunidad.&nbsp; La [&hellip;]","og_url":"https:\/\/www.bbmnoticias.com\/no-fabricaremos-culpables-pero-tampoco-habra-impunidad-dice-ernestina-godoy-en-comparecencia\/","og_site_name":"LA BRAVA RADIO","article_published_time":"2025-12-03T20:55:20+00:00","article_modified_time":"2025-12-03T20:55:28+00:00","og_image":[{"width":848,"height":477,"url":"https:\/\/www.bbmnoticias.com\/labravaradiofm\/wp-content\/uploads\/sites\/5\/2025\/12\/ernestina_godoy.jpg","type":"image\/jpeg"}],"author":"Agencias","twitter_card":"summary_large_image","twitter_misc":{"Escrito por":"Agencias","Tiempo de lectura":"4 minutos"},"schema":{"@context":"https:\/\/schema.org","@graph":[{"@type":"Article","@id":"https:\/\/www.bbmnoticias.com\/no-fabricaremos-culpables-pero-tampoco-habra-impunidad-dice-ernestina-godoy-en-comparecencia\/#article","isPartOf":{"@id":"https:\/\/www.bbmnoticias.com\/labravaradiofm\/2025\/12\/03\/no-fabricaremos-culpables-pero-tampoco-habra-impunidad-dice-ernestina-godoy-en-comparecencia\/"},"author":{"name":"Agencias","@id":"https:\/\/www.bbmnoticias.com\/labravaradiofm\/#\/schema\/person\/000bdaf0a8fb5bff0d537c4d0778e33f"},"headline":"No fabricaremos culpables, pero tampoco habr\u00e1 impunidad, dice Ernestina Godoy en comparecencia","datePublished":"2025-12-03T20:55:20+00:00","dateModified":"2025-12-03T20:55:28+00:00","mainEntityOfPage":{"@id":"https:\/\/www.bbmnoticias.com\/labravaradiofm\/2025\/12\/03\/no-fabricaremos-culpables-pero-tampoco-habra-impunidad-dice-ernestina-godoy-en-comparecencia\/"},"wordCount":826,"image":{"@id":"https:\/\/www.bbmnoticias.com\/no-fabricaremos-culpables-pero-tampoco-habra-impunidad-dice-ernestina-godoy-en-comparecencia\/#primaryimage"},"thumbnailUrl":"https:\/\/www.bbmnoticias.com\/labravaradiofm\/wp-content\/uploads\/sites\/5\/2025\/12\/ernestina_godoy.jpg","articleSection":["LOCAL","NACIONAL"],"inLanguage":"es"},{"@type":"WebPage","@id":"https:\/\/www.bbmnoticias.com\/labravaradiofm\/2025\/12\/03\/no-fabricaremos-culpables-pero-tampoco-habra-impunidad-dice-ernestina-godoy-en-comparecencia\/","url":"https:\/\/www.bbmnoticias.com\/no-fabricaremos-culpables-pero-tampoco-habra-impunidad-dice-ernestina-godoy-en-comparecencia\/","name":"No fabricaremos culpables, pero tampoco habr\u00e1 impunidad, dice Ernestina Godoy en comparecencia - LA BRAVA RADIO","isPartOf":{"@id":"https:\/\/www.bbmnoticias.com\/labravaradiofm\/#website"},"primaryImageOfPage":{"@id":"https:\/\/www.bbmnoticias.com\/no-fabricaremos-culpables-pero-tampoco-habra-impunidad-dice-ernestina-godoy-en-comparecencia\/#primaryimage"},"image":{"@id":"https:\/\/www.bbmnoticias.com\/no-fabricaremos-culpables-pero-tampoco-habra-impunidad-dice-ernestina-godoy-en-comparecencia\/#primaryimage"},"thumbnailUrl":"https:\/\/www.bbmnoticias.com\/labravaradiofm\/wp-content\/uploads\/sites\/5\/2025\/12\/ernestina_godoy.jpg","datePublished":"2025-12-03T20:55:20+00:00","dateModified":"2025-12-03T20:55:28+00:00","author":{"@id":"https:\/\/www.bbmnoticias.com\/labravaradiofm\/#\/schema\/person\/000bdaf0a8fb5bff0d537c4d0778e33f"},"breadcrumb":{"@id":"https:\/\/www.bbmnoticias.com\/no-fabricaremos-culpables-pero-tampoco-habra-impunidad-dice-ernestina-godoy-en-comparecencia\/#breadcrumb"},"inLanguage":"es","potentialAction":[{"@type":"ReadAction","target":["https:\/\/www.bbmnoticias.com\/no-fabricaremos-culpables-pero-tampoco-habra-impunidad-dice-ernestina-godoy-en-comparecencia\/"]}]},{"@type":"ImageObject","inLanguage":"es","@id":"https:\/\/www.bbmnoticias.com\/no-fabricaremos-culpables-pero-tampoco-habra-impunidad-dice-ernestina-godoy-en-comparecencia\/#primaryimage","url":"https:\/\/www.bbmnoticias.com\/labravaradiofm\/wp-content\/uploads\/sites\/5\/2025\/12\/ernestina_godoy.jpg","contentUrl":"https:\/\/www.bbmnoticias.com\/labravaradiofm\/wp-content\/uploads\/sites\/5\/2025\/12\/ernestina_godoy.jpg","width":848,"height":477},{"@type":"BreadcrumbList","@id":"https:\/\/www.bbmnoticias.com\/no-fabricaremos-culpables-pero-tampoco-habra-impunidad-dice-ernestina-godoy-en-comparecencia\/#breadcrumb","itemListElement":[{"@type":"ListItem","position":1,"name":"Inicio","item":"https:\/\/www.bbmnoticias.com\/labravaradiofm\/"},{"@type":"ListItem","position":2,"name":"No fabricaremos culpables, pero tampoco habr\u00e1 impunidad, dice Ernestina Godoy en comparecencia"}]},{"@type":"WebSite","@id":"https:\/\/www.bbmnoticias.com\/labravaradiofm\/#website","url":"https:\/\/www.bbmnoticias.com\/labravaradiofm\/","name":"LA BRAVA RADIO","description":"Empresa productora de medios, Radiodifusi\u00f3n, Noticias, tendencias y todo lo que necesitas saber de la pol\u00edtica mexicana e internacional; entretenimiento, espect\u00e1culos, salud y mucho m\u00e1s.","potentialAction":[{"@type":"SearchAction","target":{"@type":"EntryPoint","urlTemplate":"https:\/\/www.bbmnoticias.com\/labravaradiofm\/?s={search_term_string}"},"query-input":{"@type":"PropertyValueSpecification","valueRequired":true,"valueName":"search_term_string"}}],"inLanguage":"es"},{"@type":"Person","@id":"https:\/\/www.bbmnoticias.com\/labravaradiofm\/#\/schema\/person\/000bdaf0a8fb5bff0d537c4d0778e33f","name":"Agencias","image":{"@type":"ImageObject","inLanguage":"es","@id":"https:\/\/secure.gravatar.com\/avatar\/739e0b61adf9e398b425c36718c8752286da0e8cd90f20ce9a86678abc26aa0d?s=96&d=mm&r=g","url":"https:\/\/secure.gravatar.com\/avatar\/739e0b61adf9e398b425c36718c8752286da0e8cd90f20ce9a86678abc26aa0d?s=96&d=mm&r=g","contentUrl":"https:\/\/secure.gravatar.com\/avatar\/739e0b61adf9e398b425c36718c8752286da0e8cd90f20ce9a86678abc26aa0d?s=96&d=mm&r=g","caption":"Agencias"},"url":"https:\/\/www.bbmnoticias.com\/labravaradiofm\/author\/agencias\/"}]}},"_links":{"self":[{"href":"https:\/\/www.bbmnoticias.com\/labravaradiofm\/wp-json\/wp\/v2\/posts\/70761","targetHints":{"allow":["GET"]}}],"collection":[{"href":"https:\/\/www.bbmnoticias.com\/labravaradiofm\/wp-json\/wp\/v2\/posts"}],"about":[{"href":"https:\/\/www.bbmnoticias.com\/labravaradiofm\/wp-json\/wp\/v2\/types\/post"}],"author":[{"embeddable":true,"href":"https:\/\/www.bbmnoticias.com\/labravaradiofm\/wp-json\/wp\/v2\/users\/4"}],"replies":[{"embeddable":true,"href":"https:\/\/www.bbmnoticias.com\/labravaradiofm\/wp-json\/wp\/v2\/comments?post=70761"}],"version-history":[{"count":0,"href":"https:\/\/www.bbmnoticias.com\/labravaradiofm\/wp-json\/wp\/v2\/posts\/70761\/revisions"}],"wp:featuredmedia":[{"embeddable":true,"href":"https:\/\/www.bbmnoticias.com\/labravaradiofm\/wp-json\/wp\/v2\/media\/70763"}],"wp:attachment":[{"href":"https:\/\/www.bbmnoticias.com\/labravaradiofm\/wp-json\/wp\/v2\/media?parent=70761"}],"wp:term":[{"taxonomy":"category","embeddable":true,"href":"https:\/\/www.bbmnoticias.com\/labravaradiofm\/wp-json\/wp\/v2\/categories?post=70761"},{"taxonomy":"post_tag","embeddable":true,"href":"https:\/\/www.bbmnoticias.com\/labravaradiofm\/wp-json\/wp\/v2\/tags?post=70761"}],"curies":[{"name":"wp","href":"https:\/\/api.w.org\/{rel}","templated":true}]}}