{"id":70752,"date":"2025-12-03T14:01:20","date_gmt":"2025-12-03T20:01:20","guid":{"rendered":"https:\/\/www.bbmnoticias.com\/labravaradiofm\/2025\/12\/03\/en-3-anos-salomon-jara-transforma-bienestar-de-familias-de-la-sierra-de-juarez-con-casi-2-mil-acciones-en-vivienda\/"},"modified":"2025-12-03T14:01:23","modified_gmt":"2025-12-03T20:01:23","slug":"en-3-anos-salomon-jara-transforma-bienestar-de-familias-de-la-sierra-de-juarez-con-casi-2-mil-acciones-en-vivienda","status":"publish","type":"post","link":"https:\/\/www.bbmnoticias.com\/labravaradiofm\/2025\/12\/03\/en-3-anos-salomon-jara-transforma-bienestar-de-familias-de-la-sierra-de-juarez-con-casi-2-mil-acciones-en-vivienda\/","title":{"rendered":"En 3 a\u00f1os, Salom\u00f3n Jara transforma bienestar de familias de la Sierra de Ju\u00e1rez con casi 2 mil acciones en vivienda \u00a0"},"content":{"rendered":"<div style=\"margin-top: 0px; margin-bottom: 0px;\" class=\"sharethis-inline-share-buttons\" ><\/div>\n<p><strong>San Ildefonso Villa Alta, Oax.- <\/strong>Con una pol\u00edtica social y de bienestar propia, el Gobierno de Salom\u00f3n Jara Cruz ha hecho lo que nunca se hizo por Oaxaca. En 3 a\u00f1os, destin\u00f3 una inversi\u00f3n superior a 43 millones de pesos para 73 obras y m\u00e1s de mil 900 acciones de vivienda en la Sierra de Ju\u00e1rez.<\/p>\n\n\n\n<p>Durante su Gira Estatal de Rendici\u00f3n de Cuentas en el municipio San Ildefonso Villa Alta, perteneciente a esta regi\u00f3n, el Mandatario estatal indic\u00f3 que este presupuesto se canaliz\u00f3 para cuartos dormitorios, cocinas, techos y pisos firmes para alrededor de 2 mil viviendas que antes estaban en condiciones cr\u00edticas.<\/p>\n\n\n\n<p>\u201cEste gobierno es del pueblo y para el pueblo, comprometido para seguir trabajando por el bienestar de las comunidades\u201d, asever\u00f3 junto a la Presidenta Honoraria del Sistema DIF Oaxaca, Irma Bola\u00f1os Quijano.<\/p>\n\n\n\n<p>Durante este periodo tambi\u00e9n se crearon ocho programas sociales estatales, fundamentados en la premisa del humanismo mexicano \u201cpor el bien de todos primero los pobres\u201d, para acompa\u00f1ar a mujeres, juventudes y personas en situaci\u00f3n de vulnerabilidad.&nbsp;&nbsp;<\/p>\n\n\n\n<p>Para que nadie se quede atr\u00e1s y nadie se quede afuera, la Sierra de Ju\u00e1rez recibe:<\/p>\n\n\n\n<p>\u00b7&nbsp;&nbsp;&nbsp;&nbsp;&nbsp;&nbsp;&nbsp;&nbsp; Con cr\u00e9ditos a la palabra Mujer Primavera se apoyan a 113 mujeres.<\/p>\n\n\n\n<p>\u00b7&nbsp;&nbsp;&nbsp;&nbsp;&nbsp;&nbsp;&nbsp;&nbsp; Un total de 100 juventudes est\u00e1n adscritas a Mi Primera Chamba.<\/p>\n\n\n\n<p>\u00b7&nbsp;&nbsp;&nbsp;&nbsp;&nbsp;&nbsp;&nbsp;&nbsp; M\u00e1s de 30 mil estudiantes reciben apoyo del programa \u00datiles Escolares.<\/p>\n\n\n\n<p>\u00b7&nbsp;&nbsp;&nbsp;&nbsp;&nbsp;&nbsp;&nbsp;&nbsp; Ve\u2019e Tata ha ofrecido servicios a 6 mil 804 personas, entre ellos m\u00e1s de mil mastograf\u00edas.<\/p>\n\n\n\n<p>\u00b7&nbsp;&nbsp;&nbsp;&nbsp;&nbsp;&nbsp;&nbsp;&nbsp; Se otorgaron 2 mil 738 paquetes de insumos agr\u00edcolas para la producci\u00f3n de ma\u00edz con un monto superior a 33 millones de pesos.<\/p>\n\n\n\n<p>\u00b7&nbsp;&nbsp;&nbsp;&nbsp;&nbsp;&nbsp;&nbsp;&nbsp; Se da mantenimiento a los caminos de Santa Catarina Yetzelalag y San Juan Yetzecovi, as\u00ed como a la carretera Tlacolula-Villa Alta.<\/p>\n\n\n\n<p>\u00b7&nbsp;&nbsp;&nbsp;&nbsp;&nbsp;&nbsp;&nbsp;&nbsp; Tambi\u00e9n la conservaci\u00f3n en la carretera del entronque Oaxaca- Tuxtepec-Ixtl\u00e1n de Ju\u00e1rez-Villa Talea de Castro y el Ramal San Bartolom\u00e9 Zoogocho.<\/p>\n\n\n\n<p>\u00b7&nbsp;&nbsp;&nbsp;&nbsp;&nbsp;&nbsp;&nbsp;&nbsp; Se concluy\u00f3 el Cessa de San Pablo Yaganiza, que se inaugurar\u00e1 pr\u00f3ximamente.<\/p>\n\n\n\n<p>\u00b7&nbsp;&nbsp;&nbsp;&nbsp;&nbsp;&nbsp;&nbsp;&nbsp; Los 104 Centros de Salud y tres hospitales de la Sierra de Ju\u00e1rez tienen abasto de medicamentos superior al 80%.<\/p>\n\n\n\n<p>\u00b7&nbsp;&nbsp;&nbsp;&nbsp;&nbsp;&nbsp;&nbsp;&nbsp; Se realizaron 64 obras de infraestructura educativa como aulas, bardas, canchas y 16 domos.<\/p>\n\n\n\n<p>\u00b7&nbsp;&nbsp;&nbsp;&nbsp;&nbsp;&nbsp;&nbsp;&nbsp; En 9 municipios se efectuaron acciones de electrificaci\u00f3n y en otros dos se mejoraron los espacios educativos con m\u00e1s de 3 millones de pesos.<\/p>\n\n\n\n<p>\u00b7&nbsp;&nbsp;&nbsp;&nbsp;&nbsp;&nbsp;&nbsp;&nbsp; Se pavimentaron calles en 9 localidades, se llev\u00f3 agua y saneamiento a 7 municipios. Tambi\u00e9n se levantaron nueve techados comunitarios.<\/p>\n\n\n\n<p>\u00b7&nbsp;&nbsp;&nbsp;&nbsp;&nbsp;&nbsp;&nbsp;&nbsp; Se otorg\u00f3 material del programa Construyendo Juntos mi Obra Primavera para 3 aulas en dos municipios.<\/p>\n\n\n\n<p>\u00b7&nbsp;&nbsp;&nbsp;&nbsp;&nbsp;&nbsp;&nbsp;&nbsp; En materia de agua potable y saneamiento se efectuaron 14 obras.<\/p>\n\n\n\n<p>\u00b7&nbsp;&nbsp;&nbsp;&nbsp;&nbsp;&nbsp;&nbsp;&nbsp; Los templos de San Crist\u00f3bal Lachirioag, San Pablo en Guelatao de Ju\u00e1rez y Capul\u00e1lpam de M\u00e9ndez fueron restaurados y reconstruidos.<\/p>\n","protected":false},"excerpt":{"rendered":"<p>San Ildefonso Villa Alta, Oax.- Con una pol\u00edtica social y de bienestar propia, el Gobierno de Salom\u00f3n Jara Cruz ha hecho lo que nunca se hizo por Oaxaca. En 3 a\u00f1os, destin\u00f3 una inversi\u00f3n superior a 43 millones de pesos para 73 obras y m\u00e1s de mil 900 acciones de vivienda en la Sierra de [&hellip;]<\/p>\n","protected":false},"author":2,"featured_media":70754,"comment_status":"closed","ping_status":"","sticky":false,"template":"","format":"standard","meta":{"footnotes":""},"categories":[2],"tags":[],"class_list":{"0":"post-70752","1":"post","2":"type-post","3":"status-publish","4":"format-standard","5":"has-post-thumbnail","7":"category-oaxaca"},"yoast_head":"<!-- This site is optimized with the Yoast SEO plugin v27.4 - https:\/\/yoast.com\/product\/yoast-seo-wordpress\/ -->\n<title>En 3 a\u00f1os, Salom\u00f3n Jara transforma bienestar de familias de la Sierra de Ju\u00e1rez con casi 2 mil acciones en vivienda \u00a0 - LA BRAVA RADIO<\/title>\n<meta name=\"robots\" content=\"index, follow, max-snippet:-1, max-image-preview:large, max-video-preview:-1\" \/>\n<link rel=\"canonical\" href=\"https:\/\/www.bbmnoticias.com\/en-3-anos-salomon-jara-transforma-bienestar-de-familias-de-la-sierra-de-juarez-con-casi-2-mil-acciones-en-vivienda\/\" \/>\n<meta property=\"og:locale\" content=\"es_MX\" \/>\n<meta property=\"og:type\" content=\"article\" \/>\n<meta property=\"og:title\" content=\"En 3 a\u00f1os, Salom\u00f3n Jara transforma bienestar de familias de la Sierra de Ju\u00e1rez con casi 2 mil acciones en vivienda \u00a0 - LA BRAVA RADIO\" \/>\n<meta property=\"og:description\" content=\"San Ildefonso Villa Alta, Oax.- Con una pol\u00edtica social y de bienestar propia, el Gobierno de Salom\u00f3n Jara Cruz ha hecho lo que nunca se hizo por Oaxaca. En 3 a\u00f1os, destin\u00f3 una inversi\u00f3n superior a 43 millones de pesos para 73 obras y m\u00e1s de mil 900 acciones de vivienda en la Sierra de [&hellip;]\" \/>\n<meta property=\"og:url\" content=\"https:\/\/www.bbmnoticias.com\/en-3-anos-salomon-jara-transforma-bienestar-de-familias-de-la-sierra-de-juarez-con-casi-2-mil-acciones-en-vivienda\/\" \/>\n<meta property=\"og:site_name\" content=\"LA BRAVA RADIO\" \/>\n<meta property=\"article:published_time\" content=\"2025-12-03T20:01:20+00:00\" \/>\n<meta property=\"article:modified_time\" content=\"2025-12-03T20:01:23+00:00\" \/>\n<meta property=\"og:image\" content=\"https:\/\/www.bbmnoticias.com\/labravaradiofm\/wp-content\/uploads\/sites\/5\/2025\/12\/sierra_juarez.jpg\" \/>\n\t<meta property=\"og:image:width\" content=\"800\" \/>\n\t<meta property=\"og:image:height\" content=\"505\" \/>\n\t<meta property=\"og:image:type\" content=\"image\/jpeg\" \/>\n<meta name=\"author\" content=\"Staff\" \/>\n<meta name=\"twitter:card\" content=\"summary_large_image\" \/>\n<meta name=\"twitter:label1\" content=\"Escrito por\" \/>\n\t<meta name=\"twitter:data1\" content=\"Staff\" \/>\n\t<meta name=\"twitter:label2\" content=\"Tiempo de lectura\" \/>\n\t<meta name=\"twitter:data2\" content=\"3 minutos\" \/>\n<script type=\"application\/ld+json\" class=\"yoast-schema-graph\">{\"@context\":\"https:\\\/\\\/schema.org\",\"@graph\":[{\"@type\":\"Article\",\"@id\":\"https:\\\/\\\/www.bbmnoticias.com\\\/en-3-anos-salomon-jara-transforma-bienestar-de-familias-de-la-sierra-de-juarez-con-casi-2-mil-acciones-en-vivienda\\\/#article\",\"isPartOf\":{\"@id\":\"https:\\\/\\\/www.bbmnoticias.com\\\/labravaradiofm\\\/2025\\\/12\\\/03\\\/en-3-anos-salomon-jara-transforma-bienestar-de-familias-de-la-sierra-de-juarez-con-casi-2-mil-acciones-en-vivienda\\\/\"},\"author\":{\"name\":\"Staff\",\"@id\":\"https:\\\/\\\/www.bbmnoticias.com\\\/labravaradiofm\\\/#\\\/schema\\\/person\\\/68a9e9036ef3c5b55aeb2b71dc8bab45\"},\"headline\":\"En 3 a\u00f1os, Salom\u00f3n Jara transforma bienestar de familias de la Sierra de Ju\u00e1rez con casi 2 mil acciones en vivienda \u00a0\",\"datePublished\":\"2025-12-03T20:01:20+00:00\",\"dateModified\":\"2025-12-03T20:01:23+00:00\",\"mainEntityOfPage\":{\"@id\":\"https:\\\/\\\/www.bbmnoticias.com\\\/labravaradiofm\\\/2025\\\/12\\\/03\\\/en-3-anos-salomon-jara-transforma-bienestar-de-familias-de-la-sierra-de-juarez-con-casi-2-mil-acciones-en-vivienda\\\/\"},\"wordCount\":599,\"image\":{\"@id\":\"https:\\\/\\\/www.bbmnoticias.com\\\/en-3-anos-salomon-jara-transforma-bienestar-de-familias-de-la-sierra-de-juarez-con-casi-2-mil-acciones-en-vivienda\\\/#primaryimage\"},\"thumbnailUrl\":\"https:\\\/\\\/www.bbmnoticias.com\\\/labravaradiofm\\\/wp-content\\\/uploads\\\/sites\\\/5\\\/2025\\\/12\\\/sierra_juarez.jpg\",\"articleSection\":[\"LOCAL\"],\"inLanguage\":\"es\"},{\"@type\":\"WebPage\",\"@id\":\"https:\\\/\\\/www.bbmnoticias.com\\\/labravaradiofm\\\/2025\\\/12\\\/03\\\/en-3-anos-salomon-jara-transforma-bienestar-de-familias-de-la-sierra-de-juarez-con-casi-2-mil-acciones-en-vivienda\\\/\",\"url\":\"https:\\\/\\\/www.bbmnoticias.com\\\/en-3-anos-salomon-jara-transforma-bienestar-de-familias-de-la-sierra-de-juarez-con-casi-2-mil-acciones-en-vivienda\\\/\",\"name\":\"En 3 a\u00f1os, Salom\u00f3n Jara transforma bienestar de familias de la Sierra de Ju\u00e1rez con casi 2 mil acciones en vivienda \u00a0 - LA BRAVA RADIO\",\"isPartOf\":{\"@id\":\"https:\\\/\\\/www.bbmnoticias.com\\\/labravaradiofm\\\/#website\"},\"primaryImageOfPage\":{\"@id\":\"https:\\\/\\\/www.bbmnoticias.com\\\/en-3-anos-salomon-jara-transforma-bienestar-de-familias-de-la-sierra-de-juarez-con-casi-2-mil-acciones-en-vivienda\\\/#primaryimage\"},\"image\":{\"@id\":\"https:\\\/\\\/www.bbmnoticias.com\\\/en-3-anos-salomon-jara-transforma-bienestar-de-familias-de-la-sierra-de-juarez-con-casi-2-mil-acciones-en-vivienda\\\/#primaryimage\"},\"thumbnailUrl\":\"https:\\\/\\\/www.bbmnoticias.com\\\/labravaradiofm\\\/wp-content\\\/uploads\\\/sites\\\/5\\\/2025\\\/12\\\/sierra_juarez.jpg\",\"datePublished\":\"2025-12-03T20:01:20+00:00\",\"dateModified\":\"2025-12-03T20:01:23+00:00\",\"author\":{\"@id\":\"https:\\\/\\\/www.bbmnoticias.com\\\/labravaradiofm\\\/#\\\/schema\\\/person\\\/68a9e9036ef3c5b55aeb2b71dc8bab45\"},\"breadcrumb\":{\"@id\":\"https:\\\/\\\/www.bbmnoticias.com\\\/en-3-anos-salomon-jara-transforma-bienestar-de-familias-de-la-sierra-de-juarez-con-casi-2-mil-acciones-en-vivienda\\\/#breadcrumb\"},\"inLanguage\":\"es\",\"potentialAction\":[{\"@type\":\"ReadAction\",\"target\":[\"https:\\\/\\\/www.bbmnoticias.com\\\/en-3-anos-salomon-jara-transforma-bienestar-de-familias-de-la-sierra-de-juarez-con-casi-2-mil-acciones-en-vivienda\\\/\"]}]},{\"@type\":\"ImageObject\",\"inLanguage\":\"es\",\"@id\":\"https:\\\/\\\/www.bbmnoticias.com\\\/en-3-anos-salomon-jara-transforma-bienestar-de-familias-de-la-sierra-de-juarez-con-casi-2-mil-acciones-en-vivienda\\\/#primaryimage\",\"url\":\"https:\\\/\\\/www.bbmnoticias.com\\\/labravaradiofm\\\/wp-content\\\/uploads\\\/sites\\\/5\\\/2025\\\/12\\\/sierra_juarez.jpg\",\"contentUrl\":\"https:\\\/\\\/www.bbmnoticias.com\\\/labravaradiofm\\\/wp-content\\\/uploads\\\/sites\\\/5\\\/2025\\\/12\\\/sierra_juarez.jpg\",\"width\":800,\"height\":505},{\"@type\":\"BreadcrumbList\",\"@id\":\"https:\\\/\\\/www.bbmnoticias.com\\\/en-3-anos-salomon-jara-transforma-bienestar-de-familias-de-la-sierra-de-juarez-con-casi-2-mil-acciones-en-vivienda\\\/#breadcrumb\",\"itemListElement\":[{\"@type\":\"ListItem\",\"position\":1,\"name\":\"Inicio\",\"item\":\"https:\\\/\\\/www.bbmnoticias.com\\\/labravaradiofm\\\/\"},{\"@type\":\"ListItem\",\"position\":2,\"name\":\"En 3 a\u00f1os, Salom\u00f3n Jara transforma bienestar de familias de la Sierra de Ju\u00e1rez con casi 2 mil acciones en vivienda \u00a0\"}]},{\"@type\":\"WebSite\",\"@id\":\"https:\\\/\\\/www.bbmnoticias.com\\\/labravaradiofm\\\/#website\",\"url\":\"https:\\\/\\\/www.bbmnoticias.com\\\/labravaradiofm\\\/\",\"name\":\"LA BRAVA RADIO\",\"description\":\"Empresa productora de medios, Radiodifusi\u00f3n, Noticias, tendencias y todo lo que necesitas saber de la pol\u00edtica mexicana e internacional; entretenimiento, espect\u00e1culos, salud y mucho m\u00e1s.\",\"potentialAction\":[{\"@type\":\"SearchAction\",\"target\":{\"@type\":\"EntryPoint\",\"urlTemplate\":\"https:\\\/\\\/www.bbmnoticias.com\\\/labravaradiofm\\\/?s={search_term_string}\"},\"query-input\":{\"@type\":\"PropertyValueSpecification\",\"valueRequired\":true,\"valueName\":\"search_term_string\"}}],\"inLanguage\":\"es\"},{\"@type\":\"Person\",\"@id\":\"https:\\\/\\\/www.bbmnoticias.com\\\/labravaradiofm\\\/#\\\/schema\\\/person\\\/68a9e9036ef3c5b55aeb2b71dc8bab45\",\"name\":\"Staff\",\"image\":{\"@type\":\"ImageObject\",\"inLanguage\":\"es\",\"@id\":\"https:\\\/\\\/secure.gravatar.com\\\/avatar\\\/fdd21ad66fd8b98c407f9dee5b5e588cfe7f0d8579ec20fa6527cd59bab7f0f0?s=96&d=mm&r=g\",\"url\":\"https:\\\/\\\/secure.gravatar.com\\\/avatar\\\/fdd21ad66fd8b98c407f9dee5b5e588cfe7f0d8579ec20fa6527cd59bab7f0f0?s=96&d=mm&r=g\",\"contentUrl\":\"https:\\\/\\\/secure.gravatar.com\\\/avatar\\\/fdd21ad66fd8b98c407f9dee5b5e588cfe7f0d8579ec20fa6527cd59bab7f0f0?s=96&d=mm&r=g\",\"caption\":\"Staff\"},\"url\":\"https:\\\/\\\/www.bbmnoticias.com\\\/labravaradiofm\\\/author\\\/redaccion\\\/\"}]}<\/script>\n<!-- \/ Yoast SEO plugin. -->","yoast_head_json":{"title":"En 3 a\u00f1os, Salom\u00f3n Jara transforma bienestar de familias de la Sierra de Ju\u00e1rez con casi 2 mil acciones en vivienda \u00a0 - LA BRAVA RADIO","robots":{"index":"index","follow":"follow","max-snippet":"max-snippet:-1","max-image-preview":"max-image-preview:large","max-video-preview":"max-video-preview:-1"},"canonical":"https:\/\/www.bbmnoticias.com\/en-3-anos-salomon-jara-transforma-bienestar-de-familias-de-la-sierra-de-juarez-con-casi-2-mil-acciones-en-vivienda\/","og_locale":"es_MX","og_type":"article","og_title":"En 3 a\u00f1os, Salom\u00f3n Jara transforma bienestar de familias de la Sierra de Ju\u00e1rez con casi 2 mil acciones en vivienda \u00a0 - LA BRAVA RADIO","og_description":"San Ildefonso Villa Alta, Oax.- Con una pol\u00edtica social y de bienestar propia, el Gobierno de Salom\u00f3n Jara Cruz ha hecho lo que nunca se hizo por Oaxaca. En 3 a\u00f1os, destin\u00f3 una inversi\u00f3n superior a 43 millones de pesos para 73 obras y m\u00e1s de mil 900 acciones de vivienda en la Sierra de [&hellip;]","og_url":"https:\/\/www.bbmnoticias.com\/en-3-anos-salomon-jara-transforma-bienestar-de-familias-de-la-sierra-de-juarez-con-casi-2-mil-acciones-en-vivienda\/","og_site_name":"LA BRAVA RADIO","article_published_time":"2025-12-03T20:01:20+00:00","article_modified_time":"2025-12-03T20:01:23+00:00","og_image":[{"width":800,"height":505,"url":"https:\/\/www.bbmnoticias.com\/labravaradiofm\/wp-content\/uploads\/sites\/5\/2025\/12\/sierra_juarez.jpg","type":"image\/jpeg"}],"author":"Staff","twitter_card":"summary_large_image","twitter_misc":{"Escrito por":"Staff","Tiempo de lectura":"3 minutos"},"schema":{"@context":"https:\/\/schema.org","@graph":[{"@type":"Article","@id":"https:\/\/www.bbmnoticias.com\/en-3-anos-salomon-jara-transforma-bienestar-de-familias-de-la-sierra-de-juarez-con-casi-2-mil-acciones-en-vivienda\/#article","isPartOf":{"@id":"https:\/\/www.bbmnoticias.com\/labravaradiofm\/2025\/12\/03\/en-3-anos-salomon-jara-transforma-bienestar-de-familias-de-la-sierra-de-juarez-con-casi-2-mil-acciones-en-vivienda\/"},"author":{"name":"Staff","@id":"https:\/\/www.bbmnoticias.com\/labravaradiofm\/#\/schema\/person\/68a9e9036ef3c5b55aeb2b71dc8bab45"},"headline":"En 3 a\u00f1os, Salom\u00f3n Jara transforma bienestar de familias de la Sierra de Ju\u00e1rez con casi 2 mil acciones en vivienda \u00a0","datePublished":"2025-12-03T20:01:20+00:00","dateModified":"2025-12-03T20:01:23+00:00","mainEntityOfPage":{"@id":"https:\/\/www.bbmnoticias.com\/labravaradiofm\/2025\/12\/03\/en-3-anos-salomon-jara-transforma-bienestar-de-familias-de-la-sierra-de-juarez-con-casi-2-mil-acciones-en-vivienda\/"},"wordCount":599,"image":{"@id":"https:\/\/www.bbmnoticias.com\/en-3-anos-salomon-jara-transforma-bienestar-de-familias-de-la-sierra-de-juarez-con-casi-2-mil-acciones-en-vivienda\/#primaryimage"},"thumbnailUrl":"https:\/\/www.bbmnoticias.com\/labravaradiofm\/wp-content\/uploads\/sites\/5\/2025\/12\/sierra_juarez.jpg","articleSection":["LOCAL"],"inLanguage":"es"},{"@type":"WebPage","@id":"https:\/\/www.bbmnoticias.com\/labravaradiofm\/2025\/12\/03\/en-3-anos-salomon-jara-transforma-bienestar-de-familias-de-la-sierra-de-juarez-con-casi-2-mil-acciones-en-vivienda\/","url":"https:\/\/www.bbmnoticias.com\/en-3-anos-salomon-jara-transforma-bienestar-de-familias-de-la-sierra-de-juarez-con-casi-2-mil-acciones-en-vivienda\/","name":"En 3 a\u00f1os, Salom\u00f3n Jara transforma bienestar de familias de la Sierra de Ju\u00e1rez con casi 2 mil acciones en vivienda \u00a0 - LA BRAVA RADIO","isPartOf":{"@id":"https:\/\/www.bbmnoticias.com\/labravaradiofm\/#website"},"primaryImageOfPage":{"@id":"https:\/\/www.bbmnoticias.com\/en-3-anos-salomon-jara-transforma-bienestar-de-familias-de-la-sierra-de-juarez-con-casi-2-mil-acciones-en-vivienda\/#primaryimage"},"image":{"@id":"https:\/\/www.bbmnoticias.com\/en-3-anos-salomon-jara-transforma-bienestar-de-familias-de-la-sierra-de-juarez-con-casi-2-mil-acciones-en-vivienda\/#primaryimage"},"thumbnailUrl":"https:\/\/www.bbmnoticias.com\/labravaradiofm\/wp-content\/uploads\/sites\/5\/2025\/12\/sierra_juarez.jpg","datePublished":"2025-12-03T20:01:20+00:00","dateModified":"2025-12-03T20:01:23+00:00","author":{"@id":"https:\/\/www.bbmnoticias.com\/labravaradiofm\/#\/schema\/person\/68a9e9036ef3c5b55aeb2b71dc8bab45"},"breadcrumb":{"@id":"https:\/\/www.bbmnoticias.com\/en-3-anos-salomon-jara-transforma-bienestar-de-familias-de-la-sierra-de-juarez-con-casi-2-mil-acciones-en-vivienda\/#breadcrumb"},"inLanguage":"es","potentialAction":[{"@type":"ReadAction","target":["https:\/\/www.bbmnoticias.com\/en-3-anos-salomon-jara-transforma-bienestar-de-familias-de-la-sierra-de-juarez-con-casi-2-mil-acciones-en-vivienda\/"]}]},{"@type":"ImageObject","inLanguage":"es","@id":"https:\/\/www.bbmnoticias.com\/en-3-anos-salomon-jara-transforma-bienestar-de-familias-de-la-sierra-de-juarez-con-casi-2-mil-acciones-en-vivienda\/#primaryimage","url":"https:\/\/www.bbmnoticias.com\/labravaradiofm\/wp-content\/uploads\/sites\/5\/2025\/12\/sierra_juarez.jpg","contentUrl":"https:\/\/www.bbmnoticias.com\/labravaradiofm\/wp-content\/uploads\/sites\/5\/2025\/12\/sierra_juarez.jpg","width":800,"height":505},{"@type":"BreadcrumbList","@id":"https:\/\/www.bbmnoticias.com\/en-3-anos-salomon-jara-transforma-bienestar-de-familias-de-la-sierra-de-juarez-con-casi-2-mil-acciones-en-vivienda\/#breadcrumb","itemListElement":[{"@type":"ListItem","position":1,"name":"Inicio","item":"https:\/\/www.bbmnoticias.com\/labravaradiofm\/"},{"@type":"ListItem","position":2,"name":"En 3 a\u00f1os, Salom\u00f3n Jara transforma bienestar de familias de la Sierra de Ju\u00e1rez con casi 2 mil acciones en vivienda \u00a0"}]},{"@type":"WebSite","@id":"https:\/\/www.bbmnoticias.com\/labravaradiofm\/#website","url":"https:\/\/www.bbmnoticias.com\/labravaradiofm\/","name":"LA BRAVA RADIO","description":"Empresa productora de medios, Radiodifusi\u00f3n, Noticias, tendencias y todo lo que necesitas saber de la pol\u00edtica mexicana e internacional; entretenimiento, espect\u00e1culos, salud y mucho m\u00e1s.","potentialAction":[{"@type":"SearchAction","target":{"@type":"EntryPoint","urlTemplate":"https:\/\/www.bbmnoticias.com\/labravaradiofm\/?s={search_term_string}"},"query-input":{"@type":"PropertyValueSpecification","valueRequired":true,"valueName":"search_term_string"}}],"inLanguage":"es"},{"@type":"Person","@id":"https:\/\/www.bbmnoticias.com\/labravaradiofm\/#\/schema\/person\/68a9e9036ef3c5b55aeb2b71dc8bab45","name":"Staff","image":{"@type":"ImageObject","inLanguage":"es","@id":"https:\/\/secure.gravatar.com\/avatar\/fdd21ad66fd8b98c407f9dee5b5e588cfe7f0d8579ec20fa6527cd59bab7f0f0?s=96&d=mm&r=g","url":"https:\/\/secure.gravatar.com\/avatar\/fdd21ad66fd8b98c407f9dee5b5e588cfe7f0d8579ec20fa6527cd59bab7f0f0?s=96&d=mm&r=g","contentUrl":"https:\/\/secure.gravatar.com\/avatar\/fdd21ad66fd8b98c407f9dee5b5e588cfe7f0d8579ec20fa6527cd59bab7f0f0?s=96&d=mm&r=g","caption":"Staff"},"url":"https:\/\/www.bbmnoticias.com\/labravaradiofm\/author\/redaccion\/"}]}},"_links":{"self":[{"href":"https:\/\/www.bbmnoticias.com\/labravaradiofm\/wp-json\/wp\/v2\/posts\/70752","targetHints":{"allow":["GET"]}}],"collection":[{"href":"https:\/\/www.bbmnoticias.com\/labravaradiofm\/wp-json\/wp\/v2\/posts"}],"about":[{"href":"https:\/\/www.bbmnoticias.com\/labravaradiofm\/wp-json\/wp\/v2\/types\/post"}],"author":[{"embeddable":true,"href":"https:\/\/www.bbmnoticias.com\/labravaradiofm\/wp-json\/wp\/v2\/users\/2"}],"replies":[{"embeddable":true,"href":"https:\/\/www.bbmnoticias.com\/labravaradiofm\/wp-json\/wp\/v2\/comments?post=70752"}],"version-history":[{"count":0,"href":"https:\/\/www.bbmnoticias.com\/labravaradiofm\/wp-json\/wp\/v2\/posts\/70752\/revisions"}],"wp:featuredmedia":[{"embeddable":true,"href":"https:\/\/www.bbmnoticias.com\/labravaradiofm\/wp-json\/wp\/v2\/media\/70754"}],"wp:attachment":[{"href":"https:\/\/www.bbmnoticias.com\/labravaradiofm\/wp-json\/wp\/v2\/media?parent=70752"}],"wp:term":[{"taxonomy":"category","embeddable":true,"href":"https:\/\/www.bbmnoticias.com\/labravaradiofm\/wp-json\/wp\/v2\/categories?post=70752"},{"taxonomy":"post_tag","embeddable":true,"href":"https:\/\/www.bbmnoticias.com\/labravaradiofm\/wp-json\/wp\/v2\/tags?post=70752"}],"curies":[{"name":"wp","href":"https:\/\/api.w.org\/{rel}","templated":true}]}}