{"id":70743,"date":"2025-12-03T12:16:54","date_gmt":"2025-12-03T18:16:54","guid":{"rendered":"https:\/\/www.bbmnoticias.com\/labravaradiofm\/2025\/12\/03\/fiscalia-vincula-a-proceso-a-tres-detenidos-por-narcomenudeo-afuera-de-una-escuela-secundaria-de-santa-maria-coyotepec\/"},"modified":"2025-12-03T12:16:57","modified_gmt":"2025-12-03T18:16:57","slug":"fiscalia-vincula-a-proceso-a-tres-detenidos-por-narcomenudeo-afuera-de-una-escuela-secundaria-de-santa-maria-coyotepec","status":"publish","type":"post","link":"https:\/\/www.bbmnoticias.com\/labravaradiofm\/2025\/12\/03\/fiscalia-vincula-a-proceso-a-tres-detenidos-por-narcomenudeo-afuera-de-una-escuela-secundaria-de-santa-maria-coyotepec\/","title":{"rendered":"Fiscal\u00eda vincula a proceso a tres detenidos por narcomenudeo afuera de una Escuela Secundaria de Santa Mar\u00eda Coyotepec"},"content":{"rendered":"<div style=\"margin-top: 0px; margin-bottom: 0px;\" class=\"sharethis-inline-share-buttons\" ><\/div>\n<p><strong>Oaxaca de Ju\u00e1rez, Oax.-<\/strong> Como resultado de trabajos de investigaci\u00f3n ministerial en delitos de alto impacto, la Fiscal\u00eda General del Estado de Oaxaca (FGEO) obtuvo auto de vinculaci\u00f3n a proceso y prisi\u00f3n preventiva contra tres personas del sexo masculino identificados como J.A.O.V., A.L.G. y F.M.V., por el delito contra la salud en su modalidad de narcomenudeo en la hip\u00f3tesis de suministro de metanfetamina y marihuana (cannabis sativa), hechos ocurridos en la regi\u00f3n de los Valles Centrales.<\/p>\n\n\n\n<p>De acuerdo con el expediente penal, los sujetos fueron detenidos en inmediaciones de una Escuela Secundaria T\u00e9cnica del municipio de Santa Mar\u00eda Coyotepec, acci\u00f3n realizada por elementos de la Agencia Estatal de Investigaciones (AEI), adscritos a la Vicefiscal\u00eda Regional de Valles Centrales, luego de realizar una revisi\u00f3n de rutina tras observarlos discutiendo en la v\u00eda p\u00fablica.<\/p>\n\n\n\n<p>El informe policial detalla que los imputados adoptaron una actitud agresiva al notar la presencia policial, lo que deriv\u00f3 en una inspecci\u00f3n durante la cual aseguraron decenas de dosis de metanfetamina y cannabis sativa, por lo que fueron detenidos y presentados ante la autoridad correspondiente.<\/p>\n\n\n\n<p>Durante la audiencia, y tras el desahogo de las pruebas presentadas por la FGEO, el Juez de Control dict\u00f3 auto de vinculaci\u00f3n a proceso contra J.A.O.V., A.L.G. y F.M.V. por el delito contra la salud en su modalidad de narcomenudeo en la hip\u00f3tesis de suministro de metanfetamina y cannabis sativa, adem\u00e1s de imponer la medida cautelar de prisi\u00f3n preventiva justificada en el penal de Tanivet y conceder el plazo de un mes para el cierre de la investigaci\u00f3n complementaria.<\/p>\n","protected":false},"excerpt":{"rendered":"<p>Oaxaca de Ju\u00e1rez, Oax.- Como resultado de trabajos de investigaci\u00f3n ministerial en delitos de alto impacto, la Fiscal\u00eda General del Estado de Oaxaca (FGEO) obtuvo auto de vinculaci\u00f3n a proceso y prisi\u00f3n preventiva contra tres personas del sexo masculino identificados como J.A.O.V., A.L.G. y F.M.V., por el delito contra la salud en su modalidad de [&hellip;]<\/p>\n","protected":false},"author":2,"featured_media":70745,"comment_status":"closed","ping_status":"","sticky":false,"template":"","format":"standard","meta":{"footnotes":""},"categories":[2,20],"tags":[],"class_list":{"0":"post-70743","1":"post","2":"type-post","3":"status-publish","4":"format-standard","5":"has-post-thumbnail","7":"category-oaxaca","8":"category-policiaca"},"yoast_head":"<!-- This site is optimized with the Yoast SEO plugin v27.4 - https:\/\/yoast.com\/product\/yoast-seo-wordpress\/ -->\n<title>Fiscal\u00eda vincula a proceso a tres detenidos por narcomenudeo afuera de una Escuela Secundaria de Santa Mar\u00eda Coyotepec - LA BRAVA RADIO<\/title>\n<meta name=\"robots\" content=\"index, follow, max-snippet:-1, max-image-preview:large, max-video-preview:-1\" \/>\n<link rel=\"canonical\" href=\"https:\/\/www.bbmnoticias.com\/fiscalia-vincula-a-proceso-a-tres-detenidos-por-narcomenudeo-afuera-de-una-escuela-secundaria-de-santa-maria-coyotepec\/\" \/>\n<meta property=\"og:locale\" content=\"es_MX\" \/>\n<meta property=\"og:type\" content=\"article\" \/>\n<meta property=\"og:title\" content=\"Fiscal\u00eda vincula a proceso a tres detenidos por narcomenudeo afuera de una Escuela Secundaria de Santa Mar\u00eda Coyotepec - LA BRAVA RADIO\" \/>\n<meta property=\"og:description\" content=\"Oaxaca de Ju\u00e1rez, Oax.- Como resultado de trabajos de investigaci\u00f3n ministerial en delitos de alto impacto, la Fiscal\u00eda General del Estado de Oaxaca (FGEO) obtuvo auto de vinculaci\u00f3n a proceso y prisi\u00f3n preventiva contra tres personas del sexo masculino identificados como J.A.O.V., A.L.G. y F.M.V., por el delito contra la salud en su modalidad de [&hellip;]\" \/>\n<meta property=\"og:url\" content=\"https:\/\/www.bbmnoticias.com\/fiscalia-vincula-a-proceso-a-tres-detenidos-por-narcomenudeo-afuera-de-una-escuela-secundaria-de-santa-maria-coyotepec\/\" \/>\n<meta property=\"og:site_name\" content=\"LA BRAVA RADIO\" \/>\n<meta property=\"article:published_time\" content=\"2025-12-03T18:16:54+00:00\" \/>\n<meta property=\"article:modified_time\" content=\"2025-12-03T18:16:57+00:00\" \/>\n<meta property=\"og:image\" content=\"https:\/\/www.bbmnoticias.com\/labravaradiofm\/wp-content\/uploads\/sites\/5\/2025\/12\/presuntos_narcomenudistas.jpg\" \/>\n\t<meta property=\"og:image:width\" content=\"800\" \/>\n\t<meta property=\"og:image:height\" content=\"530\" \/>\n\t<meta property=\"og:image:type\" content=\"image\/jpeg\" \/>\n<meta name=\"author\" content=\"Staff\" \/>\n<meta name=\"twitter:card\" content=\"summary_large_image\" \/>\n<meta name=\"twitter:label1\" content=\"Escrito por\" \/>\n\t<meta name=\"twitter:data1\" content=\"Staff\" \/>\n\t<meta name=\"twitter:label2\" content=\"Tiempo de lectura\" \/>\n\t<meta name=\"twitter:data2\" content=\"1 minuto\" \/>\n<script type=\"application\/ld+json\" class=\"yoast-schema-graph\">{\"@context\":\"https:\\\/\\\/schema.org\",\"@graph\":[{\"@type\":\"Article\",\"@id\":\"https:\\\/\\\/www.bbmnoticias.com\\\/fiscalia-vincula-a-proceso-a-tres-detenidos-por-narcomenudeo-afuera-de-una-escuela-secundaria-de-santa-maria-coyotepec\\\/#article\",\"isPartOf\":{\"@id\":\"https:\\\/\\\/www.bbmnoticias.com\\\/labravaradiofm\\\/2025\\\/12\\\/03\\\/fiscalia-vincula-a-proceso-a-tres-detenidos-por-narcomenudeo-afuera-de-una-escuela-secundaria-de-santa-maria-coyotepec\\\/\"},\"author\":{\"name\":\"Staff\",\"@id\":\"https:\\\/\\\/www.bbmnoticias.com\\\/labravaradiofm\\\/#\\\/schema\\\/person\\\/68a9e9036ef3c5b55aeb2b71dc8bab45\"},\"headline\":\"Fiscal\u00eda vincula a proceso a tres detenidos por narcomenudeo afuera de una Escuela Secundaria de Santa Mar\u00eda Coyotepec\",\"datePublished\":\"2025-12-03T18:16:54+00:00\",\"dateModified\":\"2025-12-03T18:16:57+00:00\",\"mainEntityOfPage\":{\"@id\":\"https:\\\/\\\/www.bbmnoticias.com\\\/labravaradiofm\\\/2025\\\/12\\\/03\\\/fiscalia-vincula-a-proceso-a-tres-detenidos-por-narcomenudeo-afuera-de-una-escuela-secundaria-de-santa-maria-coyotepec\\\/\"},\"wordCount\":311,\"image\":{\"@id\":\"https:\\\/\\\/www.bbmnoticias.com\\\/fiscalia-vincula-a-proceso-a-tres-detenidos-por-narcomenudeo-afuera-de-una-escuela-secundaria-de-santa-maria-coyotepec\\\/#primaryimage\"},\"thumbnailUrl\":\"https:\\\/\\\/www.bbmnoticias.com\\\/labravaradiofm\\\/wp-content\\\/uploads\\\/sites\\\/5\\\/2025\\\/12\\\/presuntos_narcomenudistas.jpg\",\"articleSection\":[\"LOCAL\",\"POLICIACA\"],\"inLanguage\":\"es\"},{\"@type\":\"WebPage\",\"@id\":\"https:\\\/\\\/www.bbmnoticias.com\\\/labravaradiofm\\\/2025\\\/12\\\/03\\\/fiscalia-vincula-a-proceso-a-tres-detenidos-por-narcomenudeo-afuera-de-una-escuela-secundaria-de-santa-maria-coyotepec\\\/\",\"url\":\"https:\\\/\\\/www.bbmnoticias.com\\\/fiscalia-vincula-a-proceso-a-tres-detenidos-por-narcomenudeo-afuera-de-una-escuela-secundaria-de-santa-maria-coyotepec\\\/\",\"name\":\"Fiscal\u00eda vincula a proceso a tres detenidos por narcomenudeo afuera de una Escuela Secundaria de Santa Mar\u00eda Coyotepec - LA BRAVA RADIO\",\"isPartOf\":{\"@id\":\"https:\\\/\\\/www.bbmnoticias.com\\\/labravaradiofm\\\/#website\"},\"primaryImageOfPage\":{\"@id\":\"https:\\\/\\\/www.bbmnoticias.com\\\/fiscalia-vincula-a-proceso-a-tres-detenidos-por-narcomenudeo-afuera-de-una-escuela-secundaria-de-santa-maria-coyotepec\\\/#primaryimage\"},\"image\":{\"@id\":\"https:\\\/\\\/www.bbmnoticias.com\\\/fiscalia-vincula-a-proceso-a-tres-detenidos-por-narcomenudeo-afuera-de-una-escuela-secundaria-de-santa-maria-coyotepec\\\/#primaryimage\"},\"thumbnailUrl\":\"https:\\\/\\\/www.bbmnoticias.com\\\/labravaradiofm\\\/wp-content\\\/uploads\\\/sites\\\/5\\\/2025\\\/12\\\/presuntos_narcomenudistas.jpg\",\"datePublished\":\"2025-12-03T18:16:54+00:00\",\"dateModified\":\"2025-12-03T18:16:57+00:00\",\"author\":{\"@id\":\"https:\\\/\\\/www.bbmnoticias.com\\\/labravaradiofm\\\/#\\\/schema\\\/person\\\/68a9e9036ef3c5b55aeb2b71dc8bab45\"},\"breadcrumb\":{\"@id\":\"https:\\\/\\\/www.bbmnoticias.com\\\/fiscalia-vincula-a-proceso-a-tres-detenidos-por-narcomenudeo-afuera-de-una-escuela-secundaria-de-santa-maria-coyotepec\\\/#breadcrumb\"},\"inLanguage\":\"es\",\"potentialAction\":[{\"@type\":\"ReadAction\",\"target\":[\"https:\\\/\\\/www.bbmnoticias.com\\\/fiscalia-vincula-a-proceso-a-tres-detenidos-por-narcomenudeo-afuera-de-una-escuela-secundaria-de-santa-maria-coyotepec\\\/\"]}]},{\"@type\":\"ImageObject\",\"inLanguage\":\"es\",\"@id\":\"https:\\\/\\\/www.bbmnoticias.com\\\/fiscalia-vincula-a-proceso-a-tres-detenidos-por-narcomenudeo-afuera-de-una-escuela-secundaria-de-santa-maria-coyotepec\\\/#primaryimage\",\"url\":\"https:\\\/\\\/www.bbmnoticias.com\\\/labravaradiofm\\\/wp-content\\\/uploads\\\/sites\\\/5\\\/2025\\\/12\\\/presuntos_narcomenudistas.jpg\",\"contentUrl\":\"https:\\\/\\\/www.bbmnoticias.com\\\/labravaradiofm\\\/wp-content\\\/uploads\\\/sites\\\/5\\\/2025\\\/12\\\/presuntos_narcomenudistas.jpg\",\"width\":800,\"height\":530},{\"@type\":\"BreadcrumbList\",\"@id\":\"https:\\\/\\\/www.bbmnoticias.com\\\/fiscalia-vincula-a-proceso-a-tres-detenidos-por-narcomenudeo-afuera-de-una-escuela-secundaria-de-santa-maria-coyotepec\\\/#breadcrumb\",\"itemListElement\":[{\"@type\":\"ListItem\",\"position\":1,\"name\":\"Inicio\",\"item\":\"https:\\\/\\\/www.bbmnoticias.com\\\/labravaradiofm\\\/\"},{\"@type\":\"ListItem\",\"position\":2,\"name\":\"Fiscal\u00eda vincula a proceso a tres detenidos por narcomenudeo afuera de una Escuela Secundaria de Santa Mar\u00eda Coyotepec\"}]},{\"@type\":\"WebSite\",\"@id\":\"https:\\\/\\\/www.bbmnoticias.com\\\/labravaradiofm\\\/#website\",\"url\":\"https:\\\/\\\/www.bbmnoticias.com\\\/labravaradiofm\\\/\",\"name\":\"LA BRAVA RADIO\",\"description\":\"Empresa productora de medios, Radiodifusi\u00f3n, Noticias, tendencias y todo lo que necesitas saber de la pol\u00edtica mexicana e internacional; entretenimiento, espect\u00e1culos, salud y mucho m\u00e1s.\",\"potentialAction\":[{\"@type\":\"SearchAction\",\"target\":{\"@type\":\"EntryPoint\",\"urlTemplate\":\"https:\\\/\\\/www.bbmnoticias.com\\\/labravaradiofm\\\/?s={search_term_string}\"},\"query-input\":{\"@type\":\"PropertyValueSpecification\",\"valueRequired\":true,\"valueName\":\"search_term_string\"}}],\"inLanguage\":\"es\"},{\"@type\":\"Person\",\"@id\":\"https:\\\/\\\/www.bbmnoticias.com\\\/labravaradiofm\\\/#\\\/schema\\\/person\\\/68a9e9036ef3c5b55aeb2b71dc8bab45\",\"name\":\"Staff\",\"image\":{\"@type\":\"ImageObject\",\"inLanguage\":\"es\",\"@id\":\"https:\\\/\\\/secure.gravatar.com\\\/avatar\\\/fdd21ad66fd8b98c407f9dee5b5e588cfe7f0d8579ec20fa6527cd59bab7f0f0?s=96&d=mm&r=g\",\"url\":\"https:\\\/\\\/secure.gravatar.com\\\/avatar\\\/fdd21ad66fd8b98c407f9dee5b5e588cfe7f0d8579ec20fa6527cd59bab7f0f0?s=96&d=mm&r=g\",\"contentUrl\":\"https:\\\/\\\/secure.gravatar.com\\\/avatar\\\/fdd21ad66fd8b98c407f9dee5b5e588cfe7f0d8579ec20fa6527cd59bab7f0f0?s=96&d=mm&r=g\",\"caption\":\"Staff\"},\"url\":\"https:\\\/\\\/www.bbmnoticias.com\\\/labravaradiofm\\\/author\\\/redaccion\\\/\"}]}<\/script>\n<!-- \/ Yoast SEO plugin. -->","yoast_head_json":{"title":"Fiscal\u00eda vincula a proceso a tres detenidos por narcomenudeo afuera de una Escuela Secundaria de Santa Mar\u00eda Coyotepec - LA BRAVA RADIO","robots":{"index":"index","follow":"follow","max-snippet":"max-snippet:-1","max-image-preview":"max-image-preview:large","max-video-preview":"max-video-preview:-1"},"canonical":"https:\/\/www.bbmnoticias.com\/fiscalia-vincula-a-proceso-a-tres-detenidos-por-narcomenudeo-afuera-de-una-escuela-secundaria-de-santa-maria-coyotepec\/","og_locale":"es_MX","og_type":"article","og_title":"Fiscal\u00eda vincula a proceso a tres detenidos por narcomenudeo afuera de una Escuela Secundaria de Santa Mar\u00eda Coyotepec - LA BRAVA RADIO","og_description":"Oaxaca de Ju\u00e1rez, Oax.- Como resultado de trabajos de investigaci\u00f3n ministerial en delitos de alto impacto, la Fiscal\u00eda General del Estado de Oaxaca (FGEO) obtuvo auto de vinculaci\u00f3n a proceso y prisi\u00f3n preventiva contra tres personas del sexo masculino identificados como J.A.O.V., A.L.G. y F.M.V., por el delito contra la salud en su modalidad de [&hellip;]","og_url":"https:\/\/www.bbmnoticias.com\/fiscalia-vincula-a-proceso-a-tres-detenidos-por-narcomenudeo-afuera-de-una-escuela-secundaria-de-santa-maria-coyotepec\/","og_site_name":"LA BRAVA RADIO","article_published_time":"2025-12-03T18:16:54+00:00","article_modified_time":"2025-12-03T18:16:57+00:00","og_image":[{"width":800,"height":530,"url":"https:\/\/www.bbmnoticias.com\/labravaradiofm\/wp-content\/uploads\/sites\/5\/2025\/12\/presuntos_narcomenudistas.jpg","type":"image\/jpeg"}],"author":"Staff","twitter_card":"summary_large_image","twitter_misc":{"Escrito por":"Staff","Tiempo de lectura":"1 minuto"},"schema":{"@context":"https:\/\/schema.org","@graph":[{"@type":"Article","@id":"https:\/\/www.bbmnoticias.com\/fiscalia-vincula-a-proceso-a-tres-detenidos-por-narcomenudeo-afuera-de-una-escuela-secundaria-de-santa-maria-coyotepec\/#article","isPartOf":{"@id":"https:\/\/www.bbmnoticias.com\/labravaradiofm\/2025\/12\/03\/fiscalia-vincula-a-proceso-a-tres-detenidos-por-narcomenudeo-afuera-de-una-escuela-secundaria-de-santa-maria-coyotepec\/"},"author":{"name":"Staff","@id":"https:\/\/www.bbmnoticias.com\/labravaradiofm\/#\/schema\/person\/68a9e9036ef3c5b55aeb2b71dc8bab45"},"headline":"Fiscal\u00eda vincula a proceso a tres detenidos por narcomenudeo afuera de una Escuela Secundaria de Santa Mar\u00eda Coyotepec","datePublished":"2025-12-03T18:16:54+00:00","dateModified":"2025-12-03T18:16:57+00:00","mainEntityOfPage":{"@id":"https:\/\/www.bbmnoticias.com\/labravaradiofm\/2025\/12\/03\/fiscalia-vincula-a-proceso-a-tres-detenidos-por-narcomenudeo-afuera-de-una-escuela-secundaria-de-santa-maria-coyotepec\/"},"wordCount":311,"image":{"@id":"https:\/\/www.bbmnoticias.com\/fiscalia-vincula-a-proceso-a-tres-detenidos-por-narcomenudeo-afuera-de-una-escuela-secundaria-de-santa-maria-coyotepec\/#primaryimage"},"thumbnailUrl":"https:\/\/www.bbmnoticias.com\/labravaradiofm\/wp-content\/uploads\/sites\/5\/2025\/12\/presuntos_narcomenudistas.jpg","articleSection":["LOCAL","POLICIACA"],"inLanguage":"es"},{"@type":"WebPage","@id":"https:\/\/www.bbmnoticias.com\/labravaradiofm\/2025\/12\/03\/fiscalia-vincula-a-proceso-a-tres-detenidos-por-narcomenudeo-afuera-de-una-escuela-secundaria-de-santa-maria-coyotepec\/","url":"https:\/\/www.bbmnoticias.com\/fiscalia-vincula-a-proceso-a-tres-detenidos-por-narcomenudeo-afuera-de-una-escuela-secundaria-de-santa-maria-coyotepec\/","name":"Fiscal\u00eda vincula a proceso a tres detenidos por narcomenudeo afuera de una Escuela Secundaria de Santa Mar\u00eda Coyotepec - LA BRAVA RADIO","isPartOf":{"@id":"https:\/\/www.bbmnoticias.com\/labravaradiofm\/#website"},"primaryImageOfPage":{"@id":"https:\/\/www.bbmnoticias.com\/fiscalia-vincula-a-proceso-a-tres-detenidos-por-narcomenudeo-afuera-de-una-escuela-secundaria-de-santa-maria-coyotepec\/#primaryimage"},"image":{"@id":"https:\/\/www.bbmnoticias.com\/fiscalia-vincula-a-proceso-a-tres-detenidos-por-narcomenudeo-afuera-de-una-escuela-secundaria-de-santa-maria-coyotepec\/#primaryimage"},"thumbnailUrl":"https:\/\/www.bbmnoticias.com\/labravaradiofm\/wp-content\/uploads\/sites\/5\/2025\/12\/presuntos_narcomenudistas.jpg","datePublished":"2025-12-03T18:16:54+00:00","dateModified":"2025-12-03T18:16:57+00:00","author":{"@id":"https:\/\/www.bbmnoticias.com\/labravaradiofm\/#\/schema\/person\/68a9e9036ef3c5b55aeb2b71dc8bab45"},"breadcrumb":{"@id":"https:\/\/www.bbmnoticias.com\/fiscalia-vincula-a-proceso-a-tres-detenidos-por-narcomenudeo-afuera-de-una-escuela-secundaria-de-santa-maria-coyotepec\/#breadcrumb"},"inLanguage":"es","potentialAction":[{"@type":"ReadAction","target":["https:\/\/www.bbmnoticias.com\/fiscalia-vincula-a-proceso-a-tres-detenidos-por-narcomenudeo-afuera-de-una-escuela-secundaria-de-santa-maria-coyotepec\/"]}]},{"@type":"ImageObject","inLanguage":"es","@id":"https:\/\/www.bbmnoticias.com\/fiscalia-vincula-a-proceso-a-tres-detenidos-por-narcomenudeo-afuera-de-una-escuela-secundaria-de-santa-maria-coyotepec\/#primaryimage","url":"https:\/\/www.bbmnoticias.com\/labravaradiofm\/wp-content\/uploads\/sites\/5\/2025\/12\/presuntos_narcomenudistas.jpg","contentUrl":"https:\/\/www.bbmnoticias.com\/labravaradiofm\/wp-content\/uploads\/sites\/5\/2025\/12\/presuntos_narcomenudistas.jpg","width":800,"height":530},{"@type":"BreadcrumbList","@id":"https:\/\/www.bbmnoticias.com\/fiscalia-vincula-a-proceso-a-tres-detenidos-por-narcomenudeo-afuera-de-una-escuela-secundaria-de-santa-maria-coyotepec\/#breadcrumb","itemListElement":[{"@type":"ListItem","position":1,"name":"Inicio","item":"https:\/\/www.bbmnoticias.com\/labravaradiofm\/"},{"@type":"ListItem","position":2,"name":"Fiscal\u00eda vincula a proceso a tres detenidos por narcomenudeo afuera de una Escuela Secundaria de Santa Mar\u00eda Coyotepec"}]},{"@type":"WebSite","@id":"https:\/\/www.bbmnoticias.com\/labravaradiofm\/#website","url":"https:\/\/www.bbmnoticias.com\/labravaradiofm\/","name":"LA BRAVA RADIO","description":"Empresa productora de medios, Radiodifusi\u00f3n, Noticias, tendencias y todo lo que necesitas saber de la pol\u00edtica mexicana e internacional; entretenimiento, espect\u00e1culos, salud y mucho m\u00e1s.","potentialAction":[{"@type":"SearchAction","target":{"@type":"EntryPoint","urlTemplate":"https:\/\/www.bbmnoticias.com\/labravaradiofm\/?s={search_term_string}"},"query-input":{"@type":"PropertyValueSpecification","valueRequired":true,"valueName":"search_term_string"}}],"inLanguage":"es"},{"@type":"Person","@id":"https:\/\/www.bbmnoticias.com\/labravaradiofm\/#\/schema\/person\/68a9e9036ef3c5b55aeb2b71dc8bab45","name":"Staff","image":{"@type":"ImageObject","inLanguage":"es","@id":"https:\/\/secure.gravatar.com\/avatar\/fdd21ad66fd8b98c407f9dee5b5e588cfe7f0d8579ec20fa6527cd59bab7f0f0?s=96&d=mm&r=g","url":"https:\/\/secure.gravatar.com\/avatar\/fdd21ad66fd8b98c407f9dee5b5e588cfe7f0d8579ec20fa6527cd59bab7f0f0?s=96&d=mm&r=g","contentUrl":"https:\/\/secure.gravatar.com\/avatar\/fdd21ad66fd8b98c407f9dee5b5e588cfe7f0d8579ec20fa6527cd59bab7f0f0?s=96&d=mm&r=g","caption":"Staff"},"url":"https:\/\/www.bbmnoticias.com\/labravaradiofm\/author\/redaccion\/"}]}},"_links":{"self":[{"href":"https:\/\/www.bbmnoticias.com\/labravaradiofm\/wp-json\/wp\/v2\/posts\/70743","targetHints":{"allow":["GET"]}}],"collection":[{"href":"https:\/\/www.bbmnoticias.com\/labravaradiofm\/wp-json\/wp\/v2\/posts"}],"about":[{"href":"https:\/\/www.bbmnoticias.com\/labravaradiofm\/wp-json\/wp\/v2\/types\/post"}],"author":[{"embeddable":true,"href":"https:\/\/www.bbmnoticias.com\/labravaradiofm\/wp-json\/wp\/v2\/users\/2"}],"replies":[{"embeddable":true,"href":"https:\/\/www.bbmnoticias.com\/labravaradiofm\/wp-json\/wp\/v2\/comments?post=70743"}],"version-history":[{"count":0,"href":"https:\/\/www.bbmnoticias.com\/labravaradiofm\/wp-json\/wp\/v2\/posts\/70743\/revisions"}],"wp:featuredmedia":[{"embeddable":true,"href":"https:\/\/www.bbmnoticias.com\/labravaradiofm\/wp-json\/wp\/v2\/media\/70745"}],"wp:attachment":[{"href":"https:\/\/www.bbmnoticias.com\/labravaradiofm\/wp-json\/wp\/v2\/media?parent=70743"}],"wp:term":[{"taxonomy":"category","embeddable":true,"href":"https:\/\/www.bbmnoticias.com\/labravaradiofm\/wp-json\/wp\/v2\/categories?post=70743"},{"taxonomy":"post_tag","embeddable":true,"href":"https:\/\/www.bbmnoticias.com\/labravaradiofm\/wp-json\/wp\/v2\/tags?post=70743"}],"curies":[{"name":"wp","href":"https:\/\/api.w.org\/{rel}","templated":true}]}}