{"id":70728,"date":"2025-12-03T10:54:44","date_gmt":"2025-12-03T16:54:44","guid":{"rendered":"https:\/\/www.bbmnoticias.com\/labravaradiofm\/2025\/12\/03\/dia-internacional-de-las-personas-con-discapacidad-en-mexico-mas-1-6-millones-de-derechohabientes-reciben-una-pension-para-su-bienestar\/"},"modified":"2025-12-03T10:55:07","modified_gmt":"2025-12-03T16:55:07","slug":"dia-internacional-de-las-personas-con-discapacidad-en-mexico-mas-1-6-millones-de-derechohabientes-reciben-una-pension-para-su-bienestar","status":"publish","type":"post","link":"https:\/\/www.bbmnoticias.com\/labravaradiofm\/2025\/12\/03\/dia-internacional-de-las-personas-con-discapacidad-en-mexico-mas-1-6-millones-de-derechohabientes-reciben-una-pension-para-su-bienestar\/","title":{"rendered":"D\u00eda Internacional de las Personas con Discapacidad: En M\u00e9xico m\u00e1s 1.6 millones de derechohabientes reciben una pensi\u00f3n para su Bienestar"},"content":{"rendered":"<div style=\"margin-top: 0px; margin-bottom: 0px;\" class=\"sharethis-inline-share-buttons\" ><\/div>\n<p>En el marco de la conmemoraci\u00f3n del D\u00eda Internacional de las Personas con Discapacidad, la secretaria de Bienestar, Ariadna Montiel Reyes, se\u00f1al\u00f3 que, en el gobierno de la 4\u00aa. Transformaci\u00f3n, la Pensi\u00f3n para el Bienestar para las Personas con Discapacidad es un derecho constitucional, as\u00ed como el derecho a la rehabilitaci\u00f3n como un derecho llave a los dem\u00e1s derechos.<\/p>\n\n\n\n<p>\u201cLa inclusi\u00f3n es tarea de todos, por ello, el Gobierno M\u00e9xico que encabeza la Presidenta Claudia Sheinbaum ha avanzado en el reconocimiento de los derechos de las personas con discapacidad\u201d<\/p>\n\n\n\n<p>La secretaria Montiel Reyes se\u00f1al\u00f3 que un mill\u00f3n 614 mil 018 derechohabientes reciben la pensi\u00f3n con una inversi\u00f3n social en 2025, de 32 mil 078 millones de pesos; asimismo, 25 mil 525 ni\u00f1as y ni\u00f1os con discapacidad que viven en 20 estados del pa\u00eds, acuden a los Centros de Rehabilitaci\u00f3n para recibir terapias gratuitas de rehabilitaci\u00f3n, a la fecha se han realizado 4 millones 401 mil 359 terapias de rehabilitaci\u00f3n.<\/p>\n\n\n\n<p>Abund\u00f3 que, en 24 entidades del pa\u00eds, la pensi\u00f3n se otorga a personas de 0 a 64 a\u00f1os, gracias a la firma del Convenio en donde el Gobierno de M\u00e9xico aporta el 50% y los estados el 50% para la Pensi\u00f3n para el Bienestar de las Personas con Discapacidad sea universal.<\/p>\n\n\n\n<p>Montiel Reyes explic\u00f3 que, antes de la llegada de los gobiernos de la Cuarta Transformaci\u00f3n la Pensi\u00f3n para personas con discapacidad no exist\u00eda, no eran visibilizados pero, a partir de 2019, nace la Pensi\u00f3n para el Bienestar de las Personas con Discapacidad que a\u00f1o con a\u00f1o aumenta en su monto, pas\u00f3 de 2 mil 550 pesos en 2019 a 3 mil 200 pesos en 2025 y seguir\u00e1 aumentado; en los \u00faltimos 7 a\u00f1os, el Gobierno de M\u00e9xico ha destinado una inversi\u00f3n de 141 mil 353 millones de pesos de 2019 a la fecha, mismos que entrega de manera directa y sin intermediarios a trav\u00e9s de la Tarjeta de Bienestar. Las personas con discapacidad tambi\u00e9n son beneficiarias del programa de Salud Casa por Casa que, a la fecha, ha otorgado un mill\u00f3n 005 mil 797 consultas m\u00e9dicas gratuitas domiciliarias, en donde se levanta el historial cl\u00ednico digital para dar seguimiento permanente.<\/p>\n","protected":false},"excerpt":{"rendered":"<p>En el marco de la conmemoraci\u00f3n del D\u00eda Internacional de las Personas con Discapacidad, la secretaria de Bienestar, Ariadna Montiel Reyes, se\u00f1al\u00f3 que, en el gobierno de la 4\u00aa. Transformaci\u00f3n, la Pensi\u00f3n para el Bienestar para las Personas con Discapacidad es un derecho constitucional, as\u00ed como el derecho a la rehabilitaci\u00f3n como un derecho llave [&hellip;]<\/p>\n","protected":false},"author":2,"featured_media":70730,"comment_status":"closed","ping_status":"","sticky":false,"template":"","format":"standard","meta":{"footnotes":""},"categories":[2],"tags":[],"class_list":{"0":"post-70728","1":"post","2":"type-post","3":"status-publish","4":"format-standard","5":"has-post-thumbnail","7":"category-oaxaca"},"yoast_head":"<!-- This site is optimized with the Yoast SEO plugin v27.4 - https:\/\/yoast.com\/product\/yoast-seo-wordpress\/ -->\n<title>D\u00eda Internacional de las Personas con Discapacidad: En M\u00e9xico m\u00e1s 1.6 millones de derechohabientes reciben una pensi\u00f3n para su Bienestar - LA BRAVA RADIO<\/title>\n<meta name=\"robots\" content=\"index, follow, max-snippet:-1, max-image-preview:large, max-video-preview:-1\" \/>\n<link rel=\"canonical\" href=\"https:\/\/www.bbmnoticias.com\/dia-internacional-de-las-personas-con-discapacidad-en-mexico-mas-1-6-millones-de-derechohabientes-reciben-una-pension-para-su-bienestar\/\" \/>\n<meta property=\"og:locale\" content=\"es_MX\" \/>\n<meta property=\"og:type\" content=\"article\" \/>\n<meta property=\"og:title\" content=\"D\u00eda Internacional de las Personas con Discapacidad: En M\u00e9xico m\u00e1s 1.6 millones de derechohabientes reciben una pensi\u00f3n para su Bienestar - LA BRAVA RADIO\" \/>\n<meta property=\"og:description\" content=\"En el marco de la conmemoraci\u00f3n del D\u00eda Internacional de las Personas con Discapacidad, la secretaria de Bienestar, Ariadna Montiel Reyes, se\u00f1al\u00f3 que, en el gobierno de la 4\u00aa. Transformaci\u00f3n, la Pensi\u00f3n para el Bienestar para las Personas con Discapacidad es un derecho constitucional, as\u00ed como el derecho a la rehabilitaci\u00f3n como un derecho llave [&hellip;]\" \/>\n<meta property=\"og:url\" content=\"https:\/\/www.bbmnoticias.com\/dia-internacional-de-las-personas-con-discapacidad-en-mexico-mas-1-6-millones-de-derechohabientes-reciben-una-pension-para-su-bienestar\/\" \/>\n<meta property=\"og:site_name\" content=\"LA BRAVA RADIO\" \/>\n<meta property=\"article:published_time\" content=\"2025-12-03T16:54:44+00:00\" \/>\n<meta property=\"article:modified_time\" content=\"2025-12-03T16:55:07+00:00\" \/>\n<meta property=\"og:image\" content=\"https:\/\/www.bbmnoticias.com\/labravaradiofm\/wp-content\/uploads\/sites\/5\/2025\/12\/personas_discapacidad.jpg\" \/>\n\t<meta property=\"og:image:width\" content=\"800\" \/>\n\t<meta property=\"og:image:height\" content=\"477\" \/>\n\t<meta property=\"og:image:type\" content=\"image\/jpeg\" \/>\n<meta name=\"author\" content=\"Staff\" \/>\n<meta name=\"twitter:card\" content=\"summary_large_image\" \/>\n<meta name=\"twitter:label1\" content=\"Escrito por\" \/>\n\t<meta name=\"twitter:data1\" content=\"Staff\" \/>\n\t<meta name=\"twitter:label2\" content=\"Tiempo de lectura\" \/>\n\t<meta name=\"twitter:data2\" content=\"2 minutos\" \/>\n<script type=\"application\/ld+json\" class=\"yoast-schema-graph\">{\"@context\":\"https:\\\/\\\/schema.org\",\"@graph\":[{\"@type\":\"Article\",\"@id\":\"https:\\\/\\\/www.bbmnoticias.com\\\/dia-internacional-de-las-personas-con-discapacidad-en-mexico-mas-1-6-millones-de-derechohabientes-reciben-una-pension-para-su-bienestar\\\/#article\",\"isPartOf\":{\"@id\":\"https:\\\/\\\/www.bbmnoticias.com\\\/labravaradiofm\\\/2025\\\/12\\\/03\\\/dia-internacional-de-las-personas-con-discapacidad-en-mexico-mas-1-6-millones-de-derechohabientes-reciben-una-pension-para-su-bienestar\\\/\"},\"author\":{\"name\":\"Staff\",\"@id\":\"https:\\\/\\\/www.bbmnoticias.com\\\/labravaradiofm\\\/#\\\/schema\\\/person\\\/68a9e9036ef3c5b55aeb2b71dc8bab45\"},\"headline\":\"D\u00eda Internacional de las Personas con Discapacidad: En M\u00e9xico m\u00e1s 1.6 millones de derechohabientes reciben una pensi\u00f3n para su Bienestar\",\"datePublished\":\"2025-12-03T16:54:44+00:00\",\"dateModified\":\"2025-12-03T16:55:07+00:00\",\"mainEntityOfPage\":{\"@id\":\"https:\\\/\\\/www.bbmnoticias.com\\\/labravaradiofm\\\/2025\\\/12\\\/03\\\/dia-internacional-de-las-personas-con-discapacidad-en-mexico-mas-1-6-millones-de-derechohabientes-reciben-una-pension-para-su-bienestar\\\/\"},\"wordCount\":391,\"image\":{\"@id\":\"https:\\\/\\\/www.bbmnoticias.com\\\/dia-internacional-de-las-personas-con-discapacidad-en-mexico-mas-1-6-millones-de-derechohabientes-reciben-una-pension-para-su-bienestar\\\/#primaryimage\"},\"thumbnailUrl\":\"https:\\\/\\\/www.bbmnoticias.com\\\/labravaradiofm\\\/wp-content\\\/uploads\\\/sites\\\/5\\\/2025\\\/12\\\/personas_discapacidad.jpg\",\"articleSection\":[\"LOCAL\"],\"inLanguage\":\"es\"},{\"@type\":\"WebPage\",\"@id\":\"https:\\\/\\\/www.bbmnoticias.com\\\/labravaradiofm\\\/2025\\\/12\\\/03\\\/dia-internacional-de-las-personas-con-discapacidad-en-mexico-mas-1-6-millones-de-derechohabientes-reciben-una-pension-para-su-bienestar\\\/\",\"url\":\"https:\\\/\\\/www.bbmnoticias.com\\\/dia-internacional-de-las-personas-con-discapacidad-en-mexico-mas-1-6-millones-de-derechohabientes-reciben-una-pension-para-su-bienestar\\\/\",\"name\":\"D\u00eda Internacional de las Personas con Discapacidad: En M\u00e9xico m\u00e1s 1.6 millones de derechohabientes reciben una pensi\u00f3n para su Bienestar - LA BRAVA RADIO\",\"isPartOf\":{\"@id\":\"https:\\\/\\\/www.bbmnoticias.com\\\/labravaradiofm\\\/#website\"},\"primaryImageOfPage\":{\"@id\":\"https:\\\/\\\/www.bbmnoticias.com\\\/dia-internacional-de-las-personas-con-discapacidad-en-mexico-mas-1-6-millones-de-derechohabientes-reciben-una-pension-para-su-bienestar\\\/#primaryimage\"},\"image\":{\"@id\":\"https:\\\/\\\/www.bbmnoticias.com\\\/dia-internacional-de-las-personas-con-discapacidad-en-mexico-mas-1-6-millones-de-derechohabientes-reciben-una-pension-para-su-bienestar\\\/#primaryimage\"},\"thumbnailUrl\":\"https:\\\/\\\/www.bbmnoticias.com\\\/labravaradiofm\\\/wp-content\\\/uploads\\\/sites\\\/5\\\/2025\\\/12\\\/personas_discapacidad.jpg\",\"datePublished\":\"2025-12-03T16:54:44+00:00\",\"dateModified\":\"2025-12-03T16:55:07+00:00\",\"author\":{\"@id\":\"https:\\\/\\\/www.bbmnoticias.com\\\/labravaradiofm\\\/#\\\/schema\\\/person\\\/68a9e9036ef3c5b55aeb2b71dc8bab45\"},\"breadcrumb\":{\"@id\":\"https:\\\/\\\/www.bbmnoticias.com\\\/dia-internacional-de-las-personas-con-discapacidad-en-mexico-mas-1-6-millones-de-derechohabientes-reciben-una-pension-para-su-bienestar\\\/#breadcrumb\"},\"inLanguage\":\"es\",\"potentialAction\":[{\"@type\":\"ReadAction\",\"target\":[\"https:\\\/\\\/www.bbmnoticias.com\\\/dia-internacional-de-las-personas-con-discapacidad-en-mexico-mas-1-6-millones-de-derechohabientes-reciben-una-pension-para-su-bienestar\\\/\"]}]},{\"@type\":\"ImageObject\",\"inLanguage\":\"es\",\"@id\":\"https:\\\/\\\/www.bbmnoticias.com\\\/dia-internacional-de-las-personas-con-discapacidad-en-mexico-mas-1-6-millones-de-derechohabientes-reciben-una-pension-para-su-bienestar\\\/#primaryimage\",\"url\":\"https:\\\/\\\/www.bbmnoticias.com\\\/labravaradiofm\\\/wp-content\\\/uploads\\\/sites\\\/5\\\/2025\\\/12\\\/personas_discapacidad.jpg\",\"contentUrl\":\"https:\\\/\\\/www.bbmnoticias.com\\\/labravaradiofm\\\/wp-content\\\/uploads\\\/sites\\\/5\\\/2025\\\/12\\\/personas_discapacidad.jpg\",\"width\":800,\"height\":477},{\"@type\":\"BreadcrumbList\",\"@id\":\"https:\\\/\\\/www.bbmnoticias.com\\\/dia-internacional-de-las-personas-con-discapacidad-en-mexico-mas-1-6-millones-de-derechohabientes-reciben-una-pension-para-su-bienestar\\\/#breadcrumb\",\"itemListElement\":[{\"@type\":\"ListItem\",\"position\":1,\"name\":\"Inicio\",\"item\":\"https:\\\/\\\/www.bbmnoticias.com\\\/labravaradiofm\\\/\"},{\"@type\":\"ListItem\",\"position\":2,\"name\":\"D\u00eda Internacional de las Personas con Discapacidad: En M\u00e9xico m\u00e1s 1.6 millones de derechohabientes reciben una pensi\u00f3n para su Bienestar\"}]},{\"@type\":\"WebSite\",\"@id\":\"https:\\\/\\\/www.bbmnoticias.com\\\/labravaradiofm\\\/#website\",\"url\":\"https:\\\/\\\/www.bbmnoticias.com\\\/labravaradiofm\\\/\",\"name\":\"LA BRAVA RADIO\",\"description\":\"Empresa productora de medios, Radiodifusi\u00f3n, Noticias, tendencias y todo lo que necesitas saber de la pol\u00edtica mexicana e internacional; entretenimiento, espect\u00e1culos, salud y mucho m\u00e1s.\",\"potentialAction\":[{\"@type\":\"SearchAction\",\"target\":{\"@type\":\"EntryPoint\",\"urlTemplate\":\"https:\\\/\\\/www.bbmnoticias.com\\\/labravaradiofm\\\/?s={search_term_string}\"},\"query-input\":{\"@type\":\"PropertyValueSpecification\",\"valueRequired\":true,\"valueName\":\"search_term_string\"}}],\"inLanguage\":\"es\"},{\"@type\":\"Person\",\"@id\":\"https:\\\/\\\/www.bbmnoticias.com\\\/labravaradiofm\\\/#\\\/schema\\\/person\\\/68a9e9036ef3c5b55aeb2b71dc8bab45\",\"name\":\"Staff\",\"image\":{\"@type\":\"ImageObject\",\"inLanguage\":\"es\",\"@id\":\"https:\\\/\\\/secure.gravatar.com\\\/avatar\\\/fdd21ad66fd8b98c407f9dee5b5e588cfe7f0d8579ec20fa6527cd59bab7f0f0?s=96&d=mm&r=g\",\"url\":\"https:\\\/\\\/secure.gravatar.com\\\/avatar\\\/fdd21ad66fd8b98c407f9dee5b5e588cfe7f0d8579ec20fa6527cd59bab7f0f0?s=96&d=mm&r=g\",\"contentUrl\":\"https:\\\/\\\/secure.gravatar.com\\\/avatar\\\/fdd21ad66fd8b98c407f9dee5b5e588cfe7f0d8579ec20fa6527cd59bab7f0f0?s=96&d=mm&r=g\",\"caption\":\"Staff\"},\"url\":\"https:\\\/\\\/www.bbmnoticias.com\\\/labravaradiofm\\\/author\\\/redaccion\\\/\"}]}<\/script>\n<!-- \/ Yoast SEO plugin. -->","yoast_head_json":{"title":"D\u00eda Internacional de las Personas con Discapacidad: En M\u00e9xico m\u00e1s 1.6 millones de derechohabientes reciben una pensi\u00f3n para su Bienestar - LA BRAVA RADIO","robots":{"index":"index","follow":"follow","max-snippet":"max-snippet:-1","max-image-preview":"max-image-preview:large","max-video-preview":"max-video-preview:-1"},"canonical":"https:\/\/www.bbmnoticias.com\/dia-internacional-de-las-personas-con-discapacidad-en-mexico-mas-1-6-millones-de-derechohabientes-reciben-una-pension-para-su-bienestar\/","og_locale":"es_MX","og_type":"article","og_title":"D\u00eda Internacional de las Personas con Discapacidad: En M\u00e9xico m\u00e1s 1.6 millones de derechohabientes reciben una pensi\u00f3n para su Bienestar - LA BRAVA RADIO","og_description":"En el marco de la conmemoraci\u00f3n del D\u00eda Internacional de las Personas con Discapacidad, la secretaria de Bienestar, Ariadna Montiel Reyes, se\u00f1al\u00f3 que, en el gobierno de la 4\u00aa. Transformaci\u00f3n, la Pensi\u00f3n para el Bienestar para las Personas con Discapacidad es un derecho constitucional, as\u00ed como el derecho a la rehabilitaci\u00f3n como un derecho llave [&hellip;]","og_url":"https:\/\/www.bbmnoticias.com\/dia-internacional-de-las-personas-con-discapacidad-en-mexico-mas-1-6-millones-de-derechohabientes-reciben-una-pension-para-su-bienestar\/","og_site_name":"LA BRAVA RADIO","article_published_time":"2025-12-03T16:54:44+00:00","article_modified_time":"2025-12-03T16:55:07+00:00","og_image":[{"width":800,"height":477,"url":"https:\/\/www.bbmnoticias.com\/labravaradiofm\/wp-content\/uploads\/sites\/5\/2025\/12\/personas_discapacidad.jpg","type":"image\/jpeg"}],"author":"Staff","twitter_card":"summary_large_image","twitter_misc":{"Escrito por":"Staff","Tiempo de lectura":"2 minutos"},"schema":{"@context":"https:\/\/schema.org","@graph":[{"@type":"Article","@id":"https:\/\/www.bbmnoticias.com\/dia-internacional-de-las-personas-con-discapacidad-en-mexico-mas-1-6-millones-de-derechohabientes-reciben-una-pension-para-su-bienestar\/#article","isPartOf":{"@id":"https:\/\/www.bbmnoticias.com\/labravaradiofm\/2025\/12\/03\/dia-internacional-de-las-personas-con-discapacidad-en-mexico-mas-1-6-millones-de-derechohabientes-reciben-una-pension-para-su-bienestar\/"},"author":{"name":"Staff","@id":"https:\/\/www.bbmnoticias.com\/labravaradiofm\/#\/schema\/person\/68a9e9036ef3c5b55aeb2b71dc8bab45"},"headline":"D\u00eda Internacional de las Personas con Discapacidad: En M\u00e9xico m\u00e1s 1.6 millones de derechohabientes reciben una pensi\u00f3n para su Bienestar","datePublished":"2025-12-03T16:54:44+00:00","dateModified":"2025-12-03T16:55:07+00:00","mainEntityOfPage":{"@id":"https:\/\/www.bbmnoticias.com\/labravaradiofm\/2025\/12\/03\/dia-internacional-de-las-personas-con-discapacidad-en-mexico-mas-1-6-millones-de-derechohabientes-reciben-una-pension-para-su-bienestar\/"},"wordCount":391,"image":{"@id":"https:\/\/www.bbmnoticias.com\/dia-internacional-de-las-personas-con-discapacidad-en-mexico-mas-1-6-millones-de-derechohabientes-reciben-una-pension-para-su-bienestar\/#primaryimage"},"thumbnailUrl":"https:\/\/www.bbmnoticias.com\/labravaradiofm\/wp-content\/uploads\/sites\/5\/2025\/12\/personas_discapacidad.jpg","articleSection":["LOCAL"],"inLanguage":"es"},{"@type":"WebPage","@id":"https:\/\/www.bbmnoticias.com\/labravaradiofm\/2025\/12\/03\/dia-internacional-de-las-personas-con-discapacidad-en-mexico-mas-1-6-millones-de-derechohabientes-reciben-una-pension-para-su-bienestar\/","url":"https:\/\/www.bbmnoticias.com\/dia-internacional-de-las-personas-con-discapacidad-en-mexico-mas-1-6-millones-de-derechohabientes-reciben-una-pension-para-su-bienestar\/","name":"D\u00eda Internacional de las Personas con Discapacidad: En M\u00e9xico m\u00e1s 1.6 millones de derechohabientes reciben una pensi\u00f3n para su Bienestar - LA BRAVA RADIO","isPartOf":{"@id":"https:\/\/www.bbmnoticias.com\/labravaradiofm\/#website"},"primaryImageOfPage":{"@id":"https:\/\/www.bbmnoticias.com\/dia-internacional-de-las-personas-con-discapacidad-en-mexico-mas-1-6-millones-de-derechohabientes-reciben-una-pension-para-su-bienestar\/#primaryimage"},"image":{"@id":"https:\/\/www.bbmnoticias.com\/dia-internacional-de-las-personas-con-discapacidad-en-mexico-mas-1-6-millones-de-derechohabientes-reciben-una-pension-para-su-bienestar\/#primaryimage"},"thumbnailUrl":"https:\/\/www.bbmnoticias.com\/labravaradiofm\/wp-content\/uploads\/sites\/5\/2025\/12\/personas_discapacidad.jpg","datePublished":"2025-12-03T16:54:44+00:00","dateModified":"2025-12-03T16:55:07+00:00","author":{"@id":"https:\/\/www.bbmnoticias.com\/labravaradiofm\/#\/schema\/person\/68a9e9036ef3c5b55aeb2b71dc8bab45"},"breadcrumb":{"@id":"https:\/\/www.bbmnoticias.com\/dia-internacional-de-las-personas-con-discapacidad-en-mexico-mas-1-6-millones-de-derechohabientes-reciben-una-pension-para-su-bienestar\/#breadcrumb"},"inLanguage":"es","potentialAction":[{"@type":"ReadAction","target":["https:\/\/www.bbmnoticias.com\/dia-internacional-de-las-personas-con-discapacidad-en-mexico-mas-1-6-millones-de-derechohabientes-reciben-una-pension-para-su-bienestar\/"]}]},{"@type":"ImageObject","inLanguage":"es","@id":"https:\/\/www.bbmnoticias.com\/dia-internacional-de-las-personas-con-discapacidad-en-mexico-mas-1-6-millones-de-derechohabientes-reciben-una-pension-para-su-bienestar\/#primaryimage","url":"https:\/\/www.bbmnoticias.com\/labravaradiofm\/wp-content\/uploads\/sites\/5\/2025\/12\/personas_discapacidad.jpg","contentUrl":"https:\/\/www.bbmnoticias.com\/labravaradiofm\/wp-content\/uploads\/sites\/5\/2025\/12\/personas_discapacidad.jpg","width":800,"height":477},{"@type":"BreadcrumbList","@id":"https:\/\/www.bbmnoticias.com\/dia-internacional-de-las-personas-con-discapacidad-en-mexico-mas-1-6-millones-de-derechohabientes-reciben-una-pension-para-su-bienestar\/#breadcrumb","itemListElement":[{"@type":"ListItem","position":1,"name":"Inicio","item":"https:\/\/www.bbmnoticias.com\/labravaradiofm\/"},{"@type":"ListItem","position":2,"name":"D\u00eda Internacional de las Personas con Discapacidad: En M\u00e9xico m\u00e1s 1.6 millones de derechohabientes reciben una pensi\u00f3n para su Bienestar"}]},{"@type":"WebSite","@id":"https:\/\/www.bbmnoticias.com\/labravaradiofm\/#website","url":"https:\/\/www.bbmnoticias.com\/labravaradiofm\/","name":"LA BRAVA RADIO","description":"Empresa productora de medios, Radiodifusi\u00f3n, Noticias, tendencias y todo lo que necesitas saber de la pol\u00edtica mexicana e internacional; entretenimiento, espect\u00e1culos, salud y mucho m\u00e1s.","potentialAction":[{"@type":"SearchAction","target":{"@type":"EntryPoint","urlTemplate":"https:\/\/www.bbmnoticias.com\/labravaradiofm\/?s={search_term_string}"},"query-input":{"@type":"PropertyValueSpecification","valueRequired":true,"valueName":"search_term_string"}}],"inLanguage":"es"},{"@type":"Person","@id":"https:\/\/www.bbmnoticias.com\/labravaradiofm\/#\/schema\/person\/68a9e9036ef3c5b55aeb2b71dc8bab45","name":"Staff","image":{"@type":"ImageObject","inLanguage":"es","@id":"https:\/\/secure.gravatar.com\/avatar\/fdd21ad66fd8b98c407f9dee5b5e588cfe7f0d8579ec20fa6527cd59bab7f0f0?s=96&d=mm&r=g","url":"https:\/\/secure.gravatar.com\/avatar\/fdd21ad66fd8b98c407f9dee5b5e588cfe7f0d8579ec20fa6527cd59bab7f0f0?s=96&d=mm&r=g","contentUrl":"https:\/\/secure.gravatar.com\/avatar\/fdd21ad66fd8b98c407f9dee5b5e588cfe7f0d8579ec20fa6527cd59bab7f0f0?s=96&d=mm&r=g","caption":"Staff"},"url":"https:\/\/www.bbmnoticias.com\/labravaradiofm\/author\/redaccion\/"}]}},"_links":{"self":[{"href":"https:\/\/www.bbmnoticias.com\/labravaradiofm\/wp-json\/wp\/v2\/posts\/70728","targetHints":{"allow":["GET"]}}],"collection":[{"href":"https:\/\/www.bbmnoticias.com\/labravaradiofm\/wp-json\/wp\/v2\/posts"}],"about":[{"href":"https:\/\/www.bbmnoticias.com\/labravaradiofm\/wp-json\/wp\/v2\/types\/post"}],"author":[{"embeddable":true,"href":"https:\/\/www.bbmnoticias.com\/labravaradiofm\/wp-json\/wp\/v2\/users\/2"}],"replies":[{"embeddable":true,"href":"https:\/\/www.bbmnoticias.com\/labravaradiofm\/wp-json\/wp\/v2\/comments?post=70728"}],"version-history":[{"count":0,"href":"https:\/\/www.bbmnoticias.com\/labravaradiofm\/wp-json\/wp\/v2\/posts\/70728\/revisions"}],"wp:featuredmedia":[{"embeddable":true,"href":"https:\/\/www.bbmnoticias.com\/labravaradiofm\/wp-json\/wp\/v2\/media\/70730"}],"wp:attachment":[{"href":"https:\/\/www.bbmnoticias.com\/labravaradiofm\/wp-json\/wp\/v2\/media?parent=70728"}],"wp:term":[{"taxonomy":"category","embeddable":true,"href":"https:\/\/www.bbmnoticias.com\/labravaradiofm\/wp-json\/wp\/v2\/categories?post=70728"},{"taxonomy":"post_tag","embeddable":true,"href":"https:\/\/www.bbmnoticias.com\/labravaradiofm\/wp-json\/wp\/v2\/tags?post=70728"}],"curies":[{"name":"wp","href":"https:\/\/api.w.org\/{rel}","templated":true}]}}