{"id":70725,"date":"2025-12-03T10:38:28","date_gmt":"2025-12-03T16:38:28","guid":{"rendered":"https:\/\/www.bbmnoticias.com\/labravaradiofm\/2025\/12\/03\/imss-digital-que-pasa-si-los-pensionados-no-actualizan-sus-datos-biometricos-en-2025\/"},"modified":"2025-12-03T10:38:37","modified_gmt":"2025-12-03T16:38:37","slug":"imss-digital-que-pasa-si-los-pensionados-no-actualizan-sus-datos-biometricos-en-2025","status":"publish","type":"post","link":"https:\/\/www.bbmnoticias.com\/labravaradiofm\/2025\/12\/03\/imss-digital-que-pasa-si-los-pensionados-no-actualizan-sus-datos-biometricos-en-2025\/","title":{"rendered":"IMSS Digital: qu\u00e9 pasa si los pensionados no actualizan sus datos biom\u00e9tricos en 2025"},"content":{"rendered":"<div style=\"margin-top: 0px; margin-bottom: 0px;\" class=\"sharethis-inline-share-buttons\" ><\/div>\n<p>Pensionados del IMSS deben registrar datos biom\u00e9tricos en la App IMSS Digital para mantener su pensi\u00f3n<\/p>\n\n\n\n<p>El IMSS anunci\u00f3 que los pensionados de Ley 73 y Ley 97 deber\u00e1n registrar huella y reconocimiento facial en la App IMSS Digital, la verificaci\u00f3n biom\u00e9trica ser\u00e1 obligatoria para continuar recibiendo la pensi\u00f3n y realizar tr\u00e1mites clave<\/p>\n\n\n\n<figure class=\"wp-block-image\"><img decoding=\"async\" src=\"https:\/\/lasillarota.com\/u\/fotografias\/m\/2025\/3\/7\/f960x540-707523_781598_5050.jpeg\" alt=\"Aunque todav\u00eda no existe una fecha l\u00edmite oficial para completar el proceso, no realizarlo podr\u00eda tener consecuencias inmediatas.\"\/><figcaption class=\"wp-element-caption\">Aunque todav\u00eda no existe una fecha l\u00edmite oficial para completar el proceso, no realizarlo podr\u00eda tener consecuencias inmediatas.Cr\u00e9ditos: Especial<\/figcaption><\/figure>\n\n\n\n<p>El <strong>Instituto Mexicano del Seguro Social <\/strong>inform\u00f3 una nueva disposici\u00f3n que impacta directamente a millones de <strong>pensionados <\/strong>bajo <strong>Ley 73 y Ley 97<\/strong>: la verificaci\u00f3n obligatoria de sus<strong> datos biom\u00e9tricos <\/strong>mediante la aplicaci\u00f3n <strong>IMSS Digital.<\/strong> Esta actualizaci\u00f3n tiene como objetivo reforzar la <strong>seguridad<\/strong>, evitar <strong>fraudes <\/strong>y prevenir casos de suplantaci\u00f3n de identidad, un problema creciente que afecta la entrega de <strong>apoyos econ\u00f3micos<\/strong> y <strong>servicios m\u00e9dicos.<\/strong><\/p>\n\n\n\n<p>Las <strong>autoridades <\/strong>subrayaron que este cambio marca un ajuste importante en la administraci\u00f3n del sistema, pues ahora se requerir\u00e1 registrar<strong> huella dactilar<\/strong> y <strong>reconocimiento facial <\/strong>para garantizar que solo la <strong>persona beneficiaria<\/strong> acceda a la <strong>pensi\u00f3n <\/strong>y a sus <strong>tr\u00e1mites digitales.<\/strong><\/p>\n\n\n\n<h2 class=\"wp-block-heading\">Un <strong>requisito indispensable <\/strong>para <strong>garantizar <\/strong>la<strong> continuidad del pago<\/strong><\/h2>\n\n\n\n<p>El <strong>IMSS <\/strong>destac\u00f3 que, aunque todav\u00eda no existe una fecha l\u00edmite oficial para completar el proceso, no realizarlo podr\u00eda tener consecuencias inmediatas. Sin la <strong>verificaci\u00f3n biom\u00e9trica,<\/strong> los pensionados corren el riesgo de:<\/p>\n\n\n\n<ul class=\"wp-block-list\">\n<li>Perder temporalmente el pago de la <strong>pensi\u00f3n<\/strong>, ya que los <strong>dep\u00f3sitos <\/strong>quedar\u00e1n detenidos hasta confirmar la <strong>identidad<\/strong>.<\/li>\n\n\n\n<li>No poder consultar informaci\u00f3n clave, como saldo, semanas cotizadas o datos del expediente.<\/li>\n\n\n\n<li>No acceder a servicios <strong>m\u00e9dicos digitales<\/strong>, incluyendo la <strong>c\u00e9dula digital de salud<\/strong>, donde se registran medicamentos, incapacidades y signos vitales.<\/li>\n<\/ul>\n\n\n\n<p>De acuerdo con el <strong>instituto<\/strong>, estos mecanismos buscan asegurar que los <strong>recursos <\/strong>lleguen solo al titular de la <strong>pensi\u00f3n<\/strong>. Cr\u00e9ditos: Pixabay<\/p>\n\n\n\n<h2 class=\"wp-block-heading\">\u00bfC\u00f3mo hacer el <strong>registro biom\u00e9trico <\/strong>en<strong> IMSS Digital<\/strong>?<\/h2>\n\n\n\n<p>Para cumplir con el <strong>requisito<\/strong>, el <strong>pensionado <\/strong>debe instalar la <strong>App IMSS Digital <\/strong>en su versi\u00f3n 8.0.3 o superior. El proceso incluye:<\/p>\n\n\n\n<ul class=\"wp-block-list\">\n<li>Descargar la <strong>aplicaci\u00f3n <\/strong>en tel\u00e9fono o tableta.<\/li>\n\n\n\n<li>Acceder al men\u00fa principal.<\/li>\n\n\n\n<li>Seleccionar \u201cObt\u00e9n o consulta tu <strong>NSS<\/strong>\u201d.<\/li>\n\n\n\n<li>Ingresar <strong>CURP <\/strong>y<strong> correo electr\u00f3nico.<\/strong><\/li>\n\n\n\n<li>Completar la <strong>captura biom\u00e9trica <\/strong>solicitada.<\/li>\n<\/ul>\n\n\n\n<h2 class=\"wp-block-heading\"><strong>Digitalizaci\u00f3n <\/strong>para<strong> agilizar tr\u00e1mites <\/strong>y <strong>reducir riesgos<\/strong><\/h2>\n\n\n\n<p>El <strong>IMSS <\/strong>explic\u00f3 que la implementaci\u00f3n de esta medida responde a la necesidad de <strong>modernizar <\/strong>los <strong>procesos <\/strong>y proteger los recursos destinados a <strong>pensionados<\/strong>, especialmente<strong> personas adultas mayores.<\/strong> La <strong>digitalizaci\u00f3n<\/strong>, afirmaron, permite garantizar <strong>seguridad<\/strong>, reducir traslados y <strong>agilizar <\/strong>la atenci\u00f3n.<\/p>\n\n\n\n<p>La <strong>aplicaci\u00f3n <\/strong>est\u00e1 disponible para <strong>dispositivos iOS y Android<\/strong>, y m\u00e1s informaci\u00f3n puede consultarse en www.imss.gob.mx.<\/p>\n","protected":false},"excerpt":{"rendered":"<p>Pensionados del IMSS deben registrar datos biom\u00e9tricos en la App IMSS Digital para mantener su pensi\u00f3n El IMSS anunci\u00f3 que los pensionados de Ley 73 y Ley 97 deber\u00e1n registrar huella y reconocimiento facial en la App IMSS Digital, la verificaci\u00f3n biom\u00e9trica ser\u00e1 obligatoria para continuar recibiendo la pensi\u00f3n y realizar tr\u00e1mites clave El Instituto [&hellip;]<\/p>\n","protected":false},"author":4,"featured_media":70727,"comment_status":"closed","ping_status":"","sticky":false,"template":"","format":"standard","meta":{"footnotes":""},"categories":[2,19],"tags":[],"class_list":{"0":"post-70725","1":"post","2":"type-post","3":"status-publish","4":"format-standard","5":"has-post-thumbnail","7":"category-oaxaca","8":"category-nacional"},"yoast_head":"<!-- This site is optimized with the Yoast SEO plugin v27.4 - https:\/\/yoast.com\/product\/yoast-seo-wordpress\/ -->\n<title>IMSS Digital: qu\u00e9 pasa si los pensionados no actualizan sus datos biom\u00e9tricos en 2025 - LA BRAVA RADIO<\/title>\n<meta name=\"robots\" content=\"index, follow, max-snippet:-1, max-image-preview:large, max-video-preview:-1\" \/>\n<link rel=\"canonical\" href=\"https:\/\/www.bbmnoticias.com\/imss-digital-que-pasa-si-los-pensionados-no-actualizan-sus-datos-biometricos-en-2025\/\" \/>\n<meta property=\"og:locale\" content=\"es_MX\" \/>\n<meta property=\"og:type\" content=\"article\" \/>\n<meta property=\"og:title\" content=\"IMSS Digital: qu\u00e9 pasa si los pensionados no actualizan sus datos biom\u00e9tricos en 2025 - LA BRAVA RADIO\" \/>\n<meta property=\"og:description\" content=\"Pensionados del IMSS deben registrar datos biom\u00e9tricos en la App IMSS Digital para mantener su pensi\u00f3n El IMSS anunci\u00f3 que los pensionados de Ley 73 y Ley 97 deber\u00e1n registrar huella y reconocimiento facial en la App IMSS Digital, la verificaci\u00f3n biom\u00e9trica ser\u00e1 obligatoria para continuar recibiendo la pensi\u00f3n y realizar tr\u00e1mites clave El Instituto [&hellip;]\" \/>\n<meta property=\"og:url\" content=\"https:\/\/www.bbmnoticias.com\/imss-digital-que-pasa-si-los-pensionados-no-actualizan-sus-datos-biometricos-en-2025\/\" \/>\n<meta property=\"og:site_name\" content=\"LA BRAVA RADIO\" \/>\n<meta property=\"article:published_time\" content=\"2025-12-03T16:38:28+00:00\" \/>\n<meta property=\"article:modified_time\" content=\"2025-12-03T16:38:37+00:00\" \/>\n<meta property=\"og:image\" content=\"https:\/\/www.bbmnoticias.com\/labravaradiofm\/wp-content\/uploads\/sites\/5\/2025\/12\/huella_digital.webp\" \/>\n\t<meta property=\"og:image:width\" content=\"960\" \/>\n\t<meta property=\"og:image:height\" content=\"540\" \/>\n\t<meta property=\"og:image:type\" content=\"image\/webp\" \/>\n<meta name=\"author\" content=\"Agencias\" \/>\n<meta name=\"twitter:card\" content=\"summary_large_image\" \/>\n<meta name=\"twitter:label1\" content=\"Escrito por\" \/>\n\t<meta name=\"twitter:data1\" content=\"Agencias\" \/>\n\t<meta name=\"twitter:label2\" content=\"Tiempo de lectura\" \/>\n\t<meta name=\"twitter:data2\" content=\"2 minutos\" \/>\n<script type=\"application\/ld+json\" class=\"yoast-schema-graph\">{\"@context\":\"https:\\\/\\\/schema.org\",\"@graph\":[{\"@type\":\"Article\",\"@id\":\"https:\\\/\\\/www.bbmnoticias.com\\\/imss-digital-que-pasa-si-los-pensionados-no-actualizan-sus-datos-biometricos-en-2025\\\/#article\",\"isPartOf\":{\"@id\":\"https:\\\/\\\/www.bbmnoticias.com\\\/labravaradiofm\\\/2025\\\/12\\\/03\\\/imss-digital-que-pasa-si-los-pensionados-no-actualizan-sus-datos-biometricos-en-2025\\\/\"},\"author\":{\"name\":\"Agencias\",\"@id\":\"https:\\\/\\\/www.bbmnoticias.com\\\/labravaradiofm\\\/#\\\/schema\\\/person\\\/000bdaf0a8fb5bff0d537c4d0778e33f\"},\"headline\":\"IMSS Digital: qu\u00e9 pasa si los pensionados no actualizan sus datos biom\u00e9tricos en 2025\",\"datePublished\":\"2025-12-03T16:38:28+00:00\",\"dateModified\":\"2025-12-03T16:38:37+00:00\",\"mainEntityOfPage\":{\"@id\":\"https:\\\/\\\/www.bbmnoticias.com\\\/labravaradiofm\\\/2025\\\/12\\\/03\\\/imss-digital-que-pasa-si-los-pensionados-no-actualizan-sus-datos-biometricos-en-2025\\\/\"},\"wordCount\":474,\"image\":{\"@id\":\"https:\\\/\\\/www.bbmnoticias.com\\\/imss-digital-que-pasa-si-los-pensionados-no-actualizan-sus-datos-biometricos-en-2025\\\/#primaryimage\"},\"thumbnailUrl\":\"https:\\\/\\\/www.bbmnoticias.com\\\/labravaradiofm\\\/wp-content\\\/uploads\\\/sites\\\/5\\\/2025\\\/12\\\/huella_digital.webp\",\"articleSection\":[\"LOCAL\",\"NACIONAL\"],\"inLanguage\":\"es\"},{\"@type\":\"WebPage\",\"@id\":\"https:\\\/\\\/www.bbmnoticias.com\\\/labravaradiofm\\\/2025\\\/12\\\/03\\\/imss-digital-que-pasa-si-los-pensionados-no-actualizan-sus-datos-biometricos-en-2025\\\/\",\"url\":\"https:\\\/\\\/www.bbmnoticias.com\\\/imss-digital-que-pasa-si-los-pensionados-no-actualizan-sus-datos-biometricos-en-2025\\\/\",\"name\":\"IMSS Digital: qu\u00e9 pasa si los pensionados no actualizan sus datos biom\u00e9tricos en 2025 - LA BRAVA RADIO\",\"isPartOf\":{\"@id\":\"https:\\\/\\\/www.bbmnoticias.com\\\/labravaradiofm\\\/#website\"},\"primaryImageOfPage\":{\"@id\":\"https:\\\/\\\/www.bbmnoticias.com\\\/imss-digital-que-pasa-si-los-pensionados-no-actualizan-sus-datos-biometricos-en-2025\\\/#primaryimage\"},\"image\":{\"@id\":\"https:\\\/\\\/www.bbmnoticias.com\\\/imss-digital-que-pasa-si-los-pensionados-no-actualizan-sus-datos-biometricos-en-2025\\\/#primaryimage\"},\"thumbnailUrl\":\"https:\\\/\\\/www.bbmnoticias.com\\\/labravaradiofm\\\/wp-content\\\/uploads\\\/sites\\\/5\\\/2025\\\/12\\\/huella_digital.webp\",\"datePublished\":\"2025-12-03T16:38:28+00:00\",\"dateModified\":\"2025-12-03T16:38:37+00:00\",\"author\":{\"@id\":\"https:\\\/\\\/www.bbmnoticias.com\\\/labravaradiofm\\\/#\\\/schema\\\/person\\\/000bdaf0a8fb5bff0d537c4d0778e33f\"},\"breadcrumb\":{\"@id\":\"https:\\\/\\\/www.bbmnoticias.com\\\/imss-digital-que-pasa-si-los-pensionados-no-actualizan-sus-datos-biometricos-en-2025\\\/#breadcrumb\"},\"inLanguage\":\"es\",\"potentialAction\":[{\"@type\":\"ReadAction\",\"target\":[\"https:\\\/\\\/www.bbmnoticias.com\\\/imss-digital-que-pasa-si-los-pensionados-no-actualizan-sus-datos-biometricos-en-2025\\\/\"]}]},{\"@type\":\"ImageObject\",\"inLanguage\":\"es\",\"@id\":\"https:\\\/\\\/www.bbmnoticias.com\\\/imss-digital-que-pasa-si-los-pensionados-no-actualizan-sus-datos-biometricos-en-2025\\\/#primaryimage\",\"url\":\"https:\\\/\\\/www.bbmnoticias.com\\\/labravaradiofm\\\/wp-content\\\/uploads\\\/sites\\\/5\\\/2025\\\/12\\\/huella_digital.webp\",\"contentUrl\":\"https:\\\/\\\/www.bbmnoticias.com\\\/labravaradiofm\\\/wp-content\\\/uploads\\\/sites\\\/5\\\/2025\\\/12\\\/huella_digital.webp\",\"width\":960,\"height\":540},{\"@type\":\"BreadcrumbList\",\"@id\":\"https:\\\/\\\/www.bbmnoticias.com\\\/imss-digital-que-pasa-si-los-pensionados-no-actualizan-sus-datos-biometricos-en-2025\\\/#breadcrumb\",\"itemListElement\":[{\"@type\":\"ListItem\",\"position\":1,\"name\":\"Inicio\",\"item\":\"https:\\\/\\\/www.bbmnoticias.com\\\/labravaradiofm\\\/\"},{\"@type\":\"ListItem\",\"position\":2,\"name\":\"IMSS Digital: qu\u00e9 pasa si los pensionados no actualizan sus datos biom\u00e9tricos en 2025\"}]},{\"@type\":\"WebSite\",\"@id\":\"https:\\\/\\\/www.bbmnoticias.com\\\/labravaradiofm\\\/#website\",\"url\":\"https:\\\/\\\/www.bbmnoticias.com\\\/labravaradiofm\\\/\",\"name\":\"LA BRAVA RADIO\",\"description\":\"Empresa productora de medios, Radiodifusi\u00f3n, Noticias, tendencias y todo lo que necesitas saber de la pol\u00edtica mexicana e internacional; entretenimiento, espect\u00e1culos, salud y mucho m\u00e1s.\",\"potentialAction\":[{\"@type\":\"SearchAction\",\"target\":{\"@type\":\"EntryPoint\",\"urlTemplate\":\"https:\\\/\\\/www.bbmnoticias.com\\\/labravaradiofm\\\/?s={search_term_string}\"},\"query-input\":{\"@type\":\"PropertyValueSpecification\",\"valueRequired\":true,\"valueName\":\"search_term_string\"}}],\"inLanguage\":\"es\"},{\"@type\":\"Person\",\"@id\":\"https:\\\/\\\/www.bbmnoticias.com\\\/labravaradiofm\\\/#\\\/schema\\\/person\\\/000bdaf0a8fb5bff0d537c4d0778e33f\",\"name\":\"Agencias\",\"image\":{\"@type\":\"ImageObject\",\"inLanguage\":\"es\",\"@id\":\"https:\\\/\\\/secure.gravatar.com\\\/avatar\\\/739e0b61adf9e398b425c36718c8752286da0e8cd90f20ce9a86678abc26aa0d?s=96&d=mm&r=g\",\"url\":\"https:\\\/\\\/secure.gravatar.com\\\/avatar\\\/739e0b61adf9e398b425c36718c8752286da0e8cd90f20ce9a86678abc26aa0d?s=96&d=mm&r=g\",\"contentUrl\":\"https:\\\/\\\/secure.gravatar.com\\\/avatar\\\/739e0b61adf9e398b425c36718c8752286da0e8cd90f20ce9a86678abc26aa0d?s=96&d=mm&r=g\",\"caption\":\"Agencias\"},\"url\":\"https:\\\/\\\/www.bbmnoticias.com\\\/labravaradiofm\\\/author\\\/agencias\\\/\"}]}<\/script>\n<!-- \/ Yoast SEO plugin. -->","yoast_head_json":{"title":"IMSS Digital: qu\u00e9 pasa si los pensionados no actualizan sus datos biom\u00e9tricos en 2025 - LA BRAVA RADIO","robots":{"index":"index","follow":"follow","max-snippet":"max-snippet:-1","max-image-preview":"max-image-preview:large","max-video-preview":"max-video-preview:-1"},"canonical":"https:\/\/www.bbmnoticias.com\/imss-digital-que-pasa-si-los-pensionados-no-actualizan-sus-datos-biometricos-en-2025\/","og_locale":"es_MX","og_type":"article","og_title":"IMSS Digital: qu\u00e9 pasa si los pensionados no actualizan sus datos biom\u00e9tricos en 2025 - LA BRAVA RADIO","og_description":"Pensionados del IMSS deben registrar datos biom\u00e9tricos en la App IMSS Digital para mantener su pensi\u00f3n El IMSS anunci\u00f3 que los pensionados de Ley 73 y Ley 97 deber\u00e1n registrar huella y reconocimiento facial en la App IMSS Digital, la verificaci\u00f3n biom\u00e9trica ser\u00e1 obligatoria para continuar recibiendo la pensi\u00f3n y realizar tr\u00e1mites clave El Instituto [&hellip;]","og_url":"https:\/\/www.bbmnoticias.com\/imss-digital-que-pasa-si-los-pensionados-no-actualizan-sus-datos-biometricos-en-2025\/","og_site_name":"LA BRAVA RADIO","article_published_time":"2025-12-03T16:38:28+00:00","article_modified_time":"2025-12-03T16:38:37+00:00","og_image":[{"width":960,"height":540,"url":"https:\/\/www.bbmnoticias.com\/labravaradiofm\/wp-content\/uploads\/sites\/5\/2025\/12\/huella_digital.webp","type":"image\/webp"}],"author":"Agencias","twitter_card":"summary_large_image","twitter_misc":{"Escrito por":"Agencias","Tiempo de lectura":"2 minutos"},"schema":{"@context":"https:\/\/schema.org","@graph":[{"@type":"Article","@id":"https:\/\/www.bbmnoticias.com\/imss-digital-que-pasa-si-los-pensionados-no-actualizan-sus-datos-biometricos-en-2025\/#article","isPartOf":{"@id":"https:\/\/www.bbmnoticias.com\/labravaradiofm\/2025\/12\/03\/imss-digital-que-pasa-si-los-pensionados-no-actualizan-sus-datos-biometricos-en-2025\/"},"author":{"name":"Agencias","@id":"https:\/\/www.bbmnoticias.com\/labravaradiofm\/#\/schema\/person\/000bdaf0a8fb5bff0d537c4d0778e33f"},"headline":"IMSS Digital: qu\u00e9 pasa si los pensionados no actualizan sus datos biom\u00e9tricos en 2025","datePublished":"2025-12-03T16:38:28+00:00","dateModified":"2025-12-03T16:38:37+00:00","mainEntityOfPage":{"@id":"https:\/\/www.bbmnoticias.com\/labravaradiofm\/2025\/12\/03\/imss-digital-que-pasa-si-los-pensionados-no-actualizan-sus-datos-biometricos-en-2025\/"},"wordCount":474,"image":{"@id":"https:\/\/www.bbmnoticias.com\/imss-digital-que-pasa-si-los-pensionados-no-actualizan-sus-datos-biometricos-en-2025\/#primaryimage"},"thumbnailUrl":"https:\/\/www.bbmnoticias.com\/labravaradiofm\/wp-content\/uploads\/sites\/5\/2025\/12\/huella_digital.webp","articleSection":["LOCAL","NACIONAL"],"inLanguage":"es"},{"@type":"WebPage","@id":"https:\/\/www.bbmnoticias.com\/labravaradiofm\/2025\/12\/03\/imss-digital-que-pasa-si-los-pensionados-no-actualizan-sus-datos-biometricos-en-2025\/","url":"https:\/\/www.bbmnoticias.com\/imss-digital-que-pasa-si-los-pensionados-no-actualizan-sus-datos-biometricos-en-2025\/","name":"IMSS Digital: qu\u00e9 pasa si los pensionados no actualizan sus datos biom\u00e9tricos en 2025 - LA BRAVA RADIO","isPartOf":{"@id":"https:\/\/www.bbmnoticias.com\/labravaradiofm\/#website"},"primaryImageOfPage":{"@id":"https:\/\/www.bbmnoticias.com\/imss-digital-que-pasa-si-los-pensionados-no-actualizan-sus-datos-biometricos-en-2025\/#primaryimage"},"image":{"@id":"https:\/\/www.bbmnoticias.com\/imss-digital-que-pasa-si-los-pensionados-no-actualizan-sus-datos-biometricos-en-2025\/#primaryimage"},"thumbnailUrl":"https:\/\/www.bbmnoticias.com\/labravaradiofm\/wp-content\/uploads\/sites\/5\/2025\/12\/huella_digital.webp","datePublished":"2025-12-03T16:38:28+00:00","dateModified":"2025-12-03T16:38:37+00:00","author":{"@id":"https:\/\/www.bbmnoticias.com\/labravaradiofm\/#\/schema\/person\/000bdaf0a8fb5bff0d537c4d0778e33f"},"breadcrumb":{"@id":"https:\/\/www.bbmnoticias.com\/imss-digital-que-pasa-si-los-pensionados-no-actualizan-sus-datos-biometricos-en-2025\/#breadcrumb"},"inLanguage":"es","potentialAction":[{"@type":"ReadAction","target":["https:\/\/www.bbmnoticias.com\/imss-digital-que-pasa-si-los-pensionados-no-actualizan-sus-datos-biometricos-en-2025\/"]}]},{"@type":"ImageObject","inLanguage":"es","@id":"https:\/\/www.bbmnoticias.com\/imss-digital-que-pasa-si-los-pensionados-no-actualizan-sus-datos-biometricos-en-2025\/#primaryimage","url":"https:\/\/www.bbmnoticias.com\/labravaradiofm\/wp-content\/uploads\/sites\/5\/2025\/12\/huella_digital.webp","contentUrl":"https:\/\/www.bbmnoticias.com\/labravaradiofm\/wp-content\/uploads\/sites\/5\/2025\/12\/huella_digital.webp","width":960,"height":540},{"@type":"BreadcrumbList","@id":"https:\/\/www.bbmnoticias.com\/imss-digital-que-pasa-si-los-pensionados-no-actualizan-sus-datos-biometricos-en-2025\/#breadcrumb","itemListElement":[{"@type":"ListItem","position":1,"name":"Inicio","item":"https:\/\/www.bbmnoticias.com\/labravaradiofm\/"},{"@type":"ListItem","position":2,"name":"IMSS Digital: qu\u00e9 pasa si los pensionados no actualizan sus datos biom\u00e9tricos en 2025"}]},{"@type":"WebSite","@id":"https:\/\/www.bbmnoticias.com\/labravaradiofm\/#website","url":"https:\/\/www.bbmnoticias.com\/labravaradiofm\/","name":"LA BRAVA RADIO","description":"Empresa productora de medios, Radiodifusi\u00f3n, Noticias, tendencias y todo lo que necesitas saber de la pol\u00edtica mexicana e internacional; entretenimiento, espect\u00e1culos, salud y mucho m\u00e1s.","potentialAction":[{"@type":"SearchAction","target":{"@type":"EntryPoint","urlTemplate":"https:\/\/www.bbmnoticias.com\/labravaradiofm\/?s={search_term_string}"},"query-input":{"@type":"PropertyValueSpecification","valueRequired":true,"valueName":"search_term_string"}}],"inLanguage":"es"},{"@type":"Person","@id":"https:\/\/www.bbmnoticias.com\/labravaradiofm\/#\/schema\/person\/000bdaf0a8fb5bff0d537c4d0778e33f","name":"Agencias","image":{"@type":"ImageObject","inLanguage":"es","@id":"https:\/\/secure.gravatar.com\/avatar\/739e0b61adf9e398b425c36718c8752286da0e8cd90f20ce9a86678abc26aa0d?s=96&d=mm&r=g","url":"https:\/\/secure.gravatar.com\/avatar\/739e0b61adf9e398b425c36718c8752286da0e8cd90f20ce9a86678abc26aa0d?s=96&d=mm&r=g","contentUrl":"https:\/\/secure.gravatar.com\/avatar\/739e0b61adf9e398b425c36718c8752286da0e8cd90f20ce9a86678abc26aa0d?s=96&d=mm&r=g","caption":"Agencias"},"url":"https:\/\/www.bbmnoticias.com\/labravaradiofm\/author\/agencias\/"}]}},"_links":{"self":[{"href":"https:\/\/www.bbmnoticias.com\/labravaradiofm\/wp-json\/wp\/v2\/posts\/70725","targetHints":{"allow":["GET"]}}],"collection":[{"href":"https:\/\/www.bbmnoticias.com\/labravaradiofm\/wp-json\/wp\/v2\/posts"}],"about":[{"href":"https:\/\/www.bbmnoticias.com\/labravaradiofm\/wp-json\/wp\/v2\/types\/post"}],"author":[{"embeddable":true,"href":"https:\/\/www.bbmnoticias.com\/labravaradiofm\/wp-json\/wp\/v2\/users\/4"}],"replies":[{"embeddable":true,"href":"https:\/\/www.bbmnoticias.com\/labravaradiofm\/wp-json\/wp\/v2\/comments?post=70725"}],"version-history":[{"count":0,"href":"https:\/\/www.bbmnoticias.com\/labravaradiofm\/wp-json\/wp\/v2\/posts\/70725\/revisions"}],"wp:featuredmedia":[{"embeddable":true,"href":"https:\/\/www.bbmnoticias.com\/labravaradiofm\/wp-json\/wp\/v2\/media\/70727"}],"wp:attachment":[{"href":"https:\/\/www.bbmnoticias.com\/labravaradiofm\/wp-json\/wp\/v2\/media?parent=70725"}],"wp:term":[{"taxonomy":"category","embeddable":true,"href":"https:\/\/www.bbmnoticias.com\/labravaradiofm\/wp-json\/wp\/v2\/categories?post=70725"},{"taxonomy":"post_tag","embeddable":true,"href":"https:\/\/www.bbmnoticias.com\/labravaradiofm\/wp-json\/wp\/v2\/tags?post=70725"}],"curies":[{"name":"wp","href":"https:\/\/api.w.org\/{rel}","templated":true}]}}