{"id":70685,"date":"2025-12-02T15:14:16","date_gmt":"2025-12-02T21:14:16","guid":{"rendered":"https:\/\/www.bbmnoticias.com\/labravaradiofm\/2025\/12\/02\/fortalece-salomon-jara-redes-de-mujeres-para-la-seguridad-justicia-bienestar-y-paz-en-oaxaca\/"},"modified":"2025-12-02T15:14:20","modified_gmt":"2025-12-02T21:14:20","slug":"fortalece-salomon-jara-redes-de-mujeres-para-la-seguridad-justicia-bienestar-y-paz-en-oaxaca","status":"publish","type":"post","link":"https:\/\/www.bbmnoticias.com\/labravaradiofm\/2025\/12\/02\/fortalece-salomon-jara-redes-de-mujeres-para-la-seguridad-justicia-bienestar-y-paz-en-oaxaca\/","title":{"rendered":"Fortalece Salom\u00f3n Jara redes de mujeres para la seguridad, justicia, bienestar y paz en Oaxaca"},"content":{"rendered":"<div style=\"margin-top: 0px; margin-bottom: 0px;\" class=\"sharethis-inline-share-buttons\" ><\/div>\n<p><strong>Santa Luc\u00eda del Camino, Oax.-<\/strong> El Gobernador Salom\u00f3n Jara Cruz inaugur\u00f3 el Tercer Encuentro Estatal de Redes de Mujeres Constructoras de Paz, como parte de las acciones que realiza el Gobierno del Estado para la prevenci\u00f3n, atenci\u00f3n y erradicaci\u00f3n de la violencia contra este sector de la poblaci\u00f3n.<\/p>\n\n\n\n<p>Ante la Presidenta Honoraria del Sistema para el Desarrollo Integral de la Familia (DIF) Oaxaca, Irma Bola\u00f1os Quijano y representantes de las 300 redes integradas en la actual administraci\u00f3n; el Mandatario estatal destac\u00f3 que esta reuni\u00f3n permite visibilizar los avances, compartir nuevas pr\u00e1cticas y generar herramientas para su empoderamiento.<\/p>\n\n\n\n<p>\u201cEn la Primavera Oaxaque\u00f1a estamos trabajando para saldar la deuda hist\u00f3rica con las oaxaque\u00f1as y erradicar todos los tipos de violencia y, junto con ustedes, construir actividades que contribuyan a su sano desarrollo, colocando siempre en el centro de las decisiones a las mujeres que tanto han aportado a la entidad\u201d, sostuvo.<\/p>\n\n\n\n<p>En el encuentro, celebrado en el Centro Cultural y de Convenciones de Oaxaca (CCCO), Jara Cruz destac\u00f3 que es deber del Gobierno del Estado generar y ofrecer mejores condiciones para la igualdad entre mujeres y hombres; as\u00ed como garantizar una democracia participativa y de representaci\u00f3n equitativa en todos los espacios de divisi\u00f3n pol\u00edtica de la entidad.<\/p>\n\n\n\n<p>Se\u00f1al\u00f3 que su administraci\u00f3n garantiza la vigilancia plena de los derechos humanos como una condici\u00f3n irrevocable para la seguridad, justicia, bienestar y paz del estado, en el que est\u00e1n incluidas las mujeres, por lo que convoc\u00f3 a ser part\u00edcipes para que Oaxaca sea un ejemplo de igualdad para este sector.<\/p>\n\n\n\n<p>En su oportunidad la titular del Secretariado Ejecutivo del Sistema Estatal de Seguridad P\u00fablica (SESESP), Karina Bar\u00f3n Ortiz expuso que entre 2023 y 2025, 7 mil 33 integrantes constituyeron en la entidad 300 redes de Mujeres Constructoras de Paz (Mucpaz), las cuales son la prueba que se trabaja desde lo comunitario, el territorio y de la fuerza colectiva.<\/p>\n\n\n\n<p>Explic\u00f3 que durante estos tres a\u00f1os se han recuperado espacios p\u00fablicos para que vuelvan a pertenecer a las comunidades, se han instalado luminarias para crear senderos seguros para todas, impartido talleres para prevenir la violencia, cursos de defensa personal y capacitaci\u00f3n sobre la Cartilla de los Derechos de las Mujeres, adem\u00e1s, se ha fortalecido su autonom\u00eda econ\u00f3mica con microcr\u00e9ditos y actividades productivas.<\/p>\n","protected":false},"excerpt":{"rendered":"<p>Santa Luc\u00eda del Camino, Oax.- El Gobernador Salom\u00f3n Jara Cruz inaugur\u00f3 el Tercer Encuentro Estatal de Redes de Mujeres Constructoras de Paz, como parte de las acciones que realiza el Gobierno del Estado para la prevenci\u00f3n, atenci\u00f3n y erradicaci\u00f3n de la violencia contra este sector de la poblaci\u00f3n. Ante la Presidenta Honoraria del Sistema para [&hellip;]<\/p>\n","protected":false},"author":2,"featured_media":70687,"comment_status":"closed","ping_status":"","sticky":false,"template":"","format":"standard","meta":{"footnotes":""},"categories":[2],"tags":[],"class_list":{"0":"post-70685","1":"post","2":"type-post","3":"status-publish","4":"format-standard","5":"has-post-thumbnail","7":"category-oaxaca"},"yoast_head":"<!-- This site is optimized with the Yoast SEO plugin v27.4 - https:\/\/yoast.com\/product\/yoast-seo-wordpress\/ -->\n<title>Fortalece Salom\u00f3n Jara redes de mujeres para la seguridad, justicia, bienestar y paz en Oaxaca - LA BRAVA RADIO<\/title>\n<meta name=\"robots\" content=\"index, follow, max-snippet:-1, max-image-preview:large, max-video-preview:-1\" \/>\n<link rel=\"canonical\" href=\"https:\/\/www.bbmnoticias.com\/fortalece-salomon-jara-redes-de-mujeres-para-la-seguridad-justicia-bienestar-y-paz-en-oaxaca\/\" \/>\n<meta property=\"og:locale\" content=\"es_MX\" \/>\n<meta property=\"og:type\" content=\"article\" \/>\n<meta property=\"og:title\" content=\"Fortalece Salom\u00f3n Jara redes de mujeres para la seguridad, justicia, bienestar y paz en Oaxaca - LA BRAVA RADIO\" \/>\n<meta property=\"og:description\" content=\"Santa Luc\u00eda del Camino, Oax.- El Gobernador Salom\u00f3n Jara Cruz inaugur\u00f3 el Tercer Encuentro Estatal de Redes de Mujeres Constructoras de Paz, como parte de las acciones que realiza el Gobierno del Estado para la prevenci\u00f3n, atenci\u00f3n y erradicaci\u00f3n de la violencia contra este sector de la poblaci\u00f3n. Ante la Presidenta Honoraria del Sistema para [&hellip;]\" \/>\n<meta property=\"og:url\" content=\"https:\/\/www.bbmnoticias.com\/fortalece-salomon-jara-redes-de-mujeres-para-la-seguridad-justicia-bienestar-y-paz-en-oaxaca\/\" \/>\n<meta property=\"og:site_name\" content=\"LA BRAVA RADIO\" \/>\n<meta property=\"article:published_time\" content=\"2025-12-02T21:14:16+00:00\" \/>\n<meta property=\"article:modified_time\" content=\"2025-12-02T21:14:20+00:00\" \/>\n<meta property=\"og:image\" content=\"https:\/\/www.bbmnoticias.com\/labravaradiofm\/wp-content\/uploads\/sites\/5\/2025\/12\/redes_mujeres_oaxaca.jpeg\" \/>\n\t<meta property=\"og:image:width\" content=\"1280\" \/>\n\t<meta property=\"og:image:height\" content=\"853\" \/>\n\t<meta property=\"og:image:type\" content=\"image\/jpeg\" \/>\n<meta name=\"author\" content=\"Staff\" \/>\n<meta name=\"twitter:card\" content=\"summary_large_image\" \/>\n<meta name=\"twitter:label1\" content=\"Escrito por\" \/>\n\t<meta name=\"twitter:data1\" content=\"Staff\" \/>\n\t<meta name=\"twitter:label2\" content=\"Tiempo de lectura\" \/>\n\t<meta name=\"twitter:data2\" content=\"2 minutos\" \/>\n<script type=\"application\/ld+json\" class=\"yoast-schema-graph\">{\"@context\":\"https:\\\/\\\/schema.org\",\"@graph\":[{\"@type\":\"Article\",\"@id\":\"https:\\\/\\\/www.bbmnoticias.com\\\/fortalece-salomon-jara-redes-de-mujeres-para-la-seguridad-justicia-bienestar-y-paz-en-oaxaca\\\/#article\",\"isPartOf\":{\"@id\":\"https:\\\/\\\/www.bbmnoticias.com\\\/labravaradiofm\\\/2025\\\/12\\\/02\\\/fortalece-salomon-jara-redes-de-mujeres-para-la-seguridad-justicia-bienestar-y-paz-en-oaxaca\\\/\"},\"author\":{\"name\":\"Staff\",\"@id\":\"https:\\\/\\\/www.bbmnoticias.com\\\/labravaradiofm\\\/#\\\/schema\\\/person\\\/68a9e9036ef3c5b55aeb2b71dc8bab45\"},\"headline\":\"Fortalece Salom\u00f3n Jara redes de mujeres para la seguridad, justicia, bienestar y paz en Oaxaca\",\"datePublished\":\"2025-12-02T21:14:16+00:00\",\"dateModified\":\"2025-12-02T21:14:20+00:00\",\"mainEntityOfPage\":{\"@id\":\"https:\\\/\\\/www.bbmnoticias.com\\\/labravaradiofm\\\/2025\\\/12\\\/02\\\/fortalece-salomon-jara-redes-de-mujeres-para-la-seguridad-justicia-bienestar-y-paz-en-oaxaca\\\/\"},\"wordCount\":416,\"image\":{\"@id\":\"https:\\\/\\\/www.bbmnoticias.com\\\/fortalece-salomon-jara-redes-de-mujeres-para-la-seguridad-justicia-bienestar-y-paz-en-oaxaca\\\/#primaryimage\"},\"thumbnailUrl\":\"https:\\\/\\\/www.bbmnoticias.com\\\/labravaradiofm\\\/wp-content\\\/uploads\\\/sites\\\/5\\\/2025\\\/12\\\/redes_mujeres_oaxaca.jpeg\",\"articleSection\":[\"LOCAL\"],\"inLanguage\":\"es\"},{\"@type\":\"WebPage\",\"@id\":\"https:\\\/\\\/www.bbmnoticias.com\\\/labravaradiofm\\\/2025\\\/12\\\/02\\\/fortalece-salomon-jara-redes-de-mujeres-para-la-seguridad-justicia-bienestar-y-paz-en-oaxaca\\\/\",\"url\":\"https:\\\/\\\/www.bbmnoticias.com\\\/fortalece-salomon-jara-redes-de-mujeres-para-la-seguridad-justicia-bienestar-y-paz-en-oaxaca\\\/\",\"name\":\"Fortalece Salom\u00f3n Jara redes de mujeres para la seguridad, justicia, bienestar y paz en Oaxaca - LA BRAVA RADIO\",\"isPartOf\":{\"@id\":\"https:\\\/\\\/www.bbmnoticias.com\\\/labravaradiofm\\\/#website\"},\"primaryImageOfPage\":{\"@id\":\"https:\\\/\\\/www.bbmnoticias.com\\\/fortalece-salomon-jara-redes-de-mujeres-para-la-seguridad-justicia-bienestar-y-paz-en-oaxaca\\\/#primaryimage\"},\"image\":{\"@id\":\"https:\\\/\\\/www.bbmnoticias.com\\\/fortalece-salomon-jara-redes-de-mujeres-para-la-seguridad-justicia-bienestar-y-paz-en-oaxaca\\\/#primaryimage\"},\"thumbnailUrl\":\"https:\\\/\\\/www.bbmnoticias.com\\\/labravaradiofm\\\/wp-content\\\/uploads\\\/sites\\\/5\\\/2025\\\/12\\\/redes_mujeres_oaxaca.jpeg\",\"datePublished\":\"2025-12-02T21:14:16+00:00\",\"dateModified\":\"2025-12-02T21:14:20+00:00\",\"author\":{\"@id\":\"https:\\\/\\\/www.bbmnoticias.com\\\/labravaradiofm\\\/#\\\/schema\\\/person\\\/68a9e9036ef3c5b55aeb2b71dc8bab45\"},\"breadcrumb\":{\"@id\":\"https:\\\/\\\/www.bbmnoticias.com\\\/fortalece-salomon-jara-redes-de-mujeres-para-la-seguridad-justicia-bienestar-y-paz-en-oaxaca\\\/#breadcrumb\"},\"inLanguage\":\"es\",\"potentialAction\":[{\"@type\":\"ReadAction\",\"target\":[\"https:\\\/\\\/www.bbmnoticias.com\\\/fortalece-salomon-jara-redes-de-mujeres-para-la-seguridad-justicia-bienestar-y-paz-en-oaxaca\\\/\"]}]},{\"@type\":\"ImageObject\",\"inLanguage\":\"es\",\"@id\":\"https:\\\/\\\/www.bbmnoticias.com\\\/fortalece-salomon-jara-redes-de-mujeres-para-la-seguridad-justicia-bienestar-y-paz-en-oaxaca\\\/#primaryimage\",\"url\":\"https:\\\/\\\/www.bbmnoticias.com\\\/labravaradiofm\\\/wp-content\\\/uploads\\\/sites\\\/5\\\/2025\\\/12\\\/redes_mujeres_oaxaca.jpeg\",\"contentUrl\":\"https:\\\/\\\/www.bbmnoticias.com\\\/labravaradiofm\\\/wp-content\\\/uploads\\\/sites\\\/5\\\/2025\\\/12\\\/redes_mujeres_oaxaca.jpeg\",\"width\":1280,\"height\":853},{\"@type\":\"BreadcrumbList\",\"@id\":\"https:\\\/\\\/www.bbmnoticias.com\\\/fortalece-salomon-jara-redes-de-mujeres-para-la-seguridad-justicia-bienestar-y-paz-en-oaxaca\\\/#breadcrumb\",\"itemListElement\":[{\"@type\":\"ListItem\",\"position\":1,\"name\":\"Inicio\",\"item\":\"https:\\\/\\\/www.bbmnoticias.com\\\/labravaradiofm\\\/\"},{\"@type\":\"ListItem\",\"position\":2,\"name\":\"Fortalece Salom\u00f3n Jara redes de mujeres para la seguridad, justicia, bienestar y paz en Oaxaca\"}]},{\"@type\":\"WebSite\",\"@id\":\"https:\\\/\\\/www.bbmnoticias.com\\\/labravaradiofm\\\/#website\",\"url\":\"https:\\\/\\\/www.bbmnoticias.com\\\/labravaradiofm\\\/\",\"name\":\"LA BRAVA RADIO\",\"description\":\"Empresa productora de medios, Radiodifusi\u00f3n, Noticias, tendencias y todo lo que necesitas saber de la pol\u00edtica mexicana e internacional; entretenimiento, espect\u00e1culos, salud y mucho m\u00e1s.\",\"potentialAction\":[{\"@type\":\"SearchAction\",\"target\":{\"@type\":\"EntryPoint\",\"urlTemplate\":\"https:\\\/\\\/www.bbmnoticias.com\\\/labravaradiofm\\\/?s={search_term_string}\"},\"query-input\":{\"@type\":\"PropertyValueSpecification\",\"valueRequired\":true,\"valueName\":\"search_term_string\"}}],\"inLanguage\":\"es\"},{\"@type\":\"Person\",\"@id\":\"https:\\\/\\\/www.bbmnoticias.com\\\/labravaradiofm\\\/#\\\/schema\\\/person\\\/68a9e9036ef3c5b55aeb2b71dc8bab45\",\"name\":\"Staff\",\"image\":{\"@type\":\"ImageObject\",\"inLanguage\":\"es\",\"@id\":\"https:\\\/\\\/secure.gravatar.com\\\/avatar\\\/fdd21ad66fd8b98c407f9dee5b5e588cfe7f0d8579ec20fa6527cd59bab7f0f0?s=96&d=mm&r=g\",\"url\":\"https:\\\/\\\/secure.gravatar.com\\\/avatar\\\/fdd21ad66fd8b98c407f9dee5b5e588cfe7f0d8579ec20fa6527cd59bab7f0f0?s=96&d=mm&r=g\",\"contentUrl\":\"https:\\\/\\\/secure.gravatar.com\\\/avatar\\\/fdd21ad66fd8b98c407f9dee5b5e588cfe7f0d8579ec20fa6527cd59bab7f0f0?s=96&d=mm&r=g\",\"caption\":\"Staff\"},\"url\":\"https:\\\/\\\/www.bbmnoticias.com\\\/labravaradiofm\\\/author\\\/redaccion\\\/\"}]}<\/script>\n<!-- \/ Yoast SEO plugin. -->","yoast_head_json":{"title":"Fortalece Salom\u00f3n Jara redes de mujeres para la seguridad, justicia, bienestar y paz en Oaxaca - LA BRAVA RADIO","robots":{"index":"index","follow":"follow","max-snippet":"max-snippet:-1","max-image-preview":"max-image-preview:large","max-video-preview":"max-video-preview:-1"},"canonical":"https:\/\/www.bbmnoticias.com\/fortalece-salomon-jara-redes-de-mujeres-para-la-seguridad-justicia-bienestar-y-paz-en-oaxaca\/","og_locale":"es_MX","og_type":"article","og_title":"Fortalece Salom\u00f3n Jara redes de mujeres para la seguridad, justicia, bienestar y paz en Oaxaca - LA BRAVA RADIO","og_description":"Santa Luc\u00eda del Camino, Oax.- El Gobernador Salom\u00f3n Jara Cruz inaugur\u00f3 el Tercer Encuentro Estatal de Redes de Mujeres Constructoras de Paz, como parte de las acciones que realiza el Gobierno del Estado para la prevenci\u00f3n, atenci\u00f3n y erradicaci\u00f3n de la violencia contra este sector de la poblaci\u00f3n. Ante la Presidenta Honoraria del Sistema para [&hellip;]","og_url":"https:\/\/www.bbmnoticias.com\/fortalece-salomon-jara-redes-de-mujeres-para-la-seguridad-justicia-bienestar-y-paz-en-oaxaca\/","og_site_name":"LA BRAVA RADIO","article_published_time":"2025-12-02T21:14:16+00:00","article_modified_time":"2025-12-02T21:14:20+00:00","og_image":[{"width":1280,"height":853,"url":"https:\/\/www.bbmnoticias.com\/labravaradiofm\/wp-content\/uploads\/sites\/5\/2025\/12\/redes_mujeres_oaxaca.jpeg","type":"image\/jpeg"}],"author":"Staff","twitter_card":"summary_large_image","twitter_misc":{"Escrito por":"Staff","Tiempo de lectura":"2 minutos"},"schema":{"@context":"https:\/\/schema.org","@graph":[{"@type":"Article","@id":"https:\/\/www.bbmnoticias.com\/fortalece-salomon-jara-redes-de-mujeres-para-la-seguridad-justicia-bienestar-y-paz-en-oaxaca\/#article","isPartOf":{"@id":"https:\/\/www.bbmnoticias.com\/labravaradiofm\/2025\/12\/02\/fortalece-salomon-jara-redes-de-mujeres-para-la-seguridad-justicia-bienestar-y-paz-en-oaxaca\/"},"author":{"name":"Staff","@id":"https:\/\/www.bbmnoticias.com\/labravaradiofm\/#\/schema\/person\/68a9e9036ef3c5b55aeb2b71dc8bab45"},"headline":"Fortalece Salom\u00f3n Jara redes de mujeres para la seguridad, justicia, bienestar y paz en Oaxaca","datePublished":"2025-12-02T21:14:16+00:00","dateModified":"2025-12-02T21:14:20+00:00","mainEntityOfPage":{"@id":"https:\/\/www.bbmnoticias.com\/labravaradiofm\/2025\/12\/02\/fortalece-salomon-jara-redes-de-mujeres-para-la-seguridad-justicia-bienestar-y-paz-en-oaxaca\/"},"wordCount":416,"image":{"@id":"https:\/\/www.bbmnoticias.com\/fortalece-salomon-jara-redes-de-mujeres-para-la-seguridad-justicia-bienestar-y-paz-en-oaxaca\/#primaryimage"},"thumbnailUrl":"https:\/\/www.bbmnoticias.com\/labravaradiofm\/wp-content\/uploads\/sites\/5\/2025\/12\/redes_mujeres_oaxaca.jpeg","articleSection":["LOCAL"],"inLanguage":"es"},{"@type":"WebPage","@id":"https:\/\/www.bbmnoticias.com\/labravaradiofm\/2025\/12\/02\/fortalece-salomon-jara-redes-de-mujeres-para-la-seguridad-justicia-bienestar-y-paz-en-oaxaca\/","url":"https:\/\/www.bbmnoticias.com\/fortalece-salomon-jara-redes-de-mujeres-para-la-seguridad-justicia-bienestar-y-paz-en-oaxaca\/","name":"Fortalece Salom\u00f3n Jara redes de mujeres para la seguridad, justicia, bienestar y paz en Oaxaca - LA BRAVA RADIO","isPartOf":{"@id":"https:\/\/www.bbmnoticias.com\/labravaradiofm\/#website"},"primaryImageOfPage":{"@id":"https:\/\/www.bbmnoticias.com\/fortalece-salomon-jara-redes-de-mujeres-para-la-seguridad-justicia-bienestar-y-paz-en-oaxaca\/#primaryimage"},"image":{"@id":"https:\/\/www.bbmnoticias.com\/fortalece-salomon-jara-redes-de-mujeres-para-la-seguridad-justicia-bienestar-y-paz-en-oaxaca\/#primaryimage"},"thumbnailUrl":"https:\/\/www.bbmnoticias.com\/labravaradiofm\/wp-content\/uploads\/sites\/5\/2025\/12\/redes_mujeres_oaxaca.jpeg","datePublished":"2025-12-02T21:14:16+00:00","dateModified":"2025-12-02T21:14:20+00:00","author":{"@id":"https:\/\/www.bbmnoticias.com\/labravaradiofm\/#\/schema\/person\/68a9e9036ef3c5b55aeb2b71dc8bab45"},"breadcrumb":{"@id":"https:\/\/www.bbmnoticias.com\/fortalece-salomon-jara-redes-de-mujeres-para-la-seguridad-justicia-bienestar-y-paz-en-oaxaca\/#breadcrumb"},"inLanguage":"es","potentialAction":[{"@type":"ReadAction","target":["https:\/\/www.bbmnoticias.com\/fortalece-salomon-jara-redes-de-mujeres-para-la-seguridad-justicia-bienestar-y-paz-en-oaxaca\/"]}]},{"@type":"ImageObject","inLanguage":"es","@id":"https:\/\/www.bbmnoticias.com\/fortalece-salomon-jara-redes-de-mujeres-para-la-seguridad-justicia-bienestar-y-paz-en-oaxaca\/#primaryimage","url":"https:\/\/www.bbmnoticias.com\/labravaradiofm\/wp-content\/uploads\/sites\/5\/2025\/12\/redes_mujeres_oaxaca.jpeg","contentUrl":"https:\/\/www.bbmnoticias.com\/labravaradiofm\/wp-content\/uploads\/sites\/5\/2025\/12\/redes_mujeres_oaxaca.jpeg","width":1280,"height":853},{"@type":"BreadcrumbList","@id":"https:\/\/www.bbmnoticias.com\/fortalece-salomon-jara-redes-de-mujeres-para-la-seguridad-justicia-bienestar-y-paz-en-oaxaca\/#breadcrumb","itemListElement":[{"@type":"ListItem","position":1,"name":"Inicio","item":"https:\/\/www.bbmnoticias.com\/labravaradiofm\/"},{"@type":"ListItem","position":2,"name":"Fortalece Salom\u00f3n Jara redes de mujeres para la seguridad, justicia, bienestar y paz en Oaxaca"}]},{"@type":"WebSite","@id":"https:\/\/www.bbmnoticias.com\/labravaradiofm\/#website","url":"https:\/\/www.bbmnoticias.com\/labravaradiofm\/","name":"LA BRAVA RADIO","description":"Empresa productora de medios, Radiodifusi\u00f3n, Noticias, tendencias y todo lo que necesitas saber de la pol\u00edtica mexicana e internacional; entretenimiento, espect\u00e1culos, salud y mucho m\u00e1s.","potentialAction":[{"@type":"SearchAction","target":{"@type":"EntryPoint","urlTemplate":"https:\/\/www.bbmnoticias.com\/labravaradiofm\/?s={search_term_string}"},"query-input":{"@type":"PropertyValueSpecification","valueRequired":true,"valueName":"search_term_string"}}],"inLanguage":"es"},{"@type":"Person","@id":"https:\/\/www.bbmnoticias.com\/labravaradiofm\/#\/schema\/person\/68a9e9036ef3c5b55aeb2b71dc8bab45","name":"Staff","image":{"@type":"ImageObject","inLanguage":"es","@id":"https:\/\/secure.gravatar.com\/avatar\/fdd21ad66fd8b98c407f9dee5b5e588cfe7f0d8579ec20fa6527cd59bab7f0f0?s=96&d=mm&r=g","url":"https:\/\/secure.gravatar.com\/avatar\/fdd21ad66fd8b98c407f9dee5b5e588cfe7f0d8579ec20fa6527cd59bab7f0f0?s=96&d=mm&r=g","contentUrl":"https:\/\/secure.gravatar.com\/avatar\/fdd21ad66fd8b98c407f9dee5b5e588cfe7f0d8579ec20fa6527cd59bab7f0f0?s=96&d=mm&r=g","caption":"Staff"},"url":"https:\/\/www.bbmnoticias.com\/labravaradiofm\/author\/redaccion\/"}]}},"_links":{"self":[{"href":"https:\/\/www.bbmnoticias.com\/labravaradiofm\/wp-json\/wp\/v2\/posts\/70685","targetHints":{"allow":["GET"]}}],"collection":[{"href":"https:\/\/www.bbmnoticias.com\/labravaradiofm\/wp-json\/wp\/v2\/posts"}],"about":[{"href":"https:\/\/www.bbmnoticias.com\/labravaradiofm\/wp-json\/wp\/v2\/types\/post"}],"author":[{"embeddable":true,"href":"https:\/\/www.bbmnoticias.com\/labravaradiofm\/wp-json\/wp\/v2\/users\/2"}],"replies":[{"embeddable":true,"href":"https:\/\/www.bbmnoticias.com\/labravaradiofm\/wp-json\/wp\/v2\/comments?post=70685"}],"version-history":[{"count":0,"href":"https:\/\/www.bbmnoticias.com\/labravaradiofm\/wp-json\/wp\/v2\/posts\/70685\/revisions"}],"wp:featuredmedia":[{"embeddable":true,"href":"https:\/\/www.bbmnoticias.com\/labravaradiofm\/wp-json\/wp\/v2\/media\/70687"}],"wp:attachment":[{"href":"https:\/\/www.bbmnoticias.com\/labravaradiofm\/wp-json\/wp\/v2\/media?parent=70685"}],"wp:term":[{"taxonomy":"category","embeddable":true,"href":"https:\/\/www.bbmnoticias.com\/labravaradiofm\/wp-json\/wp\/v2\/categories?post=70685"},{"taxonomy":"post_tag","embeddable":true,"href":"https:\/\/www.bbmnoticias.com\/labravaradiofm\/wp-json\/wp\/v2\/tags?post=70685"}],"curies":[{"name":"wp","href":"https:\/\/api.w.org\/{rel}","templated":true}]}}