{"id":70670,"date":"2025-12-02T12:26:15","date_gmt":"2025-12-02T18:26:15","guid":{"rendered":"https:\/\/www.bbmnoticias.com\/labravaradiofm\/2025\/12\/02\/posponen-para-el-proximo-ano-discusion-para-adelantar-a-2027-la-revocacion-de-mandato-presidencial\/"},"modified":"2025-12-02T12:26:21","modified_gmt":"2025-12-02T18:26:21","slug":"posponen-para-el-proximo-ano-discusion-para-adelantar-a-2027-la-revocacion-de-mandato-presidencial","status":"publish","type":"post","link":"https:\/\/www.bbmnoticias.com\/labravaradiofm\/2025\/12\/02\/posponen-para-el-proximo-ano-discusion-para-adelantar-a-2027-la-revocacion-de-mandato-presidencial\/","title":{"rendered":"Posponen para el pr\u00f3ximo a\u00f1o discusi\u00f3n para adelantar a 2027 la revocaci\u00f3n de mandato presidencial"},"content":{"rendered":"<div style=\"margin-top: 0px; margin-bottom: 0px;\" class=\"sharethis-inline-share-buttons\" ><\/div>\n<p><em>Ciudad de M\u00e9xico<\/em>. La discusi\u00f3n de&nbsp;reforma al art\u00edculo 35 de la Constituci\u00f3n, para adelantar a 2027 la revocaci\u00f3n de mandato presidencial y empatarla con las elecciones para renovar la C\u00e1mara de Diputados y 17 gubernaturas, se pospuso hasta 2026, confirm\u00f3 esta ma\u00f1ana el coordinador de Morena, Ricardo Monreal.&nbsp;<\/p>\n\n\n\n<p>El 10 de noviembre, la Comisi\u00f3n de Puntos Constitucionales hab\u00eda convocado a votar la modificaci\u00f3n, pero ese d\u00eda la bancada mayoritaria acept\u00f3 posponer el debate del dictamen para dar unos d\u00edas m\u00e1s a la discusi\u00f3n, ante los reclamos de la oposici\u00f3n de un presunto albazo.&nbsp;<\/p>\n\n\n\n<p>La comisi\u00f3n volvi\u00f3 a citar a reuni\u00f3n este lunes 1\u00ba de diciembre, pero nuevamente inform\u00f3 que se pospon\u00eda el debate hasta nuevo aviso.&nbsp;<\/p>\n\n\n\n<p>En breve entrevista, despu\u00e9s de la reuni\u00f3n plenaria de su grupo este martes, Monreal dijo que el tema \u201cno est\u00e1 contemplado\u201d en las \u00faltimas seis sesiones del periodo de sesiones, que est\u00e1 previsto cerrar el 11 de diciembre.&nbsp;<\/p>\n\n\n\n<p>\u201cYo creo que vamos a mandarlo hasta febrero. No est\u00e1 contemplado, ya tenemos solo una semana para concluir el periodo de sesiones, tenemos que concluir antes del 15 y no est\u00e1 contemplado.&nbsp;<\/p>\n\n\n\n<p>\u201cLo vamos a tratar de revisar y de votar hacia el mes de febrero\u201d, dijo.&nbsp;<\/p>\n\n\n\n<p>El proyecto de dictamen que se circul\u00f3 a los integrantes de la comisi\u00f3n est\u00e1 sustentado a partir de una iniciativa presentada en septiembre por Morena, en la cual plante\u00f3 adelantar el ejercicio para \u201caumentar la participaci\u00f3n ciudadana, ahorrar recursos y reducir la \u2018fatiga electoral\u2019 en la ciudadan\u00eda\u201d.&nbsp;<\/p>\n\n\n\n<p>Actualmente, el citado art\u00edculo prev\u00e9 que la revocaci\u00f3n de mandato se podr\u00e1 solicitar durante los tres meses posteriores a la conclusi\u00f3n del tercer a\u00f1o del sexenio, pero con el cambio se quiere adelantar a los tres meses posteriores a la conclusi\u00f3n del segundo a\u00f1o, esto es entre el 1o de octubre y el 31 diciembre de 2022.&nbsp;<\/p>\n\n\n\n<p>Adem\u00e1s, el art\u00edculo define que la votaci\u00f3n se realice el domingo siguiente a los 90 d\u00edas posteriores al d\u00eda de la convocatoria y en fecha que no coincida con las jornadas electorales federales o locales. Con la disposici\u00f3n vigente, el primer ejercicio de este tipo se realiz\u00f3 en abril de 2022.<br>Sin embargo, con la enmienda que plante\u00f3 Morena, se quiere que la consulta se realice el mismo d\u00eda y durante la jornada electoral para elegir a los diputados federales.&nbsp;<\/p>\n\n\n\n<p>El proyecto tambi\u00e9n considera que en la misma fecha se pueda realizar una consulta popular, que hasta ahora est\u00e1 prevista en agosto, lo que tambi\u00e9n empatar\u00eda ese ejercicio con las elecciones y la revocaci\u00f3n.&nbsp;<\/p>\n\n\n\n<p>Alfonso Ram\u00edrez Cu\u00e9llar, vice coordinador de ese grupo y autor de la iniciativa, ha dicho que realizar la consulta de revocaci\u00f3n de mandato el mismo d\u00eda que las elecciones intermedias ahorrar\u00eda 5 mil millones de pesos.&nbsp;<\/p>\n","protected":false},"excerpt":{"rendered":"<p>Ciudad de M\u00e9xico. La discusi\u00f3n de&nbsp;reforma al art\u00edculo 35 de la Constituci\u00f3n, para adelantar a 2027 la revocaci\u00f3n de mandato presidencial y empatarla con las elecciones para renovar la C\u00e1mara de Diputados y 17 gubernaturas, se pospuso hasta 2026, confirm\u00f3 esta ma\u00f1ana el coordinador de Morena, Ricardo Monreal.&nbsp; El 10 de noviembre, la Comisi\u00f3n de [&hellip;]<\/p>\n","protected":false},"author":2,"featured_media":70672,"comment_status":"closed","ping_status":"","sticky":false,"template":"","format":"standard","meta":{"footnotes":""},"categories":[2,19],"tags":[],"class_list":{"0":"post-70670","1":"post","2":"type-post","3":"status-publish","4":"format-standard","5":"has-post-thumbnail","7":"category-oaxaca","8":"category-nacional"},"yoast_head":"<!-- This site is optimized with the Yoast SEO plugin v27.4 - https:\/\/yoast.com\/product\/yoast-seo-wordpress\/ -->\n<title>Posponen para el pr\u00f3ximo a\u00f1o discusi\u00f3n para adelantar a 2027 la revocaci\u00f3n de mandato presidencial - LA BRAVA RADIO<\/title>\n<meta name=\"robots\" content=\"index, follow, max-snippet:-1, max-image-preview:large, max-video-preview:-1\" \/>\n<link rel=\"canonical\" href=\"https:\/\/www.bbmnoticias.com\/posponen-para-el-proximo-ano-discusion-para-adelantar-a-2027-la-revocacion-de-mandato-presidencial\/\" \/>\n<meta property=\"og:locale\" content=\"es_MX\" \/>\n<meta property=\"og:type\" content=\"article\" \/>\n<meta property=\"og:title\" content=\"Posponen para el pr\u00f3ximo a\u00f1o discusi\u00f3n para adelantar a 2027 la revocaci\u00f3n de mandato presidencial - LA BRAVA RADIO\" \/>\n<meta property=\"og:description\" content=\"Ciudad de M\u00e9xico. La discusi\u00f3n de&nbsp;reforma al art\u00edculo 35 de la Constituci\u00f3n, para adelantar a 2027 la revocaci\u00f3n de mandato presidencial y empatarla con las elecciones para renovar la C\u00e1mara de Diputados y 17 gubernaturas, se pospuso hasta 2026, confirm\u00f3 esta ma\u00f1ana el coordinador de Morena, Ricardo Monreal.&nbsp; El 10 de noviembre, la Comisi\u00f3n de [&hellip;]\" \/>\n<meta property=\"og:url\" content=\"https:\/\/www.bbmnoticias.com\/posponen-para-el-proximo-ano-discusion-para-adelantar-a-2027-la-revocacion-de-mandato-presidencial\/\" \/>\n<meta property=\"og:site_name\" content=\"LA BRAVA RADIO\" \/>\n<meta property=\"article:published_time\" content=\"2025-12-02T18:26:15+00:00\" \/>\n<meta property=\"article:modified_time\" content=\"2025-12-02T18:26:21+00:00\" \/>\n<meta property=\"og:image\" content=\"https:\/\/www.bbmnoticias.com\/labravaradiofm\/wp-content\/uploads\/sites\/5\/2025\/12\/camara_diputados.webp\" \/>\n\t<meta property=\"og:image:width\" content=\"1200\" \/>\n\t<meta property=\"og:image:height\" content=\"789\" \/>\n\t<meta property=\"og:image:type\" content=\"image\/webp\" \/>\n<meta name=\"author\" content=\"Staff\" \/>\n<meta name=\"twitter:card\" content=\"summary_large_image\" \/>\n<meta name=\"twitter:label1\" content=\"Escrito por\" \/>\n\t<meta name=\"twitter:data1\" content=\"Staff\" \/>\n\t<meta name=\"twitter:label2\" content=\"Tiempo de lectura\" \/>\n\t<meta name=\"twitter:data2\" content=\"3 minutos\" \/>\n<script type=\"application\/ld+json\" class=\"yoast-schema-graph\">{\"@context\":\"https:\\\/\\\/schema.org\",\"@graph\":[{\"@type\":\"Article\",\"@id\":\"https:\\\/\\\/www.bbmnoticias.com\\\/posponen-para-el-proximo-ano-discusion-para-adelantar-a-2027-la-revocacion-de-mandato-presidencial\\\/#article\",\"isPartOf\":{\"@id\":\"https:\\\/\\\/www.bbmnoticias.com\\\/labravaradiofm\\\/2025\\\/12\\\/02\\\/posponen-para-el-proximo-ano-discusion-para-adelantar-a-2027-la-revocacion-de-mandato-presidencial\\\/\"},\"author\":{\"name\":\"Staff\",\"@id\":\"https:\\\/\\\/www.bbmnoticias.com\\\/labravaradiofm\\\/#\\\/schema\\\/person\\\/68a9e9036ef3c5b55aeb2b71dc8bab45\"},\"headline\":\"Posponen para el pr\u00f3ximo a\u00f1o discusi\u00f3n para adelantar a 2027 la revocaci\u00f3n de mandato presidencial\",\"datePublished\":\"2025-12-02T18:26:15+00:00\",\"dateModified\":\"2025-12-02T18:26:21+00:00\",\"mainEntityOfPage\":{\"@id\":\"https:\\\/\\\/www.bbmnoticias.com\\\/labravaradiofm\\\/2025\\\/12\\\/02\\\/posponen-para-el-proximo-ano-discusion-para-adelantar-a-2027-la-revocacion-de-mandato-presidencial\\\/\"},\"wordCount\":518,\"image\":{\"@id\":\"https:\\\/\\\/www.bbmnoticias.com\\\/posponen-para-el-proximo-ano-discusion-para-adelantar-a-2027-la-revocacion-de-mandato-presidencial\\\/#primaryimage\"},\"thumbnailUrl\":\"https:\\\/\\\/www.bbmnoticias.com\\\/labravaradiofm\\\/wp-content\\\/uploads\\\/sites\\\/5\\\/2025\\\/12\\\/camara_diputados.webp\",\"articleSection\":[\"LOCAL\",\"NACIONAL\"],\"inLanguage\":\"es\"},{\"@type\":\"WebPage\",\"@id\":\"https:\\\/\\\/www.bbmnoticias.com\\\/labravaradiofm\\\/2025\\\/12\\\/02\\\/posponen-para-el-proximo-ano-discusion-para-adelantar-a-2027-la-revocacion-de-mandato-presidencial\\\/\",\"url\":\"https:\\\/\\\/www.bbmnoticias.com\\\/posponen-para-el-proximo-ano-discusion-para-adelantar-a-2027-la-revocacion-de-mandato-presidencial\\\/\",\"name\":\"Posponen para el pr\u00f3ximo a\u00f1o discusi\u00f3n para adelantar a 2027 la revocaci\u00f3n de mandato presidencial - LA BRAVA RADIO\",\"isPartOf\":{\"@id\":\"https:\\\/\\\/www.bbmnoticias.com\\\/labravaradiofm\\\/#website\"},\"primaryImageOfPage\":{\"@id\":\"https:\\\/\\\/www.bbmnoticias.com\\\/posponen-para-el-proximo-ano-discusion-para-adelantar-a-2027-la-revocacion-de-mandato-presidencial\\\/#primaryimage\"},\"image\":{\"@id\":\"https:\\\/\\\/www.bbmnoticias.com\\\/posponen-para-el-proximo-ano-discusion-para-adelantar-a-2027-la-revocacion-de-mandato-presidencial\\\/#primaryimage\"},\"thumbnailUrl\":\"https:\\\/\\\/www.bbmnoticias.com\\\/labravaradiofm\\\/wp-content\\\/uploads\\\/sites\\\/5\\\/2025\\\/12\\\/camara_diputados.webp\",\"datePublished\":\"2025-12-02T18:26:15+00:00\",\"dateModified\":\"2025-12-02T18:26:21+00:00\",\"author\":{\"@id\":\"https:\\\/\\\/www.bbmnoticias.com\\\/labravaradiofm\\\/#\\\/schema\\\/person\\\/68a9e9036ef3c5b55aeb2b71dc8bab45\"},\"breadcrumb\":{\"@id\":\"https:\\\/\\\/www.bbmnoticias.com\\\/posponen-para-el-proximo-ano-discusion-para-adelantar-a-2027-la-revocacion-de-mandato-presidencial\\\/#breadcrumb\"},\"inLanguage\":\"es\",\"potentialAction\":[{\"@type\":\"ReadAction\",\"target\":[\"https:\\\/\\\/www.bbmnoticias.com\\\/posponen-para-el-proximo-ano-discusion-para-adelantar-a-2027-la-revocacion-de-mandato-presidencial\\\/\"]}]},{\"@type\":\"ImageObject\",\"inLanguage\":\"es\",\"@id\":\"https:\\\/\\\/www.bbmnoticias.com\\\/posponen-para-el-proximo-ano-discusion-para-adelantar-a-2027-la-revocacion-de-mandato-presidencial\\\/#primaryimage\",\"url\":\"https:\\\/\\\/www.bbmnoticias.com\\\/labravaradiofm\\\/wp-content\\\/uploads\\\/sites\\\/5\\\/2025\\\/12\\\/camara_diputados.webp\",\"contentUrl\":\"https:\\\/\\\/www.bbmnoticias.com\\\/labravaradiofm\\\/wp-content\\\/uploads\\\/sites\\\/5\\\/2025\\\/12\\\/camara_diputados.webp\",\"width\":1200,\"height\":789},{\"@type\":\"BreadcrumbList\",\"@id\":\"https:\\\/\\\/www.bbmnoticias.com\\\/posponen-para-el-proximo-ano-discusion-para-adelantar-a-2027-la-revocacion-de-mandato-presidencial\\\/#breadcrumb\",\"itemListElement\":[{\"@type\":\"ListItem\",\"position\":1,\"name\":\"Inicio\",\"item\":\"https:\\\/\\\/www.bbmnoticias.com\\\/labravaradiofm\\\/\"},{\"@type\":\"ListItem\",\"position\":2,\"name\":\"Posponen para el pr\u00f3ximo a\u00f1o discusi\u00f3n para adelantar a 2027 la revocaci\u00f3n de mandato presidencial\"}]},{\"@type\":\"WebSite\",\"@id\":\"https:\\\/\\\/www.bbmnoticias.com\\\/labravaradiofm\\\/#website\",\"url\":\"https:\\\/\\\/www.bbmnoticias.com\\\/labravaradiofm\\\/\",\"name\":\"LA BRAVA RADIO\",\"description\":\"Empresa productora de medios, Radiodifusi\u00f3n, Noticias, tendencias y todo lo que necesitas saber de la pol\u00edtica mexicana e internacional; entretenimiento, espect\u00e1culos, salud y mucho m\u00e1s.\",\"potentialAction\":[{\"@type\":\"SearchAction\",\"target\":{\"@type\":\"EntryPoint\",\"urlTemplate\":\"https:\\\/\\\/www.bbmnoticias.com\\\/labravaradiofm\\\/?s={search_term_string}\"},\"query-input\":{\"@type\":\"PropertyValueSpecification\",\"valueRequired\":true,\"valueName\":\"search_term_string\"}}],\"inLanguage\":\"es\"},{\"@type\":\"Person\",\"@id\":\"https:\\\/\\\/www.bbmnoticias.com\\\/labravaradiofm\\\/#\\\/schema\\\/person\\\/68a9e9036ef3c5b55aeb2b71dc8bab45\",\"name\":\"Staff\",\"image\":{\"@type\":\"ImageObject\",\"inLanguage\":\"es\",\"@id\":\"https:\\\/\\\/secure.gravatar.com\\\/avatar\\\/fdd21ad66fd8b98c407f9dee5b5e588cfe7f0d8579ec20fa6527cd59bab7f0f0?s=96&d=mm&r=g\",\"url\":\"https:\\\/\\\/secure.gravatar.com\\\/avatar\\\/fdd21ad66fd8b98c407f9dee5b5e588cfe7f0d8579ec20fa6527cd59bab7f0f0?s=96&d=mm&r=g\",\"contentUrl\":\"https:\\\/\\\/secure.gravatar.com\\\/avatar\\\/fdd21ad66fd8b98c407f9dee5b5e588cfe7f0d8579ec20fa6527cd59bab7f0f0?s=96&d=mm&r=g\",\"caption\":\"Staff\"},\"url\":\"https:\\\/\\\/www.bbmnoticias.com\\\/labravaradiofm\\\/author\\\/redaccion\\\/\"}]}<\/script>\n<!-- \/ Yoast SEO plugin. -->","yoast_head_json":{"title":"Posponen para el pr\u00f3ximo a\u00f1o discusi\u00f3n para adelantar a 2027 la revocaci\u00f3n de mandato presidencial - LA BRAVA RADIO","robots":{"index":"index","follow":"follow","max-snippet":"max-snippet:-1","max-image-preview":"max-image-preview:large","max-video-preview":"max-video-preview:-1"},"canonical":"https:\/\/www.bbmnoticias.com\/posponen-para-el-proximo-ano-discusion-para-adelantar-a-2027-la-revocacion-de-mandato-presidencial\/","og_locale":"es_MX","og_type":"article","og_title":"Posponen para el pr\u00f3ximo a\u00f1o discusi\u00f3n para adelantar a 2027 la revocaci\u00f3n de mandato presidencial - LA BRAVA RADIO","og_description":"Ciudad de M\u00e9xico. La discusi\u00f3n de&nbsp;reforma al art\u00edculo 35 de la Constituci\u00f3n, para adelantar a 2027 la revocaci\u00f3n de mandato presidencial y empatarla con las elecciones para renovar la C\u00e1mara de Diputados y 17 gubernaturas, se pospuso hasta 2026, confirm\u00f3 esta ma\u00f1ana el coordinador de Morena, Ricardo Monreal.&nbsp; El 10 de noviembre, la Comisi\u00f3n de [&hellip;]","og_url":"https:\/\/www.bbmnoticias.com\/posponen-para-el-proximo-ano-discusion-para-adelantar-a-2027-la-revocacion-de-mandato-presidencial\/","og_site_name":"LA BRAVA RADIO","article_published_time":"2025-12-02T18:26:15+00:00","article_modified_time":"2025-12-02T18:26:21+00:00","og_image":[{"width":1200,"height":789,"url":"https:\/\/www.bbmnoticias.com\/labravaradiofm\/wp-content\/uploads\/sites\/5\/2025\/12\/camara_diputados.webp","type":"image\/webp"}],"author":"Staff","twitter_card":"summary_large_image","twitter_misc":{"Escrito por":"Staff","Tiempo de lectura":"3 minutos"},"schema":{"@context":"https:\/\/schema.org","@graph":[{"@type":"Article","@id":"https:\/\/www.bbmnoticias.com\/posponen-para-el-proximo-ano-discusion-para-adelantar-a-2027-la-revocacion-de-mandato-presidencial\/#article","isPartOf":{"@id":"https:\/\/www.bbmnoticias.com\/labravaradiofm\/2025\/12\/02\/posponen-para-el-proximo-ano-discusion-para-adelantar-a-2027-la-revocacion-de-mandato-presidencial\/"},"author":{"name":"Staff","@id":"https:\/\/www.bbmnoticias.com\/labravaradiofm\/#\/schema\/person\/68a9e9036ef3c5b55aeb2b71dc8bab45"},"headline":"Posponen para el pr\u00f3ximo a\u00f1o discusi\u00f3n para adelantar a 2027 la revocaci\u00f3n de mandato presidencial","datePublished":"2025-12-02T18:26:15+00:00","dateModified":"2025-12-02T18:26:21+00:00","mainEntityOfPage":{"@id":"https:\/\/www.bbmnoticias.com\/labravaradiofm\/2025\/12\/02\/posponen-para-el-proximo-ano-discusion-para-adelantar-a-2027-la-revocacion-de-mandato-presidencial\/"},"wordCount":518,"image":{"@id":"https:\/\/www.bbmnoticias.com\/posponen-para-el-proximo-ano-discusion-para-adelantar-a-2027-la-revocacion-de-mandato-presidencial\/#primaryimage"},"thumbnailUrl":"https:\/\/www.bbmnoticias.com\/labravaradiofm\/wp-content\/uploads\/sites\/5\/2025\/12\/camara_diputados.webp","articleSection":["LOCAL","NACIONAL"],"inLanguage":"es"},{"@type":"WebPage","@id":"https:\/\/www.bbmnoticias.com\/labravaradiofm\/2025\/12\/02\/posponen-para-el-proximo-ano-discusion-para-adelantar-a-2027-la-revocacion-de-mandato-presidencial\/","url":"https:\/\/www.bbmnoticias.com\/posponen-para-el-proximo-ano-discusion-para-adelantar-a-2027-la-revocacion-de-mandato-presidencial\/","name":"Posponen para el pr\u00f3ximo a\u00f1o discusi\u00f3n para adelantar a 2027 la revocaci\u00f3n de mandato presidencial - LA BRAVA RADIO","isPartOf":{"@id":"https:\/\/www.bbmnoticias.com\/labravaradiofm\/#website"},"primaryImageOfPage":{"@id":"https:\/\/www.bbmnoticias.com\/posponen-para-el-proximo-ano-discusion-para-adelantar-a-2027-la-revocacion-de-mandato-presidencial\/#primaryimage"},"image":{"@id":"https:\/\/www.bbmnoticias.com\/posponen-para-el-proximo-ano-discusion-para-adelantar-a-2027-la-revocacion-de-mandato-presidencial\/#primaryimage"},"thumbnailUrl":"https:\/\/www.bbmnoticias.com\/labravaradiofm\/wp-content\/uploads\/sites\/5\/2025\/12\/camara_diputados.webp","datePublished":"2025-12-02T18:26:15+00:00","dateModified":"2025-12-02T18:26:21+00:00","author":{"@id":"https:\/\/www.bbmnoticias.com\/labravaradiofm\/#\/schema\/person\/68a9e9036ef3c5b55aeb2b71dc8bab45"},"breadcrumb":{"@id":"https:\/\/www.bbmnoticias.com\/posponen-para-el-proximo-ano-discusion-para-adelantar-a-2027-la-revocacion-de-mandato-presidencial\/#breadcrumb"},"inLanguage":"es","potentialAction":[{"@type":"ReadAction","target":["https:\/\/www.bbmnoticias.com\/posponen-para-el-proximo-ano-discusion-para-adelantar-a-2027-la-revocacion-de-mandato-presidencial\/"]}]},{"@type":"ImageObject","inLanguage":"es","@id":"https:\/\/www.bbmnoticias.com\/posponen-para-el-proximo-ano-discusion-para-adelantar-a-2027-la-revocacion-de-mandato-presidencial\/#primaryimage","url":"https:\/\/www.bbmnoticias.com\/labravaradiofm\/wp-content\/uploads\/sites\/5\/2025\/12\/camara_diputados.webp","contentUrl":"https:\/\/www.bbmnoticias.com\/labravaradiofm\/wp-content\/uploads\/sites\/5\/2025\/12\/camara_diputados.webp","width":1200,"height":789},{"@type":"BreadcrumbList","@id":"https:\/\/www.bbmnoticias.com\/posponen-para-el-proximo-ano-discusion-para-adelantar-a-2027-la-revocacion-de-mandato-presidencial\/#breadcrumb","itemListElement":[{"@type":"ListItem","position":1,"name":"Inicio","item":"https:\/\/www.bbmnoticias.com\/labravaradiofm\/"},{"@type":"ListItem","position":2,"name":"Posponen para el pr\u00f3ximo a\u00f1o discusi\u00f3n para adelantar a 2027 la revocaci\u00f3n de mandato presidencial"}]},{"@type":"WebSite","@id":"https:\/\/www.bbmnoticias.com\/labravaradiofm\/#website","url":"https:\/\/www.bbmnoticias.com\/labravaradiofm\/","name":"LA BRAVA RADIO","description":"Empresa productora de medios, Radiodifusi\u00f3n, Noticias, tendencias y todo lo que necesitas saber de la pol\u00edtica mexicana e internacional; entretenimiento, espect\u00e1culos, salud y mucho m\u00e1s.","potentialAction":[{"@type":"SearchAction","target":{"@type":"EntryPoint","urlTemplate":"https:\/\/www.bbmnoticias.com\/labravaradiofm\/?s={search_term_string}"},"query-input":{"@type":"PropertyValueSpecification","valueRequired":true,"valueName":"search_term_string"}}],"inLanguage":"es"},{"@type":"Person","@id":"https:\/\/www.bbmnoticias.com\/labravaradiofm\/#\/schema\/person\/68a9e9036ef3c5b55aeb2b71dc8bab45","name":"Staff","image":{"@type":"ImageObject","inLanguage":"es","@id":"https:\/\/secure.gravatar.com\/avatar\/fdd21ad66fd8b98c407f9dee5b5e588cfe7f0d8579ec20fa6527cd59bab7f0f0?s=96&d=mm&r=g","url":"https:\/\/secure.gravatar.com\/avatar\/fdd21ad66fd8b98c407f9dee5b5e588cfe7f0d8579ec20fa6527cd59bab7f0f0?s=96&d=mm&r=g","contentUrl":"https:\/\/secure.gravatar.com\/avatar\/fdd21ad66fd8b98c407f9dee5b5e588cfe7f0d8579ec20fa6527cd59bab7f0f0?s=96&d=mm&r=g","caption":"Staff"},"url":"https:\/\/www.bbmnoticias.com\/labravaradiofm\/author\/redaccion\/"}]}},"_links":{"self":[{"href":"https:\/\/www.bbmnoticias.com\/labravaradiofm\/wp-json\/wp\/v2\/posts\/70670","targetHints":{"allow":["GET"]}}],"collection":[{"href":"https:\/\/www.bbmnoticias.com\/labravaradiofm\/wp-json\/wp\/v2\/posts"}],"about":[{"href":"https:\/\/www.bbmnoticias.com\/labravaradiofm\/wp-json\/wp\/v2\/types\/post"}],"author":[{"embeddable":true,"href":"https:\/\/www.bbmnoticias.com\/labravaradiofm\/wp-json\/wp\/v2\/users\/2"}],"replies":[{"embeddable":true,"href":"https:\/\/www.bbmnoticias.com\/labravaradiofm\/wp-json\/wp\/v2\/comments?post=70670"}],"version-history":[{"count":0,"href":"https:\/\/www.bbmnoticias.com\/labravaradiofm\/wp-json\/wp\/v2\/posts\/70670\/revisions"}],"wp:featuredmedia":[{"embeddable":true,"href":"https:\/\/www.bbmnoticias.com\/labravaradiofm\/wp-json\/wp\/v2\/media\/70672"}],"wp:attachment":[{"href":"https:\/\/www.bbmnoticias.com\/labravaradiofm\/wp-json\/wp\/v2\/media?parent=70670"}],"wp:term":[{"taxonomy":"category","embeddable":true,"href":"https:\/\/www.bbmnoticias.com\/labravaradiofm\/wp-json\/wp\/v2\/categories?post=70670"},{"taxonomy":"post_tag","embeddable":true,"href":"https:\/\/www.bbmnoticias.com\/labravaradiofm\/wp-json\/wp\/v2\/tags?post=70670"}],"curies":[{"name":"wp","href":"https:\/\/api.w.org\/{rel}","templated":true}]}}