{"id":70667,"date":"2025-12-02T12:13:48","date_gmt":"2025-12-02T18:13:48","guid":{"rendered":"https:\/\/www.bbmnoticias.com\/labravaradiofm\/2025\/12\/02\/como-nunca-se-da-mantenimiento-al-hospital-general-doctor-aurelio-valdivieso-imss-bienestar-salomon-jara\/"},"modified":"2025-12-02T12:14:07","modified_gmt":"2025-12-02T18:14:07","slug":"como-nunca-se-da-mantenimiento-al-hospital-general-doctor-aurelio-valdivieso-imss-bienestar-salomon-jara","status":"publish","type":"post","link":"https:\/\/www.bbmnoticias.com\/labravaradiofm\/2025\/12\/02\/como-nunca-se-da-mantenimiento-al-hospital-general-doctor-aurelio-valdivieso-imss-bienestar-salomon-jara\/","title":{"rendered":"Como nunca, se da mantenimiento al Hospital General Doctor Aurelio\u00a0Valdivieso IMSS-Bienestar: Salom\u00f3n Jara"},"content":{"rendered":"<div style=\"margin-top: 0px; margin-bottom: 0px;\" class=\"sharethis-inline-share-buttons\" ><\/div>\n<p><strong>Oaxaca de Ju\u00e1rez, Oax.-<\/strong> El Gobernador Salom\u00f3n Jara Cruz afirm\u00f3 que como nunca se brinda atenci\u00f3n al Hospital General\u00a0Doctor Aurelio\u00a0Valdivieso IMSS-Bienestar, con la entrega de medicamentos y la respuesta inmediata a las necesidades que presenta, a fin de garantizar el derecho a la salud. \u00a0<\/p>\n\n\n\n<p>Actualmente, en este espacio se est\u00e1n rehabilitando los sanitarios del \u00e1rea de urgencias y de la plaza, adem\u00e1s de la instalaci\u00f3n de un cubo de cristal; para que las y los pacientes accedan a servicios m\u00e9dicos en instalaciones dignas y el personal m\u00e9dico desempe\u00f1e sus labores de manera \u00f3ptima.<\/p>\n\n\n\n<p>El coordinador estatal del IMSS-Bienestar, Jes\u00fas Alejandro Ram\u00edrez Figueroa detall\u00f3 que se prev\u00e9 que a finales del mes de diciembre concluyan ambas renovaciones. En 2026, este nosocomio ser\u00e1 intervenido en diferentes etapas debido a su amplitud.<\/p>\n\n\n\n<p>\u201cYa ver\u00e1n que el hospital va quedando bien, hoy se ve pintado, iluminado y rehabilitado en diferentes \u00e1reas como el drenaje, vamos bien\u201d, expres\u00f3 durante la conferencia de prensa encabezada por el Mandatario estatal.<\/p>\n\n\n\n<p>En este marco, tambi\u00e9n se inform\u00f3 que, respecto al sistema de abasto de medicamentos, al corte de este fin de semana, las 767 unidades m\u00e9dicas de primer nivel de las seis jurisdicciones sanitarias del estado han sido suministradas en su totalidad.<\/p>\n\n\n\n<p>En tanto, en los hospitales de segundo nivel hay provisiones promedio del 86 por ciento, y se reabastecer\u00e1n los que est\u00e9n por debajo de este porcentaje. El Consejo Estatal para la Prevenci\u00f3n y Control del Sida (Coesida) y el Centro Ambulatorio para la Prevenci\u00f3n y Atenci\u00f3n del Sida e Infecciones de Transmisi\u00f3n Sexual (CAPASITS) cuentan con un 95 por ciento.<\/p>\n\n\n\n<p>En abasto de oncol\u00f3gicos, hay un 95 por ciento en el Hospital de la Ni\u00f1ez Oaxaque\u00f1a Doctor Guillermo Z\u00e1rate Mijangos; un 94 por ciento en el Centro de Oncolog\u00eda y Radioterapia de Oaxaca (CORO); y 81 por ciento en el Hospital Regional de Alta Especialidad de Oaxaca (HRAEO).<\/p>\n","protected":false},"excerpt":{"rendered":"<p>Oaxaca de Ju\u00e1rez, Oax.- El Gobernador Salom\u00f3n Jara Cruz afirm\u00f3 que como nunca se brinda atenci\u00f3n al Hospital General\u00a0Doctor Aurelio\u00a0Valdivieso IMSS-Bienestar, con la entrega de medicamentos y la respuesta inmediata a las necesidades que presenta, a fin de garantizar el derecho a la salud. \u00a0 Actualmente, en este espacio se est\u00e1n rehabilitando los sanitarios del [&hellip;]<\/p>\n","protected":false},"author":2,"featured_media":70669,"comment_status":"closed","ping_status":"","sticky":false,"template":"","format":"standard","meta":{"footnotes":""},"categories":[2],"tags":[],"class_list":{"0":"post-70667","1":"post","2":"type-post","3":"status-publish","4":"format-standard","5":"has-post-thumbnail","7":"category-oaxaca"},"yoast_head":"<!-- This site is optimized with the Yoast SEO plugin v27.4 - https:\/\/yoast.com\/product\/yoast-seo-wordpress\/ -->\n<title>Como nunca, se da mantenimiento al Hospital General Doctor Aurelio\u00a0Valdivieso IMSS-Bienestar: Salom\u00f3n Jara - LA BRAVA RADIO<\/title>\n<meta name=\"robots\" content=\"index, follow, max-snippet:-1, max-image-preview:large, max-video-preview:-1\" \/>\n<link rel=\"canonical\" href=\"https:\/\/www.bbmnoticias.com\/como-nunca-se-da-mantenimiento-al-hospital-general-doctor-aurelio-valdivieso-imss-bienestar-salomon-jara\/\" \/>\n<meta property=\"og:locale\" content=\"es_MX\" \/>\n<meta property=\"og:type\" content=\"article\" \/>\n<meta property=\"og:title\" content=\"Como nunca, se da mantenimiento al Hospital General Doctor Aurelio\u00a0Valdivieso IMSS-Bienestar: Salom\u00f3n Jara - LA BRAVA RADIO\" \/>\n<meta property=\"og:description\" content=\"Oaxaca de Ju\u00e1rez, Oax.- El Gobernador Salom\u00f3n Jara Cruz afirm\u00f3 que como nunca se brinda atenci\u00f3n al Hospital General\u00a0Doctor Aurelio\u00a0Valdivieso IMSS-Bienestar, con la entrega de medicamentos y la respuesta inmediata a las necesidades que presenta, a fin de garantizar el derecho a la salud. \u00a0 Actualmente, en este espacio se est\u00e1n rehabilitando los sanitarios del [&hellip;]\" \/>\n<meta property=\"og:url\" content=\"https:\/\/www.bbmnoticias.com\/como-nunca-se-da-mantenimiento-al-hospital-general-doctor-aurelio-valdivieso-imss-bienestar-salomon-jara\/\" \/>\n<meta property=\"og:site_name\" content=\"LA BRAVA RADIO\" \/>\n<meta property=\"article:published_time\" content=\"2025-12-02T18:13:48+00:00\" \/>\n<meta property=\"article:modified_time\" content=\"2025-12-02T18:14:07+00:00\" \/>\n<meta property=\"og:image\" content=\"https:\/\/www.bbmnoticias.com\/labravaradiofm\/wp-content\/uploads\/sites\/5\/2025\/12\/conferencia_gobernador.jpg\" \/>\n\t<meta property=\"og:image:width\" content=\"800\" \/>\n\t<meta property=\"og:image:height\" content=\"533\" \/>\n\t<meta property=\"og:image:type\" content=\"image\/jpeg\" \/>\n<meta name=\"author\" content=\"Staff\" \/>\n<meta name=\"twitter:card\" content=\"summary_large_image\" \/>\n<meta name=\"twitter:label1\" content=\"Escrito por\" \/>\n\t<meta name=\"twitter:data1\" content=\"Staff\" \/>\n\t<meta name=\"twitter:label2\" content=\"Tiempo de lectura\" \/>\n\t<meta name=\"twitter:data2\" content=\"2 minutos\" \/>\n<script type=\"application\/ld+json\" class=\"yoast-schema-graph\">{\"@context\":\"https:\\\/\\\/schema.org\",\"@graph\":[{\"@type\":\"Article\",\"@id\":\"https:\\\/\\\/www.bbmnoticias.com\\\/como-nunca-se-da-mantenimiento-al-hospital-general-doctor-aurelio-valdivieso-imss-bienestar-salomon-jara\\\/#article\",\"isPartOf\":{\"@id\":\"https:\\\/\\\/www.bbmnoticias.com\\\/labravaradiofm\\\/2025\\\/12\\\/02\\\/como-nunca-se-da-mantenimiento-al-hospital-general-doctor-aurelio-valdivieso-imss-bienestar-salomon-jara\\\/\"},\"author\":{\"name\":\"Staff\",\"@id\":\"https:\\\/\\\/www.bbmnoticias.com\\\/labravaradiofm\\\/#\\\/schema\\\/person\\\/68a9e9036ef3c5b55aeb2b71dc8bab45\"},\"headline\":\"Como nunca, se da mantenimiento al Hospital General Doctor Aurelio\u00a0Valdivieso IMSS-Bienestar: Salom\u00f3n Jara\",\"datePublished\":\"2025-12-02T18:13:48+00:00\",\"dateModified\":\"2025-12-02T18:14:07+00:00\",\"mainEntityOfPage\":{\"@id\":\"https:\\\/\\\/www.bbmnoticias.com\\\/labravaradiofm\\\/2025\\\/12\\\/02\\\/como-nunca-se-da-mantenimiento-al-hospital-general-doctor-aurelio-valdivieso-imss-bienestar-salomon-jara\\\/\"},\"wordCount\":348,\"image\":{\"@id\":\"https:\\\/\\\/www.bbmnoticias.com\\\/como-nunca-se-da-mantenimiento-al-hospital-general-doctor-aurelio-valdivieso-imss-bienestar-salomon-jara\\\/#primaryimage\"},\"thumbnailUrl\":\"https:\\\/\\\/www.bbmnoticias.com\\\/labravaradiofm\\\/wp-content\\\/uploads\\\/sites\\\/5\\\/2025\\\/12\\\/conferencia_gobernador.jpg\",\"articleSection\":[\"LOCAL\"],\"inLanguage\":\"es\"},{\"@type\":\"WebPage\",\"@id\":\"https:\\\/\\\/www.bbmnoticias.com\\\/labravaradiofm\\\/2025\\\/12\\\/02\\\/como-nunca-se-da-mantenimiento-al-hospital-general-doctor-aurelio-valdivieso-imss-bienestar-salomon-jara\\\/\",\"url\":\"https:\\\/\\\/www.bbmnoticias.com\\\/como-nunca-se-da-mantenimiento-al-hospital-general-doctor-aurelio-valdivieso-imss-bienestar-salomon-jara\\\/\",\"name\":\"Como nunca, se da mantenimiento al Hospital General Doctor Aurelio\u00a0Valdivieso IMSS-Bienestar: Salom\u00f3n Jara - LA BRAVA RADIO\",\"isPartOf\":{\"@id\":\"https:\\\/\\\/www.bbmnoticias.com\\\/labravaradiofm\\\/#website\"},\"primaryImageOfPage\":{\"@id\":\"https:\\\/\\\/www.bbmnoticias.com\\\/como-nunca-se-da-mantenimiento-al-hospital-general-doctor-aurelio-valdivieso-imss-bienestar-salomon-jara\\\/#primaryimage\"},\"image\":{\"@id\":\"https:\\\/\\\/www.bbmnoticias.com\\\/como-nunca-se-da-mantenimiento-al-hospital-general-doctor-aurelio-valdivieso-imss-bienestar-salomon-jara\\\/#primaryimage\"},\"thumbnailUrl\":\"https:\\\/\\\/www.bbmnoticias.com\\\/labravaradiofm\\\/wp-content\\\/uploads\\\/sites\\\/5\\\/2025\\\/12\\\/conferencia_gobernador.jpg\",\"datePublished\":\"2025-12-02T18:13:48+00:00\",\"dateModified\":\"2025-12-02T18:14:07+00:00\",\"author\":{\"@id\":\"https:\\\/\\\/www.bbmnoticias.com\\\/labravaradiofm\\\/#\\\/schema\\\/person\\\/68a9e9036ef3c5b55aeb2b71dc8bab45\"},\"breadcrumb\":{\"@id\":\"https:\\\/\\\/www.bbmnoticias.com\\\/como-nunca-se-da-mantenimiento-al-hospital-general-doctor-aurelio-valdivieso-imss-bienestar-salomon-jara\\\/#breadcrumb\"},\"inLanguage\":\"es\",\"potentialAction\":[{\"@type\":\"ReadAction\",\"target\":[\"https:\\\/\\\/www.bbmnoticias.com\\\/como-nunca-se-da-mantenimiento-al-hospital-general-doctor-aurelio-valdivieso-imss-bienestar-salomon-jara\\\/\"]}]},{\"@type\":\"ImageObject\",\"inLanguage\":\"es\",\"@id\":\"https:\\\/\\\/www.bbmnoticias.com\\\/como-nunca-se-da-mantenimiento-al-hospital-general-doctor-aurelio-valdivieso-imss-bienestar-salomon-jara\\\/#primaryimage\",\"url\":\"https:\\\/\\\/www.bbmnoticias.com\\\/labravaradiofm\\\/wp-content\\\/uploads\\\/sites\\\/5\\\/2025\\\/12\\\/conferencia_gobernador.jpg\",\"contentUrl\":\"https:\\\/\\\/www.bbmnoticias.com\\\/labravaradiofm\\\/wp-content\\\/uploads\\\/sites\\\/5\\\/2025\\\/12\\\/conferencia_gobernador.jpg\",\"width\":800,\"height\":533},{\"@type\":\"BreadcrumbList\",\"@id\":\"https:\\\/\\\/www.bbmnoticias.com\\\/como-nunca-se-da-mantenimiento-al-hospital-general-doctor-aurelio-valdivieso-imss-bienestar-salomon-jara\\\/#breadcrumb\",\"itemListElement\":[{\"@type\":\"ListItem\",\"position\":1,\"name\":\"Inicio\",\"item\":\"https:\\\/\\\/www.bbmnoticias.com\\\/labravaradiofm\\\/\"},{\"@type\":\"ListItem\",\"position\":2,\"name\":\"Como nunca, se da mantenimiento al Hospital General Doctor Aurelio\u00a0Valdivieso IMSS-Bienestar: Salom\u00f3n Jara\"}]},{\"@type\":\"WebSite\",\"@id\":\"https:\\\/\\\/www.bbmnoticias.com\\\/labravaradiofm\\\/#website\",\"url\":\"https:\\\/\\\/www.bbmnoticias.com\\\/labravaradiofm\\\/\",\"name\":\"LA BRAVA RADIO\",\"description\":\"Empresa productora de medios, Radiodifusi\u00f3n, Noticias, tendencias y todo lo que necesitas saber de la pol\u00edtica mexicana e internacional; entretenimiento, espect\u00e1culos, salud y mucho m\u00e1s.\",\"potentialAction\":[{\"@type\":\"SearchAction\",\"target\":{\"@type\":\"EntryPoint\",\"urlTemplate\":\"https:\\\/\\\/www.bbmnoticias.com\\\/labravaradiofm\\\/?s={search_term_string}\"},\"query-input\":{\"@type\":\"PropertyValueSpecification\",\"valueRequired\":true,\"valueName\":\"search_term_string\"}}],\"inLanguage\":\"es\"},{\"@type\":\"Person\",\"@id\":\"https:\\\/\\\/www.bbmnoticias.com\\\/labravaradiofm\\\/#\\\/schema\\\/person\\\/68a9e9036ef3c5b55aeb2b71dc8bab45\",\"name\":\"Staff\",\"image\":{\"@type\":\"ImageObject\",\"inLanguage\":\"es\",\"@id\":\"https:\\\/\\\/secure.gravatar.com\\\/avatar\\\/fdd21ad66fd8b98c407f9dee5b5e588cfe7f0d8579ec20fa6527cd59bab7f0f0?s=96&d=mm&r=g\",\"url\":\"https:\\\/\\\/secure.gravatar.com\\\/avatar\\\/fdd21ad66fd8b98c407f9dee5b5e588cfe7f0d8579ec20fa6527cd59bab7f0f0?s=96&d=mm&r=g\",\"contentUrl\":\"https:\\\/\\\/secure.gravatar.com\\\/avatar\\\/fdd21ad66fd8b98c407f9dee5b5e588cfe7f0d8579ec20fa6527cd59bab7f0f0?s=96&d=mm&r=g\",\"caption\":\"Staff\"},\"url\":\"https:\\\/\\\/www.bbmnoticias.com\\\/labravaradiofm\\\/author\\\/redaccion\\\/\"}]}<\/script>\n<!-- \/ Yoast SEO plugin. -->","yoast_head_json":{"title":"Como nunca, se da mantenimiento al Hospital General Doctor Aurelio\u00a0Valdivieso IMSS-Bienestar: Salom\u00f3n Jara - LA BRAVA RADIO","robots":{"index":"index","follow":"follow","max-snippet":"max-snippet:-1","max-image-preview":"max-image-preview:large","max-video-preview":"max-video-preview:-1"},"canonical":"https:\/\/www.bbmnoticias.com\/como-nunca-se-da-mantenimiento-al-hospital-general-doctor-aurelio-valdivieso-imss-bienestar-salomon-jara\/","og_locale":"es_MX","og_type":"article","og_title":"Como nunca, se da mantenimiento al Hospital General Doctor Aurelio\u00a0Valdivieso IMSS-Bienestar: Salom\u00f3n Jara - LA BRAVA RADIO","og_description":"Oaxaca de Ju\u00e1rez, Oax.- El Gobernador Salom\u00f3n Jara Cruz afirm\u00f3 que como nunca se brinda atenci\u00f3n al Hospital General\u00a0Doctor Aurelio\u00a0Valdivieso IMSS-Bienestar, con la entrega de medicamentos y la respuesta inmediata a las necesidades que presenta, a fin de garantizar el derecho a la salud. \u00a0 Actualmente, en este espacio se est\u00e1n rehabilitando los sanitarios del [&hellip;]","og_url":"https:\/\/www.bbmnoticias.com\/como-nunca-se-da-mantenimiento-al-hospital-general-doctor-aurelio-valdivieso-imss-bienestar-salomon-jara\/","og_site_name":"LA BRAVA RADIO","article_published_time":"2025-12-02T18:13:48+00:00","article_modified_time":"2025-12-02T18:14:07+00:00","og_image":[{"width":800,"height":533,"url":"https:\/\/www.bbmnoticias.com\/labravaradiofm\/wp-content\/uploads\/sites\/5\/2025\/12\/conferencia_gobernador.jpg","type":"image\/jpeg"}],"author":"Staff","twitter_card":"summary_large_image","twitter_misc":{"Escrito por":"Staff","Tiempo de lectura":"2 minutos"},"schema":{"@context":"https:\/\/schema.org","@graph":[{"@type":"Article","@id":"https:\/\/www.bbmnoticias.com\/como-nunca-se-da-mantenimiento-al-hospital-general-doctor-aurelio-valdivieso-imss-bienestar-salomon-jara\/#article","isPartOf":{"@id":"https:\/\/www.bbmnoticias.com\/labravaradiofm\/2025\/12\/02\/como-nunca-se-da-mantenimiento-al-hospital-general-doctor-aurelio-valdivieso-imss-bienestar-salomon-jara\/"},"author":{"name":"Staff","@id":"https:\/\/www.bbmnoticias.com\/labravaradiofm\/#\/schema\/person\/68a9e9036ef3c5b55aeb2b71dc8bab45"},"headline":"Como nunca, se da mantenimiento al Hospital General Doctor Aurelio\u00a0Valdivieso IMSS-Bienestar: Salom\u00f3n Jara","datePublished":"2025-12-02T18:13:48+00:00","dateModified":"2025-12-02T18:14:07+00:00","mainEntityOfPage":{"@id":"https:\/\/www.bbmnoticias.com\/labravaradiofm\/2025\/12\/02\/como-nunca-se-da-mantenimiento-al-hospital-general-doctor-aurelio-valdivieso-imss-bienestar-salomon-jara\/"},"wordCount":348,"image":{"@id":"https:\/\/www.bbmnoticias.com\/como-nunca-se-da-mantenimiento-al-hospital-general-doctor-aurelio-valdivieso-imss-bienestar-salomon-jara\/#primaryimage"},"thumbnailUrl":"https:\/\/www.bbmnoticias.com\/labravaradiofm\/wp-content\/uploads\/sites\/5\/2025\/12\/conferencia_gobernador.jpg","articleSection":["LOCAL"],"inLanguage":"es"},{"@type":"WebPage","@id":"https:\/\/www.bbmnoticias.com\/labravaradiofm\/2025\/12\/02\/como-nunca-se-da-mantenimiento-al-hospital-general-doctor-aurelio-valdivieso-imss-bienestar-salomon-jara\/","url":"https:\/\/www.bbmnoticias.com\/como-nunca-se-da-mantenimiento-al-hospital-general-doctor-aurelio-valdivieso-imss-bienestar-salomon-jara\/","name":"Como nunca, se da mantenimiento al Hospital General Doctor Aurelio\u00a0Valdivieso IMSS-Bienestar: Salom\u00f3n Jara - LA BRAVA RADIO","isPartOf":{"@id":"https:\/\/www.bbmnoticias.com\/labravaradiofm\/#website"},"primaryImageOfPage":{"@id":"https:\/\/www.bbmnoticias.com\/como-nunca-se-da-mantenimiento-al-hospital-general-doctor-aurelio-valdivieso-imss-bienestar-salomon-jara\/#primaryimage"},"image":{"@id":"https:\/\/www.bbmnoticias.com\/como-nunca-se-da-mantenimiento-al-hospital-general-doctor-aurelio-valdivieso-imss-bienestar-salomon-jara\/#primaryimage"},"thumbnailUrl":"https:\/\/www.bbmnoticias.com\/labravaradiofm\/wp-content\/uploads\/sites\/5\/2025\/12\/conferencia_gobernador.jpg","datePublished":"2025-12-02T18:13:48+00:00","dateModified":"2025-12-02T18:14:07+00:00","author":{"@id":"https:\/\/www.bbmnoticias.com\/labravaradiofm\/#\/schema\/person\/68a9e9036ef3c5b55aeb2b71dc8bab45"},"breadcrumb":{"@id":"https:\/\/www.bbmnoticias.com\/como-nunca-se-da-mantenimiento-al-hospital-general-doctor-aurelio-valdivieso-imss-bienestar-salomon-jara\/#breadcrumb"},"inLanguage":"es","potentialAction":[{"@type":"ReadAction","target":["https:\/\/www.bbmnoticias.com\/como-nunca-se-da-mantenimiento-al-hospital-general-doctor-aurelio-valdivieso-imss-bienestar-salomon-jara\/"]}]},{"@type":"ImageObject","inLanguage":"es","@id":"https:\/\/www.bbmnoticias.com\/como-nunca-se-da-mantenimiento-al-hospital-general-doctor-aurelio-valdivieso-imss-bienestar-salomon-jara\/#primaryimage","url":"https:\/\/www.bbmnoticias.com\/labravaradiofm\/wp-content\/uploads\/sites\/5\/2025\/12\/conferencia_gobernador.jpg","contentUrl":"https:\/\/www.bbmnoticias.com\/labravaradiofm\/wp-content\/uploads\/sites\/5\/2025\/12\/conferencia_gobernador.jpg","width":800,"height":533},{"@type":"BreadcrumbList","@id":"https:\/\/www.bbmnoticias.com\/como-nunca-se-da-mantenimiento-al-hospital-general-doctor-aurelio-valdivieso-imss-bienestar-salomon-jara\/#breadcrumb","itemListElement":[{"@type":"ListItem","position":1,"name":"Inicio","item":"https:\/\/www.bbmnoticias.com\/labravaradiofm\/"},{"@type":"ListItem","position":2,"name":"Como nunca, se da mantenimiento al Hospital General Doctor Aurelio\u00a0Valdivieso IMSS-Bienestar: Salom\u00f3n Jara"}]},{"@type":"WebSite","@id":"https:\/\/www.bbmnoticias.com\/labravaradiofm\/#website","url":"https:\/\/www.bbmnoticias.com\/labravaradiofm\/","name":"LA BRAVA RADIO","description":"Empresa productora de medios, Radiodifusi\u00f3n, Noticias, tendencias y todo lo que necesitas saber de la pol\u00edtica mexicana e internacional; entretenimiento, espect\u00e1culos, salud y mucho m\u00e1s.","potentialAction":[{"@type":"SearchAction","target":{"@type":"EntryPoint","urlTemplate":"https:\/\/www.bbmnoticias.com\/labravaradiofm\/?s={search_term_string}"},"query-input":{"@type":"PropertyValueSpecification","valueRequired":true,"valueName":"search_term_string"}}],"inLanguage":"es"},{"@type":"Person","@id":"https:\/\/www.bbmnoticias.com\/labravaradiofm\/#\/schema\/person\/68a9e9036ef3c5b55aeb2b71dc8bab45","name":"Staff","image":{"@type":"ImageObject","inLanguage":"es","@id":"https:\/\/secure.gravatar.com\/avatar\/fdd21ad66fd8b98c407f9dee5b5e588cfe7f0d8579ec20fa6527cd59bab7f0f0?s=96&d=mm&r=g","url":"https:\/\/secure.gravatar.com\/avatar\/fdd21ad66fd8b98c407f9dee5b5e588cfe7f0d8579ec20fa6527cd59bab7f0f0?s=96&d=mm&r=g","contentUrl":"https:\/\/secure.gravatar.com\/avatar\/fdd21ad66fd8b98c407f9dee5b5e588cfe7f0d8579ec20fa6527cd59bab7f0f0?s=96&d=mm&r=g","caption":"Staff"},"url":"https:\/\/www.bbmnoticias.com\/labravaradiofm\/author\/redaccion\/"}]}},"_links":{"self":[{"href":"https:\/\/www.bbmnoticias.com\/labravaradiofm\/wp-json\/wp\/v2\/posts\/70667","targetHints":{"allow":["GET"]}}],"collection":[{"href":"https:\/\/www.bbmnoticias.com\/labravaradiofm\/wp-json\/wp\/v2\/posts"}],"about":[{"href":"https:\/\/www.bbmnoticias.com\/labravaradiofm\/wp-json\/wp\/v2\/types\/post"}],"author":[{"embeddable":true,"href":"https:\/\/www.bbmnoticias.com\/labravaradiofm\/wp-json\/wp\/v2\/users\/2"}],"replies":[{"embeddable":true,"href":"https:\/\/www.bbmnoticias.com\/labravaradiofm\/wp-json\/wp\/v2\/comments?post=70667"}],"version-history":[{"count":0,"href":"https:\/\/www.bbmnoticias.com\/labravaradiofm\/wp-json\/wp\/v2\/posts\/70667\/revisions"}],"wp:featuredmedia":[{"embeddable":true,"href":"https:\/\/www.bbmnoticias.com\/labravaradiofm\/wp-json\/wp\/v2\/media\/70669"}],"wp:attachment":[{"href":"https:\/\/www.bbmnoticias.com\/labravaradiofm\/wp-json\/wp\/v2\/media?parent=70667"}],"wp:term":[{"taxonomy":"category","embeddable":true,"href":"https:\/\/www.bbmnoticias.com\/labravaradiofm\/wp-json\/wp\/v2\/categories?post=70667"},{"taxonomy":"post_tag","embeddable":true,"href":"https:\/\/www.bbmnoticias.com\/labravaradiofm\/wp-json\/wp\/v2\/tags?post=70667"}],"curies":[{"name":"wp","href":"https:\/\/api.w.org\/{rel}","templated":true}]}}