{"id":70655,"date":"2025-12-02T09:11:00","date_gmt":"2025-12-02T15:11:00","guid":{"rendered":"https:\/\/www.bbmnoticias.com\/labravaradiofm\/2025\/12\/02\/ocde-recorta-pronostico-de-crecimiento-para-mexico-en-2025-y-2026\/"},"modified":"2025-12-02T09:31:16","modified_gmt":"2025-12-02T15:31:16","slug":"ocde-recorta-pronostico-de-crecimiento-para-mexico-en-2025-y-2026","status":"publish","type":"post","link":"https:\/\/www.bbmnoticias.com\/labravaradiofm\/2025\/12\/02\/ocde-recorta-pronostico-de-crecimiento-para-mexico-en-2025-y-2026\/","title":{"rendered":"OCDE recorta pron\u00f3stico de crecimiento para M\u00e9xico en 2025 y 2026"},"content":{"rendered":"<div style=\"margin-top: 0px; margin-bottom: 0px;\" class=\"sharethis-inline-share-buttons\" ><\/div>\n<p>La Organizaci\u00f3n para la Cooperaci\u00f3n y el Desarrollo Econ\u00f3mico (<strong>OCDE<\/strong>) prev\u00e9 que la <strong>desaceleraci\u00f3n econ\u00f3mica<\/strong> en <strong>M\u00e9xico<\/strong> en <strong>2025<\/strong> y <strong>2026<\/strong> ser\u00e1 levemente mayor que la que estim\u00f3 en su informe de septiembre.<\/p>\n\n\n\n<figure class=\"wp-block-embed is-type-rich is-provider-twitter wp-block-embed-twitter\"><div class=\"wp-block-embed__wrapper\">\n<blockquote class=\"twitter-tweet\" data-width=\"550\" data-dnt=\"true\"><p lang=\"en\" dir=\"ltr\">The global economy continues to show resilience, with GDP growth projected at 3.2% in 2025, 2.9% in 2026, and 3.1% in 2027.<br><br>\ud83e\uddf5\u2935\ufe0f <a href=\"https:\/\/t.co\/yIBoEJezXD\">pic.twitter.com\/yIBoEJezXD<\/a><\/p>&mdash; Mathias Cormann (@MathiasCormann) <a href=\"https:\/\/twitter.com\/MathiasCormann\/status\/1995816136764489967?ref_src=twsrc%5Etfw\">December 2, 2025<\/a><\/blockquote><script async src=\"https:\/\/platform.twitter.com\/widgets.js\" charset=\"utf-8\"><\/script>\n<\/div><\/figure>\n\n\n\n<p>En ese an\u00e1lisis de perspectivas de septiembre, cifr\u00f3 el crecimiento econ\u00f3mico del producto interior bruto (PIB) de M\u00e9xico en el 0.8 % para 2025 y en el 1.3 % para 2026.<\/p>\n\n\n\n<p>Ahora, en el documento que divulg\u00f3 este martes 2 de diciembre, el organismo rebaj\u00f3 levemente esas cifras de crecimiento: al 0.7 por ciento en 2025 y al 1.2 % en 2026. Para el 2027 estima un repunte del 1.7 por ciento.<\/p>\n\n\n\n<p>En 2022, M\u00e9xico creci\u00f3 el 3.7 por ciento; en 2023, el 3.2 % y en 2024, el 1.2 por ciento.<\/p>\n\n\n\n<p>Seg\u00fan la OCDE, esta moderaci\u00f3n responde a una combinaci\u00f3n de factores: la moderaci\u00f3n en el consumo privado, la desaceleraci\u00f3n del empleo formal, la debilidad en las exportaciones automotrices y la depresi\u00f3n de la inversi\u00f3n privada debido a la incertidumbre por la guerra comercial desatada por Estados Unidos.<\/p>\n\n\n\n<figure class=\"wp-block-pullquote\"><blockquote><p>El gasto y la inversi\u00f3n p\u00fablicos seguir\u00e1n contenidos debido al proceso de consolidaci\u00f3n fiscal. Las exportaciones se ver\u00e1n afectadas por aranceles m\u00e1s altos y por la incertidumbre. La baja en las tasas de inter\u00e9s dar\u00e1 cierto impulso a la inversi\u00f3n, pero su recuperaci\u00f3n ser\u00e1 gradual debido a la persistente incertidumbre interna y externa\u201d, indica la OCDE en su informe.<\/p><\/blockquote><\/figure>\n\n\n\n<p>Adem\u00e1s, apunta que la implementaci\u00f3n de un marco fiscal de mediano plazo ayudar\u00eda a reducir el d\u00e9ficit y a crear espacio para inversiones que impulsen la productividad, especialmente en educaci\u00f3n.<\/p>\n\n\n\n<p>El organismo recuerda que el Tratado comercial entre M\u00e9xico, Estados Unidos y Canad\u00e1 (<strong>T-MEC<\/strong>) -que ser\u00e1 <strong>revisado<\/strong> el pr\u00f3ximo a\u00f1o- ha funcionado como un escudo importante frente al aumento de las restricciones comerciales y la incertidumbre.<\/p>\n\n\n\n<p>Entre las prioridades est\u00e1n mejorar la recaudaci\u00f3n del impuesto a la propiedad inmobiliaria y fortalecer la administraci\u00f3n tributaria -incluida su digitalizaci\u00f3n-, as\u00ed como simplificar y digitalizar las regulaciones empresarialies, adem\u00e1s de aplicar de manera sistem\u00e1tica an\u00e1lisis costo-beneficio a proyectos de infraestructura y focalizar los programas sociales para mejorar la eficiencia del gasto p\u00fablico.<\/p>\n\n\n\n<p>\u201cDada la alta vulnerabilidad de M\u00e9xico al cambio clim\u00e1tico, fortalecer la adaptaci\u00f3n -incluyendo la mejora de los sistemas de alerta temprana y la ampliaci\u00f3n de la cobertura de seguros contra riesgos clim\u00e1ticos- es una prioridad\u201d, apunt\u00f3.<\/p>\n\n\n\n<p>La OCDE tambi\u00e9n se\u00f1al\u00f3 que el Banco de M\u00e9xico ha continuado su ciclo de relajaci\u00f3n monetaria, reduciendo la tasa de referencia a 7.25 por ciento en noviembre y que seg\u00fan sus proyecciones, la tasa podr\u00eda llegar a 6.25 % para finales del 2026.<\/p>\n\n\n\n<p>En este sentido, el organismo consider\u00f3 que pese a que la inflaci\u00f3n disminuir\u00e1 de manera gradual, \u201clas perspectivas tanto para el crecimiento como para la inflaci\u00f3n siguen siendo inciertas\u201d.<\/p>\n\n\n\n<p>Explic\u00f3 que esto se debe a la alta exposici\u00f3n de M\u00e9xico al mercado estadounidense, la desaceleraci\u00f3n prevista en Estados Unidos y unas condiciones financieras m\u00e1s estrictas, lo que podr\u00eda afectar \u201cm\u00e1s de lo anticipado\u201d a las exportaciones y la inversi\u00f3n.<\/p>\n\n\n\n<p>\u201cAdem\u00e1s, un aumento en la aversi\u00f3n global al riesgo y la volatilidad cambiaria podr\u00eda elevar los costos de endeudamiento soberano y restringir a\u00fan m\u00e1s el espacio fiscal. Un posible incremento de aranceles a las importaciones mexicanas provenientes de pa\u00edses sin acuerdos comerciales podr\u00eda generar presiones adicionales sobre los precios\u201d.<\/p>\n\n\n\n<p>No obstante, reconoci\u00f3 que una reducci\u00f3n de la incertidumbre -si se logra una renegociaci\u00f3n r\u00e1pida y exitosa del acuerdo comercial con EE.UU. y Canad\u00e1- podr\u00eda impulsar la inversi\u00f3n y las exportaciones con m\u00e1s fuerza de la actualmente prevista.<\/p>\n\n\n\n<p>Con informaci\u00f3n de EFE<\/p>\n","protected":false},"excerpt":{"rendered":"<p>La Organizaci\u00f3n para la Cooperaci\u00f3n y el Desarrollo Econ\u00f3mico (OCDE) prev\u00e9 que la desaceleraci\u00f3n econ\u00f3mica en M\u00e9xico en 2025 y 2026 ser\u00e1 levemente mayor que la que estim\u00f3 en su informe de septiembre. En ese an\u00e1lisis de perspectivas de septiembre, cifr\u00f3 el crecimiento econ\u00f3mico del producto interior bruto (PIB) de M\u00e9xico en el 0.8 % [&hellip;]<\/p>\n","protected":false},"author":4,"featured_media":70657,"comment_status":"closed","ping_status":"","sticky":false,"template":"","format":"standard","meta":{"footnotes":""},"categories":[2,19],"tags":[],"class_list":{"0":"post-70655","1":"post","2":"type-post","3":"status-publish","4":"format-standard","5":"has-post-thumbnail","7":"category-oaxaca","8":"category-nacional"},"yoast_head":"<!-- This site is optimized with the Yoast SEO plugin v27.4 - https:\/\/yoast.com\/product\/yoast-seo-wordpress\/ -->\n<title>OCDE recorta pron\u00f3stico de crecimiento para M\u00e9xico en 2025 y 2026 - LA BRAVA RADIO<\/title>\n<meta name=\"robots\" content=\"index, follow, max-snippet:-1, max-image-preview:large, max-video-preview:-1\" \/>\n<link rel=\"canonical\" href=\"https:\/\/www.bbmnoticias.com\/ocde-recorta-pronostico-de-crecimiento-para-mexico-en-2025-y-2026\/\" \/>\n<meta property=\"og:locale\" content=\"es_MX\" \/>\n<meta property=\"og:type\" content=\"article\" \/>\n<meta property=\"og:title\" content=\"OCDE recorta pron\u00f3stico de crecimiento para M\u00e9xico en 2025 y 2026 - LA BRAVA RADIO\" \/>\n<meta property=\"og:description\" content=\"La Organizaci\u00f3n para la Cooperaci\u00f3n y el Desarrollo Econ\u00f3mico (OCDE) prev\u00e9 que la desaceleraci\u00f3n econ\u00f3mica en M\u00e9xico en 2025 y 2026 ser\u00e1 levemente mayor que la que estim\u00f3 en su informe de septiembre. En ese an\u00e1lisis de perspectivas de septiembre, cifr\u00f3 el crecimiento econ\u00f3mico del producto interior bruto (PIB) de M\u00e9xico en el 0.8 % [&hellip;]\" \/>\n<meta property=\"og:url\" content=\"https:\/\/www.bbmnoticias.com\/ocde-recorta-pronostico-de-crecimiento-para-mexico-en-2025-y-2026\/\" \/>\n<meta property=\"og:site_name\" content=\"LA BRAVA RADIO\" \/>\n<meta property=\"article:published_time\" content=\"2025-12-02T15:11:00+00:00\" \/>\n<meta property=\"article:modified_time\" content=\"2025-12-02T15:31:16+00:00\" \/>\n<meta property=\"og:image\" content=\"https:\/\/www.bbmnoticias.com\/labravaradiofm\/wp-content\/uploads\/sites\/5\/2025\/12\/mexico-economia-mexicana-cdmx-ciudad-de-mexico-1536x864-1.jpg\" \/>\n\t<meta property=\"og:image:width\" content=\"1536\" \/>\n\t<meta property=\"og:image:height\" content=\"864\" \/>\n\t<meta property=\"og:image:type\" content=\"image\/jpeg\" \/>\n<meta name=\"author\" content=\"Agencias\" \/>\n<meta name=\"twitter:card\" content=\"summary_large_image\" \/>\n<meta name=\"twitter:label1\" content=\"Escrito por\" \/>\n\t<meta name=\"twitter:data1\" content=\"Agencias\" \/>\n\t<meta name=\"twitter:label2\" content=\"Tiempo de lectura\" \/>\n\t<meta name=\"twitter:data2\" content=\"3 minutos\" \/>\n<script type=\"application\/ld+json\" class=\"yoast-schema-graph\">{\"@context\":\"https:\\\/\\\/schema.org\",\"@graph\":[{\"@type\":\"Article\",\"@id\":\"https:\\\/\\\/www.bbmnoticias.com\\\/ocde-recorta-pronostico-de-crecimiento-para-mexico-en-2025-y-2026\\\/#article\",\"isPartOf\":{\"@id\":\"https:\\\/\\\/www.bbmnoticias.com\\\/labravaradiofm\\\/2025\\\/12\\\/02\\\/ocde-recorta-pronostico-de-crecimiento-para-mexico-en-2025-y-2026\\\/\"},\"author\":{\"name\":\"Agencias\",\"@id\":\"https:\\\/\\\/www.bbmnoticias.com\\\/labravaradiofm\\\/#\\\/schema\\\/person\\\/000bdaf0a8fb5bff0d537c4d0778e33f\"},\"headline\":\"OCDE recorta pron\u00f3stico de crecimiento para M\u00e9xico en 2025 y 2026\",\"datePublished\":\"2025-12-02T15:11:00+00:00\",\"dateModified\":\"2025-12-02T15:31:16+00:00\",\"mainEntityOfPage\":{\"@id\":\"https:\\\/\\\/www.bbmnoticias.com\\\/labravaradiofm\\\/2025\\\/12\\\/02\\\/ocde-recorta-pronostico-de-crecimiento-para-mexico-en-2025-y-2026\\\/\"},\"wordCount\":656,\"image\":{\"@id\":\"https:\\\/\\\/www.bbmnoticias.com\\\/ocde-recorta-pronostico-de-crecimiento-para-mexico-en-2025-y-2026\\\/#primaryimage\"},\"thumbnailUrl\":\"https:\\\/\\\/www.bbmnoticias.com\\\/labravaradiofm\\\/wp-content\\\/uploads\\\/sites\\\/5\\\/2025\\\/12\\\/mexico-economia-mexicana-cdmx-ciudad-de-mexico-1536x864-1.jpg\",\"articleSection\":[\"LOCAL\",\"NACIONAL\"],\"inLanguage\":\"es\"},{\"@type\":\"WebPage\",\"@id\":\"https:\\\/\\\/www.bbmnoticias.com\\\/labravaradiofm\\\/2025\\\/12\\\/02\\\/ocde-recorta-pronostico-de-crecimiento-para-mexico-en-2025-y-2026\\\/\",\"url\":\"https:\\\/\\\/www.bbmnoticias.com\\\/ocde-recorta-pronostico-de-crecimiento-para-mexico-en-2025-y-2026\\\/\",\"name\":\"OCDE recorta pron\u00f3stico de crecimiento para M\u00e9xico en 2025 y 2026 - LA BRAVA RADIO\",\"isPartOf\":{\"@id\":\"https:\\\/\\\/www.bbmnoticias.com\\\/labravaradiofm\\\/#website\"},\"primaryImageOfPage\":{\"@id\":\"https:\\\/\\\/www.bbmnoticias.com\\\/ocde-recorta-pronostico-de-crecimiento-para-mexico-en-2025-y-2026\\\/#primaryimage\"},\"image\":{\"@id\":\"https:\\\/\\\/www.bbmnoticias.com\\\/ocde-recorta-pronostico-de-crecimiento-para-mexico-en-2025-y-2026\\\/#primaryimage\"},\"thumbnailUrl\":\"https:\\\/\\\/www.bbmnoticias.com\\\/labravaradiofm\\\/wp-content\\\/uploads\\\/sites\\\/5\\\/2025\\\/12\\\/mexico-economia-mexicana-cdmx-ciudad-de-mexico-1536x864-1.jpg\",\"datePublished\":\"2025-12-02T15:11:00+00:00\",\"dateModified\":\"2025-12-02T15:31:16+00:00\",\"author\":{\"@id\":\"https:\\\/\\\/www.bbmnoticias.com\\\/labravaradiofm\\\/#\\\/schema\\\/person\\\/000bdaf0a8fb5bff0d537c4d0778e33f\"},\"breadcrumb\":{\"@id\":\"https:\\\/\\\/www.bbmnoticias.com\\\/ocde-recorta-pronostico-de-crecimiento-para-mexico-en-2025-y-2026\\\/#breadcrumb\"},\"inLanguage\":\"es\",\"potentialAction\":[{\"@type\":\"ReadAction\",\"target\":[\"https:\\\/\\\/www.bbmnoticias.com\\\/ocde-recorta-pronostico-de-crecimiento-para-mexico-en-2025-y-2026\\\/\"]}]},{\"@type\":\"ImageObject\",\"inLanguage\":\"es\",\"@id\":\"https:\\\/\\\/www.bbmnoticias.com\\\/ocde-recorta-pronostico-de-crecimiento-para-mexico-en-2025-y-2026\\\/#primaryimage\",\"url\":\"https:\\\/\\\/www.bbmnoticias.com\\\/labravaradiofm\\\/wp-content\\\/uploads\\\/sites\\\/5\\\/2025\\\/12\\\/mexico-economia-mexicana-cdmx-ciudad-de-mexico-1536x864-1.jpg\",\"contentUrl\":\"https:\\\/\\\/www.bbmnoticias.com\\\/labravaradiofm\\\/wp-content\\\/uploads\\\/sites\\\/5\\\/2025\\\/12\\\/mexico-economia-mexicana-cdmx-ciudad-de-mexico-1536x864-1.jpg\",\"width\":1536,\"height\":864},{\"@type\":\"BreadcrumbList\",\"@id\":\"https:\\\/\\\/www.bbmnoticias.com\\\/ocde-recorta-pronostico-de-crecimiento-para-mexico-en-2025-y-2026\\\/#breadcrumb\",\"itemListElement\":[{\"@type\":\"ListItem\",\"position\":1,\"name\":\"Inicio\",\"item\":\"https:\\\/\\\/www.bbmnoticias.com\\\/labravaradiofm\\\/\"},{\"@type\":\"ListItem\",\"position\":2,\"name\":\"OCDE recorta pron\u00f3stico de crecimiento para M\u00e9xico en 2025 y 2026\"}]},{\"@type\":\"WebSite\",\"@id\":\"https:\\\/\\\/www.bbmnoticias.com\\\/labravaradiofm\\\/#website\",\"url\":\"https:\\\/\\\/www.bbmnoticias.com\\\/labravaradiofm\\\/\",\"name\":\"LA BRAVA RADIO\",\"description\":\"Empresa productora de medios, Radiodifusi\u00f3n, Noticias, tendencias y todo lo que necesitas saber de la pol\u00edtica mexicana e internacional; entretenimiento, espect\u00e1culos, salud y mucho m\u00e1s.\",\"potentialAction\":[{\"@type\":\"SearchAction\",\"target\":{\"@type\":\"EntryPoint\",\"urlTemplate\":\"https:\\\/\\\/www.bbmnoticias.com\\\/labravaradiofm\\\/?s={search_term_string}\"},\"query-input\":{\"@type\":\"PropertyValueSpecification\",\"valueRequired\":true,\"valueName\":\"search_term_string\"}}],\"inLanguage\":\"es\"},{\"@type\":\"Person\",\"@id\":\"https:\\\/\\\/www.bbmnoticias.com\\\/labravaradiofm\\\/#\\\/schema\\\/person\\\/000bdaf0a8fb5bff0d537c4d0778e33f\",\"name\":\"Agencias\",\"image\":{\"@type\":\"ImageObject\",\"inLanguage\":\"es\",\"@id\":\"https:\\\/\\\/secure.gravatar.com\\\/avatar\\\/739e0b61adf9e398b425c36718c8752286da0e8cd90f20ce9a86678abc26aa0d?s=96&d=mm&r=g\",\"url\":\"https:\\\/\\\/secure.gravatar.com\\\/avatar\\\/739e0b61adf9e398b425c36718c8752286da0e8cd90f20ce9a86678abc26aa0d?s=96&d=mm&r=g\",\"contentUrl\":\"https:\\\/\\\/secure.gravatar.com\\\/avatar\\\/739e0b61adf9e398b425c36718c8752286da0e8cd90f20ce9a86678abc26aa0d?s=96&d=mm&r=g\",\"caption\":\"Agencias\"},\"url\":\"https:\\\/\\\/www.bbmnoticias.com\\\/labravaradiofm\\\/author\\\/agencias\\\/\"}]}<\/script>\n<!-- \/ Yoast SEO plugin. -->","yoast_head_json":{"title":"OCDE recorta pron\u00f3stico de crecimiento para M\u00e9xico en 2025 y 2026 - LA BRAVA RADIO","robots":{"index":"index","follow":"follow","max-snippet":"max-snippet:-1","max-image-preview":"max-image-preview:large","max-video-preview":"max-video-preview:-1"},"canonical":"https:\/\/www.bbmnoticias.com\/ocde-recorta-pronostico-de-crecimiento-para-mexico-en-2025-y-2026\/","og_locale":"es_MX","og_type":"article","og_title":"OCDE recorta pron\u00f3stico de crecimiento para M\u00e9xico en 2025 y 2026 - LA BRAVA RADIO","og_description":"La Organizaci\u00f3n para la Cooperaci\u00f3n y el Desarrollo Econ\u00f3mico (OCDE) prev\u00e9 que la desaceleraci\u00f3n econ\u00f3mica en M\u00e9xico en 2025 y 2026 ser\u00e1 levemente mayor que la que estim\u00f3 en su informe de septiembre. En ese an\u00e1lisis de perspectivas de septiembre, cifr\u00f3 el crecimiento econ\u00f3mico del producto interior bruto (PIB) de M\u00e9xico en el 0.8 % [&hellip;]","og_url":"https:\/\/www.bbmnoticias.com\/ocde-recorta-pronostico-de-crecimiento-para-mexico-en-2025-y-2026\/","og_site_name":"LA BRAVA RADIO","article_published_time":"2025-12-02T15:11:00+00:00","article_modified_time":"2025-12-02T15:31:16+00:00","og_image":[{"width":1536,"height":864,"url":"https:\/\/www.bbmnoticias.com\/labravaradiofm\/wp-content\/uploads\/sites\/5\/2025\/12\/mexico-economia-mexicana-cdmx-ciudad-de-mexico-1536x864-1.jpg","type":"image\/jpeg"}],"author":"Agencias","twitter_card":"summary_large_image","twitter_misc":{"Escrito por":"Agencias","Tiempo de lectura":"3 minutos"},"schema":{"@context":"https:\/\/schema.org","@graph":[{"@type":"Article","@id":"https:\/\/www.bbmnoticias.com\/ocde-recorta-pronostico-de-crecimiento-para-mexico-en-2025-y-2026\/#article","isPartOf":{"@id":"https:\/\/www.bbmnoticias.com\/labravaradiofm\/2025\/12\/02\/ocde-recorta-pronostico-de-crecimiento-para-mexico-en-2025-y-2026\/"},"author":{"name":"Agencias","@id":"https:\/\/www.bbmnoticias.com\/labravaradiofm\/#\/schema\/person\/000bdaf0a8fb5bff0d537c4d0778e33f"},"headline":"OCDE recorta pron\u00f3stico de crecimiento para M\u00e9xico en 2025 y 2026","datePublished":"2025-12-02T15:11:00+00:00","dateModified":"2025-12-02T15:31:16+00:00","mainEntityOfPage":{"@id":"https:\/\/www.bbmnoticias.com\/labravaradiofm\/2025\/12\/02\/ocde-recorta-pronostico-de-crecimiento-para-mexico-en-2025-y-2026\/"},"wordCount":656,"image":{"@id":"https:\/\/www.bbmnoticias.com\/ocde-recorta-pronostico-de-crecimiento-para-mexico-en-2025-y-2026\/#primaryimage"},"thumbnailUrl":"https:\/\/www.bbmnoticias.com\/labravaradiofm\/wp-content\/uploads\/sites\/5\/2025\/12\/mexico-economia-mexicana-cdmx-ciudad-de-mexico-1536x864-1.jpg","articleSection":["LOCAL","NACIONAL"],"inLanguage":"es"},{"@type":"WebPage","@id":"https:\/\/www.bbmnoticias.com\/labravaradiofm\/2025\/12\/02\/ocde-recorta-pronostico-de-crecimiento-para-mexico-en-2025-y-2026\/","url":"https:\/\/www.bbmnoticias.com\/ocde-recorta-pronostico-de-crecimiento-para-mexico-en-2025-y-2026\/","name":"OCDE recorta pron\u00f3stico de crecimiento para M\u00e9xico en 2025 y 2026 - LA BRAVA RADIO","isPartOf":{"@id":"https:\/\/www.bbmnoticias.com\/labravaradiofm\/#website"},"primaryImageOfPage":{"@id":"https:\/\/www.bbmnoticias.com\/ocde-recorta-pronostico-de-crecimiento-para-mexico-en-2025-y-2026\/#primaryimage"},"image":{"@id":"https:\/\/www.bbmnoticias.com\/ocde-recorta-pronostico-de-crecimiento-para-mexico-en-2025-y-2026\/#primaryimage"},"thumbnailUrl":"https:\/\/www.bbmnoticias.com\/labravaradiofm\/wp-content\/uploads\/sites\/5\/2025\/12\/mexico-economia-mexicana-cdmx-ciudad-de-mexico-1536x864-1.jpg","datePublished":"2025-12-02T15:11:00+00:00","dateModified":"2025-12-02T15:31:16+00:00","author":{"@id":"https:\/\/www.bbmnoticias.com\/labravaradiofm\/#\/schema\/person\/000bdaf0a8fb5bff0d537c4d0778e33f"},"breadcrumb":{"@id":"https:\/\/www.bbmnoticias.com\/ocde-recorta-pronostico-de-crecimiento-para-mexico-en-2025-y-2026\/#breadcrumb"},"inLanguage":"es","potentialAction":[{"@type":"ReadAction","target":["https:\/\/www.bbmnoticias.com\/ocde-recorta-pronostico-de-crecimiento-para-mexico-en-2025-y-2026\/"]}]},{"@type":"ImageObject","inLanguage":"es","@id":"https:\/\/www.bbmnoticias.com\/ocde-recorta-pronostico-de-crecimiento-para-mexico-en-2025-y-2026\/#primaryimage","url":"https:\/\/www.bbmnoticias.com\/labravaradiofm\/wp-content\/uploads\/sites\/5\/2025\/12\/mexico-economia-mexicana-cdmx-ciudad-de-mexico-1536x864-1.jpg","contentUrl":"https:\/\/www.bbmnoticias.com\/labravaradiofm\/wp-content\/uploads\/sites\/5\/2025\/12\/mexico-economia-mexicana-cdmx-ciudad-de-mexico-1536x864-1.jpg","width":1536,"height":864},{"@type":"BreadcrumbList","@id":"https:\/\/www.bbmnoticias.com\/ocde-recorta-pronostico-de-crecimiento-para-mexico-en-2025-y-2026\/#breadcrumb","itemListElement":[{"@type":"ListItem","position":1,"name":"Inicio","item":"https:\/\/www.bbmnoticias.com\/labravaradiofm\/"},{"@type":"ListItem","position":2,"name":"OCDE recorta pron\u00f3stico de crecimiento para M\u00e9xico en 2025 y 2026"}]},{"@type":"WebSite","@id":"https:\/\/www.bbmnoticias.com\/labravaradiofm\/#website","url":"https:\/\/www.bbmnoticias.com\/labravaradiofm\/","name":"LA BRAVA RADIO","description":"Empresa productora de medios, Radiodifusi\u00f3n, Noticias, tendencias y todo lo que necesitas saber de la pol\u00edtica mexicana e internacional; entretenimiento, espect\u00e1culos, salud y mucho m\u00e1s.","potentialAction":[{"@type":"SearchAction","target":{"@type":"EntryPoint","urlTemplate":"https:\/\/www.bbmnoticias.com\/labravaradiofm\/?s={search_term_string}"},"query-input":{"@type":"PropertyValueSpecification","valueRequired":true,"valueName":"search_term_string"}}],"inLanguage":"es"},{"@type":"Person","@id":"https:\/\/www.bbmnoticias.com\/labravaradiofm\/#\/schema\/person\/000bdaf0a8fb5bff0d537c4d0778e33f","name":"Agencias","image":{"@type":"ImageObject","inLanguage":"es","@id":"https:\/\/secure.gravatar.com\/avatar\/739e0b61adf9e398b425c36718c8752286da0e8cd90f20ce9a86678abc26aa0d?s=96&d=mm&r=g","url":"https:\/\/secure.gravatar.com\/avatar\/739e0b61adf9e398b425c36718c8752286da0e8cd90f20ce9a86678abc26aa0d?s=96&d=mm&r=g","contentUrl":"https:\/\/secure.gravatar.com\/avatar\/739e0b61adf9e398b425c36718c8752286da0e8cd90f20ce9a86678abc26aa0d?s=96&d=mm&r=g","caption":"Agencias"},"url":"https:\/\/www.bbmnoticias.com\/labravaradiofm\/author\/agencias\/"}]}},"_links":{"self":[{"href":"https:\/\/www.bbmnoticias.com\/labravaradiofm\/wp-json\/wp\/v2\/posts\/70655","targetHints":{"allow":["GET"]}}],"collection":[{"href":"https:\/\/www.bbmnoticias.com\/labravaradiofm\/wp-json\/wp\/v2\/posts"}],"about":[{"href":"https:\/\/www.bbmnoticias.com\/labravaradiofm\/wp-json\/wp\/v2\/types\/post"}],"author":[{"embeddable":true,"href":"https:\/\/www.bbmnoticias.com\/labravaradiofm\/wp-json\/wp\/v2\/users\/4"}],"replies":[{"embeddable":true,"href":"https:\/\/www.bbmnoticias.com\/labravaradiofm\/wp-json\/wp\/v2\/comments?post=70655"}],"version-history":[{"count":0,"href":"https:\/\/www.bbmnoticias.com\/labravaradiofm\/wp-json\/wp\/v2\/posts\/70655\/revisions"}],"wp:featuredmedia":[{"embeddable":true,"href":"https:\/\/www.bbmnoticias.com\/labravaradiofm\/wp-json\/wp\/v2\/media\/70657"}],"wp:attachment":[{"href":"https:\/\/www.bbmnoticias.com\/labravaradiofm\/wp-json\/wp\/v2\/media?parent=70655"}],"wp:term":[{"taxonomy":"category","embeddable":true,"href":"https:\/\/www.bbmnoticias.com\/labravaradiofm\/wp-json\/wp\/v2\/categories?post=70655"},{"taxonomy":"post_tag","embeddable":true,"href":"https:\/\/www.bbmnoticias.com\/labravaradiofm\/wp-json\/wp\/v2\/tags?post=70655"}],"curies":[{"name":"wp","href":"https:\/\/api.w.org\/{rel}","templated":true}]}}