{"id":70652,"date":"2025-12-02T09:25:24","date_gmt":"2025-12-02T15:25:24","guid":{"rendered":"https:\/\/www.bbmnoticias.com\/labravaradiofm\/2025\/12\/02\/detienen-en-juchitan-a-carlos-n-alias-comandante-cali-senalado-como-jefe-de-plaza-de-los-cromo\/"},"modified":"2025-12-02T09:25:28","modified_gmt":"2025-12-02T15:25:28","slug":"detienen-en-juchitan-a-carlos-n-alias-comandante-cali-senalado-como-jefe-de-plaza-de-los-cromo","status":"publish","type":"post","link":"https:\/\/www.bbmnoticias.com\/labravaradiofm\/2025\/12\/02\/detienen-en-juchitan-a-carlos-n-alias-comandante-cali-senalado-como-jefe-de-plaza-de-los-cromo\/","title":{"rendered":"Detienen en Juchit\u00e1n a Carlos \u201cN\u201d, alias Comandante \u201cCali\u201d, se\u00f1alado como jefe de plaza de \u201cLos Cromo\u201d"},"content":{"rendered":"<div style=\"margin-top: 0px; margin-bottom: 0px;\" class=\"sharethis-inline-share-buttons\" ><\/div>\n<p>El gabinete de seguridad logr\u00f3 la detenci\u00f3n de <strong>Carlos \u2018N\u2019, alias \u2018El Cali\u2019<\/strong>, presunto jefe de plaza de<strong> \u2018Los Cromo\u2019,<\/strong> un grupo delictivo que operaba en Juchit\u00e1n de Zaragoza, Oaxaca.<\/p>\n\n\n\n<p>En un comunicado, la dependencia que encabeza titular de la <strong>Secretar\u00eda de Seguridad y Protecci\u00f3n Ciudadana, Omar Garc\u00eda Harfuch<\/strong> se detall\u00f3 que durante la detenci\u00f3n tambi\u00e9n se aseguraron seis armas largas.<\/p>\n\n\n\n<p>En esta detenci\u00f3n, tambi\u00e9n se aseguraron 27 cargadores, 760 cartuchos \u00fatiles, 13 chalecos bal\u00edsticos, 19 cascos bal\u00edsticos, 14 pares de botas, diverso equipo t\u00e1ctico y 54 dosis de metanfetamina.<\/p>\n\n\n\n<p>\u201cA la persona detenida se le informaron sus derechos de ley y, junto con lo asegurado, fue puesta a disposici\u00f3n del agente del Ministerio P\u00fablico correspondiente, quien definir\u00e1 su situaci\u00f3n jur\u00eddica\u201d, dijo.<\/p>\n\n\n\n<p>En este operativo, participaron<strong> elementos de la Secretar\u00eda de Marina (Semar)<\/strong> junto con Secretar\u00eda de la Defensa Nacional (Defensa), Fiscal\u00eda General de la Rep\u00fablica (FGR), Guardia Nacional (GN) y Secretar\u00eda de Seguridad y Protecci\u00f3n Ciudadana (SSPC) y la Fiscal\u00eda General del Estado (FGEO).<\/p>\n","protected":false},"excerpt":{"rendered":"<p>El gabinete de seguridad logr\u00f3 la detenci\u00f3n de Carlos \u2018N\u2019, alias \u2018El Cali\u2019, presunto jefe de plaza de \u2018Los Cromo\u2019, un grupo delictivo que operaba en Juchit\u00e1n de Zaragoza, Oaxaca. En un comunicado, la dependencia que encabeza titular de la Secretar\u00eda de Seguridad y Protecci\u00f3n Ciudadana, Omar Garc\u00eda Harfuch se detall\u00f3 que durante la detenci\u00f3n [&hellip;]<\/p>\n","protected":false},"author":2,"featured_media":70654,"comment_status":"closed","ping_status":"","sticky":false,"template":"","format":"standard","meta":{"footnotes":""},"categories":[2,20],"tags":[],"class_list":{"0":"post-70652","1":"post","2":"type-post","3":"status-publish","4":"format-standard","5":"has-post-thumbnail","7":"category-oaxaca","8":"category-policiaca"},"yoast_head":"<!-- This site is optimized with the Yoast SEO plugin v27.4 - https:\/\/yoast.com\/product\/yoast-seo-wordpress\/ -->\n<title>Detienen en Juchit\u00e1n a Carlos \u201cN\u201d, alias Comandante \u201cCali\u201d, se\u00f1alado como jefe de plaza de \u201cLos Cromo\u201d - LA BRAVA RADIO<\/title>\n<meta name=\"robots\" content=\"index, follow, max-snippet:-1, max-image-preview:large, max-video-preview:-1\" \/>\n<link rel=\"canonical\" href=\"https:\/\/www.bbmnoticias.com\/detienen-en-juchitan-a-carlos-n-alias-comandante-cali-senalado-como-jefe-de-plaza-de-los-cromo\/\" \/>\n<meta property=\"og:locale\" content=\"es_MX\" \/>\n<meta property=\"og:type\" content=\"article\" \/>\n<meta property=\"og:title\" content=\"Detienen en Juchit\u00e1n a Carlos \u201cN\u201d, alias Comandante \u201cCali\u201d, se\u00f1alado como jefe de plaza de \u201cLos Cromo\u201d - LA BRAVA RADIO\" \/>\n<meta property=\"og:description\" content=\"El gabinete de seguridad logr\u00f3 la detenci\u00f3n de Carlos \u2018N\u2019, alias \u2018El Cali\u2019, presunto jefe de plaza de \u2018Los Cromo\u2019, un grupo delictivo que operaba en Juchit\u00e1n de Zaragoza, Oaxaca. En un comunicado, la dependencia que encabeza titular de la Secretar\u00eda de Seguridad y Protecci\u00f3n Ciudadana, Omar Garc\u00eda Harfuch se detall\u00f3 que durante la detenci\u00f3n [&hellip;]\" \/>\n<meta property=\"og:url\" content=\"https:\/\/www.bbmnoticias.com\/detienen-en-juchitan-a-carlos-n-alias-comandante-cali-senalado-como-jefe-de-plaza-de-los-cromo\/\" \/>\n<meta property=\"og:site_name\" content=\"LA BRAVA RADIO\" \/>\n<meta property=\"article:published_time\" content=\"2025-12-02T15:25:24+00:00\" \/>\n<meta property=\"article:modified_time\" content=\"2025-12-02T15:25:28+00:00\" \/>\n<meta property=\"og:image\" content=\"https:\/\/www.bbmnoticias.com\/labravaradiofm\/wp-content\/uploads\/sites\/5\/2025\/12\/comandante_cali.jpg\" \/>\n\t<meta property=\"og:image:width\" content=\"800\" \/>\n\t<meta property=\"og:image:height\" content=\"450\" \/>\n\t<meta property=\"og:image:type\" content=\"image\/jpeg\" \/>\n<meta name=\"author\" content=\"Staff\" \/>\n<meta name=\"twitter:card\" content=\"summary_large_image\" \/>\n<meta name=\"twitter:label1\" content=\"Escrito por\" \/>\n\t<meta name=\"twitter:data1\" content=\"Staff\" \/>\n\t<meta name=\"twitter:label2\" content=\"Tiempo de lectura\" \/>\n\t<meta name=\"twitter:data2\" content=\"1 minuto\" \/>\n<script type=\"application\/ld+json\" class=\"yoast-schema-graph\">{\"@context\":\"https:\\\/\\\/schema.org\",\"@graph\":[{\"@type\":\"Article\",\"@id\":\"https:\\\/\\\/www.bbmnoticias.com\\\/detienen-en-juchitan-a-carlos-n-alias-comandante-cali-senalado-como-jefe-de-plaza-de-los-cromo\\\/#article\",\"isPartOf\":{\"@id\":\"https:\\\/\\\/www.bbmnoticias.com\\\/labravaradiofm\\\/2025\\\/12\\\/02\\\/detienen-en-juchitan-a-carlos-n-alias-comandante-cali-senalado-como-jefe-de-plaza-de-los-cromo\\\/\"},\"author\":{\"name\":\"Staff\",\"@id\":\"https:\\\/\\\/www.bbmnoticias.com\\\/labravaradiofm\\\/#\\\/schema\\\/person\\\/68a9e9036ef3c5b55aeb2b71dc8bab45\"},\"headline\":\"Detienen en Juchit\u00e1n a Carlos \u201cN\u201d, alias Comandante \u201cCali\u201d, se\u00f1alado como jefe de plaza de \u201cLos Cromo\u201d\",\"datePublished\":\"2025-12-02T15:25:24+00:00\",\"dateModified\":\"2025-12-02T15:25:28+00:00\",\"mainEntityOfPage\":{\"@id\":\"https:\\\/\\\/www.bbmnoticias.com\\\/labravaradiofm\\\/2025\\\/12\\\/02\\\/detienen-en-juchitan-a-carlos-n-alias-comandante-cali-senalado-como-jefe-de-plaza-de-los-cromo\\\/\"},\"wordCount\":201,\"image\":{\"@id\":\"https:\\\/\\\/www.bbmnoticias.com\\\/detienen-en-juchitan-a-carlos-n-alias-comandante-cali-senalado-como-jefe-de-plaza-de-los-cromo\\\/#primaryimage\"},\"thumbnailUrl\":\"https:\\\/\\\/www.bbmnoticias.com\\\/labravaradiofm\\\/wp-content\\\/uploads\\\/sites\\\/5\\\/2025\\\/12\\\/comandante_cali.jpg\",\"articleSection\":[\"LOCAL\",\"POLICIACA\"],\"inLanguage\":\"es\"},{\"@type\":\"WebPage\",\"@id\":\"https:\\\/\\\/www.bbmnoticias.com\\\/labravaradiofm\\\/2025\\\/12\\\/02\\\/detienen-en-juchitan-a-carlos-n-alias-comandante-cali-senalado-como-jefe-de-plaza-de-los-cromo\\\/\",\"url\":\"https:\\\/\\\/www.bbmnoticias.com\\\/detienen-en-juchitan-a-carlos-n-alias-comandante-cali-senalado-como-jefe-de-plaza-de-los-cromo\\\/\",\"name\":\"Detienen en Juchit\u00e1n a Carlos \u201cN\u201d, alias Comandante \u201cCali\u201d, se\u00f1alado como jefe de plaza de \u201cLos Cromo\u201d - LA BRAVA RADIO\",\"isPartOf\":{\"@id\":\"https:\\\/\\\/www.bbmnoticias.com\\\/labravaradiofm\\\/#website\"},\"primaryImageOfPage\":{\"@id\":\"https:\\\/\\\/www.bbmnoticias.com\\\/detienen-en-juchitan-a-carlos-n-alias-comandante-cali-senalado-como-jefe-de-plaza-de-los-cromo\\\/#primaryimage\"},\"image\":{\"@id\":\"https:\\\/\\\/www.bbmnoticias.com\\\/detienen-en-juchitan-a-carlos-n-alias-comandante-cali-senalado-como-jefe-de-plaza-de-los-cromo\\\/#primaryimage\"},\"thumbnailUrl\":\"https:\\\/\\\/www.bbmnoticias.com\\\/labravaradiofm\\\/wp-content\\\/uploads\\\/sites\\\/5\\\/2025\\\/12\\\/comandante_cali.jpg\",\"datePublished\":\"2025-12-02T15:25:24+00:00\",\"dateModified\":\"2025-12-02T15:25:28+00:00\",\"author\":{\"@id\":\"https:\\\/\\\/www.bbmnoticias.com\\\/labravaradiofm\\\/#\\\/schema\\\/person\\\/68a9e9036ef3c5b55aeb2b71dc8bab45\"},\"breadcrumb\":{\"@id\":\"https:\\\/\\\/www.bbmnoticias.com\\\/detienen-en-juchitan-a-carlos-n-alias-comandante-cali-senalado-como-jefe-de-plaza-de-los-cromo\\\/#breadcrumb\"},\"inLanguage\":\"es\",\"potentialAction\":[{\"@type\":\"ReadAction\",\"target\":[\"https:\\\/\\\/www.bbmnoticias.com\\\/detienen-en-juchitan-a-carlos-n-alias-comandante-cali-senalado-como-jefe-de-plaza-de-los-cromo\\\/\"]}]},{\"@type\":\"ImageObject\",\"inLanguage\":\"es\",\"@id\":\"https:\\\/\\\/www.bbmnoticias.com\\\/detienen-en-juchitan-a-carlos-n-alias-comandante-cali-senalado-como-jefe-de-plaza-de-los-cromo\\\/#primaryimage\",\"url\":\"https:\\\/\\\/www.bbmnoticias.com\\\/labravaradiofm\\\/wp-content\\\/uploads\\\/sites\\\/5\\\/2025\\\/12\\\/comandante_cali.jpg\",\"contentUrl\":\"https:\\\/\\\/www.bbmnoticias.com\\\/labravaradiofm\\\/wp-content\\\/uploads\\\/sites\\\/5\\\/2025\\\/12\\\/comandante_cali.jpg\",\"width\":800,\"height\":450},{\"@type\":\"BreadcrumbList\",\"@id\":\"https:\\\/\\\/www.bbmnoticias.com\\\/detienen-en-juchitan-a-carlos-n-alias-comandante-cali-senalado-como-jefe-de-plaza-de-los-cromo\\\/#breadcrumb\",\"itemListElement\":[{\"@type\":\"ListItem\",\"position\":1,\"name\":\"Inicio\",\"item\":\"https:\\\/\\\/www.bbmnoticias.com\\\/labravaradiofm\\\/\"},{\"@type\":\"ListItem\",\"position\":2,\"name\":\"Detienen en Juchit\u00e1n a Carlos \u201cN\u201d, alias Comandante \u201cCali\u201d, se\u00f1alado como jefe de plaza de \u201cLos Cromo\u201d\"}]},{\"@type\":\"WebSite\",\"@id\":\"https:\\\/\\\/www.bbmnoticias.com\\\/labravaradiofm\\\/#website\",\"url\":\"https:\\\/\\\/www.bbmnoticias.com\\\/labravaradiofm\\\/\",\"name\":\"LA BRAVA RADIO\",\"description\":\"Empresa productora de medios, Radiodifusi\u00f3n, Noticias, tendencias y todo lo que necesitas saber de la pol\u00edtica mexicana e internacional; entretenimiento, espect\u00e1culos, salud y mucho m\u00e1s.\",\"potentialAction\":[{\"@type\":\"SearchAction\",\"target\":{\"@type\":\"EntryPoint\",\"urlTemplate\":\"https:\\\/\\\/www.bbmnoticias.com\\\/labravaradiofm\\\/?s={search_term_string}\"},\"query-input\":{\"@type\":\"PropertyValueSpecification\",\"valueRequired\":true,\"valueName\":\"search_term_string\"}}],\"inLanguage\":\"es\"},{\"@type\":\"Person\",\"@id\":\"https:\\\/\\\/www.bbmnoticias.com\\\/labravaradiofm\\\/#\\\/schema\\\/person\\\/68a9e9036ef3c5b55aeb2b71dc8bab45\",\"name\":\"Staff\",\"image\":{\"@type\":\"ImageObject\",\"inLanguage\":\"es\",\"@id\":\"https:\\\/\\\/secure.gravatar.com\\\/avatar\\\/fdd21ad66fd8b98c407f9dee5b5e588cfe7f0d8579ec20fa6527cd59bab7f0f0?s=96&d=mm&r=g\",\"url\":\"https:\\\/\\\/secure.gravatar.com\\\/avatar\\\/fdd21ad66fd8b98c407f9dee5b5e588cfe7f0d8579ec20fa6527cd59bab7f0f0?s=96&d=mm&r=g\",\"contentUrl\":\"https:\\\/\\\/secure.gravatar.com\\\/avatar\\\/fdd21ad66fd8b98c407f9dee5b5e588cfe7f0d8579ec20fa6527cd59bab7f0f0?s=96&d=mm&r=g\",\"caption\":\"Staff\"},\"url\":\"https:\\\/\\\/www.bbmnoticias.com\\\/labravaradiofm\\\/author\\\/redaccion\\\/\"}]}<\/script>\n<!-- \/ Yoast SEO plugin. -->","yoast_head_json":{"title":"Detienen en Juchit\u00e1n a Carlos \u201cN\u201d, alias Comandante \u201cCali\u201d, se\u00f1alado como jefe de plaza de \u201cLos Cromo\u201d - LA BRAVA RADIO","robots":{"index":"index","follow":"follow","max-snippet":"max-snippet:-1","max-image-preview":"max-image-preview:large","max-video-preview":"max-video-preview:-1"},"canonical":"https:\/\/www.bbmnoticias.com\/detienen-en-juchitan-a-carlos-n-alias-comandante-cali-senalado-como-jefe-de-plaza-de-los-cromo\/","og_locale":"es_MX","og_type":"article","og_title":"Detienen en Juchit\u00e1n a Carlos \u201cN\u201d, alias Comandante \u201cCali\u201d, se\u00f1alado como jefe de plaza de \u201cLos Cromo\u201d - LA BRAVA RADIO","og_description":"El gabinete de seguridad logr\u00f3 la detenci\u00f3n de Carlos \u2018N\u2019, alias \u2018El Cali\u2019, presunto jefe de plaza de \u2018Los Cromo\u2019, un grupo delictivo que operaba en Juchit\u00e1n de Zaragoza, Oaxaca. En un comunicado, la dependencia que encabeza titular de la Secretar\u00eda de Seguridad y Protecci\u00f3n Ciudadana, Omar Garc\u00eda Harfuch se detall\u00f3 que durante la detenci\u00f3n [&hellip;]","og_url":"https:\/\/www.bbmnoticias.com\/detienen-en-juchitan-a-carlos-n-alias-comandante-cali-senalado-como-jefe-de-plaza-de-los-cromo\/","og_site_name":"LA BRAVA RADIO","article_published_time":"2025-12-02T15:25:24+00:00","article_modified_time":"2025-12-02T15:25:28+00:00","og_image":[{"width":800,"height":450,"url":"https:\/\/www.bbmnoticias.com\/labravaradiofm\/wp-content\/uploads\/sites\/5\/2025\/12\/comandante_cali.jpg","type":"image\/jpeg"}],"author":"Staff","twitter_card":"summary_large_image","twitter_misc":{"Escrito por":"Staff","Tiempo de lectura":"1 minuto"},"schema":{"@context":"https:\/\/schema.org","@graph":[{"@type":"Article","@id":"https:\/\/www.bbmnoticias.com\/detienen-en-juchitan-a-carlos-n-alias-comandante-cali-senalado-como-jefe-de-plaza-de-los-cromo\/#article","isPartOf":{"@id":"https:\/\/www.bbmnoticias.com\/labravaradiofm\/2025\/12\/02\/detienen-en-juchitan-a-carlos-n-alias-comandante-cali-senalado-como-jefe-de-plaza-de-los-cromo\/"},"author":{"name":"Staff","@id":"https:\/\/www.bbmnoticias.com\/labravaradiofm\/#\/schema\/person\/68a9e9036ef3c5b55aeb2b71dc8bab45"},"headline":"Detienen en Juchit\u00e1n a Carlos \u201cN\u201d, alias Comandante \u201cCali\u201d, se\u00f1alado como jefe de plaza de \u201cLos Cromo\u201d","datePublished":"2025-12-02T15:25:24+00:00","dateModified":"2025-12-02T15:25:28+00:00","mainEntityOfPage":{"@id":"https:\/\/www.bbmnoticias.com\/labravaradiofm\/2025\/12\/02\/detienen-en-juchitan-a-carlos-n-alias-comandante-cali-senalado-como-jefe-de-plaza-de-los-cromo\/"},"wordCount":201,"image":{"@id":"https:\/\/www.bbmnoticias.com\/detienen-en-juchitan-a-carlos-n-alias-comandante-cali-senalado-como-jefe-de-plaza-de-los-cromo\/#primaryimage"},"thumbnailUrl":"https:\/\/www.bbmnoticias.com\/labravaradiofm\/wp-content\/uploads\/sites\/5\/2025\/12\/comandante_cali.jpg","articleSection":["LOCAL","POLICIACA"],"inLanguage":"es"},{"@type":"WebPage","@id":"https:\/\/www.bbmnoticias.com\/labravaradiofm\/2025\/12\/02\/detienen-en-juchitan-a-carlos-n-alias-comandante-cali-senalado-como-jefe-de-plaza-de-los-cromo\/","url":"https:\/\/www.bbmnoticias.com\/detienen-en-juchitan-a-carlos-n-alias-comandante-cali-senalado-como-jefe-de-plaza-de-los-cromo\/","name":"Detienen en Juchit\u00e1n a Carlos \u201cN\u201d, alias Comandante \u201cCali\u201d, se\u00f1alado como jefe de plaza de \u201cLos Cromo\u201d - LA BRAVA RADIO","isPartOf":{"@id":"https:\/\/www.bbmnoticias.com\/labravaradiofm\/#website"},"primaryImageOfPage":{"@id":"https:\/\/www.bbmnoticias.com\/detienen-en-juchitan-a-carlos-n-alias-comandante-cali-senalado-como-jefe-de-plaza-de-los-cromo\/#primaryimage"},"image":{"@id":"https:\/\/www.bbmnoticias.com\/detienen-en-juchitan-a-carlos-n-alias-comandante-cali-senalado-como-jefe-de-plaza-de-los-cromo\/#primaryimage"},"thumbnailUrl":"https:\/\/www.bbmnoticias.com\/labravaradiofm\/wp-content\/uploads\/sites\/5\/2025\/12\/comandante_cali.jpg","datePublished":"2025-12-02T15:25:24+00:00","dateModified":"2025-12-02T15:25:28+00:00","author":{"@id":"https:\/\/www.bbmnoticias.com\/labravaradiofm\/#\/schema\/person\/68a9e9036ef3c5b55aeb2b71dc8bab45"},"breadcrumb":{"@id":"https:\/\/www.bbmnoticias.com\/detienen-en-juchitan-a-carlos-n-alias-comandante-cali-senalado-como-jefe-de-plaza-de-los-cromo\/#breadcrumb"},"inLanguage":"es","potentialAction":[{"@type":"ReadAction","target":["https:\/\/www.bbmnoticias.com\/detienen-en-juchitan-a-carlos-n-alias-comandante-cali-senalado-como-jefe-de-plaza-de-los-cromo\/"]}]},{"@type":"ImageObject","inLanguage":"es","@id":"https:\/\/www.bbmnoticias.com\/detienen-en-juchitan-a-carlos-n-alias-comandante-cali-senalado-como-jefe-de-plaza-de-los-cromo\/#primaryimage","url":"https:\/\/www.bbmnoticias.com\/labravaradiofm\/wp-content\/uploads\/sites\/5\/2025\/12\/comandante_cali.jpg","contentUrl":"https:\/\/www.bbmnoticias.com\/labravaradiofm\/wp-content\/uploads\/sites\/5\/2025\/12\/comandante_cali.jpg","width":800,"height":450},{"@type":"BreadcrumbList","@id":"https:\/\/www.bbmnoticias.com\/detienen-en-juchitan-a-carlos-n-alias-comandante-cali-senalado-como-jefe-de-plaza-de-los-cromo\/#breadcrumb","itemListElement":[{"@type":"ListItem","position":1,"name":"Inicio","item":"https:\/\/www.bbmnoticias.com\/labravaradiofm\/"},{"@type":"ListItem","position":2,"name":"Detienen en Juchit\u00e1n a Carlos \u201cN\u201d, alias Comandante \u201cCali\u201d, se\u00f1alado como jefe de plaza de \u201cLos Cromo\u201d"}]},{"@type":"WebSite","@id":"https:\/\/www.bbmnoticias.com\/labravaradiofm\/#website","url":"https:\/\/www.bbmnoticias.com\/labravaradiofm\/","name":"LA BRAVA RADIO","description":"Empresa productora de medios, Radiodifusi\u00f3n, Noticias, tendencias y todo lo que necesitas saber de la pol\u00edtica mexicana e internacional; entretenimiento, espect\u00e1culos, salud y mucho m\u00e1s.","potentialAction":[{"@type":"SearchAction","target":{"@type":"EntryPoint","urlTemplate":"https:\/\/www.bbmnoticias.com\/labravaradiofm\/?s={search_term_string}"},"query-input":{"@type":"PropertyValueSpecification","valueRequired":true,"valueName":"search_term_string"}}],"inLanguage":"es"},{"@type":"Person","@id":"https:\/\/www.bbmnoticias.com\/labravaradiofm\/#\/schema\/person\/68a9e9036ef3c5b55aeb2b71dc8bab45","name":"Staff","image":{"@type":"ImageObject","inLanguage":"es","@id":"https:\/\/secure.gravatar.com\/avatar\/fdd21ad66fd8b98c407f9dee5b5e588cfe7f0d8579ec20fa6527cd59bab7f0f0?s=96&d=mm&r=g","url":"https:\/\/secure.gravatar.com\/avatar\/fdd21ad66fd8b98c407f9dee5b5e588cfe7f0d8579ec20fa6527cd59bab7f0f0?s=96&d=mm&r=g","contentUrl":"https:\/\/secure.gravatar.com\/avatar\/fdd21ad66fd8b98c407f9dee5b5e588cfe7f0d8579ec20fa6527cd59bab7f0f0?s=96&d=mm&r=g","caption":"Staff"},"url":"https:\/\/www.bbmnoticias.com\/labravaradiofm\/author\/redaccion\/"}]}},"_links":{"self":[{"href":"https:\/\/www.bbmnoticias.com\/labravaradiofm\/wp-json\/wp\/v2\/posts\/70652","targetHints":{"allow":["GET"]}}],"collection":[{"href":"https:\/\/www.bbmnoticias.com\/labravaradiofm\/wp-json\/wp\/v2\/posts"}],"about":[{"href":"https:\/\/www.bbmnoticias.com\/labravaradiofm\/wp-json\/wp\/v2\/types\/post"}],"author":[{"embeddable":true,"href":"https:\/\/www.bbmnoticias.com\/labravaradiofm\/wp-json\/wp\/v2\/users\/2"}],"replies":[{"embeddable":true,"href":"https:\/\/www.bbmnoticias.com\/labravaradiofm\/wp-json\/wp\/v2\/comments?post=70652"}],"version-history":[{"count":0,"href":"https:\/\/www.bbmnoticias.com\/labravaradiofm\/wp-json\/wp\/v2\/posts\/70652\/revisions"}],"wp:featuredmedia":[{"embeddable":true,"href":"https:\/\/www.bbmnoticias.com\/labravaradiofm\/wp-json\/wp\/v2\/media\/70654"}],"wp:attachment":[{"href":"https:\/\/www.bbmnoticias.com\/labravaradiofm\/wp-json\/wp\/v2\/media?parent=70652"}],"wp:term":[{"taxonomy":"category","embeddable":true,"href":"https:\/\/www.bbmnoticias.com\/labravaradiofm\/wp-json\/wp\/v2\/categories?post=70652"},{"taxonomy":"post_tag","embeddable":true,"href":"https:\/\/www.bbmnoticias.com\/labravaradiofm\/wp-json\/wp\/v2\/tags?post=70652"}],"curies":[{"name":"wp","href":"https:\/\/api.w.org\/{rel}","templated":true}]}}