{"id":70637,"date":"2025-12-01T17:25:00","date_gmt":"2025-12-01T23:25:00","guid":{"rendered":"https:\/\/www.bbmnoticias.com\/labravaradiofm\/2025\/12\/01\/celebra-nino-morales-3-anos-de-transformacion-en-oaxaca\/"},"modified":"2025-12-01T18:28:07","modified_gmt":"2025-12-02T00:28:07","slug":"celebra-nino-morales-3-anos-de-transformacion-en-oaxaca","status":"publish","type":"post","link":"https:\/\/www.bbmnoticias.com\/labravaradiofm\/2025\/12\/01\/celebra-nino-morales-3-anos-de-transformacion-en-oaxaca\/","title":{"rendered":"Celebra Nino Morales, 3 a\u00f1os de transformaci\u00f3n en Oaxaca"},"content":{"rendered":"<div style=\"margin-top: 0px; margin-bottom: 0px;\" class=\"sharethis-inline-share-buttons\" ><\/div>\n<p>Al celebrar los 3 a\u00f1os de gobierno de la Primavera Oaxaque\u00f1a, el senador Antonino Morales Toledo, afirm\u00f3 que Oaxaca sigue avanzando con bienestar, justicia social y de manera contundente con la transformaci\u00f3n.<\/p>\n\n\n\n<p>El legislador zapoteco, indic\u00f3 que en este tercer a\u00f1o de gobierno, se sigue haciendo lo que nunca se hizo en la entidad, no solo recorriendo las regiones para escuchar y resolver las necesidades de los pueblos, sino tambi\u00e9n, definiendo obras que hoy transforman la vida de las y los oaxaque\u00f1os.<\/p>\n\n\n\n<p>&#8220;\u00a1Celebramos 3 a\u00f1os del gobierno de la #PrimaveraOaxaque\u00f1a! Una etapa marcada por el trabajo honesto y la visi\u00f3n transformadora de nuestro gobernador Salom\u00f3n Jara Cruz, un hombre que ama profundamente a Oaxaca&#8221;, expres\u00f3 el senador en sus redes sociales.<\/p>\n\n\n\n<p>Nino Morales refiri\u00f3 sentirse honrado de caminar Oaxaca a lado del gobernador Salom\u00f3n Jara Cruz, al reconocer el trabajo comprometido que encabeza por el bienestar de las y los oaxaque\u00f1os.<\/p>\n\n\n\n<p><\/p>\n","protected":false},"excerpt":{"rendered":"<p>Al celebrar los 3 a\u00f1os de gobierno de la Primavera Oaxaque\u00f1a, el senador Antonino Morales Toledo, afirm\u00f3 que Oaxaca sigue avanzando con bienestar, justicia social y de manera contundente con la transformaci\u00f3n. El legislador zapoteco, indic\u00f3 que en este tercer a\u00f1o de gobierno, se sigue haciendo lo que nunca se hizo en la entidad, no [&hellip;]<\/p>\n","protected":false},"author":2,"featured_media":70639,"comment_status":"closed","ping_status":"","sticky":false,"template":"","format":"standard","meta":{"footnotes":""},"categories":[2],"tags":[],"class_list":{"0":"post-70637","1":"post","2":"type-post","3":"status-publish","4":"format-standard","5":"has-post-thumbnail","7":"category-oaxaca"},"yoast_head":"<!-- This site is optimized with the Yoast SEO plugin v27.4 - https:\/\/yoast.com\/product\/yoast-seo-wordpress\/ -->\n<title>Celebra Nino Morales, 3 a\u00f1os de transformaci\u00f3n en Oaxaca - LA BRAVA RADIO<\/title>\n<meta name=\"robots\" content=\"index, follow, max-snippet:-1, max-image-preview:large, max-video-preview:-1\" \/>\n<link rel=\"canonical\" href=\"https:\/\/www.bbmnoticias.com\/celebra-nino-morales-3-anos-de-transformacion-en-oaxaca\/\" \/>\n<meta property=\"og:locale\" content=\"es_MX\" \/>\n<meta property=\"og:type\" content=\"article\" \/>\n<meta property=\"og:title\" content=\"Celebra Nino Morales, 3 a\u00f1os de transformaci\u00f3n en Oaxaca - LA BRAVA RADIO\" \/>\n<meta property=\"og:description\" content=\"Al celebrar los 3 a\u00f1os de gobierno de la Primavera Oaxaque\u00f1a, el senador Antonino Morales Toledo, afirm\u00f3 que Oaxaca sigue avanzando con bienestar, justicia social y de manera contundente con la transformaci\u00f3n. El legislador zapoteco, indic\u00f3 que en este tercer a\u00f1o de gobierno, se sigue haciendo lo que nunca se hizo en la entidad, no [&hellip;]\" \/>\n<meta property=\"og:url\" content=\"https:\/\/www.bbmnoticias.com\/celebra-nino-morales-3-anos-de-transformacion-en-oaxaca\/\" \/>\n<meta property=\"og:site_name\" content=\"LA BRAVA RADIO\" \/>\n<meta property=\"article:published_time\" content=\"2025-12-01T23:25:00+00:00\" \/>\n<meta property=\"article:modified_time\" content=\"2025-12-02T00:28:07+00:00\" \/>\n<meta property=\"og:image\" content=\"https:\/\/www.bbmnoticias.com\/labravaradiofm\/wp-content\/uploads\/sites\/5\/2025\/12\/celebra_nino_morales.jpg\" \/>\n\t<meta property=\"og:image:width\" content=\"800\" \/>\n\t<meta property=\"og:image:height\" content=\"533\" \/>\n\t<meta property=\"og:image:type\" content=\"image\/jpeg\" \/>\n<meta name=\"author\" content=\"Staff\" \/>\n<meta name=\"twitter:card\" content=\"summary_large_image\" \/>\n<meta name=\"twitter:label1\" content=\"Escrito por\" \/>\n\t<meta name=\"twitter:data1\" content=\"Staff\" \/>\n\t<meta name=\"twitter:label2\" content=\"Tiempo de lectura\" \/>\n\t<meta name=\"twitter:data2\" content=\"1 minuto\" \/>\n<script type=\"application\/ld+json\" class=\"yoast-schema-graph\">{\"@context\":\"https:\\\/\\\/schema.org\",\"@graph\":[{\"@type\":\"Article\",\"@id\":\"https:\\\/\\\/www.bbmnoticias.com\\\/celebra-nino-morales-3-anos-de-transformacion-en-oaxaca\\\/#article\",\"isPartOf\":{\"@id\":\"https:\\\/\\\/www.bbmnoticias.com\\\/labravaradiofm\\\/2025\\\/12\\\/01\\\/celebra-nino-morales-3-anos-de-transformacion-en-oaxaca\\\/\"},\"author\":{\"name\":\"Staff\",\"@id\":\"https:\\\/\\\/www.bbmnoticias.com\\\/labravaradiofm\\\/#\\\/schema\\\/person\\\/68a9e9036ef3c5b55aeb2b71dc8bab45\"},\"headline\":\"Celebra Nino Morales, 3 a\u00f1os de transformaci\u00f3n en Oaxaca\",\"datePublished\":\"2025-12-01T23:25:00+00:00\",\"dateModified\":\"2025-12-02T00:28:07+00:00\",\"mainEntityOfPage\":{\"@id\":\"https:\\\/\\\/www.bbmnoticias.com\\\/labravaradiofm\\\/2025\\\/12\\\/01\\\/celebra-nino-morales-3-anos-de-transformacion-en-oaxaca\\\/\"},\"wordCount\":171,\"image\":{\"@id\":\"https:\\\/\\\/www.bbmnoticias.com\\\/celebra-nino-morales-3-anos-de-transformacion-en-oaxaca\\\/#primaryimage\"},\"thumbnailUrl\":\"https:\\\/\\\/www.bbmnoticias.com\\\/labravaradiofm\\\/wp-content\\\/uploads\\\/sites\\\/5\\\/2025\\\/12\\\/celebra_nino_morales.jpg\",\"articleSection\":[\"LOCAL\"],\"inLanguage\":\"es\"},{\"@type\":\"WebPage\",\"@id\":\"https:\\\/\\\/www.bbmnoticias.com\\\/labravaradiofm\\\/2025\\\/12\\\/01\\\/celebra-nino-morales-3-anos-de-transformacion-en-oaxaca\\\/\",\"url\":\"https:\\\/\\\/www.bbmnoticias.com\\\/celebra-nino-morales-3-anos-de-transformacion-en-oaxaca\\\/\",\"name\":\"Celebra Nino Morales, 3 a\u00f1os de transformaci\u00f3n en Oaxaca - LA BRAVA RADIO\",\"isPartOf\":{\"@id\":\"https:\\\/\\\/www.bbmnoticias.com\\\/labravaradiofm\\\/#website\"},\"primaryImageOfPage\":{\"@id\":\"https:\\\/\\\/www.bbmnoticias.com\\\/celebra-nino-morales-3-anos-de-transformacion-en-oaxaca\\\/#primaryimage\"},\"image\":{\"@id\":\"https:\\\/\\\/www.bbmnoticias.com\\\/celebra-nino-morales-3-anos-de-transformacion-en-oaxaca\\\/#primaryimage\"},\"thumbnailUrl\":\"https:\\\/\\\/www.bbmnoticias.com\\\/labravaradiofm\\\/wp-content\\\/uploads\\\/sites\\\/5\\\/2025\\\/12\\\/celebra_nino_morales.jpg\",\"datePublished\":\"2025-12-01T23:25:00+00:00\",\"dateModified\":\"2025-12-02T00:28:07+00:00\",\"author\":{\"@id\":\"https:\\\/\\\/www.bbmnoticias.com\\\/labravaradiofm\\\/#\\\/schema\\\/person\\\/68a9e9036ef3c5b55aeb2b71dc8bab45\"},\"breadcrumb\":{\"@id\":\"https:\\\/\\\/www.bbmnoticias.com\\\/celebra-nino-morales-3-anos-de-transformacion-en-oaxaca\\\/#breadcrumb\"},\"inLanguage\":\"es\",\"potentialAction\":[{\"@type\":\"ReadAction\",\"target\":[\"https:\\\/\\\/www.bbmnoticias.com\\\/celebra-nino-morales-3-anos-de-transformacion-en-oaxaca\\\/\"]}]},{\"@type\":\"ImageObject\",\"inLanguage\":\"es\",\"@id\":\"https:\\\/\\\/www.bbmnoticias.com\\\/celebra-nino-morales-3-anos-de-transformacion-en-oaxaca\\\/#primaryimage\",\"url\":\"https:\\\/\\\/www.bbmnoticias.com\\\/labravaradiofm\\\/wp-content\\\/uploads\\\/sites\\\/5\\\/2025\\\/12\\\/celebra_nino_morales.jpg\",\"contentUrl\":\"https:\\\/\\\/www.bbmnoticias.com\\\/labravaradiofm\\\/wp-content\\\/uploads\\\/sites\\\/5\\\/2025\\\/12\\\/celebra_nino_morales.jpg\",\"width\":800,\"height\":533},{\"@type\":\"BreadcrumbList\",\"@id\":\"https:\\\/\\\/www.bbmnoticias.com\\\/celebra-nino-morales-3-anos-de-transformacion-en-oaxaca\\\/#breadcrumb\",\"itemListElement\":[{\"@type\":\"ListItem\",\"position\":1,\"name\":\"Inicio\",\"item\":\"https:\\\/\\\/www.bbmnoticias.com\\\/labravaradiofm\\\/\"},{\"@type\":\"ListItem\",\"position\":2,\"name\":\"Celebra Nino Morales, 3 a\u00f1os de transformaci\u00f3n en Oaxaca\"}]},{\"@type\":\"WebSite\",\"@id\":\"https:\\\/\\\/www.bbmnoticias.com\\\/labravaradiofm\\\/#website\",\"url\":\"https:\\\/\\\/www.bbmnoticias.com\\\/labravaradiofm\\\/\",\"name\":\"LA BRAVA RADIO\",\"description\":\"Empresa productora de medios, Radiodifusi\u00f3n, Noticias, tendencias y todo lo que necesitas saber de la pol\u00edtica mexicana e internacional; entretenimiento, espect\u00e1culos, salud y mucho m\u00e1s.\",\"potentialAction\":[{\"@type\":\"SearchAction\",\"target\":{\"@type\":\"EntryPoint\",\"urlTemplate\":\"https:\\\/\\\/www.bbmnoticias.com\\\/labravaradiofm\\\/?s={search_term_string}\"},\"query-input\":{\"@type\":\"PropertyValueSpecification\",\"valueRequired\":true,\"valueName\":\"search_term_string\"}}],\"inLanguage\":\"es\"},{\"@type\":\"Person\",\"@id\":\"https:\\\/\\\/www.bbmnoticias.com\\\/labravaradiofm\\\/#\\\/schema\\\/person\\\/68a9e9036ef3c5b55aeb2b71dc8bab45\",\"name\":\"Staff\",\"image\":{\"@type\":\"ImageObject\",\"inLanguage\":\"es\",\"@id\":\"https:\\\/\\\/secure.gravatar.com\\\/avatar\\\/fdd21ad66fd8b98c407f9dee5b5e588cfe7f0d8579ec20fa6527cd59bab7f0f0?s=96&d=mm&r=g\",\"url\":\"https:\\\/\\\/secure.gravatar.com\\\/avatar\\\/fdd21ad66fd8b98c407f9dee5b5e588cfe7f0d8579ec20fa6527cd59bab7f0f0?s=96&d=mm&r=g\",\"contentUrl\":\"https:\\\/\\\/secure.gravatar.com\\\/avatar\\\/fdd21ad66fd8b98c407f9dee5b5e588cfe7f0d8579ec20fa6527cd59bab7f0f0?s=96&d=mm&r=g\",\"caption\":\"Staff\"},\"url\":\"https:\\\/\\\/www.bbmnoticias.com\\\/labravaradiofm\\\/author\\\/redaccion\\\/\"}]}<\/script>\n<!-- \/ Yoast SEO plugin. -->","yoast_head_json":{"title":"Celebra Nino Morales, 3 a\u00f1os de transformaci\u00f3n en Oaxaca - LA BRAVA RADIO","robots":{"index":"index","follow":"follow","max-snippet":"max-snippet:-1","max-image-preview":"max-image-preview:large","max-video-preview":"max-video-preview:-1"},"canonical":"https:\/\/www.bbmnoticias.com\/celebra-nino-morales-3-anos-de-transformacion-en-oaxaca\/","og_locale":"es_MX","og_type":"article","og_title":"Celebra Nino Morales, 3 a\u00f1os de transformaci\u00f3n en Oaxaca - LA BRAVA RADIO","og_description":"Al celebrar los 3 a\u00f1os de gobierno de la Primavera Oaxaque\u00f1a, el senador Antonino Morales Toledo, afirm\u00f3 que Oaxaca sigue avanzando con bienestar, justicia social y de manera contundente con la transformaci\u00f3n. El legislador zapoteco, indic\u00f3 que en este tercer a\u00f1o de gobierno, se sigue haciendo lo que nunca se hizo en la entidad, no [&hellip;]","og_url":"https:\/\/www.bbmnoticias.com\/celebra-nino-morales-3-anos-de-transformacion-en-oaxaca\/","og_site_name":"LA BRAVA RADIO","article_published_time":"2025-12-01T23:25:00+00:00","article_modified_time":"2025-12-02T00:28:07+00:00","og_image":[{"width":800,"height":533,"url":"https:\/\/www.bbmnoticias.com\/labravaradiofm\/wp-content\/uploads\/sites\/5\/2025\/12\/celebra_nino_morales.jpg","type":"image\/jpeg"}],"author":"Staff","twitter_card":"summary_large_image","twitter_misc":{"Escrito por":"Staff","Tiempo de lectura":"1 minuto"},"schema":{"@context":"https:\/\/schema.org","@graph":[{"@type":"Article","@id":"https:\/\/www.bbmnoticias.com\/celebra-nino-morales-3-anos-de-transformacion-en-oaxaca\/#article","isPartOf":{"@id":"https:\/\/www.bbmnoticias.com\/labravaradiofm\/2025\/12\/01\/celebra-nino-morales-3-anos-de-transformacion-en-oaxaca\/"},"author":{"name":"Staff","@id":"https:\/\/www.bbmnoticias.com\/labravaradiofm\/#\/schema\/person\/68a9e9036ef3c5b55aeb2b71dc8bab45"},"headline":"Celebra Nino Morales, 3 a\u00f1os de transformaci\u00f3n en Oaxaca","datePublished":"2025-12-01T23:25:00+00:00","dateModified":"2025-12-02T00:28:07+00:00","mainEntityOfPage":{"@id":"https:\/\/www.bbmnoticias.com\/labravaradiofm\/2025\/12\/01\/celebra-nino-morales-3-anos-de-transformacion-en-oaxaca\/"},"wordCount":171,"image":{"@id":"https:\/\/www.bbmnoticias.com\/celebra-nino-morales-3-anos-de-transformacion-en-oaxaca\/#primaryimage"},"thumbnailUrl":"https:\/\/www.bbmnoticias.com\/labravaradiofm\/wp-content\/uploads\/sites\/5\/2025\/12\/celebra_nino_morales.jpg","articleSection":["LOCAL"],"inLanguage":"es"},{"@type":"WebPage","@id":"https:\/\/www.bbmnoticias.com\/labravaradiofm\/2025\/12\/01\/celebra-nino-morales-3-anos-de-transformacion-en-oaxaca\/","url":"https:\/\/www.bbmnoticias.com\/celebra-nino-morales-3-anos-de-transformacion-en-oaxaca\/","name":"Celebra Nino Morales, 3 a\u00f1os de transformaci\u00f3n en Oaxaca - LA BRAVA RADIO","isPartOf":{"@id":"https:\/\/www.bbmnoticias.com\/labravaradiofm\/#website"},"primaryImageOfPage":{"@id":"https:\/\/www.bbmnoticias.com\/celebra-nino-morales-3-anos-de-transformacion-en-oaxaca\/#primaryimage"},"image":{"@id":"https:\/\/www.bbmnoticias.com\/celebra-nino-morales-3-anos-de-transformacion-en-oaxaca\/#primaryimage"},"thumbnailUrl":"https:\/\/www.bbmnoticias.com\/labravaradiofm\/wp-content\/uploads\/sites\/5\/2025\/12\/celebra_nino_morales.jpg","datePublished":"2025-12-01T23:25:00+00:00","dateModified":"2025-12-02T00:28:07+00:00","author":{"@id":"https:\/\/www.bbmnoticias.com\/labravaradiofm\/#\/schema\/person\/68a9e9036ef3c5b55aeb2b71dc8bab45"},"breadcrumb":{"@id":"https:\/\/www.bbmnoticias.com\/celebra-nino-morales-3-anos-de-transformacion-en-oaxaca\/#breadcrumb"},"inLanguage":"es","potentialAction":[{"@type":"ReadAction","target":["https:\/\/www.bbmnoticias.com\/celebra-nino-morales-3-anos-de-transformacion-en-oaxaca\/"]}]},{"@type":"ImageObject","inLanguage":"es","@id":"https:\/\/www.bbmnoticias.com\/celebra-nino-morales-3-anos-de-transformacion-en-oaxaca\/#primaryimage","url":"https:\/\/www.bbmnoticias.com\/labravaradiofm\/wp-content\/uploads\/sites\/5\/2025\/12\/celebra_nino_morales.jpg","contentUrl":"https:\/\/www.bbmnoticias.com\/labravaradiofm\/wp-content\/uploads\/sites\/5\/2025\/12\/celebra_nino_morales.jpg","width":800,"height":533},{"@type":"BreadcrumbList","@id":"https:\/\/www.bbmnoticias.com\/celebra-nino-morales-3-anos-de-transformacion-en-oaxaca\/#breadcrumb","itemListElement":[{"@type":"ListItem","position":1,"name":"Inicio","item":"https:\/\/www.bbmnoticias.com\/labravaradiofm\/"},{"@type":"ListItem","position":2,"name":"Celebra Nino Morales, 3 a\u00f1os de transformaci\u00f3n en Oaxaca"}]},{"@type":"WebSite","@id":"https:\/\/www.bbmnoticias.com\/labravaradiofm\/#website","url":"https:\/\/www.bbmnoticias.com\/labravaradiofm\/","name":"LA BRAVA RADIO","description":"Empresa productora de medios, Radiodifusi\u00f3n, Noticias, tendencias y todo lo que necesitas saber de la pol\u00edtica mexicana e internacional; entretenimiento, espect\u00e1culos, salud y mucho m\u00e1s.","potentialAction":[{"@type":"SearchAction","target":{"@type":"EntryPoint","urlTemplate":"https:\/\/www.bbmnoticias.com\/labravaradiofm\/?s={search_term_string}"},"query-input":{"@type":"PropertyValueSpecification","valueRequired":true,"valueName":"search_term_string"}}],"inLanguage":"es"},{"@type":"Person","@id":"https:\/\/www.bbmnoticias.com\/labravaradiofm\/#\/schema\/person\/68a9e9036ef3c5b55aeb2b71dc8bab45","name":"Staff","image":{"@type":"ImageObject","inLanguage":"es","@id":"https:\/\/secure.gravatar.com\/avatar\/fdd21ad66fd8b98c407f9dee5b5e588cfe7f0d8579ec20fa6527cd59bab7f0f0?s=96&d=mm&r=g","url":"https:\/\/secure.gravatar.com\/avatar\/fdd21ad66fd8b98c407f9dee5b5e588cfe7f0d8579ec20fa6527cd59bab7f0f0?s=96&d=mm&r=g","contentUrl":"https:\/\/secure.gravatar.com\/avatar\/fdd21ad66fd8b98c407f9dee5b5e588cfe7f0d8579ec20fa6527cd59bab7f0f0?s=96&d=mm&r=g","caption":"Staff"},"url":"https:\/\/www.bbmnoticias.com\/labravaradiofm\/author\/redaccion\/"}]}},"_links":{"self":[{"href":"https:\/\/www.bbmnoticias.com\/labravaradiofm\/wp-json\/wp\/v2\/posts\/70637","targetHints":{"allow":["GET"]}}],"collection":[{"href":"https:\/\/www.bbmnoticias.com\/labravaradiofm\/wp-json\/wp\/v2\/posts"}],"about":[{"href":"https:\/\/www.bbmnoticias.com\/labravaradiofm\/wp-json\/wp\/v2\/types\/post"}],"author":[{"embeddable":true,"href":"https:\/\/www.bbmnoticias.com\/labravaradiofm\/wp-json\/wp\/v2\/users\/2"}],"replies":[{"embeddable":true,"href":"https:\/\/www.bbmnoticias.com\/labravaradiofm\/wp-json\/wp\/v2\/comments?post=70637"}],"version-history":[{"count":0,"href":"https:\/\/www.bbmnoticias.com\/labravaradiofm\/wp-json\/wp\/v2\/posts\/70637\/revisions"}],"wp:featuredmedia":[{"embeddable":true,"href":"https:\/\/www.bbmnoticias.com\/labravaradiofm\/wp-json\/wp\/v2\/media\/70639"}],"wp:attachment":[{"href":"https:\/\/www.bbmnoticias.com\/labravaradiofm\/wp-json\/wp\/v2\/media?parent=70637"}],"wp:term":[{"taxonomy":"category","embeddable":true,"href":"https:\/\/www.bbmnoticias.com\/labravaradiofm\/wp-json\/wp\/v2\/categories?post=70637"},{"taxonomy":"post_tag","embeddable":true,"href":"https:\/\/www.bbmnoticias.com\/labravaradiofm\/wp-json\/wp\/v2\/tags?post=70637"}],"curies":[{"name":"wp","href":"https:\/\/api.w.org\/{rel}","templated":true}]}}