{"id":70607,"date":"2025-12-01T13:39:02","date_gmt":"2025-12-01T19:39:02","guid":{"rendered":"https:\/\/www.bbmnoticias.com\/labravaradiofm\/2025\/12\/01\/ejecuta-fgeo-orden-de-aprehension-por-homicidio-de-mototaxista-cometido-en-el-istmo-de-tehuantepec\/"},"modified":"2025-12-01T13:39:21","modified_gmt":"2025-12-01T19:39:21","slug":"ejecuta-fgeo-orden-de-aprehension-por-homicidio-de-mototaxista-cometido-en-el-istmo-de-tehuantepec","status":"publish","type":"post","link":"https:\/\/www.bbmnoticias.com\/labravaradiofm\/2025\/12\/01\/ejecuta-fgeo-orden-de-aprehension-por-homicidio-de-mototaxista-cometido-en-el-istmo-de-tehuantepec\/","title":{"rendered":"Ejecuta FGEO orden de aprehensi\u00f3n por homicidio de mototaxista cometido en el Istmo de Tehuantepec"},"content":{"rendered":"<div style=\"margin-top: 0px; margin-bottom: 0px;\" class=\"sharethis-inline-share-buttons\" ><\/div>\n<p><strong>Oaxaca de Ju\u00e1rez, Oax.-<\/strong> La Fiscal\u00eda General del Estado ejecut\u00f3 orden de aprehensi\u00f3n en contra de una persona del sexo masculino identificado como J.R.J., por el delito de homicidio calificado, los hechos ocurrieron en Mat\u00edas Romero, en la regi\u00f3n del Istmo de Tehuantepec.<\/p>\n\n\n\n<p>La carpeta de investigaci\u00f3n establece que, el 9 de noviembre de 2025 en Mat\u00edas Romero, un grupo de personas agredi\u00f3 de manera f\u00edsica a la v\u00edctima, un mototaxista, que perdi\u00f3 la vida a consecuencia de las lesiones que sufri\u00f3 durante el ataque.<\/p>\n\n\n\n<p>Tras la investigaci\u00f3n inicial a cargo de la Fiscal\u00eda Especializada en Delitos de Trascendencia Social, se obtuvo la orden judicial contra J.R.J., quien fue aprehendido gracias a un operativo implementado por elementos de la Agencia Estatal de Investigaciones.<\/p>\n\n\n\n<p>El detenido fue puesto a disposici\u00f3n de la autoridad ministerial para que se defina su situaci\u00f3n legal correspondiente.<\/p>\n","protected":false},"excerpt":{"rendered":"<p>Oaxaca de Ju\u00e1rez, Oax.- La Fiscal\u00eda General del Estado ejecut\u00f3 orden de aprehensi\u00f3n en contra de una persona del sexo masculino identificado como J.R.J., por el delito de homicidio calificado, los hechos ocurrieron en Mat\u00edas Romero, en la regi\u00f3n del Istmo de Tehuantepec. La carpeta de investigaci\u00f3n establece que, el 9 de noviembre de 2025 [&hellip;]<\/p>\n","protected":false},"author":2,"featured_media":70609,"comment_status":"closed","ping_status":"","sticky":false,"template":"","format":"standard","meta":{"footnotes":""},"categories":[2,20],"tags":[],"class_list":{"0":"post-70607","1":"post","2":"type-post","3":"status-publish","4":"format-standard","5":"has-post-thumbnail","7":"category-oaxaca","8":"category-policiaca"},"yoast_head":"<!-- This site is optimized with the Yoast SEO plugin v27.4 - https:\/\/yoast.com\/product\/yoast-seo-wordpress\/ -->\n<title>Ejecuta FGEO orden de aprehensi\u00f3n por homicidio de mototaxista cometido en el Istmo de Tehuantepec - LA BRAVA RADIO<\/title>\n<meta name=\"robots\" content=\"index, follow, max-snippet:-1, max-image-preview:large, max-video-preview:-1\" \/>\n<link rel=\"canonical\" href=\"https:\/\/www.bbmnoticias.com\/ejecuta-fgeo-orden-de-aprehension-por-homicidio-de-mototaxista-cometido-en-el-istmo-de-tehuantepec\/\" \/>\n<meta property=\"og:locale\" content=\"es_MX\" \/>\n<meta property=\"og:type\" content=\"article\" \/>\n<meta property=\"og:title\" content=\"Ejecuta FGEO orden de aprehensi\u00f3n por homicidio de mototaxista cometido en el Istmo de Tehuantepec - LA BRAVA RADIO\" \/>\n<meta property=\"og:description\" content=\"Oaxaca de Ju\u00e1rez, Oax.- La Fiscal\u00eda General del Estado ejecut\u00f3 orden de aprehensi\u00f3n en contra de una persona del sexo masculino identificado como J.R.J., por el delito de homicidio calificado, los hechos ocurrieron en Mat\u00edas Romero, en la regi\u00f3n del Istmo de Tehuantepec. La carpeta de investigaci\u00f3n establece que, el 9 de noviembre de 2025 [&hellip;]\" \/>\n<meta property=\"og:url\" content=\"https:\/\/www.bbmnoticias.com\/ejecuta-fgeo-orden-de-aprehension-por-homicidio-de-mototaxista-cometido-en-el-istmo-de-tehuantepec\/\" \/>\n<meta property=\"og:site_name\" content=\"LA BRAVA RADIO\" \/>\n<meta property=\"article:published_time\" content=\"2025-12-01T19:39:02+00:00\" \/>\n<meta property=\"article:modified_time\" content=\"2025-12-01T19:39:21+00:00\" \/>\n<meta property=\"og:image\" content=\"https:\/\/www.bbmnoticias.com\/labravaradiofm\/wp-content\/uploads\/sites\/5\/2025\/12\/detenido_istmo.jpg\" \/>\n\t<meta property=\"og:image:width\" content=\"800\" \/>\n\t<meta property=\"og:image:height\" content=\"450\" \/>\n\t<meta property=\"og:image:type\" content=\"image\/jpeg\" \/>\n<meta name=\"author\" content=\"Staff\" \/>\n<meta name=\"twitter:card\" content=\"summary_large_image\" \/>\n<meta name=\"twitter:label1\" content=\"Escrito por\" \/>\n\t<meta name=\"twitter:data1\" content=\"Staff\" \/>\n\t<meta name=\"twitter:label2\" content=\"Tiempo de lectura\" \/>\n\t<meta name=\"twitter:data2\" content=\"1 minuto\" \/>\n<script type=\"application\/ld+json\" class=\"yoast-schema-graph\">{\"@context\":\"https:\\\/\\\/schema.org\",\"@graph\":[{\"@type\":\"Article\",\"@id\":\"https:\\\/\\\/www.bbmnoticias.com\\\/ejecuta-fgeo-orden-de-aprehension-por-homicidio-de-mototaxista-cometido-en-el-istmo-de-tehuantepec\\\/#article\",\"isPartOf\":{\"@id\":\"https:\\\/\\\/www.bbmnoticias.com\\\/labravaradiofm\\\/2025\\\/12\\\/01\\\/ejecuta-fgeo-orden-de-aprehension-por-homicidio-de-mototaxista-cometido-en-el-istmo-de-tehuantepec\\\/\"},\"author\":{\"name\":\"Staff\",\"@id\":\"https:\\\/\\\/www.bbmnoticias.com\\\/labravaradiofm\\\/#\\\/schema\\\/person\\\/68a9e9036ef3c5b55aeb2b71dc8bab45\"},\"headline\":\"Ejecuta FGEO orden de aprehensi\u00f3n por homicidio de mototaxista cometido en el Istmo de Tehuantepec\",\"datePublished\":\"2025-12-01T19:39:02+00:00\",\"dateModified\":\"2025-12-01T19:39:21+00:00\",\"mainEntityOfPage\":{\"@id\":\"https:\\\/\\\/www.bbmnoticias.com\\\/labravaradiofm\\\/2025\\\/12\\\/01\\\/ejecuta-fgeo-orden-de-aprehension-por-homicidio-de-mototaxista-cometido-en-el-istmo-de-tehuantepec\\\/\"},\"wordCount\":173,\"image\":{\"@id\":\"https:\\\/\\\/www.bbmnoticias.com\\\/ejecuta-fgeo-orden-de-aprehension-por-homicidio-de-mototaxista-cometido-en-el-istmo-de-tehuantepec\\\/#primaryimage\"},\"thumbnailUrl\":\"https:\\\/\\\/www.bbmnoticias.com\\\/labravaradiofm\\\/wp-content\\\/uploads\\\/sites\\\/5\\\/2025\\\/12\\\/detenido_istmo.jpg\",\"articleSection\":[\"LOCAL\",\"POLICIACA\"],\"inLanguage\":\"es\"},{\"@type\":\"WebPage\",\"@id\":\"https:\\\/\\\/www.bbmnoticias.com\\\/labravaradiofm\\\/2025\\\/12\\\/01\\\/ejecuta-fgeo-orden-de-aprehension-por-homicidio-de-mototaxista-cometido-en-el-istmo-de-tehuantepec\\\/\",\"url\":\"https:\\\/\\\/www.bbmnoticias.com\\\/ejecuta-fgeo-orden-de-aprehension-por-homicidio-de-mototaxista-cometido-en-el-istmo-de-tehuantepec\\\/\",\"name\":\"Ejecuta FGEO orden de aprehensi\u00f3n por homicidio de mototaxista cometido en el Istmo de Tehuantepec - LA BRAVA RADIO\",\"isPartOf\":{\"@id\":\"https:\\\/\\\/www.bbmnoticias.com\\\/labravaradiofm\\\/#website\"},\"primaryImageOfPage\":{\"@id\":\"https:\\\/\\\/www.bbmnoticias.com\\\/ejecuta-fgeo-orden-de-aprehension-por-homicidio-de-mototaxista-cometido-en-el-istmo-de-tehuantepec\\\/#primaryimage\"},\"image\":{\"@id\":\"https:\\\/\\\/www.bbmnoticias.com\\\/ejecuta-fgeo-orden-de-aprehension-por-homicidio-de-mototaxista-cometido-en-el-istmo-de-tehuantepec\\\/#primaryimage\"},\"thumbnailUrl\":\"https:\\\/\\\/www.bbmnoticias.com\\\/labravaradiofm\\\/wp-content\\\/uploads\\\/sites\\\/5\\\/2025\\\/12\\\/detenido_istmo.jpg\",\"datePublished\":\"2025-12-01T19:39:02+00:00\",\"dateModified\":\"2025-12-01T19:39:21+00:00\",\"author\":{\"@id\":\"https:\\\/\\\/www.bbmnoticias.com\\\/labravaradiofm\\\/#\\\/schema\\\/person\\\/68a9e9036ef3c5b55aeb2b71dc8bab45\"},\"breadcrumb\":{\"@id\":\"https:\\\/\\\/www.bbmnoticias.com\\\/ejecuta-fgeo-orden-de-aprehension-por-homicidio-de-mototaxista-cometido-en-el-istmo-de-tehuantepec\\\/#breadcrumb\"},\"inLanguage\":\"es\",\"potentialAction\":[{\"@type\":\"ReadAction\",\"target\":[\"https:\\\/\\\/www.bbmnoticias.com\\\/ejecuta-fgeo-orden-de-aprehension-por-homicidio-de-mototaxista-cometido-en-el-istmo-de-tehuantepec\\\/\"]}]},{\"@type\":\"ImageObject\",\"inLanguage\":\"es\",\"@id\":\"https:\\\/\\\/www.bbmnoticias.com\\\/ejecuta-fgeo-orden-de-aprehension-por-homicidio-de-mototaxista-cometido-en-el-istmo-de-tehuantepec\\\/#primaryimage\",\"url\":\"https:\\\/\\\/www.bbmnoticias.com\\\/labravaradiofm\\\/wp-content\\\/uploads\\\/sites\\\/5\\\/2025\\\/12\\\/detenido_istmo.jpg\",\"contentUrl\":\"https:\\\/\\\/www.bbmnoticias.com\\\/labravaradiofm\\\/wp-content\\\/uploads\\\/sites\\\/5\\\/2025\\\/12\\\/detenido_istmo.jpg\",\"width\":800,\"height\":450},{\"@type\":\"BreadcrumbList\",\"@id\":\"https:\\\/\\\/www.bbmnoticias.com\\\/ejecuta-fgeo-orden-de-aprehension-por-homicidio-de-mototaxista-cometido-en-el-istmo-de-tehuantepec\\\/#breadcrumb\",\"itemListElement\":[{\"@type\":\"ListItem\",\"position\":1,\"name\":\"Inicio\",\"item\":\"https:\\\/\\\/www.bbmnoticias.com\\\/labravaradiofm\\\/\"},{\"@type\":\"ListItem\",\"position\":2,\"name\":\"Ejecuta FGEO orden de aprehensi\u00f3n por homicidio de mototaxista cometido en el Istmo de Tehuantepec\"}]},{\"@type\":\"WebSite\",\"@id\":\"https:\\\/\\\/www.bbmnoticias.com\\\/labravaradiofm\\\/#website\",\"url\":\"https:\\\/\\\/www.bbmnoticias.com\\\/labravaradiofm\\\/\",\"name\":\"LA BRAVA RADIO\",\"description\":\"Empresa productora de medios, Radiodifusi\u00f3n, Noticias, tendencias y todo lo que necesitas saber de la pol\u00edtica mexicana e internacional; entretenimiento, espect\u00e1culos, salud y mucho m\u00e1s.\",\"potentialAction\":[{\"@type\":\"SearchAction\",\"target\":{\"@type\":\"EntryPoint\",\"urlTemplate\":\"https:\\\/\\\/www.bbmnoticias.com\\\/labravaradiofm\\\/?s={search_term_string}\"},\"query-input\":{\"@type\":\"PropertyValueSpecification\",\"valueRequired\":true,\"valueName\":\"search_term_string\"}}],\"inLanguage\":\"es\"},{\"@type\":\"Person\",\"@id\":\"https:\\\/\\\/www.bbmnoticias.com\\\/labravaradiofm\\\/#\\\/schema\\\/person\\\/68a9e9036ef3c5b55aeb2b71dc8bab45\",\"name\":\"Staff\",\"image\":{\"@type\":\"ImageObject\",\"inLanguage\":\"es\",\"@id\":\"https:\\\/\\\/secure.gravatar.com\\\/avatar\\\/fdd21ad66fd8b98c407f9dee5b5e588cfe7f0d8579ec20fa6527cd59bab7f0f0?s=96&d=mm&r=g\",\"url\":\"https:\\\/\\\/secure.gravatar.com\\\/avatar\\\/fdd21ad66fd8b98c407f9dee5b5e588cfe7f0d8579ec20fa6527cd59bab7f0f0?s=96&d=mm&r=g\",\"contentUrl\":\"https:\\\/\\\/secure.gravatar.com\\\/avatar\\\/fdd21ad66fd8b98c407f9dee5b5e588cfe7f0d8579ec20fa6527cd59bab7f0f0?s=96&d=mm&r=g\",\"caption\":\"Staff\"},\"url\":\"https:\\\/\\\/www.bbmnoticias.com\\\/labravaradiofm\\\/author\\\/redaccion\\\/\"}]}<\/script>\n<!-- \/ Yoast SEO plugin. -->","yoast_head_json":{"title":"Ejecuta FGEO orden de aprehensi\u00f3n por homicidio de mototaxista cometido en el Istmo de Tehuantepec - LA BRAVA RADIO","robots":{"index":"index","follow":"follow","max-snippet":"max-snippet:-1","max-image-preview":"max-image-preview:large","max-video-preview":"max-video-preview:-1"},"canonical":"https:\/\/www.bbmnoticias.com\/ejecuta-fgeo-orden-de-aprehension-por-homicidio-de-mototaxista-cometido-en-el-istmo-de-tehuantepec\/","og_locale":"es_MX","og_type":"article","og_title":"Ejecuta FGEO orden de aprehensi\u00f3n por homicidio de mototaxista cometido en el Istmo de Tehuantepec - LA BRAVA RADIO","og_description":"Oaxaca de Ju\u00e1rez, Oax.- La Fiscal\u00eda General del Estado ejecut\u00f3 orden de aprehensi\u00f3n en contra de una persona del sexo masculino identificado como J.R.J., por el delito de homicidio calificado, los hechos ocurrieron en Mat\u00edas Romero, en la regi\u00f3n del Istmo de Tehuantepec. La carpeta de investigaci\u00f3n establece que, el 9 de noviembre de 2025 [&hellip;]","og_url":"https:\/\/www.bbmnoticias.com\/ejecuta-fgeo-orden-de-aprehension-por-homicidio-de-mototaxista-cometido-en-el-istmo-de-tehuantepec\/","og_site_name":"LA BRAVA RADIO","article_published_time":"2025-12-01T19:39:02+00:00","article_modified_time":"2025-12-01T19:39:21+00:00","og_image":[{"width":800,"height":450,"url":"https:\/\/www.bbmnoticias.com\/labravaradiofm\/wp-content\/uploads\/sites\/5\/2025\/12\/detenido_istmo.jpg","type":"image\/jpeg"}],"author":"Staff","twitter_card":"summary_large_image","twitter_misc":{"Escrito por":"Staff","Tiempo de lectura":"1 minuto"},"schema":{"@context":"https:\/\/schema.org","@graph":[{"@type":"Article","@id":"https:\/\/www.bbmnoticias.com\/ejecuta-fgeo-orden-de-aprehension-por-homicidio-de-mototaxista-cometido-en-el-istmo-de-tehuantepec\/#article","isPartOf":{"@id":"https:\/\/www.bbmnoticias.com\/labravaradiofm\/2025\/12\/01\/ejecuta-fgeo-orden-de-aprehension-por-homicidio-de-mototaxista-cometido-en-el-istmo-de-tehuantepec\/"},"author":{"name":"Staff","@id":"https:\/\/www.bbmnoticias.com\/labravaradiofm\/#\/schema\/person\/68a9e9036ef3c5b55aeb2b71dc8bab45"},"headline":"Ejecuta FGEO orden de aprehensi\u00f3n por homicidio de mototaxista cometido en el Istmo de Tehuantepec","datePublished":"2025-12-01T19:39:02+00:00","dateModified":"2025-12-01T19:39:21+00:00","mainEntityOfPage":{"@id":"https:\/\/www.bbmnoticias.com\/labravaradiofm\/2025\/12\/01\/ejecuta-fgeo-orden-de-aprehension-por-homicidio-de-mototaxista-cometido-en-el-istmo-de-tehuantepec\/"},"wordCount":173,"image":{"@id":"https:\/\/www.bbmnoticias.com\/ejecuta-fgeo-orden-de-aprehension-por-homicidio-de-mototaxista-cometido-en-el-istmo-de-tehuantepec\/#primaryimage"},"thumbnailUrl":"https:\/\/www.bbmnoticias.com\/labravaradiofm\/wp-content\/uploads\/sites\/5\/2025\/12\/detenido_istmo.jpg","articleSection":["LOCAL","POLICIACA"],"inLanguage":"es"},{"@type":"WebPage","@id":"https:\/\/www.bbmnoticias.com\/labravaradiofm\/2025\/12\/01\/ejecuta-fgeo-orden-de-aprehension-por-homicidio-de-mototaxista-cometido-en-el-istmo-de-tehuantepec\/","url":"https:\/\/www.bbmnoticias.com\/ejecuta-fgeo-orden-de-aprehension-por-homicidio-de-mototaxista-cometido-en-el-istmo-de-tehuantepec\/","name":"Ejecuta FGEO orden de aprehensi\u00f3n por homicidio de mototaxista cometido en el Istmo de Tehuantepec - LA BRAVA RADIO","isPartOf":{"@id":"https:\/\/www.bbmnoticias.com\/labravaradiofm\/#website"},"primaryImageOfPage":{"@id":"https:\/\/www.bbmnoticias.com\/ejecuta-fgeo-orden-de-aprehension-por-homicidio-de-mototaxista-cometido-en-el-istmo-de-tehuantepec\/#primaryimage"},"image":{"@id":"https:\/\/www.bbmnoticias.com\/ejecuta-fgeo-orden-de-aprehension-por-homicidio-de-mototaxista-cometido-en-el-istmo-de-tehuantepec\/#primaryimage"},"thumbnailUrl":"https:\/\/www.bbmnoticias.com\/labravaradiofm\/wp-content\/uploads\/sites\/5\/2025\/12\/detenido_istmo.jpg","datePublished":"2025-12-01T19:39:02+00:00","dateModified":"2025-12-01T19:39:21+00:00","author":{"@id":"https:\/\/www.bbmnoticias.com\/labravaradiofm\/#\/schema\/person\/68a9e9036ef3c5b55aeb2b71dc8bab45"},"breadcrumb":{"@id":"https:\/\/www.bbmnoticias.com\/ejecuta-fgeo-orden-de-aprehension-por-homicidio-de-mototaxista-cometido-en-el-istmo-de-tehuantepec\/#breadcrumb"},"inLanguage":"es","potentialAction":[{"@type":"ReadAction","target":["https:\/\/www.bbmnoticias.com\/ejecuta-fgeo-orden-de-aprehension-por-homicidio-de-mototaxista-cometido-en-el-istmo-de-tehuantepec\/"]}]},{"@type":"ImageObject","inLanguage":"es","@id":"https:\/\/www.bbmnoticias.com\/ejecuta-fgeo-orden-de-aprehension-por-homicidio-de-mototaxista-cometido-en-el-istmo-de-tehuantepec\/#primaryimage","url":"https:\/\/www.bbmnoticias.com\/labravaradiofm\/wp-content\/uploads\/sites\/5\/2025\/12\/detenido_istmo.jpg","contentUrl":"https:\/\/www.bbmnoticias.com\/labravaradiofm\/wp-content\/uploads\/sites\/5\/2025\/12\/detenido_istmo.jpg","width":800,"height":450},{"@type":"BreadcrumbList","@id":"https:\/\/www.bbmnoticias.com\/ejecuta-fgeo-orden-de-aprehension-por-homicidio-de-mototaxista-cometido-en-el-istmo-de-tehuantepec\/#breadcrumb","itemListElement":[{"@type":"ListItem","position":1,"name":"Inicio","item":"https:\/\/www.bbmnoticias.com\/labravaradiofm\/"},{"@type":"ListItem","position":2,"name":"Ejecuta FGEO orden de aprehensi\u00f3n por homicidio de mototaxista cometido en el Istmo de Tehuantepec"}]},{"@type":"WebSite","@id":"https:\/\/www.bbmnoticias.com\/labravaradiofm\/#website","url":"https:\/\/www.bbmnoticias.com\/labravaradiofm\/","name":"LA BRAVA RADIO","description":"Empresa productora de medios, Radiodifusi\u00f3n, Noticias, tendencias y todo lo que necesitas saber de la pol\u00edtica mexicana e internacional; entretenimiento, espect\u00e1culos, salud y mucho m\u00e1s.","potentialAction":[{"@type":"SearchAction","target":{"@type":"EntryPoint","urlTemplate":"https:\/\/www.bbmnoticias.com\/labravaradiofm\/?s={search_term_string}"},"query-input":{"@type":"PropertyValueSpecification","valueRequired":true,"valueName":"search_term_string"}}],"inLanguage":"es"},{"@type":"Person","@id":"https:\/\/www.bbmnoticias.com\/labravaradiofm\/#\/schema\/person\/68a9e9036ef3c5b55aeb2b71dc8bab45","name":"Staff","image":{"@type":"ImageObject","inLanguage":"es","@id":"https:\/\/secure.gravatar.com\/avatar\/fdd21ad66fd8b98c407f9dee5b5e588cfe7f0d8579ec20fa6527cd59bab7f0f0?s=96&d=mm&r=g","url":"https:\/\/secure.gravatar.com\/avatar\/fdd21ad66fd8b98c407f9dee5b5e588cfe7f0d8579ec20fa6527cd59bab7f0f0?s=96&d=mm&r=g","contentUrl":"https:\/\/secure.gravatar.com\/avatar\/fdd21ad66fd8b98c407f9dee5b5e588cfe7f0d8579ec20fa6527cd59bab7f0f0?s=96&d=mm&r=g","caption":"Staff"},"url":"https:\/\/www.bbmnoticias.com\/labravaradiofm\/author\/redaccion\/"}]}},"_links":{"self":[{"href":"https:\/\/www.bbmnoticias.com\/labravaradiofm\/wp-json\/wp\/v2\/posts\/70607","targetHints":{"allow":["GET"]}}],"collection":[{"href":"https:\/\/www.bbmnoticias.com\/labravaradiofm\/wp-json\/wp\/v2\/posts"}],"about":[{"href":"https:\/\/www.bbmnoticias.com\/labravaradiofm\/wp-json\/wp\/v2\/types\/post"}],"author":[{"embeddable":true,"href":"https:\/\/www.bbmnoticias.com\/labravaradiofm\/wp-json\/wp\/v2\/users\/2"}],"replies":[{"embeddable":true,"href":"https:\/\/www.bbmnoticias.com\/labravaradiofm\/wp-json\/wp\/v2\/comments?post=70607"}],"version-history":[{"count":0,"href":"https:\/\/www.bbmnoticias.com\/labravaradiofm\/wp-json\/wp\/v2\/posts\/70607\/revisions"}],"wp:featuredmedia":[{"embeddable":true,"href":"https:\/\/www.bbmnoticias.com\/labravaradiofm\/wp-json\/wp\/v2\/media\/70609"}],"wp:attachment":[{"href":"https:\/\/www.bbmnoticias.com\/labravaradiofm\/wp-json\/wp\/v2\/media?parent=70607"}],"wp:term":[{"taxonomy":"category","embeddable":true,"href":"https:\/\/www.bbmnoticias.com\/labravaradiofm\/wp-json\/wp\/v2\/categories?post=70607"},{"taxonomy":"post_tag","embeddable":true,"href":"https:\/\/www.bbmnoticias.com\/labravaradiofm\/wp-json\/wp\/v2\/tags?post=70607"}],"curies":[{"name":"wp","href":"https:\/\/api.w.org\/{rel}","templated":true}]}}