{"id":70604,"date":"2025-12-01T10:41:24","date_gmt":"2025-12-01T16:41:24","guid":{"rendered":"https:\/\/www.bbmnoticias.com\/labravaradiofm\/2025\/12\/01\/publican-calendario-de-registro-para-la-pension-bienestar-de-los-adultos-mayores-requisitos\/"},"modified":"2025-12-01T10:41:50","modified_gmt":"2025-12-01T16:41:50","slug":"publican-calendario-de-registro-para-la-pension-bienestar-de-los-adultos-mayores-requisitos","status":"publish","type":"post","link":"https:\/\/www.bbmnoticias.com\/labravaradiofm\/2025\/12\/01\/publican-calendario-de-registro-para-la-pension-bienestar-de-los-adultos-mayores-requisitos\/","title":{"rendered":"Publican CALENDARIO de registro para la Pensi\u00f3n Bienestar de los Adultos Mayores | REQUISITOS"},"content":{"rendered":"<div style=\"margin-top: 0px; margin-bottom: 0px;\" class=\"sharethis-inline-share-buttons\" ><\/div>\n<p>Este lunes 1 de diciembre arranc\u00f3 el <strong>registro<\/strong>&nbsp;de nuevos beneficiarios&nbsp;de la <strong>Pensi\u00f3n Bienestar de los Adultos Mayores<\/strong>, en la que se otorga un <strong>apoyo de 6,200 pesos<\/strong> bimestrales, y de la <strong>Pensi\u00f3n Mujeres Bienestar<\/strong>,&nbsp;donde se brindan&nbsp;<strong>3,000<\/strong> cada dos meses.<\/p>\n\n\n\n<p>La titular de la Secretar\u00eda de Bienestar, <strong>Ariadna Montiel<\/strong>, dio a conocer que el <strong>registro concluir\u00e1 el pr\u00f3ximo 13 de diciembre<\/strong>, as\u00ed como los <strong>requisitos<\/strong> para quienes deseen incorporarse a estos&nbsp;dos&nbsp;<strong>programas sociales.&nbsp;<\/strong>Destac\u00f3 que el&nbsp;registro ser\u00e1&nbsp;de lunes a s\u00e1bado de 10:00 a 14:00 horas en los <strong>m\u00f3dulos del Bienestar<\/strong>,que podr\u00e1n ubicar en la liga: <a href=\"https:\/\/www.gob.mx\/bienestar\">https:\/\/www.gob.mx\/bienestar<\/a>.<\/p>\n\n\n\n<blockquote class=\"wp-block-quote is-layout-flow wp-block-quote-is-layout-flow\">\n<p>&#8220;Vamos a empezar a registrar para quien ya cumpli\u00f3 65, porque todos los d\u00edas nuestros abuelitos cumplen 65 a\u00f1os y para las mujeres que cumplen 60 a\u00f1os a partir del d\u00eda de hoy 1 de diciembre y hasta el d\u00eda 13 estaremos registrando para entregarles sus recursos ya el siguiente a\u00f1o&#8221;, destac\u00f3.<\/p>\n<\/blockquote>\n\n\n\n<h2 class=\"wp-block-heading\">CALENDARIO de registro para la Pensi\u00f3n Bienestar de los Adultos Mayores<\/h2>\n\n\n\n<p>Montiel dio a conocer que el <strong>registro<\/strong> se llevar\u00e1 a cabo de manera&nbsp;escalonada y en orden alfab\u00e9tico, comenzando por la primera letra del primer apellido.<\/p>\n\n\n\n<ul class=\"wp-block-list\">\n<li>Lunes 1 y 8\u00a0de diciembre: A, B, C<\/li>\n\n\n\n<li>Martes 2 y 9\u00a0de diciembre:\u00a0 D, E, F, G, H<\/li>\n\n\n\n<li>Mi\u00e9rcoles 3 y 10 de diciembre: I, J, K, L, M, N<\/li>\n\n\n\n<li>Jueves 4 y 11 de diciembre: N, \u00d1, O, P, Q, R<\/li>\n\n\n\n<li>Viernes 5 y 12 de diciembre: S, T, U, V, W, X, Y, Z<\/li>\n\n\n\n<li>S\u00e1bado 6 y 13 de diciembre:\u00a0 Todas las letras.<\/li>\n<\/ul>\n\n\n\n<figure class=\"wp-block-image\"><img decoding=\"async\" src=\"https:\/\/heraldodemexico.com.mx\/u\/fotografias\/m\/2025\/12\/1\/f768x1-1216279_1216406_5050.png\" alt=\"\"\/><figcaption class=\"wp-element-caption\">Inicia periodo de registro&nbsp;| Gobierno de M\u00e9xico<\/figcaption><\/figure>\n\n\n\n<h2 class=\"wp-block-heading\">\u00bfCu\u00e1les son los requisitos para registrarme a la Pensi\u00f3n Bienestar de los Adultos Mayores y Pensi\u00f3n Mujeres Bienestar?<\/h2>\n\n\n\n<p>Las y los adultos mayores que hayan cumplido los<strong> 65 a\u00f1os<\/strong> o las <strong>mujeres<\/strong> que hayan cumplido <strong>60 a\u00f1os<\/strong>, deben presentar los siguientes documentos en su visita a alguno de los <strong>m\u00f3dulos del Bienestar<\/strong>:<\/p>\n\n\n\n<ul class=\"wp-block-list\">\n<li>Identificaci\u00f3n oficial vigente, que puede ser la credencial del INE, la del INAPAM, pasaporte o carta de identidad.<\/li>\n\n\n\n<li>CURP de reciente impresi\u00f3n.<\/li>\n\n\n\n<li>Acta de nacimiento.<\/li>\n\n\n\n<li>Comprobante de domicilio no mayor a 6 meses, puede ser el recibo de luz, agua o\u00a0predial.<\/li>\n\n\n\n<li>Tel\u00e9fono de contacto tanto de celular como de casa.<\/li>\n<\/ul>\n\n\n\n<figure class=\"wp-block-image\"><img decoding=\"async\" src=\"https:\/\/heraldodemexico.com.mx\/u\/fotografias\/m\/2025\/12\/1\/f768x1-1216280_1216407_5050.png\" alt=\"\"\/><figcaption class=\"wp-element-caption\">Inicia periodo de registro&nbsp;| Gobierno de M\u00e9xico<\/figcaption><\/figure>\n\n\n\n<h2 class=\"wp-block-heading\">Realizar\u00e1n visitas a domicilio a quienes no puedan acudir a registrarse al m\u00f3dulo<\/h2>\n\n\n\n<p>Ariadna Montiel tambi\u00e9n inform\u00f3 que aquellos adultos mayores que no puedan acudir directamente a los m\u00f3dulos Bienestar por problemas de salud o no tienen quien los acompa\u00f1e, pueden llamar a la l\u00ednea del Bienestar&nbsp;800-639-42-64 o solicitarla en&nbsp;el sitio web de la dependencia para solicitarla.<\/p>\n\n\n\n<figure class=\"wp-block-image\"><img decoding=\"async\" src=\"https:\/\/heraldodemexico.com.mx\/u\/fotografias\/m\/2025\/12\/1\/f768x1-1216285_1216412_5050.png\" alt=\"\"\/><figcaption class=\"wp-element-caption\">Pueden solicitar visita a domicilio | Gobierno de M\u00e9xico<\/figcaption><\/figure>\n","protected":false},"excerpt":{"rendered":"<p>Este lunes 1 de diciembre arranc\u00f3 el registro&nbsp;de nuevos beneficiarios&nbsp;de la Pensi\u00f3n Bienestar de los Adultos Mayores, en la que se otorga un apoyo de 6,200 pesos bimestrales, y de la Pensi\u00f3n Mujeres Bienestar,&nbsp;donde se brindan&nbsp;3,000 cada dos meses. La titular de la Secretar\u00eda de Bienestar, Ariadna Montiel, dio a conocer que el registro concluir\u00e1 [&hellip;]<\/p>\n","protected":false},"author":4,"featured_media":70606,"comment_status":"closed","ping_status":"","sticky":false,"template":"","format":"standard","meta":{"footnotes":""},"categories":[2,19],"tags":[],"class_list":{"0":"post-70604","1":"post","2":"type-post","3":"status-publish","4":"format-standard","5":"has-post-thumbnail","7":"category-oaxaca","8":"category-nacional"},"yoast_head":"<!-- This site is optimized with the Yoast SEO plugin v27.4 - https:\/\/yoast.com\/product\/yoast-seo-wordpress\/ -->\n<title>Publican CALENDARIO de registro para la Pensi\u00f3n Bienestar de los Adultos Mayores | REQUISITOS - LA BRAVA RADIO<\/title>\n<meta name=\"robots\" content=\"index, follow, max-snippet:-1, max-image-preview:large, max-video-preview:-1\" \/>\n<link rel=\"canonical\" href=\"https:\/\/www.bbmnoticias.com\/publican-calendario-de-registro-para-la-pension-bienestar-de-los-adultos-mayores-requisitos\/\" \/>\n<meta property=\"og:locale\" content=\"es_MX\" \/>\n<meta property=\"og:type\" content=\"article\" \/>\n<meta property=\"og:title\" content=\"Publican CALENDARIO de registro para la Pensi\u00f3n Bienestar de los Adultos Mayores | REQUISITOS - LA BRAVA RADIO\" \/>\n<meta property=\"og:description\" content=\"Este lunes 1 de diciembre arranc\u00f3 el registro&nbsp;de nuevos beneficiarios&nbsp;de la Pensi\u00f3n Bienestar de los Adultos Mayores, en la que se otorga un apoyo de 6,200 pesos bimestrales, y de la Pensi\u00f3n Mujeres Bienestar,&nbsp;donde se brindan&nbsp;3,000 cada dos meses. La titular de la Secretar\u00eda de Bienestar, Ariadna Montiel, dio a conocer que el registro concluir\u00e1 [&hellip;]\" \/>\n<meta property=\"og:url\" content=\"https:\/\/www.bbmnoticias.com\/publican-calendario-de-registro-para-la-pension-bienestar-de-los-adultos-mayores-requisitos\/\" \/>\n<meta property=\"og:site_name\" content=\"LA BRAVA RADIO\" \/>\n<meta property=\"article:published_time\" content=\"2025-12-01T16:41:24+00:00\" \/>\n<meta property=\"article:modified_time\" content=\"2025-12-01T16:41:50+00:00\" \/>\n<meta property=\"og:image\" content=\"https:\/\/www.bbmnoticias.com\/labravaradiofm\/wp-content\/uploads\/sites\/5\/2025\/12\/registro_pensiones.jpg\" \/>\n\t<meta property=\"og:image:width\" content=\"848\" \/>\n\t<meta property=\"og:image:height\" content=\"477\" \/>\n\t<meta property=\"og:image:type\" content=\"image\/jpeg\" \/>\n<meta name=\"author\" content=\"Agencias\" \/>\n<meta name=\"twitter:card\" content=\"summary_large_image\" \/>\n<meta name=\"twitter:label1\" content=\"Escrito por\" \/>\n\t<meta name=\"twitter:data1\" content=\"Agencias\" \/>\n\t<meta name=\"twitter:label2\" content=\"Tiempo de lectura\" \/>\n\t<meta name=\"twitter:data2\" content=\"2 minutos\" \/>\n<script type=\"application\/ld+json\" class=\"yoast-schema-graph\">{\"@context\":\"https:\\\/\\\/schema.org\",\"@graph\":[{\"@type\":\"Article\",\"@id\":\"https:\\\/\\\/www.bbmnoticias.com\\\/publican-calendario-de-registro-para-la-pension-bienestar-de-los-adultos-mayores-requisitos\\\/#article\",\"isPartOf\":{\"@id\":\"https:\\\/\\\/www.bbmnoticias.com\\\/labravaradiofm\\\/2025\\\/12\\\/01\\\/publican-calendario-de-registro-para-la-pension-bienestar-de-los-adultos-mayores-requisitos\\\/\"},\"author\":{\"name\":\"Agencias\",\"@id\":\"https:\\\/\\\/www.bbmnoticias.com\\\/labravaradiofm\\\/#\\\/schema\\\/person\\\/000bdaf0a8fb5bff0d537c4d0778e33f\"},\"headline\":\"Publican CALENDARIO de registro para la Pensi\u00f3n Bienestar de los Adultos Mayores | REQUISITOS\",\"datePublished\":\"2025-12-01T16:41:24+00:00\",\"dateModified\":\"2025-12-01T16:41:50+00:00\",\"mainEntityOfPage\":{\"@id\":\"https:\\\/\\\/www.bbmnoticias.com\\\/labravaradiofm\\\/2025\\\/12\\\/01\\\/publican-calendario-de-registro-para-la-pension-bienestar-de-los-adultos-mayores-requisitos\\\/\"},\"wordCount\":485,\"image\":{\"@id\":\"https:\\\/\\\/www.bbmnoticias.com\\\/publican-calendario-de-registro-para-la-pension-bienestar-de-los-adultos-mayores-requisitos\\\/#primaryimage\"},\"thumbnailUrl\":\"https:\\\/\\\/www.bbmnoticias.com\\\/labravaradiofm\\\/wp-content\\\/uploads\\\/sites\\\/5\\\/2025\\\/12\\\/registro_pensiones.jpg\",\"articleSection\":[\"LOCAL\",\"NACIONAL\"],\"inLanguage\":\"es\"},{\"@type\":\"WebPage\",\"@id\":\"https:\\\/\\\/www.bbmnoticias.com\\\/labravaradiofm\\\/2025\\\/12\\\/01\\\/publican-calendario-de-registro-para-la-pension-bienestar-de-los-adultos-mayores-requisitos\\\/\",\"url\":\"https:\\\/\\\/www.bbmnoticias.com\\\/publican-calendario-de-registro-para-la-pension-bienestar-de-los-adultos-mayores-requisitos\\\/\",\"name\":\"Publican CALENDARIO de registro para la Pensi\u00f3n Bienestar de los Adultos Mayores | REQUISITOS - LA BRAVA RADIO\",\"isPartOf\":{\"@id\":\"https:\\\/\\\/www.bbmnoticias.com\\\/labravaradiofm\\\/#website\"},\"primaryImageOfPage\":{\"@id\":\"https:\\\/\\\/www.bbmnoticias.com\\\/publican-calendario-de-registro-para-la-pension-bienestar-de-los-adultos-mayores-requisitos\\\/#primaryimage\"},\"image\":{\"@id\":\"https:\\\/\\\/www.bbmnoticias.com\\\/publican-calendario-de-registro-para-la-pension-bienestar-de-los-adultos-mayores-requisitos\\\/#primaryimage\"},\"thumbnailUrl\":\"https:\\\/\\\/www.bbmnoticias.com\\\/labravaradiofm\\\/wp-content\\\/uploads\\\/sites\\\/5\\\/2025\\\/12\\\/registro_pensiones.jpg\",\"datePublished\":\"2025-12-01T16:41:24+00:00\",\"dateModified\":\"2025-12-01T16:41:50+00:00\",\"author\":{\"@id\":\"https:\\\/\\\/www.bbmnoticias.com\\\/labravaradiofm\\\/#\\\/schema\\\/person\\\/000bdaf0a8fb5bff0d537c4d0778e33f\"},\"breadcrumb\":{\"@id\":\"https:\\\/\\\/www.bbmnoticias.com\\\/publican-calendario-de-registro-para-la-pension-bienestar-de-los-adultos-mayores-requisitos\\\/#breadcrumb\"},\"inLanguage\":\"es\",\"potentialAction\":[{\"@type\":\"ReadAction\",\"target\":[\"https:\\\/\\\/www.bbmnoticias.com\\\/publican-calendario-de-registro-para-la-pension-bienestar-de-los-adultos-mayores-requisitos\\\/\"]}]},{\"@type\":\"ImageObject\",\"inLanguage\":\"es\",\"@id\":\"https:\\\/\\\/www.bbmnoticias.com\\\/publican-calendario-de-registro-para-la-pension-bienestar-de-los-adultos-mayores-requisitos\\\/#primaryimage\",\"url\":\"https:\\\/\\\/www.bbmnoticias.com\\\/labravaradiofm\\\/wp-content\\\/uploads\\\/sites\\\/5\\\/2025\\\/12\\\/registro_pensiones.jpg\",\"contentUrl\":\"https:\\\/\\\/www.bbmnoticias.com\\\/labravaradiofm\\\/wp-content\\\/uploads\\\/sites\\\/5\\\/2025\\\/12\\\/registro_pensiones.jpg\",\"width\":848,\"height\":477},{\"@type\":\"BreadcrumbList\",\"@id\":\"https:\\\/\\\/www.bbmnoticias.com\\\/publican-calendario-de-registro-para-la-pension-bienestar-de-los-adultos-mayores-requisitos\\\/#breadcrumb\",\"itemListElement\":[{\"@type\":\"ListItem\",\"position\":1,\"name\":\"Inicio\",\"item\":\"https:\\\/\\\/www.bbmnoticias.com\\\/labravaradiofm\\\/\"},{\"@type\":\"ListItem\",\"position\":2,\"name\":\"Publican CALENDARIO de registro para la Pensi\u00f3n Bienestar de los Adultos Mayores | REQUISITOS\"}]},{\"@type\":\"WebSite\",\"@id\":\"https:\\\/\\\/www.bbmnoticias.com\\\/labravaradiofm\\\/#website\",\"url\":\"https:\\\/\\\/www.bbmnoticias.com\\\/labravaradiofm\\\/\",\"name\":\"LA BRAVA RADIO\",\"description\":\"Empresa productora de medios, Radiodifusi\u00f3n, Noticias, tendencias y todo lo que necesitas saber de la pol\u00edtica mexicana e internacional; entretenimiento, espect\u00e1culos, salud y mucho m\u00e1s.\",\"potentialAction\":[{\"@type\":\"SearchAction\",\"target\":{\"@type\":\"EntryPoint\",\"urlTemplate\":\"https:\\\/\\\/www.bbmnoticias.com\\\/labravaradiofm\\\/?s={search_term_string}\"},\"query-input\":{\"@type\":\"PropertyValueSpecification\",\"valueRequired\":true,\"valueName\":\"search_term_string\"}}],\"inLanguage\":\"es\"},{\"@type\":\"Person\",\"@id\":\"https:\\\/\\\/www.bbmnoticias.com\\\/labravaradiofm\\\/#\\\/schema\\\/person\\\/000bdaf0a8fb5bff0d537c4d0778e33f\",\"name\":\"Agencias\",\"image\":{\"@type\":\"ImageObject\",\"inLanguage\":\"es\",\"@id\":\"https:\\\/\\\/secure.gravatar.com\\\/avatar\\\/739e0b61adf9e398b425c36718c8752286da0e8cd90f20ce9a86678abc26aa0d?s=96&d=mm&r=g\",\"url\":\"https:\\\/\\\/secure.gravatar.com\\\/avatar\\\/739e0b61adf9e398b425c36718c8752286da0e8cd90f20ce9a86678abc26aa0d?s=96&d=mm&r=g\",\"contentUrl\":\"https:\\\/\\\/secure.gravatar.com\\\/avatar\\\/739e0b61adf9e398b425c36718c8752286da0e8cd90f20ce9a86678abc26aa0d?s=96&d=mm&r=g\",\"caption\":\"Agencias\"},\"url\":\"https:\\\/\\\/www.bbmnoticias.com\\\/labravaradiofm\\\/author\\\/agencias\\\/\"}]}<\/script>\n<!-- \/ Yoast SEO plugin. -->","yoast_head_json":{"title":"Publican CALENDARIO de registro para la Pensi\u00f3n Bienestar de los Adultos Mayores | REQUISITOS - LA BRAVA RADIO","robots":{"index":"index","follow":"follow","max-snippet":"max-snippet:-1","max-image-preview":"max-image-preview:large","max-video-preview":"max-video-preview:-1"},"canonical":"https:\/\/www.bbmnoticias.com\/publican-calendario-de-registro-para-la-pension-bienestar-de-los-adultos-mayores-requisitos\/","og_locale":"es_MX","og_type":"article","og_title":"Publican CALENDARIO de registro para la Pensi\u00f3n Bienestar de los Adultos Mayores | REQUISITOS - LA BRAVA RADIO","og_description":"Este lunes 1 de diciembre arranc\u00f3 el registro&nbsp;de nuevos beneficiarios&nbsp;de la Pensi\u00f3n Bienestar de los Adultos Mayores, en la que se otorga un apoyo de 6,200 pesos bimestrales, y de la Pensi\u00f3n Mujeres Bienestar,&nbsp;donde se brindan&nbsp;3,000 cada dos meses. La titular de la Secretar\u00eda de Bienestar, Ariadna Montiel, dio a conocer que el registro concluir\u00e1 [&hellip;]","og_url":"https:\/\/www.bbmnoticias.com\/publican-calendario-de-registro-para-la-pension-bienestar-de-los-adultos-mayores-requisitos\/","og_site_name":"LA BRAVA RADIO","article_published_time":"2025-12-01T16:41:24+00:00","article_modified_time":"2025-12-01T16:41:50+00:00","og_image":[{"width":848,"height":477,"url":"https:\/\/www.bbmnoticias.com\/labravaradiofm\/wp-content\/uploads\/sites\/5\/2025\/12\/registro_pensiones.jpg","type":"image\/jpeg"}],"author":"Agencias","twitter_card":"summary_large_image","twitter_misc":{"Escrito por":"Agencias","Tiempo de lectura":"2 minutos"},"schema":{"@context":"https:\/\/schema.org","@graph":[{"@type":"Article","@id":"https:\/\/www.bbmnoticias.com\/publican-calendario-de-registro-para-la-pension-bienestar-de-los-adultos-mayores-requisitos\/#article","isPartOf":{"@id":"https:\/\/www.bbmnoticias.com\/labravaradiofm\/2025\/12\/01\/publican-calendario-de-registro-para-la-pension-bienestar-de-los-adultos-mayores-requisitos\/"},"author":{"name":"Agencias","@id":"https:\/\/www.bbmnoticias.com\/labravaradiofm\/#\/schema\/person\/000bdaf0a8fb5bff0d537c4d0778e33f"},"headline":"Publican CALENDARIO de registro para la Pensi\u00f3n Bienestar de los Adultos Mayores | REQUISITOS","datePublished":"2025-12-01T16:41:24+00:00","dateModified":"2025-12-01T16:41:50+00:00","mainEntityOfPage":{"@id":"https:\/\/www.bbmnoticias.com\/labravaradiofm\/2025\/12\/01\/publican-calendario-de-registro-para-la-pension-bienestar-de-los-adultos-mayores-requisitos\/"},"wordCount":485,"image":{"@id":"https:\/\/www.bbmnoticias.com\/publican-calendario-de-registro-para-la-pension-bienestar-de-los-adultos-mayores-requisitos\/#primaryimage"},"thumbnailUrl":"https:\/\/www.bbmnoticias.com\/labravaradiofm\/wp-content\/uploads\/sites\/5\/2025\/12\/registro_pensiones.jpg","articleSection":["LOCAL","NACIONAL"],"inLanguage":"es"},{"@type":"WebPage","@id":"https:\/\/www.bbmnoticias.com\/labravaradiofm\/2025\/12\/01\/publican-calendario-de-registro-para-la-pension-bienestar-de-los-adultos-mayores-requisitos\/","url":"https:\/\/www.bbmnoticias.com\/publican-calendario-de-registro-para-la-pension-bienestar-de-los-adultos-mayores-requisitos\/","name":"Publican CALENDARIO de registro para la Pensi\u00f3n Bienestar de los Adultos Mayores | REQUISITOS - LA BRAVA RADIO","isPartOf":{"@id":"https:\/\/www.bbmnoticias.com\/labravaradiofm\/#website"},"primaryImageOfPage":{"@id":"https:\/\/www.bbmnoticias.com\/publican-calendario-de-registro-para-la-pension-bienestar-de-los-adultos-mayores-requisitos\/#primaryimage"},"image":{"@id":"https:\/\/www.bbmnoticias.com\/publican-calendario-de-registro-para-la-pension-bienestar-de-los-adultos-mayores-requisitos\/#primaryimage"},"thumbnailUrl":"https:\/\/www.bbmnoticias.com\/labravaradiofm\/wp-content\/uploads\/sites\/5\/2025\/12\/registro_pensiones.jpg","datePublished":"2025-12-01T16:41:24+00:00","dateModified":"2025-12-01T16:41:50+00:00","author":{"@id":"https:\/\/www.bbmnoticias.com\/labravaradiofm\/#\/schema\/person\/000bdaf0a8fb5bff0d537c4d0778e33f"},"breadcrumb":{"@id":"https:\/\/www.bbmnoticias.com\/publican-calendario-de-registro-para-la-pension-bienestar-de-los-adultos-mayores-requisitos\/#breadcrumb"},"inLanguage":"es","potentialAction":[{"@type":"ReadAction","target":["https:\/\/www.bbmnoticias.com\/publican-calendario-de-registro-para-la-pension-bienestar-de-los-adultos-mayores-requisitos\/"]}]},{"@type":"ImageObject","inLanguage":"es","@id":"https:\/\/www.bbmnoticias.com\/publican-calendario-de-registro-para-la-pension-bienestar-de-los-adultos-mayores-requisitos\/#primaryimage","url":"https:\/\/www.bbmnoticias.com\/labravaradiofm\/wp-content\/uploads\/sites\/5\/2025\/12\/registro_pensiones.jpg","contentUrl":"https:\/\/www.bbmnoticias.com\/labravaradiofm\/wp-content\/uploads\/sites\/5\/2025\/12\/registro_pensiones.jpg","width":848,"height":477},{"@type":"BreadcrumbList","@id":"https:\/\/www.bbmnoticias.com\/publican-calendario-de-registro-para-la-pension-bienestar-de-los-adultos-mayores-requisitos\/#breadcrumb","itemListElement":[{"@type":"ListItem","position":1,"name":"Inicio","item":"https:\/\/www.bbmnoticias.com\/labravaradiofm\/"},{"@type":"ListItem","position":2,"name":"Publican CALENDARIO de registro para la Pensi\u00f3n Bienestar de los Adultos Mayores | REQUISITOS"}]},{"@type":"WebSite","@id":"https:\/\/www.bbmnoticias.com\/labravaradiofm\/#website","url":"https:\/\/www.bbmnoticias.com\/labravaradiofm\/","name":"LA BRAVA RADIO","description":"Empresa productora de medios, Radiodifusi\u00f3n, Noticias, tendencias y todo lo que necesitas saber de la pol\u00edtica mexicana e internacional; entretenimiento, espect\u00e1culos, salud y mucho m\u00e1s.","potentialAction":[{"@type":"SearchAction","target":{"@type":"EntryPoint","urlTemplate":"https:\/\/www.bbmnoticias.com\/labravaradiofm\/?s={search_term_string}"},"query-input":{"@type":"PropertyValueSpecification","valueRequired":true,"valueName":"search_term_string"}}],"inLanguage":"es"},{"@type":"Person","@id":"https:\/\/www.bbmnoticias.com\/labravaradiofm\/#\/schema\/person\/000bdaf0a8fb5bff0d537c4d0778e33f","name":"Agencias","image":{"@type":"ImageObject","inLanguage":"es","@id":"https:\/\/secure.gravatar.com\/avatar\/739e0b61adf9e398b425c36718c8752286da0e8cd90f20ce9a86678abc26aa0d?s=96&d=mm&r=g","url":"https:\/\/secure.gravatar.com\/avatar\/739e0b61adf9e398b425c36718c8752286da0e8cd90f20ce9a86678abc26aa0d?s=96&d=mm&r=g","contentUrl":"https:\/\/secure.gravatar.com\/avatar\/739e0b61adf9e398b425c36718c8752286da0e8cd90f20ce9a86678abc26aa0d?s=96&d=mm&r=g","caption":"Agencias"},"url":"https:\/\/www.bbmnoticias.com\/labravaradiofm\/author\/agencias\/"}]}},"_links":{"self":[{"href":"https:\/\/www.bbmnoticias.com\/labravaradiofm\/wp-json\/wp\/v2\/posts\/70604","targetHints":{"allow":["GET"]}}],"collection":[{"href":"https:\/\/www.bbmnoticias.com\/labravaradiofm\/wp-json\/wp\/v2\/posts"}],"about":[{"href":"https:\/\/www.bbmnoticias.com\/labravaradiofm\/wp-json\/wp\/v2\/types\/post"}],"author":[{"embeddable":true,"href":"https:\/\/www.bbmnoticias.com\/labravaradiofm\/wp-json\/wp\/v2\/users\/4"}],"replies":[{"embeddable":true,"href":"https:\/\/www.bbmnoticias.com\/labravaradiofm\/wp-json\/wp\/v2\/comments?post=70604"}],"version-history":[{"count":0,"href":"https:\/\/www.bbmnoticias.com\/labravaradiofm\/wp-json\/wp\/v2\/posts\/70604\/revisions"}],"wp:featuredmedia":[{"embeddable":true,"href":"https:\/\/www.bbmnoticias.com\/labravaradiofm\/wp-json\/wp\/v2\/media\/70606"}],"wp:attachment":[{"href":"https:\/\/www.bbmnoticias.com\/labravaradiofm\/wp-json\/wp\/v2\/media?parent=70604"}],"wp:term":[{"taxonomy":"category","embeddable":true,"href":"https:\/\/www.bbmnoticias.com\/labravaradiofm\/wp-json\/wp\/v2\/categories?post=70604"},{"taxonomy":"post_tag","embeddable":true,"href":"https:\/\/www.bbmnoticias.com\/labravaradiofm\/wp-json\/wp\/v2\/tags?post=70604"}],"curies":[{"name":"wp","href":"https:\/\/api.w.org\/{rel}","templated":true}]}}