{"id":70598,"date":"2025-12-01T09:38:57","date_gmt":"2025-12-01T15:38:57","guid":{"rendered":"https:\/\/www.bbmnoticias.com\/labravaradiofm\/2025\/12\/01\/a-7-anos-de-la-4t-mexico-esta-mejor-de-lo-que-habia-estado-afirma-sheinbaum\/"},"modified":"2025-12-01T09:39:23","modified_gmt":"2025-12-01T15:39:23","slug":"a-7-anos-de-la-4t-mexico-esta-mejor-de-lo-que-habia-estado-afirma-sheinbaum","status":"publish","type":"post","link":"https:\/\/www.bbmnoticias.com\/labravaradiofm\/2025\/12\/01\/a-7-anos-de-la-4t-mexico-esta-mejor-de-lo-que-habia-estado-afirma-sheinbaum\/","title":{"rendered":"A 7 a\u00f1os de la 4T, M\u00e9xico est\u00e1 mejor de lo que hab\u00eda estado, afirma Sheinbaum"},"content":{"rendered":"<div style=\"margin-top: 0px; margin-bottom: 0px;\" class=\"sharethis-inline-share-buttons\" ><\/div>\n<p>Este 1 de diciembre se cumplen siete a\u00f1os de la llegada de <strong>Andr\u00e9s Manuel L\u00f3pez Obrador<\/strong> y con ello el inicio del movimiento denominado como la <strong>Cuarta Transformaci\u00f3n<\/strong>. Desde Palacio Nacional, la <strong>presidenta Claudia Sheinbaum Pardo<\/strong> hizo un <strong>balance<\/strong> de este lapso, donde han sido objetivo de cr\u00edticas, principalmente en las \u00faltimas semanas.<\/p>\n\n\n\n<blockquote class=\"wp-block-quote is-layout-flow wp-block-quote-is-layout-flow\">\n<p>\u201cM\u00e9xico est\u00e1 hoy mejor de lo que hab\u00eda estado (&#8230;.)el pa\u00eds es distinto, pues es como con toda esa andanada de propaganda y se mantiene el proyecto s\u00f3lido, pues solamente porque ha cambiado la conciencia en la gente y a nosotros nos toca seguir informando y garantizando la transformaci\u00f3n para el bienestar del pueblo, eso nos da mucha fuerza al gobierno y la gente, al pueblo\u201d, sostuvo en la Ma\u00f1anera de este 1 de diciembre.<\/p>\n<\/blockquote>\n\n\n\n<p>Es por ello que la mandataria aprovech\u00f3 para repasar los <strong>resultados<\/strong> obtenidos en este periodo.<\/p>\n\n\n\n<figure class=\"wp-block-image\"><img decoding=\"async\" src=\"https:\/\/heraldodemexico.com.mx\/u\/fotografias\/m\/2025\/12\/1\/f768x1-1216309_1216436_5050.jpg\" alt=\"\"\/><figcaption class=\"wp-element-caption\">Destac\u00f3 logros de la 4T | Cuartoscuro<\/figcaption><\/figure>\n\n\n\n<h2 class=\"wp-block-heading\">Destaca Sheinbaum que 13.5 millones de mexicanos salieron de la pobreza<\/h2>\n\n\n\n<p>\u201c13.5 millas de mexicanas y mexicanos salieron de la pobreza, reducci\u00f3n de la desigualdad, 32 millones de familias que reciben apoyos directos, sali\u00f3 2.6% de desempleo de los m\u00e1s bajos de todos los pa\u00edses de la Organizaci\u00f3n para la Cooperaci\u00f3n y el Desarrollo Econ\u00f3mico, r\u00e9cord en Inversi\u00f3n Extranjera Directa, 125% de aumento al salario m\u00ednimo, m\u00e1s universidades, m\u00e1s escuelas, las Rutas de la Salud para garantizar medicamentos gratuitos, m\u00e1s apoyo para hacer m\u00e1s centros de salud y hospitales del IMSS del bienestar, es decir los grandes derechos del pueblo de M\u00e9xico y las grandes inversiones p\u00fablicas y privadas&nbsp;<\/p>\n\n\n\n<blockquote class=\"wp-block-quote is-layout-flow wp-block-quote-is-layout-flow\">\n<p>\u201cY en seguridad ahora y evidentemente sabemos que tenemos que avanzar m\u00e1s todav\u00eda, pero 37% de reducci\u00f3n de homicidios dolosos en 13 meses. Entonces vamos bien y vamos a ir mejor\u201d, repas\u00f3 en la conferencia matutina.<\/p>\n<\/blockquote>\n\n\n\n<p>La presidenta asegur\u00f3 que estos m\u00e1s de<strong> 2 mil 550 d\u00edas<\/strong> representan esperanza para las y los <strong>mexicanos<\/strong>.<\/p>\n\n\n\n<p>\u201cEsperanza, esperanza, los adversarios est\u00e1n llenos de odio, es mucha calumnia, mentira y odio, esos los caracterizan y su v\u00ednculo con <strong>organizaciones internacionales<\/strong> que no quieren al pueblo.&nbsp;<\/p>\n\n\n\n<p>\u201cFrente al odio, la mentira, la calumnia, \u00bfqu\u00e9 hay de este lado? desarrollo, bienestar y amor, alegr\u00eda, trabajo, entrega, convicci\u00f3n y mucha uni\u00f3n del pueblo para defender sus conquistas, eso es algo \u00fanico\u201d, agreg\u00f3.<\/p>\n","protected":false},"excerpt":{"rendered":"<p>Este 1 de diciembre se cumplen siete a\u00f1os de la llegada de Andr\u00e9s Manuel L\u00f3pez Obrador y con ello el inicio del movimiento denominado como la Cuarta Transformaci\u00f3n. Desde Palacio Nacional, la presidenta Claudia Sheinbaum Pardo hizo un balance de este lapso, donde han sido objetivo de cr\u00edticas, principalmente en las \u00faltimas semanas. \u201cM\u00e9xico est\u00e1 [&hellip;]<\/p>\n","protected":false},"author":4,"featured_media":70600,"comment_status":"closed","ping_status":"","sticky":false,"template":"","format":"standard","meta":{"footnotes":""},"categories":[2,19],"tags":[],"class_list":{"0":"post-70598","1":"post","2":"type-post","3":"status-publish","4":"format-standard","5":"has-post-thumbnail","7":"category-oaxaca","8":"category-nacional"},"yoast_head":"<!-- This site is optimized with the Yoast SEO plugin v27.4 - https:\/\/yoast.com\/product\/yoast-seo-wordpress\/ -->\n<title>A 7 a\u00f1os de la 4T, M\u00e9xico est\u00e1 mejor de lo que hab\u00eda estado, afirma Sheinbaum - LA BRAVA RADIO<\/title>\n<meta name=\"robots\" content=\"index, follow, max-snippet:-1, max-image-preview:large, max-video-preview:-1\" \/>\n<link rel=\"canonical\" href=\"https:\/\/www.bbmnoticias.com\/a-7-anos-de-la-4t-mexico-esta-mejor-de-lo-que-habia-estado-afirma-sheinbaum\/\" \/>\n<meta property=\"og:locale\" content=\"es_MX\" \/>\n<meta property=\"og:type\" content=\"article\" \/>\n<meta property=\"og:title\" content=\"A 7 a\u00f1os de la 4T, M\u00e9xico est\u00e1 mejor de lo que hab\u00eda estado, afirma Sheinbaum - LA BRAVA RADIO\" \/>\n<meta property=\"og:description\" content=\"Este 1 de diciembre se cumplen siete a\u00f1os de la llegada de Andr\u00e9s Manuel L\u00f3pez Obrador y con ello el inicio del movimiento denominado como la Cuarta Transformaci\u00f3n. Desde Palacio Nacional, la presidenta Claudia Sheinbaum Pardo hizo un balance de este lapso, donde han sido objetivo de cr\u00edticas, principalmente en las \u00faltimas semanas. \u201cM\u00e9xico est\u00e1 [&hellip;]\" \/>\n<meta property=\"og:url\" content=\"https:\/\/www.bbmnoticias.com\/a-7-anos-de-la-4t-mexico-esta-mejor-de-lo-que-habia-estado-afirma-sheinbaum\/\" \/>\n<meta property=\"og:site_name\" content=\"LA BRAVA RADIO\" \/>\n<meta property=\"article:published_time\" content=\"2025-12-01T15:38:57+00:00\" \/>\n<meta property=\"article:modified_time\" content=\"2025-12-01T15:39:23+00:00\" \/>\n<meta property=\"og:image\" content=\"https:\/\/www.bbmnoticias.com\/labravaradiofm\/wp-content\/uploads\/sites\/5\/2025\/12\/mexico_4t.jpg\" \/>\n\t<meta property=\"og:image:width\" content=\"848\" \/>\n\t<meta property=\"og:image:height\" content=\"477\" \/>\n\t<meta property=\"og:image:type\" content=\"image\/jpeg\" \/>\n<meta name=\"author\" content=\"Agencias\" \/>\n<meta name=\"twitter:card\" content=\"summary_large_image\" \/>\n<meta name=\"twitter:label1\" content=\"Escrito por\" \/>\n\t<meta name=\"twitter:data1\" content=\"Agencias\" \/>\n\t<meta name=\"twitter:label2\" content=\"Tiempo de lectura\" \/>\n\t<meta name=\"twitter:data2\" content=\"2 minutos\" \/>\n<script type=\"application\/ld+json\" class=\"yoast-schema-graph\">{\"@context\":\"https:\\\/\\\/schema.org\",\"@graph\":[{\"@type\":\"Article\",\"@id\":\"https:\\\/\\\/www.bbmnoticias.com\\\/a-7-anos-de-la-4t-mexico-esta-mejor-de-lo-que-habia-estado-afirma-sheinbaum\\\/#article\",\"isPartOf\":{\"@id\":\"https:\\\/\\\/www.bbmnoticias.com\\\/labravaradiofm\\\/2025\\\/12\\\/01\\\/a-7-anos-de-la-4t-mexico-esta-mejor-de-lo-que-habia-estado-afirma-sheinbaum\\\/\"},\"author\":{\"name\":\"Agencias\",\"@id\":\"https:\\\/\\\/www.bbmnoticias.com\\\/labravaradiofm\\\/#\\\/schema\\\/person\\\/000bdaf0a8fb5bff0d537c4d0778e33f\"},\"headline\":\"A 7 a\u00f1os de la 4T, M\u00e9xico est\u00e1 mejor de lo que hab\u00eda estado, afirma Sheinbaum\",\"datePublished\":\"2025-12-01T15:38:57+00:00\",\"dateModified\":\"2025-12-01T15:39:23+00:00\",\"mainEntityOfPage\":{\"@id\":\"https:\\\/\\\/www.bbmnoticias.com\\\/labravaradiofm\\\/2025\\\/12\\\/01\\\/a-7-anos-de-la-4t-mexico-esta-mejor-de-lo-que-habia-estado-afirma-sheinbaum\\\/\"},\"wordCount\":419,\"image\":{\"@id\":\"https:\\\/\\\/www.bbmnoticias.com\\\/a-7-anos-de-la-4t-mexico-esta-mejor-de-lo-que-habia-estado-afirma-sheinbaum\\\/#primaryimage\"},\"thumbnailUrl\":\"https:\\\/\\\/www.bbmnoticias.com\\\/labravaradiofm\\\/wp-content\\\/uploads\\\/sites\\\/5\\\/2025\\\/12\\\/mexico_4t.jpg\",\"articleSection\":[\"LOCAL\",\"NACIONAL\"],\"inLanguage\":\"es\"},{\"@type\":\"WebPage\",\"@id\":\"https:\\\/\\\/www.bbmnoticias.com\\\/labravaradiofm\\\/2025\\\/12\\\/01\\\/a-7-anos-de-la-4t-mexico-esta-mejor-de-lo-que-habia-estado-afirma-sheinbaum\\\/\",\"url\":\"https:\\\/\\\/www.bbmnoticias.com\\\/a-7-anos-de-la-4t-mexico-esta-mejor-de-lo-que-habia-estado-afirma-sheinbaum\\\/\",\"name\":\"A 7 a\u00f1os de la 4T, M\u00e9xico est\u00e1 mejor de lo que hab\u00eda estado, afirma Sheinbaum - LA BRAVA RADIO\",\"isPartOf\":{\"@id\":\"https:\\\/\\\/www.bbmnoticias.com\\\/labravaradiofm\\\/#website\"},\"primaryImageOfPage\":{\"@id\":\"https:\\\/\\\/www.bbmnoticias.com\\\/a-7-anos-de-la-4t-mexico-esta-mejor-de-lo-que-habia-estado-afirma-sheinbaum\\\/#primaryimage\"},\"image\":{\"@id\":\"https:\\\/\\\/www.bbmnoticias.com\\\/a-7-anos-de-la-4t-mexico-esta-mejor-de-lo-que-habia-estado-afirma-sheinbaum\\\/#primaryimage\"},\"thumbnailUrl\":\"https:\\\/\\\/www.bbmnoticias.com\\\/labravaradiofm\\\/wp-content\\\/uploads\\\/sites\\\/5\\\/2025\\\/12\\\/mexico_4t.jpg\",\"datePublished\":\"2025-12-01T15:38:57+00:00\",\"dateModified\":\"2025-12-01T15:39:23+00:00\",\"author\":{\"@id\":\"https:\\\/\\\/www.bbmnoticias.com\\\/labravaradiofm\\\/#\\\/schema\\\/person\\\/000bdaf0a8fb5bff0d537c4d0778e33f\"},\"breadcrumb\":{\"@id\":\"https:\\\/\\\/www.bbmnoticias.com\\\/a-7-anos-de-la-4t-mexico-esta-mejor-de-lo-que-habia-estado-afirma-sheinbaum\\\/#breadcrumb\"},\"inLanguage\":\"es\",\"potentialAction\":[{\"@type\":\"ReadAction\",\"target\":[\"https:\\\/\\\/www.bbmnoticias.com\\\/a-7-anos-de-la-4t-mexico-esta-mejor-de-lo-que-habia-estado-afirma-sheinbaum\\\/\"]}]},{\"@type\":\"ImageObject\",\"inLanguage\":\"es\",\"@id\":\"https:\\\/\\\/www.bbmnoticias.com\\\/a-7-anos-de-la-4t-mexico-esta-mejor-de-lo-que-habia-estado-afirma-sheinbaum\\\/#primaryimage\",\"url\":\"https:\\\/\\\/www.bbmnoticias.com\\\/labravaradiofm\\\/wp-content\\\/uploads\\\/sites\\\/5\\\/2025\\\/12\\\/mexico_4t.jpg\",\"contentUrl\":\"https:\\\/\\\/www.bbmnoticias.com\\\/labravaradiofm\\\/wp-content\\\/uploads\\\/sites\\\/5\\\/2025\\\/12\\\/mexico_4t.jpg\",\"width\":848,\"height\":477},{\"@type\":\"BreadcrumbList\",\"@id\":\"https:\\\/\\\/www.bbmnoticias.com\\\/a-7-anos-de-la-4t-mexico-esta-mejor-de-lo-que-habia-estado-afirma-sheinbaum\\\/#breadcrumb\",\"itemListElement\":[{\"@type\":\"ListItem\",\"position\":1,\"name\":\"Inicio\",\"item\":\"https:\\\/\\\/www.bbmnoticias.com\\\/labravaradiofm\\\/\"},{\"@type\":\"ListItem\",\"position\":2,\"name\":\"A 7 a\u00f1os de la 4T, M\u00e9xico est\u00e1 mejor de lo que hab\u00eda estado, afirma Sheinbaum\"}]},{\"@type\":\"WebSite\",\"@id\":\"https:\\\/\\\/www.bbmnoticias.com\\\/labravaradiofm\\\/#website\",\"url\":\"https:\\\/\\\/www.bbmnoticias.com\\\/labravaradiofm\\\/\",\"name\":\"LA BRAVA RADIO\",\"description\":\"Empresa productora de medios, Radiodifusi\u00f3n, Noticias, tendencias y todo lo que necesitas saber de la pol\u00edtica mexicana e internacional; entretenimiento, espect\u00e1culos, salud y mucho m\u00e1s.\",\"potentialAction\":[{\"@type\":\"SearchAction\",\"target\":{\"@type\":\"EntryPoint\",\"urlTemplate\":\"https:\\\/\\\/www.bbmnoticias.com\\\/labravaradiofm\\\/?s={search_term_string}\"},\"query-input\":{\"@type\":\"PropertyValueSpecification\",\"valueRequired\":true,\"valueName\":\"search_term_string\"}}],\"inLanguage\":\"es\"},{\"@type\":\"Person\",\"@id\":\"https:\\\/\\\/www.bbmnoticias.com\\\/labravaradiofm\\\/#\\\/schema\\\/person\\\/000bdaf0a8fb5bff0d537c4d0778e33f\",\"name\":\"Agencias\",\"image\":{\"@type\":\"ImageObject\",\"inLanguage\":\"es\",\"@id\":\"https:\\\/\\\/secure.gravatar.com\\\/avatar\\\/739e0b61adf9e398b425c36718c8752286da0e8cd90f20ce9a86678abc26aa0d?s=96&d=mm&r=g\",\"url\":\"https:\\\/\\\/secure.gravatar.com\\\/avatar\\\/739e0b61adf9e398b425c36718c8752286da0e8cd90f20ce9a86678abc26aa0d?s=96&d=mm&r=g\",\"contentUrl\":\"https:\\\/\\\/secure.gravatar.com\\\/avatar\\\/739e0b61adf9e398b425c36718c8752286da0e8cd90f20ce9a86678abc26aa0d?s=96&d=mm&r=g\",\"caption\":\"Agencias\"},\"url\":\"https:\\\/\\\/www.bbmnoticias.com\\\/labravaradiofm\\\/author\\\/agencias\\\/\"}]}<\/script>\n<!-- \/ Yoast SEO plugin. -->","yoast_head_json":{"title":"A 7 a\u00f1os de la 4T, M\u00e9xico est\u00e1 mejor de lo que hab\u00eda estado, afirma Sheinbaum - LA BRAVA RADIO","robots":{"index":"index","follow":"follow","max-snippet":"max-snippet:-1","max-image-preview":"max-image-preview:large","max-video-preview":"max-video-preview:-1"},"canonical":"https:\/\/www.bbmnoticias.com\/a-7-anos-de-la-4t-mexico-esta-mejor-de-lo-que-habia-estado-afirma-sheinbaum\/","og_locale":"es_MX","og_type":"article","og_title":"A 7 a\u00f1os de la 4T, M\u00e9xico est\u00e1 mejor de lo que hab\u00eda estado, afirma Sheinbaum - LA BRAVA RADIO","og_description":"Este 1 de diciembre se cumplen siete a\u00f1os de la llegada de Andr\u00e9s Manuel L\u00f3pez Obrador y con ello el inicio del movimiento denominado como la Cuarta Transformaci\u00f3n. Desde Palacio Nacional, la presidenta Claudia Sheinbaum Pardo hizo un balance de este lapso, donde han sido objetivo de cr\u00edticas, principalmente en las \u00faltimas semanas. \u201cM\u00e9xico est\u00e1 [&hellip;]","og_url":"https:\/\/www.bbmnoticias.com\/a-7-anos-de-la-4t-mexico-esta-mejor-de-lo-que-habia-estado-afirma-sheinbaum\/","og_site_name":"LA BRAVA RADIO","article_published_time":"2025-12-01T15:38:57+00:00","article_modified_time":"2025-12-01T15:39:23+00:00","og_image":[{"width":848,"height":477,"url":"https:\/\/www.bbmnoticias.com\/labravaradiofm\/wp-content\/uploads\/sites\/5\/2025\/12\/mexico_4t.jpg","type":"image\/jpeg"}],"author":"Agencias","twitter_card":"summary_large_image","twitter_misc":{"Escrito por":"Agencias","Tiempo de lectura":"2 minutos"},"schema":{"@context":"https:\/\/schema.org","@graph":[{"@type":"Article","@id":"https:\/\/www.bbmnoticias.com\/a-7-anos-de-la-4t-mexico-esta-mejor-de-lo-que-habia-estado-afirma-sheinbaum\/#article","isPartOf":{"@id":"https:\/\/www.bbmnoticias.com\/labravaradiofm\/2025\/12\/01\/a-7-anos-de-la-4t-mexico-esta-mejor-de-lo-que-habia-estado-afirma-sheinbaum\/"},"author":{"name":"Agencias","@id":"https:\/\/www.bbmnoticias.com\/labravaradiofm\/#\/schema\/person\/000bdaf0a8fb5bff0d537c4d0778e33f"},"headline":"A 7 a\u00f1os de la 4T, M\u00e9xico est\u00e1 mejor de lo que hab\u00eda estado, afirma Sheinbaum","datePublished":"2025-12-01T15:38:57+00:00","dateModified":"2025-12-01T15:39:23+00:00","mainEntityOfPage":{"@id":"https:\/\/www.bbmnoticias.com\/labravaradiofm\/2025\/12\/01\/a-7-anos-de-la-4t-mexico-esta-mejor-de-lo-que-habia-estado-afirma-sheinbaum\/"},"wordCount":419,"image":{"@id":"https:\/\/www.bbmnoticias.com\/a-7-anos-de-la-4t-mexico-esta-mejor-de-lo-que-habia-estado-afirma-sheinbaum\/#primaryimage"},"thumbnailUrl":"https:\/\/www.bbmnoticias.com\/labravaradiofm\/wp-content\/uploads\/sites\/5\/2025\/12\/mexico_4t.jpg","articleSection":["LOCAL","NACIONAL"],"inLanguage":"es"},{"@type":"WebPage","@id":"https:\/\/www.bbmnoticias.com\/labravaradiofm\/2025\/12\/01\/a-7-anos-de-la-4t-mexico-esta-mejor-de-lo-que-habia-estado-afirma-sheinbaum\/","url":"https:\/\/www.bbmnoticias.com\/a-7-anos-de-la-4t-mexico-esta-mejor-de-lo-que-habia-estado-afirma-sheinbaum\/","name":"A 7 a\u00f1os de la 4T, M\u00e9xico est\u00e1 mejor de lo que hab\u00eda estado, afirma Sheinbaum - LA BRAVA RADIO","isPartOf":{"@id":"https:\/\/www.bbmnoticias.com\/labravaradiofm\/#website"},"primaryImageOfPage":{"@id":"https:\/\/www.bbmnoticias.com\/a-7-anos-de-la-4t-mexico-esta-mejor-de-lo-que-habia-estado-afirma-sheinbaum\/#primaryimage"},"image":{"@id":"https:\/\/www.bbmnoticias.com\/a-7-anos-de-la-4t-mexico-esta-mejor-de-lo-que-habia-estado-afirma-sheinbaum\/#primaryimage"},"thumbnailUrl":"https:\/\/www.bbmnoticias.com\/labravaradiofm\/wp-content\/uploads\/sites\/5\/2025\/12\/mexico_4t.jpg","datePublished":"2025-12-01T15:38:57+00:00","dateModified":"2025-12-01T15:39:23+00:00","author":{"@id":"https:\/\/www.bbmnoticias.com\/labravaradiofm\/#\/schema\/person\/000bdaf0a8fb5bff0d537c4d0778e33f"},"breadcrumb":{"@id":"https:\/\/www.bbmnoticias.com\/a-7-anos-de-la-4t-mexico-esta-mejor-de-lo-que-habia-estado-afirma-sheinbaum\/#breadcrumb"},"inLanguage":"es","potentialAction":[{"@type":"ReadAction","target":["https:\/\/www.bbmnoticias.com\/a-7-anos-de-la-4t-mexico-esta-mejor-de-lo-que-habia-estado-afirma-sheinbaum\/"]}]},{"@type":"ImageObject","inLanguage":"es","@id":"https:\/\/www.bbmnoticias.com\/a-7-anos-de-la-4t-mexico-esta-mejor-de-lo-que-habia-estado-afirma-sheinbaum\/#primaryimage","url":"https:\/\/www.bbmnoticias.com\/labravaradiofm\/wp-content\/uploads\/sites\/5\/2025\/12\/mexico_4t.jpg","contentUrl":"https:\/\/www.bbmnoticias.com\/labravaradiofm\/wp-content\/uploads\/sites\/5\/2025\/12\/mexico_4t.jpg","width":848,"height":477},{"@type":"BreadcrumbList","@id":"https:\/\/www.bbmnoticias.com\/a-7-anos-de-la-4t-mexico-esta-mejor-de-lo-que-habia-estado-afirma-sheinbaum\/#breadcrumb","itemListElement":[{"@type":"ListItem","position":1,"name":"Inicio","item":"https:\/\/www.bbmnoticias.com\/labravaradiofm\/"},{"@type":"ListItem","position":2,"name":"A 7 a\u00f1os de la 4T, M\u00e9xico est\u00e1 mejor de lo que hab\u00eda estado, afirma Sheinbaum"}]},{"@type":"WebSite","@id":"https:\/\/www.bbmnoticias.com\/labravaradiofm\/#website","url":"https:\/\/www.bbmnoticias.com\/labravaradiofm\/","name":"LA BRAVA RADIO","description":"Empresa productora de medios, Radiodifusi\u00f3n, Noticias, tendencias y todo lo que necesitas saber de la pol\u00edtica mexicana e internacional; entretenimiento, espect\u00e1culos, salud y mucho m\u00e1s.","potentialAction":[{"@type":"SearchAction","target":{"@type":"EntryPoint","urlTemplate":"https:\/\/www.bbmnoticias.com\/labravaradiofm\/?s={search_term_string}"},"query-input":{"@type":"PropertyValueSpecification","valueRequired":true,"valueName":"search_term_string"}}],"inLanguage":"es"},{"@type":"Person","@id":"https:\/\/www.bbmnoticias.com\/labravaradiofm\/#\/schema\/person\/000bdaf0a8fb5bff0d537c4d0778e33f","name":"Agencias","image":{"@type":"ImageObject","inLanguage":"es","@id":"https:\/\/secure.gravatar.com\/avatar\/739e0b61adf9e398b425c36718c8752286da0e8cd90f20ce9a86678abc26aa0d?s=96&d=mm&r=g","url":"https:\/\/secure.gravatar.com\/avatar\/739e0b61adf9e398b425c36718c8752286da0e8cd90f20ce9a86678abc26aa0d?s=96&d=mm&r=g","contentUrl":"https:\/\/secure.gravatar.com\/avatar\/739e0b61adf9e398b425c36718c8752286da0e8cd90f20ce9a86678abc26aa0d?s=96&d=mm&r=g","caption":"Agencias"},"url":"https:\/\/www.bbmnoticias.com\/labravaradiofm\/author\/agencias\/"}]}},"_links":{"self":[{"href":"https:\/\/www.bbmnoticias.com\/labravaradiofm\/wp-json\/wp\/v2\/posts\/70598","targetHints":{"allow":["GET"]}}],"collection":[{"href":"https:\/\/www.bbmnoticias.com\/labravaradiofm\/wp-json\/wp\/v2\/posts"}],"about":[{"href":"https:\/\/www.bbmnoticias.com\/labravaradiofm\/wp-json\/wp\/v2\/types\/post"}],"author":[{"embeddable":true,"href":"https:\/\/www.bbmnoticias.com\/labravaradiofm\/wp-json\/wp\/v2\/users\/4"}],"replies":[{"embeddable":true,"href":"https:\/\/www.bbmnoticias.com\/labravaradiofm\/wp-json\/wp\/v2\/comments?post=70598"}],"version-history":[{"count":0,"href":"https:\/\/www.bbmnoticias.com\/labravaradiofm\/wp-json\/wp\/v2\/posts\/70598\/revisions"}],"wp:featuredmedia":[{"embeddable":true,"href":"https:\/\/www.bbmnoticias.com\/labravaradiofm\/wp-json\/wp\/v2\/media\/70600"}],"wp:attachment":[{"href":"https:\/\/www.bbmnoticias.com\/labravaradiofm\/wp-json\/wp\/v2\/media?parent=70598"}],"wp:term":[{"taxonomy":"category","embeddable":true,"href":"https:\/\/www.bbmnoticias.com\/labravaradiofm\/wp-json\/wp\/v2\/categories?post=70598"},{"taxonomy":"post_tag","embeddable":true,"href":"https:\/\/www.bbmnoticias.com\/labravaradiofm\/wp-json\/wp\/v2\/tags?post=70598"}],"curies":[{"name":"wp","href":"https:\/\/api.w.org\/{rel}","templated":true}]}}