{"id":70589,"date":"2025-12-01T08:38:46","date_gmt":"2025-12-01T14:38:46","guid":{"rendered":"https:\/\/www.bbmnoticias.com\/labravaradiofm\/2025\/12\/01\/productores-toman-casetas-por-incumplimiento-de-acuerdos\/"},"modified":"2025-12-01T08:38:49","modified_gmt":"2025-12-01T14:38:49","slug":"productores-toman-casetas-por-incumplimiento-de-acuerdos","status":"publish","type":"post","link":"https:\/\/www.bbmnoticias.com\/labravaradiofm\/2025\/12\/01\/productores-toman-casetas-por-incumplimiento-de-acuerdos\/","title":{"rendered":"Productores toman casetas por incumplimiento de acuerdos"},"content":{"rendered":"<div style=\"margin-top: 0px; margin-bottom: 0px;\" class=\"sharethis-inline-share-buttons\" ><\/div>\n<p>Productores agr\u00edcolas llevar\u00e1n a cabo hoy lunes <strong>1 de diciembre<\/strong> una jornada de <strong>toma de casetas<\/strong>, ante el incumplimiento de acuerdos por parte de autoridades federales.<\/p>\n\n\n\n<iframe loading=\"lazy\" src=\"https:\/\/www.facebook.com\/plugins\/video.php?height=476&#038;href=https%3A%2F%2Fwww.facebook.com%2Freel%2F1338409517522381%2F&#038;show_text=false&#038;width=267&#038;t=0\" width=\"267\" height=\"476\" style=\"border:none;overflow:hidden\" scrolling=\"no\" frameborder=\"0\" allowfullscreen=\"true\" allow=\"autoplay; clipboard-write; encrypted-media; picture-in-picture; web-share\" allowFullScreen=\"true\"><\/iframe>\n\n\n\n<p>La <strong>Uni\u00f3n de Pozos Agr\u00edcolas de Zacatecas<\/strong> denunci\u00f3 que los compromisos establecidos en una minuta firmada el pasado 20 de noviembre no han sido cumplidos.<\/p>\n\n\n\n<p>De esta forma, proceder\u00e1n con la toma de casetas en V\u00edctor Rosales:<\/p>\n\n\n\n<ul class=\"wp-block-list\">\n<li>Osiris<\/li>\n\n\n\n<li>Calera<\/li>\n<\/ul>\n\n\n\n<figure class=\"wp-block-embed is-type-rich is-provider-twitter wp-block-embed-twitter\"><div class=\"wp-block-embed__wrapper\">\n<blockquote class=\"twitter-tweet\" data-width=\"550\" data-dnt=\"true\"><p lang=\"es\" dir=\"ltr\">\ud83c\uddf2\ud83c\uddfd\ud83d\udd34 \u00daLTIMA HORA \ud83d\udd34 Bloqueo carretero en la caseta de Calera. <a href=\"https:\/\/t.co\/lznb4ALOUY\">pic.twitter.com\/lznb4ALOUY<\/a><\/p>&mdash; Zacatecas al Minuto \u231a (@zacalminuto_mx) <a href=\"https:\/\/twitter.com\/zacalminuto_mx\/status\/1995491786253578712?ref_src=twsrc%5Etfw\">December 1, 2025<\/a><\/blockquote><script async src=\"https:\/\/platform.twitter.com\/widgets.js\" charset=\"utf-8\"><\/script>\n<\/div><\/figure>\n\n\n\n<blockquote class=\"wp-block-quote is-layout-flow wp-block-quote-is-layout-flow\">\n<p>Les pedimos su comprensi\u00f3n\u201d, dijeron los productores.<\/p>\n<\/blockquote>\n\n\n\n<p>La Uni\u00f3n de Pozos Agr\u00edcolas denuncia tr\u00e1mites rezagados en la Conagua, adeudos por cuotas energ\u00e9ticas de 2023 y 2024, y conflictos con CFE.<\/p>\n\n\n\n<figure class=\"wp-block-embed is-type-rich is-provider-twitter wp-block-embed-twitter\"><div class=\"wp-block-embed__wrapper\">\n<blockquote class=\"twitter-tweet\" data-width=\"550\" data-dnt=\"true\"><p lang=\"es\" dir=\"ltr\"><a href=\"https:\/\/twitter.com\/hashtag\/AvisoVial?src=hash&amp;ref_src=twsrc%5Etfw\">#AvisoVial<\/a> | <a href=\"https:\/\/twitter.com\/hashtag\/Zacatecas?src=hash&amp;ref_src=twsrc%5Etfw\">#Zacatecas<\/a><br>Se registra presencia de manifestantes en las inmediaciones de la caseta de cobro de Calera, con cierre de circulaci\u00f3n en el sentido Zacatecas-Fresnillo.<br><br>La situaci\u00f3n puede cambiar en cualquier momento, se actualizar\u00e1 la informaci\u00f3n conforme se desarrolle <a href=\"https:\/\/t.co\/oWiQBQg5Ab\">pic.twitter.com\/oWiQBQg5Ab<\/a><\/p>&mdash; Centro SICT Zacatecas (@SICT_Zacatecas) <a href=\"https:\/\/twitter.com\/SICT_Zacatecas\/status\/1995492955214516386?ref_src=twsrc%5Etfw\">December 1, 2025<\/a><\/blockquote><script async src=\"https:\/\/platform.twitter.com\/widgets.js\" charset=\"utf-8\"><\/script>\n<\/div><\/figure>\n","protected":false},"excerpt":{"rendered":"<p>Productores agr\u00edcolas llevar\u00e1n a cabo hoy lunes 1 de diciembre una jornada de toma de casetas, ante el incumplimiento de acuerdos por parte de autoridades federales. La Uni\u00f3n de Pozos Agr\u00edcolas de Zacatecas denunci\u00f3 que los compromisos establecidos en una minuta firmada el pasado 20 de noviembre no han sido cumplidos. De esta forma, proceder\u00e1n [&hellip;]<\/p>\n","protected":false},"author":4,"featured_media":70591,"comment_status":"closed","ping_status":"","sticky":false,"template":"","format":"standard","meta":{"footnotes":""},"categories":[2,19],"tags":[],"class_list":{"0":"post-70589","1":"post","2":"type-post","3":"status-publish","4":"format-standard","5":"has-post-thumbnail","7":"category-oaxaca","8":"category-nacional"},"yoast_head":"<!-- This site is optimized with the Yoast SEO plugin v27.4 - https:\/\/yoast.com\/product\/yoast-seo-wordpress\/ -->\n<title>Productores toman casetas por incumplimiento de acuerdos - LA BRAVA RADIO<\/title>\n<meta name=\"robots\" content=\"index, follow, max-snippet:-1, max-image-preview:large, max-video-preview:-1\" \/>\n<link rel=\"canonical\" href=\"https:\/\/www.bbmnoticias.com\/productores-toman-casetas-por-incumplimiento-de-acuerdos\/\" \/>\n<meta property=\"og:locale\" content=\"es_MX\" \/>\n<meta property=\"og:type\" content=\"article\" \/>\n<meta property=\"og:title\" content=\"Productores toman casetas por incumplimiento de acuerdos - LA BRAVA RADIO\" \/>\n<meta property=\"og:description\" content=\"Productores agr\u00edcolas llevar\u00e1n a cabo hoy lunes 1 de diciembre una jornada de toma de casetas, ante el incumplimiento de acuerdos por parte de autoridades federales. La Uni\u00f3n de Pozos Agr\u00edcolas de Zacatecas denunci\u00f3 que los compromisos establecidos en una minuta firmada el pasado 20 de noviembre no han sido cumplidos. De esta forma, proceder\u00e1n [&hellip;]\" \/>\n<meta property=\"og:url\" content=\"https:\/\/www.bbmnoticias.com\/productores-toman-casetas-por-incumplimiento-de-acuerdos\/\" \/>\n<meta property=\"og:site_name\" content=\"LA BRAVA RADIO\" \/>\n<meta property=\"article:published_time\" content=\"2025-12-01T14:38:46+00:00\" \/>\n<meta property=\"article:modified_time\" content=\"2025-12-01T14:38:49+00:00\" \/>\n<meta property=\"og:image\" content=\"https:\/\/www.bbmnoticias.com\/labravaradiofm\/wp-content\/uploads\/sites\/5\/2025\/12\/productores-agricolas-toman-la-caseta-de-calera-en-zacatecas.jpg\" \/>\n\t<meta property=\"og:image:width\" content=\"1200\" \/>\n\t<meta property=\"og:image:height\" content=\"740\" \/>\n\t<meta property=\"og:image:type\" content=\"image\/jpeg\" \/>\n<meta name=\"author\" content=\"Agencias\" \/>\n<meta name=\"twitter:card\" content=\"summary_large_image\" \/>\n<meta name=\"twitter:label1\" content=\"Escrito por\" \/>\n\t<meta name=\"twitter:data1\" content=\"Agencias\" \/>\n\t<meta name=\"twitter:label2\" content=\"Tiempo de lectura\" \/>\n\t<meta name=\"twitter:data2\" content=\"1 minuto\" \/>\n<script type=\"application\/ld+json\" class=\"yoast-schema-graph\">{\"@context\":\"https:\\\/\\\/schema.org\",\"@graph\":[{\"@type\":\"Article\",\"@id\":\"https:\\\/\\\/www.bbmnoticias.com\\\/productores-toman-casetas-por-incumplimiento-de-acuerdos\\\/#article\",\"isPartOf\":{\"@id\":\"https:\\\/\\\/www.bbmnoticias.com\\\/labravaradiofm\\\/2025\\\/12\\\/01\\\/productores-toman-casetas-por-incumplimiento-de-acuerdos\\\/\"},\"author\":{\"name\":\"Agencias\",\"@id\":\"https:\\\/\\\/www.bbmnoticias.com\\\/labravaradiofm\\\/#\\\/schema\\\/person\\\/000bdaf0a8fb5bff0d537c4d0778e33f\"},\"headline\":\"Productores toman casetas por incumplimiento de acuerdos\",\"datePublished\":\"2025-12-01T14:38:46+00:00\",\"dateModified\":\"2025-12-01T14:38:49+00:00\",\"mainEntityOfPage\":{\"@id\":\"https:\\\/\\\/www.bbmnoticias.com\\\/labravaradiofm\\\/2025\\\/12\\\/01\\\/productores-toman-casetas-por-incumplimiento-de-acuerdos\\\/\"},\"wordCount\":121,\"image\":{\"@id\":\"https:\\\/\\\/www.bbmnoticias.com\\\/productores-toman-casetas-por-incumplimiento-de-acuerdos\\\/#primaryimage\"},\"thumbnailUrl\":\"https:\\\/\\\/www.bbmnoticias.com\\\/labravaradiofm\\\/wp-content\\\/uploads\\\/sites\\\/5\\\/2025\\\/12\\\/productores-agricolas-toman-la-caseta-de-calera-en-zacatecas.jpg\",\"articleSection\":[\"LOCAL\",\"NACIONAL\"],\"inLanguage\":\"es\"},{\"@type\":\"WebPage\",\"@id\":\"https:\\\/\\\/www.bbmnoticias.com\\\/labravaradiofm\\\/2025\\\/12\\\/01\\\/productores-toman-casetas-por-incumplimiento-de-acuerdos\\\/\",\"url\":\"https:\\\/\\\/www.bbmnoticias.com\\\/productores-toman-casetas-por-incumplimiento-de-acuerdos\\\/\",\"name\":\"Productores toman casetas por incumplimiento de acuerdos - LA BRAVA RADIO\",\"isPartOf\":{\"@id\":\"https:\\\/\\\/www.bbmnoticias.com\\\/labravaradiofm\\\/#website\"},\"primaryImageOfPage\":{\"@id\":\"https:\\\/\\\/www.bbmnoticias.com\\\/productores-toman-casetas-por-incumplimiento-de-acuerdos\\\/#primaryimage\"},\"image\":{\"@id\":\"https:\\\/\\\/www.bbmnoticias.com\\\/productores-toman-casetas-por-incumplimiento-de-acuerdos\\\/#primaryimage\"},\"thumbnailUrl\":\"https:\\\/\\\/www.bbmnoticias.com\\\/labravaradiofm\\\/wp-content\\\/uploads\\\/sites\\\/5\\\/2025\\\/12\\\/productores-agricolas-toman-la-caseta-de-calera-en-zacatecas.jpg\",\"datePublished\":\"2025-12-01T14:38:46+00:00\",\"dateModified\":\"2025-12-01T14:38:49+00:00\",\"author\":{\"@id\":\"https:\\\/\\\/www.bbmnoticias.com\\\/labravaradiofm\\\/#\\\/schema\\\/person\\\/000bdaf0a8fb5bff0d537c4d0778e33f\"},\"breadcrumb\":{\"@id\":\"https:\\\/\\\/www.bbmnoticias.com\\\/productores-toman-casetas-por-incumplimiento-de-acuerdos\\\/#breadcrumb\"},\"inLanguage\":\"es\",\"potentialAction\":[{\"@type\":\"ReadAction\",\"target\":[\"https:\\\/\\\/www.bbmnoticias.com\\\/productores-toman-casetas-por-incumplimiento-de-acuerdos\\\/\"]}]},{\"@type\":\"ImageObject\",\"inLanguage\":\"es\",\"@id\":\"https:\\\/\\\/www.bbmnoticias.com\\\/productores-toman-casetas-por-incumplimiento-de-acuerdos\\\/#primaryimage\",\"url\":\"https:\\\/\\\/www.bbmnoticias.com\\\/labravaradiofm\\\/wp-content\\\/uploads\\\/sites\\\/5\\\/2025\\\/12\\\/productores-agricolas-toman-la-caseta-de-calera-en-zacatecas.jpg\",\"contentUrl\":\"https:\\\/\\\/www.bbmnoticias.com\\\/labravaradiofm\\\/wp-content\\\/uploads\\\/sites\\\/5\\\/2025\\\/12\\\/productores-agricolas-toman-la-caseta-de-calera-en-zacatecas.jpg\",\"width\":1200,\"height\":740},{\"@type\":\"BreadcrumbList\",\"@id\":\"https:\\\/\\\/www.bbmnoticias.com\\\/productores-toman-casetas-por-incumplimiento-de-acuerdos\\\/#breadcrumb\",\"itemListElement\":[{\"@type\":\"ListItem\",\"position\":1,\"name\":\"Inicio\",\"item\":\"https:\\\/\\\/www.bbmnoticias.com\\\/labravaradiofm\\\/\"},{\"@type\":\"ListItem\",\"position\":2,\"name\":\"Productores toman casetas por incumplimiento de acuerdos\"}]},{\"@type\":\"WebSite\",\"@id\":\"https:\\\/\\\/www.bbmnoticias.com\\\/labravaradiofm\\\/#website\",\"url\":\"https:\\\/\\\/www.bbmnoticias.com\\\/labravaradiofm\\\/\",\"name\":\"LA BRAVA RADIO\",\"description\":\"Empresa productora de medios, Radiodifusi\u00f3n, Noticias, tendencias y todo lo que necesitas saber de la pol\u00edtica mexicana e internacional; entretenimiento, espect\u00e1culos, salud y mucho m\u00e1s.\",\"potentialAction\":[{\"@type\":\"SearchAction\",\"target\":{\"@type\":\"EntryPoint\",\"urlTemplate\":\"https:\\\/\\\/www.bbmnoticias.com\\\/labravaradiofm\\\/?s={search_term_string}\"},\"query-input\":{\"@type\":\"PropertyValueSpecification\",\"valueRequired\":true,\"valueName\":\"search_term_string\"}}],\"inLanguage\":\"es\"},{\"@type\":\"Person\",\"@id\":\"https:\\\/\\\/www.bbmnoticias.com\\\/labravaradiofm\\\/#\\\/schema\\\/person\\\/000bdaf0a8fb5bff0d537c4d0778e33f\",\"name\":\"Agencias\",\"image\":{\"@type\":\"ImageObject\",\"inLanguage\":\"es\",\"@id\":\"https:\\\/\\\/secure.gravatar.com\\\/avatar\\\/739e0b61adf9e398b425c36718c8752286da0e8cd90f20ce9a86678abc26aa0d?s=96&d=mm&r=g\",\"url\":\"https:\\\/\\\/secure.gravatar.com\\\/avatar\\\/739e0b61adf9e398b425c36718c8752286da0e8cd90f20ce9a86678abc26aa0d?s=96&d=mm&r=g\",\"contentUrl\":\"https:\\\/\\\/secure.gravatar.com\\\/avatar\\\/739e0b61adf9e398b425c36718c8752286da0e8cd90f20ce9a86678abc26aa0d?s=96&d=mm&r=g\",\"caption\":\"Agencias\"},\"url\":\"https:\\\/\\\/www.bbmnoticias.com\\\/labravaradiofm\\\/author\\\/agencias\\\/\"}]}<\/script>\n<!-- \/ Yoast SEO plugin. -->","yoast_head_json":{"title":"Productores toman casetas por incumplimiento de acuerdos - LA BRAVA RADIO","robots":{"index":"index","follow":"follow","max-snippet":"max-snippet:-1","max-image-preview":"max-image-preview:large","max-video-preview":"max-video-preview:-1"},"canonical":"https:\/\/www.bbmnoticias.com\/productores-toman-casetas-por-incumplimiento-de-acuerdos\/","og_locale":"es_MX","og_type":"article","og_title":"Productores toman casetas por incumplimiento de acuerdos - LA BRAVA RADIO","og_description":"Productores agr\u00edcolas llevar\u00e1n a cabo hoy lunes 1 de diciembre una jornada de toma de casetas, ante el incumplimiento de acuerdos por parte de autoridades federales. La Uni\u00f3n de Pozos Agr\u00edcolas de Zacatecas denunci\u00f3 que los compromisos establecidos en una minuta firmada el pasado 20 de noviembre no han sido cumplidos. De esta forma, proceder\u00e1n [&hellip;]","og_url":"https:\/\/www.bbmnoticias.com\/productores-toman-casetas-por-incumplimiento-de-acuerdos\/","og_site_name":"LA BRAVA RADIO","article_published_time":"2025-12-01T14:38:46+00:00","article_modified_time":"2025-12-01T14:38:49+00:00","og_image":[{"width":1200,"height":740,"url":"https:\/\/www.bbmnoticias.com\/labravaradiofm\/wp-content\/uploads\/sites\/5\/2025\/12\/productores-agricolas-toman-la-caseta-de-calera-en-zacatecas.jpg","type":"image\/jpeg"}],"author":"Agencias","twitter_card":"summary_large_image","twitter_misc":{"Escrito por":"Agencias","Tiempo de lectura":"1 minuto"},"schema":{"@context":"https:\/\/schema.org","@graph":[{"@type":"Article","@id":"https:\/\/www.bbmnoticias.com\/productores-toman-casetas-por-incumplimiento-de-acuerdos\/#article","isPartOf":{"@id":"https:\/\/www.bbmnoticias.com\/labravaradiofm\/2025\/12\/01\/productores-toman-casetas-por-incumplimiento-de-acuerdos\/"},"author":{"name":"Agencias","@id":"https:\/\/www.bbmnoticias.com\/labravaradiofm\/#\/schema\/person\/000bdaf0a8fb5bff0d537c4d0778e33f"},"headline":"Productores toman casetas por incumplimiento de acuerdos","datePublished":"2025-12-01T14:38:46+00:00","dateModified":"2025-12-01T14:38:49+00:00","mainEntityOfPage":{"@id":"https:\/\/www.bbmnoticias.com\/labravaradiofm\/2025\/12\/01\/productores-toman-casetas-por-incumplimiento-de-acuerdos\/"},"wordCount":121,"image":{"@id":"https:\/\/www.bbmnoticias.com\/productores-toman-casetas-por-incumplimiento-de-acuerdos\/#primaryimage"},"thumbnailUrl":"https:\/\/www.bbmnoticias.com\/labravaradiofm\/wp-content\/uploads\/sites\/5\/2025\/12\/productores-agricolas-toman-la-caseta-de-calera-en-zacatecas.jpg","articleSection":["LOCAL","NACIONAL"],"inLanguage":"es"},{"@type":"WebPage","@id":"https:\/\/www.bbmnoticias.com\/labravaradiofm\/2025\/12\/01\/productores-toman-casetas-por-incumplimiento-de-acuerdos\/","url":"https:\/\/www.bbmnoticias.com\/productores-toman-casetas-por-incumplimiento-de-acuerdos\/","name":"Productores toman casetas por incumplimiento de acuerdos - LA BRAVA RADIO","isPartOf":{"@id":"https:\/\/www.bbmnoticias.com\/labravaradiofm\/#website"},"primaryImageOfPage":{"@id":"https:\/\/www.bbmnoticias.com\/productores-toman-casetas-por-incumplimiento-de-acuerdos\/#primaryimage"},"image":{"@id":"https:\/\/www.bbmnoticias.com\/productores-toman-casetas-por-incumplimiento-de-acuerdos\/#primaryimage"},"thumbnailUrl":"https:\/\/www.bbmnoticias.com\/labravaradiofm\/wp-content\/uploads\/sites\/5\/2025\/12\/productores-agricolas-toman-la-caseta-de-calera-en-zacatecas.jpg","datePublished":"2025-12-01T14:38:46+00:00","dateModified":"2025-12-01T14:38:49+00:00","author":{"@id":"https:\/\/www.bbmnoticias.com\/labravaradiofm\/#\/schema\/person\/000bdaf0a8fb5bff0d537c4d0778e33f"},"breadcrumb":{"@id":"https:\/\/www.bbmnoticias.com\/productores-toman-casetas-por-incumplimiento-de-acuerdos\/#breadcrumb"},"inLanguage":"es","potentialAction":[{"@type":"ReadAction","target":["https:\/\/www.bbmnoticias.com\/productores-toman-casetas-por-incumplimiento-de-acuerdos\/"]}]},{"@type":"ImageObject","inLanguage":"es","@id":"https:\/\/www.bbmnoticias.com\/productores-toman-casetas-por-incumplimiento-de-acuerdos\/#primaryimage","url":"https:\/\/www.bbmnoticias.com\/labravaradiofm\/wp-content\/uploads\/sites\/5\/2025\/12\/productores-agricolas-toman-la-caseta-de-calera-en-zacatecas.jpg","contentUrl":"https:\/\/www.bbmnoticias.com\/labravaradiofm\/wp-content\/uploads\/sites\/5\/2025\/12\/productores-agricolas-toman-la-caseta-de-calera-en-zacatecas.jpg","width":1200,"height":740},{"@type":"BreadcrumbList","@id":"https:\/\/www.bbmnoticias.com\/productores-toman-casetas-por-incumplimiento-de-acuerdos\/#breadcrumb","itemListElement":[{"@type":"ListItem","position":1,"name":"Inicio","item":"https:\/\/www.bbmnoticias.com\/labravaradiofm\/"},{"@type":"ListItem","position":2,"name":"Productores toman casetas por incumplimiento de acuerdos"}]},{"@type":"WebSite","@id":"https:\/\/www.bbmnoticias.com\/labravaradiofm\/#website","url":"https:\/\/www.bbmnoticias.com\/labravaradiofm\/","name":"LA BRAVA RADIO","description":"Empresa productora de medios, Radiodifusi\u00f3n, Noticias, tendencias y todo lo que necesitas saber de la pol\u00edtica mexicana e internacional; entretenimiento, espect\u00e1culos, salud y mucho m\u00e1s.","potentialAction":[{"@type":"SearchAction","target":{"@type":"EntryPoint","urlTemplate":"https:\/\/www.bbmnoticias.com\/labravaradiofm\/?s={search_term_string}"},"query-input":{"@type":"PropertyValueSpecification","valueRequired":true,"valueName":"search_term_string"}}],"inLanguage":"es"},{"@type":"Person","@id":"https:\/\/www.bbmnoticias.com\/labravaradiofm\/#\/schema\/person\/000bdaf0a8fb5bff0d537c4d0778e33f","name":"Agencias","image":{"@type":"ImageObject","inLanguage":"es","@id":"https:\/\/secure.gravatar.com\/avatar\/739e0b61adf9e398b425c36718c8752286da0e8cd90f20ce9a86678abc26aa0d?s=96&d=mm&r=g","url":"https:\/\/secure.gravatar.com\/avatar\/739e0b61adf9e398b425c36718c8752286da0e8cd90f20ce9a86678abc26aa0d?s=96&d=mm&r=g","contentUrl":"https:\/\/secure.gravatar.com\/avatar\/739e0b61adf9e398b425c36718c8752286da0e8cd90f20ce9a86678abc26aa0d?s=96&d=mm&r=g","caption":"Agencias"},"url":"https:\/\/www.bbmnoticias.com\/labravaradiofm\/author\/agencias\/"}]}},"_links":{"self":[{"href":"https:\/\/www.bbmnoticias.com\/labravaradiofm\/wp-json\/wp\/v2\/posts\/70589","targetHints":{"allow":["GET"]}}],"collection":[{"href":"https:\/\/www.bbmnoticias.com\/labravaradiofm\/wp-json\/wp\/v2\/posts"}],"about":[{"href":"https:\/\/www.bbmnoticias.com\/labravaradiofm\/wp-json\/wp\/v2\/types\/post"}],"author":[{"embeddable":true,"href":"https:\/\/www.bbmnoticias.com\/labravaradiofm\/wp-json\/wp\/v2\/users\/4"}],"replies":[{"embeddable":true,"href":"https:\/\/www.bbmnoticias.com\/labravaradiofm\/wp-json\/wp\/v2\/comments?post=70589"}],"version-history":[{"count":0,"href":"https:\/\/www.bbmnoticias.com\/labravaradiofm\/wp-json\/wp\/v2\/posts\/70589\/revisions"}],"wp:featuredmedia":[{"embeddable":true,"href":"https:\/\/www.bbmnoticias.com\/labravaradiofm\/wp-json\/wp\/v2\/media\/70591"}],"wp:attachment":[{"href":"https:\/\/www.bbmnoticias.com\/labravaradiofm\/wp-json\/wp\/v2\/media?parent=70589"}],"wp:term":[{"taxonomy":"category","embeddable":true,"href":"https:\/\/www.bbmnoticias.com\/labravaradiofm\/wp-json\/wp\/v2\/categories?post=70589"},{"taxonomy":"post_tag","embeddable":true,"href":"https:\/\/www.bbmnoticias.com\/labravaradiofm\/wp-json\/wp\/v2\/tags?post=70589"}],"curies":[{"name":"wp","href":"https:\/\/api.w.org\/{rel}","templated":true}]}}