{"id":70580,"date":"2025-11-30T07:53:00","date_gmt":"2025-11-30T13:53:00","guid":{"rendered":"https:\/\/www.bbmnoticias.com\/labravaradiofm\/2025\/11\/30\/avanzan-en-paz-asambleas-electivas-en-municipios-de-sistemas-normativos-internos-sego\/"},"modified":"2025-12-01T08:06:33","modified_gmt":"2025-12-01T14:06:33","slug":"avanzan-en-paz-asambleas-electivas-en-municipios-de-sistemas-normativos-internos-sego","status":"publish","type":"post","link":"https:\/\/www.bbmnoticias.com\/labravaradiofm\/2025\/11\/30\/avanzan-en-paz-asambleas-electivas-en-municipios-de-sistemas-normativos-internos-sego\/","title":{"rendered":"Avanzan en paz asambleas electivas en municipios de Sistemas Normativos Internos: Sego"},"content":{"rendered":"<div style=\"margin-top: 0px; margin-bottom: 0px;\" class=\"sharethis-inline-share-buttons\" ><\/div>\n<p>Oaxaca de Ju\u00e1rez, Oax.- La Secretar\u00eda de Gobierno (Sego) informa que, para este domingo, se tienen programadas ocho asambleas electivas en municipios que se rigen por Sistemas Normativos Internos (SNI).<\/p>\n\n\n\n<p>Al corte de este d\u00eda, se han realizado 366 elecciones de autoridades municipales en diferentes regiones de Oaxaca, lo que representa un 88.62 por ciento del total previstas para este a\u00f1o.<\/p>\n\n\n\n<p>De acuerdo con el reporte de la Mesa Operativa de Seguimiento Electoral (MOSE), las asambleas electivas de hoy se realizar\u00e1n en las localidades: San Agust\u00edn de las Juntas, San Juan Lalana, San Mart\u00edn Peras, Zapotitl\u00e1n Palmas, Santiago Xanica, San Jos\u00e9 del Progreso, San Agust\u00edn Etla y San Francisco Tlapancingo.<\/p>\n\n\n\n<p>Durante esta jornada se mantendr\u00e1 el despliegue interinstitucional de seguridad a cargo de la Guardia Nacional, la Secretar\u00eda de Seguridad y Protecci\u00f3n Ciudadana, y la Fiscal\u00eda General del Estado de Oaxaca; con el objetivo de asegurar que los comicios se desarrollen en un entorno de tranquilidad y pleno respeto.<\/p>\n\n\n\n<p>La Sego en coordinaci\u00f3n con la MOSE, fortalecen condiciones de paz y gobernabilidad, garantizando que las comunidades puedan expresar de manera libre, ordenada y segura su voluntad durante estos procesos democr\u00e1ticos.<\/p>\n","protected":false},"excerpt":{"rendered":"<p>Oaxaca de Ju\u00e1rez, Oax.- La Secretar\u00eda de Gobierno (Sego) informa que, para este domingo, se tienen programadas ocho asambleas electivas en municipios que se rigen por Sistemas Normativos Internos (SNI). Al corte de este d\u00eda, se han realizado 366 elecciones de autoridades municipales en diferentes regiones de Oaxaca, lo que representa un 88.62 por ciento [&hellip;]<\/p>\n","protected":false},"author":2,"featured_media":70582,"comment_status":"closed","ping_status":"","sticky":false,"template":"","format":"standard","meta":{"footnotes":""},"categories":[2],"tags":[],"class_list":{"0":"post-70580","1":"post","2":"type-post","3":"status-publish","4":"format-standard","5":"has-post-thumbnail","7":"category-oaxaca"},"yoast_head":"<!-- This site is optimized with the Yoast SEO plugin v27.4 - https:\/\/yoast.com\/product\/yoast-seo-wordpress\/ -->\n<title>Avanzan en paz asambleas electivas en municipios de Sistemas Normativos Internos: Sego - LA BRAVA RADIO<\/title>\n<meta name=\"robots\" content=\"index, follow, max-snippet:-1, max-image-preview:large, max-video-preview:-1\" \/>\n<link rel=\"canonical\" href=\"https:\/\/www.bbmnoticias.com\/avanzan-en-paz-asambleas-electivas-en-municipios-de-sistemas-normativos-internos-sego\/\" \/>\n<meta property=\"og:locale\" content=\"es_MX\" \/>\n<meta property=\"og:type\" content=\"article\" \/>\n<meta property=\"og:title\" content=\"Avanzan en paz asambleas electivas en municipios de Sistemas Normativos Internos: Sego - LA BRAVA RADIO\" \/>\n<meta property=\"og:description\" content=\"Oaxaca de Ju\u00e1rez, Oax.- La Secretar\u00eda de Gobierno (Sego) informa que, para este domingo, se tienen programadas ocho asambleas electivas en municipios que se rigen por Sistemas Normativos Internos (SNI). Al corte de este d\u00eda, se han realizado 366 elecciones de autoridades municipales en diferentes regiones de Oaxaca, lo que representa un 88.62 por ciento [&hellip;]\" \/>\n<meta property=\"og:url\" content=\"https:\/\/www.bbmnoticias.com\/avanzan-en-paz-asambleas-electivas-en-municipios-de-sistemas-normativos-internos-sego\/\" \/>\n<meta property=\"og:site_name\" content=\"LA BRAVA RADIO\" \/>\n<meta property=\"article:published_time\" content=\"2025-11-30T13:53:00+00:00\" \/>\n<meta property=\"article:modified_time\" content=\"2025-12-01T14:06:33+00:00\" \/>\n<meta property=\"og:image\" content=\"https:\/\/www.bbmnoticias.com\/labravaradiofm\/wp-content\/uploads\/sites\/5\/2025\/12\/sego_avanza.jpg\" \/>\n\t<meta property=\"og:image:width\" content=\"800\" \/>\n\t<meta property=\"og:image:height\" content=\"481\" \/>\n\t<meta property=\"og:image:type\" content=\"image\/jpeg\" \/>\n<meta name=\"author\" content=\"Staff\" \/>\n<meta name=\"twitter:card\" content=\"summary_large_image\" \/>\n<meta name=\"twitter:label1\" content=\"Escrito por\" \/>\n\t<meta name=\"twitter:data1\" content=\"Staff\" \/>\n\t<meta name=\"twitter:label2\" content=\"Tiempo de lectura\" \/>\n\t<meta name=\"twitter:data2\" content=\"1 minuto\" \/>\n<script type=\"application\/ld+json\" class=\"yoast-schema-graph\">{\"@context\":\"https:\\\/\\\/schema.org\",\"@graph\":[{\"@type\":\"Article\",\"@id\":\"https:\\\/\\\/www.bbmnoticias.com\\\/avanzan-en-paz-asambleas-electivas-en-municipios-de-sistemas-normativos-internos-sego\\\/#article\",\"isPartOf\":{\"@id\":\"https:\\\/\\\/www.bbmnoticias.com\\\/labravaradiofm\\\/2025\\\/11\\\/30\\\/avanzan-en-paz-asambleas-electivas-en-municipios-de-sistemas-normativos-internos-sego\\\/\"},\"author\":{\"name\":\"Staff\",\"@id\":\"https:\\\/\\\/www.bbmnoticias.com\\\/labravaradiofm\\\/#\\\/schema\\\/person\\\/68a9e9036ef3c5b55aeb2b71dc8bab45\"},\"headline\":\"Avanzan en paz asambleas electivas en municipios de Sistemas Normativos Internos: Sego\",\"datePublished\":\"2025-11-30T13:53:00+00:00\",\"dateModified\":\"2025-12-01T14:06:33+00:00\",\"mainEntityOfPage\":{\"@id\":\"https:\\\/\\\/www.bbmnoticias.com\\\/labravaradiofm\\\/2025\\\/11\\\/30\\\/avanzan-en-paz-asambleas-electivas-en-municipios-de-sistemas-normativos-internos-sego\\\/\"},\"wordCount\":215,\"image\":{\"@id\":\"https:\\\/\\\/www.bbmnoticias.com\\\/avanzan-en-paz-asambleas-electivas-en-municipios-de-sistemas-normativos-internos-sego\\\/#primaryimage\"},\"thumbnailUrl\":\"https:\\\/\\\/www.bbmnoticias.com\\\/labravaradiofm\\\/wp-content\\\/uploads\\\/sites\\\/5\\\/2025\\\/12\\\/sego_avanza.jpg\",\"articleSection\":[\"LOCAL\"],\"inLanguage\":\"es\"},{\"@type\":\"WebPage\",\"@id\":\"https:\\\/\\\/www.bbmnoticias.com\\\/labravaradiofm\\\/2025\\\/11\\\/30\\\/avanzan-en-paz-asambleas-electivas-en-municipios-de-sistemas-normativos-internos-sego\\\/\",\"url\":\"https:\\\/\\\/www.bbmnoticias.com\\\/avanzan-en-paz-asambleas-electivas-en-municipios-de-sistemas-normativos-internos-sego\\\/\",\"name\":\"Avanzan en paz asambleas electivas en municipios de Sistemas Normativos Internos: Sego - LA BRAVA RADIO\",\"isPartOf\":{\"@id\":\"https:\\\/\\\/www.bbmnoticias.com\\\/labravaradiofm\\\/#website\"},\"primaryImageOfPage\":{\"@id\":\"https:\\\/\\\/www.bbmnoticias.com\\\/avanzan-en-paz-asambleas-electivas-en-municipios-de-sistemas-normativos-internos-sego\\\/#primaryimage\"},\"image\":{\"@id\":\"https:\\\/\\\/www.bbmnoticias.com\\\/avanzan-en-paz-asambleas-electivas-en-municipios-de-sistemas-normativos-internos-sego\\\/#primaryimage\"},\"thumbnailUrl\":\"https:\\\/\\\/www.bbmnoticias.com\\\/labravaradiofm\\\/wp-content\\\/uploads\\\/sites\\\/5\\\/2025\\\/12\\\/sego_avanza.jpg\",\"datePublished\":\"2025-11-30T13:53:00+00:00\",\"dateModified\":\"2025-12-01T14:06:33+00:00\",\"author\":{\"@id\":\"https:\\\/\\\/www.bbmnoticias.com\\\/labravaradiofm\\\/#\\\/schema\\\/person\\\/68a9e9036ef3c5b55aeb2b71dc8bab45\"},\"breadcrumb\":{\"@id\":\"https:\\\/\\\/www.bbmnoticias.com\\\/avanzan-en-paz-asambleas-electivas-en-municipios-de-sistemas-normativos-internos-sego\\\/#breadcrumb\"},\"inLanguage\":\"es\",\"potentialAction\":[{\"@type\":\"ReadAction\",\"target\":[\"https:\\\/\\\/www.bbmnoticias.com\\\/avanzan-en-paz-asambleas-electivas-en-municipios-de-sistemas-normativos-internos-sego\\\/\"]}]},{\"@type\":\"ImageObject\",\"inLanguage\":\"es\",\"@id\":\"https:\\\/\\\/www.bbmnoticias.com\\\/avanzan-en-paz-asambleas-electivas-en-municipios-de-sistemas-normativos-internos-sego\\\/#primaryimage\",\"url\":\"https:\\\/\\\/www.bbmnoticias.com\\\/labravaradiofm\\\/wp-content\\\/uploads\\\/sites\\\/5\\\/2025\\\/12\\\/sego_avanza.jpg\",\"contentUrl\":\"https:\\\/\\\/www.bbmnoticias.com\\\/labravaradiofm\\\/wp-content\\\/uploads\\\/sites\\\/5\\\/2025\\\/12\\\/sego_avanza.jpg\",\"width\":800,\"height\":481},{\"@type\":\"BreadcrumbList\",\"@id\":\"https:\\\/\\\/www.bbmnoticias.com\\\/avanzan-en-paz-asambleas-electivas-en-municipios-de-sistemas-normativos-internos-sego\\\/#breadcrumb\",\"itemListElement\":[{\"@type\":\"ListItem\",\"position\":1,\"name\":\"Inicio\",\"item\":\"https:\\\/\\\/www.bbmnoticias.com\\\/labravaradiofm\\\/\"},{\"@type\":\"ListItem\",\"position\":2,\"name\":\"Avanzan en paz asambleas electivas en municipios de Sistemas Normativos Internos: Sego\"}]},{\"@type\":\"WebSite\",\"@id\":\"https:\\\/\\\/www.bbmnoticias.com\\\/labravaradiofm\\\/#website\",\"url\":\"https:\\\/\\\/www.bbmnoticias.com\\\/labravaradiofm\\\/\",\"name\":\"LA BRAVA RADIO\",\"description\":\"Empresa productora de medios, Radiodifusi\u00f3n, Noticias, tendencias y todo lo que necesitas saber de la pol\u00edtica mexicana e internacional; entretenimiento, espect\u00e1culos, salud y mucho m\u00e1s.\",\"potentialAction\":[{\"@type\":\"SearchAction\",\"target\":{\"@type\":\"EntryPoint\",\"urlTemplate\":\"https:\\\/\\\/www.bbmnoticias.com\\\/labravaradiofm\\\/?s={search_term_string}\"},\"query-input\":{\"@type\":\"PropertyValueSpecification\",\"valueRequired\":true,\"valueName\":\"search_term_string\"}}],\"inLanguage\":\"es\"},{\"@type\":\"Person\",\"@id\":\"https:\\\/\\\/www.bbmnoticias.com\\\/labravaradiofm\\\/#\\\/schema\\\/person\\\/68a9e9036ef3c5b55aeb2b71dc8bab45\",\"name\":\"Staff\",\"image\":{\"@type\":\"ImageObject\",\"inLanguage\":\"es\",\"@id\":\"https:\\\/\\\/secure.gravatar.com\\\/avatar\\\/fdd21ad66fd8b98c407f9dee5b5e588cfe7f0d8579ec20fa6527cd59bab7f0f0?s=96&d=mm&r=g\",\"url\":\"https:\\\/\\\/secure.gravatar.com\\\/avatar\\\/fdd21ad66fd8b98c407f9dee5b5e588cfe7f0d8579ec20fa6527cd59bab7f0f0?s=96&d=mm&r=g\",\"contentUrl\":\"https:\\\/\\\/secure.gravatar.com\\\/avatar\\\/fdd21ad66fd8b98c407f9dee5b5e588cfe7f0d8579ec20fa6527cd59bab7f0f0?s=96&d=mm&r=g\",\"caption\":\"Staff\"},\"url\":\"https:\\\/\\\/www.bbmnoticias.com\\\/labravaradiofm\\\/author\\\/redaccion\\\/\"}]}<\/script>\n<!-- \/ Yoast SEO plugin. -->","yoast_head_json":{"title":"Avanzan en paz asambleas electivas en municipios de Sistemas Normativos Internos: Sego - LA BRAVA RADIO","robots":{"index":"index","follow":"follow","max-snippet":"max-snippet:-1","max-image-preview":"max-image-preview:large","max-video-preview":"max-video-preview:-1"},"canonical":"https:\/\/www.bbmnoticias.com\/avanzan-en-paz-asambleas-electivas-en-municipios-de-sistemas-normativos-internos-sego\/","og_locale":"es_MX","og_type":"article","og_title":"Avanzan en paz asambleas electivas en municipios de Sistemas Normativos Internos: Sego - LA BRAVA RADIO","og_description":"Oaxaca de Ju\u00e1rez, Oax.- La Secretar\u00eda de Gobierno (Sego) informa que, para este domingo, se tienen programadas ocho asambleas electivas en municipios que se rigen por Sistemas Normativos Internos (SNI). Al corte de este d\u00eda, se han realizado 366 elecciones de autoridades municipales en diferentes regiones de Oaxaca, lo que representa un 88.62 por ciento [&hellip;]","og_url":"https:\/\/www.bbmnoticias.com\/avanzan-en-paz-asambleas-electivas-en-municipios-de-sistemas-normativos-internos-sego\/","og_site_name":"LA BRAVA RADIO","article_published_time":"2025-11-30T13:53:00+00:00","article_modified_time":"2025-12-01T14:06:33+00:00","og_image":[{"width":800,"height":481,"url":"https:\/\/www.bbmnoticias.com\/labravaradiofm\/wp-content\/uploads\/sites\/5\/2025\/12\/sego_avanza.jpg","type":"image\/jpeg"}],"author":"Staff","twitter_card":"summary_large_image","twitter_misc":{"Escrito por":"Staff","Tiempo de lectura":"1 minuto"},"schema":{"@context":"https:\/\/schema.org","@graph":[{"@type":"Article","@id":"https:\/\/www.bbmnoticias.com\/avanzan-en-paz-asambleas-electivas-en-municipios-de-sistemas-normativos-internos-sego\/#article","isPartOf":{"@id":"https:\/\/www.bbmnoticias.com\/labravaradiofm\/2025\/11\/30\/avanzan-en-paz-asambleas-electivas-en-municipios-de-sistemas-normativos-internos-sego\/"},"author":{"name":"Staff","@id":"https:\/\/www.bbmnoticias.com\/labravaradiofm\/#\/schema\/person\/68a9e9036ef3c5b55aeb2b71dc8bab45"},"headline":"Avanzan en paz asambleas electivas en municipios de Sistemas Normativos Internos: Sego","datePublished":"2025-11-30T13:53:00+00:00","dateModified":"2025-12-01T14:06:33+00:00","mainEntityOfPage":{"@id":"https:\/\/www.bbmnoticias.com\/labravaradiofm\/2025\/11\/30\/avanzan-en-paz-asambleas-electivas-en-municipios-de-sistemas-normativos-internos-sego\/"},"wordCount":215,"image":{"@id":"https:\/\/www.bbmnoticias.com\/avanzan-en-paz-asambleas-electivas-en-municipios-de-sistemas-normativos-internos-sego\/#primaryimage"},"thumbnailUrl":"https:\/\/www.bbmnoticias.com\/labravaradiofm\/wp-content\/uploads\/sites\/5\/2025\/12\/sego_avanza.jpg","articleSection":["LOCAL"],"inLanguage":"es"},{"@type":"WebPage","@id":"https:\/\/www.bbmnoticias.com\/labravaradiofm\/2025\/11\/30\/avanzan-en-paz-asambleas-electivas-en-municipios-de-sistemas-normativos-internos-sego\/","url":"https:\/\/www.bbmnoticias.com\/avanzan-en-paz-asambleas-electivas-en-municipios-de-sistemas-normativos-internos-sego\/","name":"Avanzan en paz asambleas electivas en municipios de Sistemas Normativos Internos: Sego - LA BRAVA RADIO","isPartOf":{"@id":"https:\/\/www.bbmnoticias.com\/labravaradiofm\/#website"},"primaryImageOfPage":{"@id":"https:\/\/www.bbmnoticias.com\/avanzan-en-paz-asambleas-electivas-en-municipios-de-sistemas-normativos-internos-sego\/#primaryimage"},"image":{"@id":"https:\/\/www.bbmnoticias.com\/avanzan-en-paz-asambleas-electivas-en-municipios-de-sistemas-normativos-internos-sego\/#primaryimage"},"thumbnailUrl":"https:\/\/www.bbmnoticias.com\/labravaradiofm\/wp-content\/uploads\/sites\/5\/2025\/12\/sego_avanza.jpg","datePublished":"2025-11-30T13:53:00+00:00","dateModified":"2025-12-01T14:06:33+00:00","author":{"@id":"https:\/\/www.bbmnoticias.com\/labravaradiofm\/#\/schema\/person\/68a9e9036ef3c5b55aeb2b71dc8bab45"},"breadcrumb":{"@id":"https:\/\/www.bbmnoticias.com\/avanzan-en-paz-asambleas-electivas-en-municipios-de-sistemas-normativos-internos-sego\/#breadcrumb"},"inLanguage":"es","potentialAction":[{"@type":"ReadAction","target":["https:\/\/www.bbmnoticias.com\/avanzan-en-paz-asambleas-electivas-en-municipios-de-sistemas-normativos-internos-sego\/"]}]},{"@type":"ImageObject","inLanguage":"es","@id":"https:\/\/www.bbmnoticias.com\/avanzan-en-paz-asambleas-electivas-en-municipios-de-sistemas-normativos-internos-sego\/#primaryimage","url":"https:\/\/www.bbmnoticias.com\/labravaradiofm\/wp-content\/uploads\/sites\/5\/2025\/12\/sego_avanza.jpg","contentUrl":"https:\/\/www.bbmnoticias.com\/labravaradiofm\/wp-content\/uploads\/sites\/5\/2025\/12\/sego_avanza.jpg","width":800,"height":481},{"@type":"BreadcrumbList","@id":"https:\/\/www.bbmnoticias.com\/avanzan-en-paz-asambleas-electivas-en-municipios-de-sistemas-normativos-internos-sego\/#breadcrumb","itemListElement":[{"@type":"ListItem","position":1,"name":"Inicio","item":"https:\/\/www.bbmnoticias.com\/labravaradiofm\/"},{"@type":"ListItem","position":2,"name":"Avanzan en paz asambleas electivas en municipios de Sistemas Normativos Internos: Sego"}]},{"@type":"WebSite","@id":"https:\/\/www.bbmnoticias.com\/labravaradiofm\/#website","url":"https:\/\/www.bbmnoticias.com\/labravaradiofm\/","name":"LA BRAVA RADIO","description":"Empresa productora de medios, Radiodifusi\u00f3n, Noticias, tendencias y todo lo que necesitas saber de la pol\u00edtica mexicana e internacional; entretenimiento, espect\u00e1culos, salud y mucho m\u00e1s.","potentialAction":[{"@type":"SearchAction","target":{"@type":"EntryPoint","urlTemplate":"https:\/\/www.bbmnoticias.com\/labravaradiofm\/?s={search_term_string}"},"query-input":{"@type":"PropertyValueSpecification","valueRequired":true,"valueName":"search_term_string"}}],"inLanguage":"es"},{"@type":"Person","@id":"https:\/\/www.bbmnoticias.com\/labravaradiofm\/#\/schema\/person\/68a9e9036ef3c5b55aeb2b71dc8bab45","name":"Staff","image":{"@type":"ImageObject","inLanguage":"es","@id":"https:\/\/secure.gravatar.com\/avatar\/fdd21ad66fd8b98c407f9dee5b5e588cfe7f0d8579ec20fa6527cd59bab7f0f0?s=96&d=mm&r=g","url":"https:\/\/secure.gravatar.com\/avatar\/fdd21ad66fd8b98c407f9dee5b5e588cfe7f0d8579ec20fa6527cd59bab7f0f0?s=96&d=mm&r=g","contentUrl":"https:\/\/secure.gravatar.com\/avatar\/fdd21ad66fd8b98c407f9dee5b5e588cfe7f0d8579ec20fa6527cd59bab7f0f0?s=96&d=mm&r=g","caption":"Staff"},"url":"https:\/\/www.bbmnoticias.com\/labravaradiofm\/author\/redaccion\/"}]}},"_links":{"self":[{"href":"https:\/\/www.bbmnoticias.com\/labravaradiofm\/wp-json\/wp\/v2\/posts\/70580","targetHints":{"allow":["GET"]}}],"collection":[{"href":"https:\/\/www.bbmnoticias.com\/labravaradiofm\/wp-json\/wp\/v2\/posts"}],"about":[{"href":"https:\/\/www.bbmnoticias.com\/labravaradiofm\/wp-json\/wp\/v2\/types\/post"}],"author":[{"embeddable":true,"href":"https:\/\/www.bbmnoticias.com\/labravaradiofm\/wp-json\/wp\/v2\/users\/2"}],"replies":[{"embeddable":true,"href":"https:\/\/www.bbmnoticias.com\/labravaradiofm\/wp-json\/wp\/v2\/comments?post=70580"}],"version-history":[{"count":0,"href":"https:\/\/www.bbmnoticias.com\/labravaradiofm\/wp-json\/wp\/v2\/posts\/70580\/revisions"}],"wp:featuredmedia":[{"embeddable":true,"href":"https:\/\/www.bbmnoticias.com\/labravaradiofm\/wp-json\/wp\/v2\/media\/70582"}],"wp:attachment":[{"href":"https:\/\/www.bbmnoticias.com\/labravaradiofm\/wp-json\/wp\/v2\/media?parent=70580"}],"wp:term":[{"taxonomy":"category","embeddable":true,"href":"https:\/\/www.bbmnoticias.com\/labravaradiofm\/wp-json\/wp\/v2\/categories?post=70580"},{"taxonomy":"post_tag","embeddable":true,"href":"https:\/\/www.bbmnoticias.com\/labravaradiofm\/wp-json\/wp\/v2\/tags?post=70580"}],"curies":[{"name":"wp","href":"https:\/\/api.w.org\/{rel}","templated":true}]}}