{"id":70388,"date":"2025-11-27T08:28:55","date_gmt":"2025-11-27T14:28:55","guid":{"rendered":"https:\/\/www.bbmnoticias.com\/labravaradiofm\/2025\/11\/27\/frente-frio-numero-16-generara-lluvias-y-vientos-muy-fuertes-en-oaxaca\/"},"modified":"2025-11-27T08:29:13","modified_gmt":"2025-11-27T14:29:13","slug":"frente-frio-numero-16-generara-lluvias-y-vientos-muy-fuertes-en-oaxaca","status":"publish","type":"post","link":"https:\/\/www.bbmnoticias.com\/labravaradiofm\/2025\/11\/27\/frente-frio-numero-16-generara-lluvias-y-vientos-muy-fuertes-en-oaxaca\/","title":{"rendered":"Frente fr\u00edo n\u00famero 16 generar\u00e1 lluvias y vientos muy fuertes en Oaxaca"},"content":{"rendered":"<div style=\"margin-top: 0px; margin-bottom: 0px;\" class=\"sharethis-inline-share-buttons\" ><\/div>\n<p>Oaxaca de Ju\u00e1rez, Oax.- La Coordinaci\u00f3n Estatal de Protecci\u00f3n Civil y Gesti\u00f3n de Riesgos (CEPCyGR) informa que se prev\u00e9n lluvias fuertes a muy fuertes en la Cuenca del Papaloapan, norte y oriente del Istmo de Tehuantepec, Sierra de Flores Mag\u00f3n y algunas zonas de la Sierra de Ju\u00e1rez; as\u00ed como lloviznas ocasionales en el resto del estado.<\/p>\n\n\n\n<figure class=\"wp-block-embed is-type-rich is-provider-twitter wp-block-embed-twitter\"><div class=\"wp-block-embed__wrapper\">\n<blockquote class=\"twitter-tweet\" data-width=\"550\" data-dnt=\"true\"><p lang=\"es\" dir=\"ltr\">El <a href=\"https:\/\/twitter.com\/hashtag\/FrenteFr%C3%ADo?src=hash&amp;ref_src=twsrc%5Etfw\">#FrenteFr\u00edo<\/a> n\u00fam. 16 ocasionar\u00e1 <a href=\"https:\/\/twitter.com\/hashtag\/Lluvias?src=hash&amp;ref_src=twsrc%5Etfw\">#Lluvias<\/a> de muy fuertes a intensas en regiones de <a href=\"https:\/\/twitter.com\/hashtag\/Hidalgo?src=hash&amp;ref_src=twsrc%5Etfw\">#Hidalgo<\/a>, <a href=\"https:\/\/twitter.com\/hashtag\/Puebla?src=hash&amp;ref_src=twsrc%5Etfw\">#Puebla<\/a>, <a href=\"https:\/\/twitter.com\/hashtag\/Veracruz?src=hash&amp;ref_src=twsrc%5Etfw\">#Veracruz<\/a>, <a href=\"https:\/\/twitter.com\/hashtag\/Oaxaca?src=hash&amp;ref_src=twsrc%5Etfw\">#Oaxaca<\/a>, <a href=\"https:\/\/twitter.com\/hashtag\/Tabasco?src=hash&amp;ref_src=twsrc%5Etfw\">#Tabasco<\/a> y <a href=\"https:\/\/twitter.com\/hashtag\/Chiapas?src=hash&amp;ref_src=twsrc%5Etfw\">#Chiapas<\/a>. M\u00e1s informaci\u00f3n en  \u2b07\ufe0f<a href=\"https:\/\/t.co\/i92gSSeLjB\">https:\/\/t.co\/i92gSSeLjB<\/a> <a href=\"https:\/\/t.co\/uX7eMo6Rgm\">pic.twitter.com\/uX7eMo6Rgm<\/a><\/p>&mdash; CONAGUA Clima (@conagua_clima) <a href=\"https:\/\/twitter.com\/conagua_clima\/status\/1994034357820899805?ref_src=twsrc%5Etfw\">November 27, 2025<\/a><\/blockquote><script async src=\"https:\/\/platform.twitter.com\/widgets.js\" charset=\"utf-8\"><\/script>\n<\/div><\/figure>\n\n\n\n<p>Estas condiciones derivan de la presencia del frente fr\u00edo n\u00famero 16, el cual se extiende sobre el Golfo de M\u00e9xico hasta la Pen\u00ednsula de Yucat\u00e1n, en interacci\u00f3n con un canal de baja presi\u00f3n en el oriente y sureste del pa\u00eds.<\/p>\n\n\n\n<p>La masa de aire polar asociada a este sistema generar\u00e1 un evento de norte muy fuerte, con rachas de viento que alcanzar\u00e1n los 70 a 90 kil\u00f3metros por hora y con posibilidad de intensificarse en el tramo carretero La Venta \u2013 La Ventosa; adem\u00e1s de oleaje elevado en costas y aguas cercanas al Golfo de Tehuantepec.<\/p>\n\n\n\n<p>De acuerdo con el pron\u00f3stico del tiempo emitido por la Comisi\u00f3n Nacional del Agua (Conagua), la influencia de aire fr\u00edo ser\u00e1 m\u00e1s marcada durante esta ma\u00f1ana y noche, con un descenso notable de temperatura en la Mixteca, Sierra de Ju\u00e1rez, Sierra de Flores Mag\u00f3n, Sierra Sur y Valles Centrales.<\/p>\n\n\n\n<p>En zonas superiores a los 2 mil metros de altura, se prev\u00e9n condiciones de fr\u00edo extremo y bancos de niebla muy densos.<\/p>\n\n\n\n<p>Las temperaturas para este d\u00eda son las siguientes:<\/p>\n\n\n\n<p>\u2022Valles Centrales, m\u00ednima de 8 y m\u00e1xima de 25 grados.<br>\u2022Istmo de Tehuantepec, m\u00ednima de 19 y m\u00e1xima de 32 grados.<br>\u2022Cuenca del Papaloapan, m\u00ednima de 15 y m\u00e1xima de 27 grados.<br>\u2022Costa, m\u00ednima de 21 y m\u00e1xima de 32 grados.<br>\u2022Mixteca, m\u00ednima de 6 y m\u00e1xima de 25 grados.<br>\u2022Sierra de Flores Mag\u00f3n, m\u00ednima de 10 y m\u00e1xima de 27 grados.<br>\u2022Sierra de Ju\u00e1rez, m\u00ednima de 6 y m\u00e1xima de 21 grados.<br>\u2022Sierra Sur, m\u00ednima de 7 y m\u00e1xima de 23 grados.<\/p>\n\n\n\n<p>Se exhorta a la poblaci\u00f3n atender las recomendaciones de Protecci\u00f3n Civil y Capitan\u00edas de Puerto, as\u00ed como a mantenerse informada de las condiciones meteorol\u00f3gicas a trav\u00e9s de los medios y redes sociales oficiales: Facebook @CEPCYGRGobOax y en X @CEPCyGR_GobOax<br>.<\/p>\n","protected":false},"excerpt":{"rendered":"<p>Oaxaca de Ju\u00e1rez, Oax.- La Coordinaci\u00f3n Estatal de Protecci\u00f3n Civil y Gesti\u00f3n de Riesgos (CEPCyGR) informa que se prev\u00e9n lluvias fuertes a muy fuertes en la Cuenca del Papaloapan, norte y oriente del Istmo de Tehuantepec, Sierra de Flores Mag\u00f3n y algunas zonas de la Sierra de Ju\u00e1rez; as\u00ed como lloviznas ocasionales en el resto [&hellip;]<\/p>\n","protected":false},"author":2,"featured_media":70390,"comment_status":"closed","ping_status":"","sticky":false,"template":"","format":"standard","meta":{"footnotes":""},"categories":[2],"tags":[],"class_list":{"0":"post-70388","1":"post","2":"type-post","3":"status-publish","4":"format-standard","5":"has-post-thumbnail","7":"category-oaxaca"},"yoast_head":"<!-- This site is optimized with the Yoast SEO plugin v27.4 - https:\/\/yoast.com\/product\/yoast-seo-wordpress\/ -->\n<title>Frente fr\u00edo n\u00famero 16 generar\u00e1 lluvias y vientos muy fuertes en Oaxaca - LA BRAVA RADIO<\/title>\n<meta name=\"robots\" content=\"index, follow, max-snippet:-1, max-image-preview:large, max-video-preview:-1\" \/>\n<link rel=\"canonical\" href=\"https:\/\/www.bbmnoticias.com\/frente-frio-numero-16-generara-lluvias-y-vientos-muy-fuertes-en-oaxaca\/\" \/>\n<meta property=\"og:locale\" content=\"es_MX\" \/>\n<meta property=\"og:type\" content=\"article\" \/>\n<meta property=\"og:title\" content=\"Frente fr\u00edo n\u00famero 16 generar\u00e1 lluvias y vientos muy fuertes en Oaxaca - LA BRAVA RADIO\" \/>\n<meta property=\"og:description\" content=\"Oaxaca de Ju\u00e1rez, Oax.- La Coordinaci\u00f3n Estatal de Protecci\u00f3n Civil y Gesti\u00f3n de Riesgos (CEPCyGR) informa que se prev\u00e9n lluvias fuertes a muy fuertes en la Cuenca del Papaloapan, norte y oriente del Istmo de Tehuantepec, Sierra de Flores Mag\u00f3n y algunas zonas de la Sierra de Ju\u00e1rez; as\u00ed como lloviznas ocasionales en el resto [&hellip;]\" \/>\n<meta property=\"og:url\" content=\"https:\/\/www.bbmnoticias.com\/frente-frio-numero-16-generara-lluvias-y-vientos-muy-fuertes-en-oaxaca\/\" \/>\n<meta property=\"og:site_name\" content=\"LA BRAVA RADIO\" \/>\n<meta property=\"article:published_time\" content=\"2025-11-27T14:28:55+00:00\" \/>\n<meta property=\"article:modified_time\" content=\"2025-11-27T14:29:13+00:00\" \/>\n<meta property=\"og:image\" content=\"https:\/\/www.bbmnoticias.com\/labravaradiofm\/wp-content\/uploads\/sites\/5\/2025\/11\/clima_oaxaca-15.jpg\" \/>\n\t<meta property=\"og:image:width\" content=\"800\" \/>\n\t<meta property=\"og:image:height\" content=\"428\" \/>\n\t<meta property=\"og:image:type\" content=\"image\/jpeg\" \/>\n<meta name=\"author\" content=\"Staff\" \/>\n<meta name=\"twitter:card\" content=\"summary_large_image\" \/>\n<meta name=\"twitter:label1\" content=\"Escrito por\" \/>\n\t<meta name=\"twitter:data1\" content=\"Staff\" \/>\n\t<meta name=\"twitter:label2\" content=\"Tiempo de lectura\" \/>\n\t<meta name=\"twitter:data2\" content=\"2 minutos\" \/>\n<script type=\"application\/ld+json\" class=\"yoast-schema-graph\">{\"@context\":\"https:\\\/\\\/schema.org\",\"@graph\":[{\"@type\":\"Article\",\"@id\":\"https:\\\/\\\/www.bbmnoticias.com\\\/frente-frio-numero-16-generara-lluvias-y-vientos-muy-fuertes-en-oaxaca\\\/#article\",\"isPartOf\":{\"@id\":\"https:\\\/\\\/www.bbmnoticias.com\\\/labravaradiofm\\\/2025\\\/11\\\/27\\\/frente-frio-numero-16-generara-lluvias-y-vientos-muy-fuertes-en-oaxaca\\\/\"},\"author\":{\"name\":\"Staff\",\"@id\":\"https:\\\/\\\/www.bbmnoticias.com\\\/labravaradiofm\\\/#\\\/schema\\\/person\\\/68a9e9036ef3c5b55aeb2b71dc8bab45\"},\"headline\":\"Frente fr\u00edo n\u00famero 16 generar\u00e1 lluvias y vientos muy fuertes en Oaxaca\",\"datePublished\":\"2025-11-27T14:28:55+00:00\",\"dateModified\":\"2025-11-27T14:29:13+00:00\",\"mainEntityOfPage\":{\"@id\":\"https:\\\/\\\/www.bbmnoticias.com\\\/labravaradiofm\\\/2025\\\/11\\\/27\\\/frente-frio-numero-16-generara-lluvias-y-vientos-muy-fuertes-en-oaxaca\\\/\"},\"wordCount\":405,\"image\":{\"@id\":\"https:\\\/\\\/www.bbmnoticias.com\\\/frente-frio-numero-16-generara-lluvias-y-vientos-muy-fuertes-en-oaxaca\\\/#primaryimage\"},\"thumbnailUrl\":\"https:\\\/\\\/www.bbmnoticias.com\\\/labravaradiofm\\\/wp-content\\\/uploads\\\/sites\\\/5\\\/2025\\\/11\\\/clima_oaxaca-15.jpg\",\"articleSection\":[\"LOCAL\"],\"inLanguage\":\"es\"},{\"@type\":\"WebPage\",\"@id\":\"https:\\\/\\\/www.bbmnoticias.com\\\/labravaradiofm\\\/2025\\\/11\\\/27\\\/frente-frio-numero-16-generara-lluvias-y-vientos-muy-fuertes-en-oaxaca\\\/\",\"url\":\"https:\\\/\\\/www.bbmnoticias.com\\\/frente-frio-numero-16-generara-lluvias-y-vientos-muy-fuertes-en-oaxaca\\\/\",\"name\":\"Frente fr\u00edo n\u00famero 16 generar\u00e1 lluvias y vientos muy fuertes en Oaxaca - LA BRAVA RADIO\",\"isPartOf\":{\"@id\":\"https:\\\/\\\/www.bbmnoticias.com\\\/labravaradiofm\\\/#website\"},\"primaryImageOfPage\":{\"@id\":\"https:\\\/\\\/www.bbmnoticias.com\\\/frente-frio-numero-16-generara-lluvias-y-vientos-muy-fuertes-en-oaxaca\\\/#primaryimage\"},\"image\":{\"@id\":\"https:\\\/\\\/www.bbmnoticias.com\\\/frente-frio-numero-16-generara-lluvias-y-vientos-muy-fuertes-en-oaxaca\\\/#primaryimage\"},\"thumbnailUrl\":\"https:\\\/\\\/www.bbmnoticias.com\\\/labravaradiofm\\\/wp-content\\\/uploads\\\/sites\\\/5\\\/2025\\\/11\\\/clima_oaxaca-15.jpg\",\"datePublished\":\"2025-11-27T14:28:55+00:00\",\"dateModified\":\"2025-11-27T14:29:13+00:00\",\"author\":{\"@id\":\"https:\\\/\\\/www.bbmnoticias.com\\\/labravaradiofm\\\/#\\\/schema\\\/person\\\/68a9e9036ef3c5b55aeb2b71dc8bab45\"},\"breadcrumb\":{\"@id\":\"https:\\\/\\\/www.bbmnoticias.com\\\/frente-frio-numero-16-generara-lluvias-y-vientos-muy-fuertes-en-oaxaca\\\/#breadcrumb\"},\"inLanguage\":\"es\",\"potentialAction\":[{\"@type\":\"ReadAction\",\"target\":[\"https:\\\/\\\/www.bbmnoticias.com\\\/frente-frio-numero-16-generara-lluvias-y-vientos-muy-fuertes-en-oaxaca\\\/\"]}]},{\"@type\":\"ImageObject\",\"inLanguage\":\"es\",\"@id\":\"https:\\\/\\\/www.bbmnoticias.com\\\/frente-frio-numero-16-generara-lluvias-y-vientos-muy-fuertes-en-oaxaca\\\/#primaryimage\",\"url\":\"https:\\\/\\\/www.bbmnoticias.com\\\/labravaradiofm\\\/wp-content\\\/uploads\\\/sites\\\/5\\\/2025\\\/11\\\/clima_oaxaca-15.jpg\",\"contentUrl\":\"https:\\\/\\\/www.bbmnoticias.com\\\/labravaradiofm\\\/wp-content\\\/uploads\\\/sites\\\/5\\\/2025\\\/11\\\/clima_oaxaca-15.jpg\",\"width\":800,\"height\":428},{\"@type\":\"BreadcrumbList\",\"@id\":\"https:\\\/\\\/www.bbmnoticias.com\\\/frente-frio-numero-16-generara-lluvias-y-vientos-muy-fuertes-en-oaxaca\\\/#breadcrumb\",\"itemListElement\":[{\"@type\":\"ListItem\",\"position\":1,\"name\":\"Inicio\",\"item\":\"https:\\\/\\\/www.bbmnoticias.com\\\/labravaradiofm\\\/\"},{\"@type\":\"ListItem\",\"position\":2,\"name\":\"Frente fr\u00edo n\u00famero 16 generar\u00e1 lluvias y vientos muy fuertes en Oaxaca\"}]},{\"@type\":\"WebSite\",\"@id\":\"https:\\\/\\\/www.bbmnoticias.com\\\/labravaradiofm\\\/#website\",\"url\":\"https:\\\/\\\/www.bbmnoticias.com\\\/labravaradiofm\\\/\",\"name\":\"LA BRAVA RADIO\",\"description\":\"Empresa productora de medios, Radiodifusi\u00f3n, Noticias, tendencias y todo lo que necesitas saber de la pol\u00edtica mexicana e internacional; entretenimiento, espect\u00e1culos, salud y mucho m\u00e1s.\",\"potentialAction\":[{\"@type\":\"SearchAction\",\"target\":{\"@type\":\"EntryPoint\",\"urlTemplate\":\"https:\\\/\\\/www.bbmnoticias.com\\\/labravaradiofm\\\/?s={search_term_string}\"},\"query-input\":{\"@type\":\"PropertyValueSpecification\",\"valueRequired\":true,\"valueName\":\"search_term_string\"}}],\"inLanguage\":\"es\"},{\"@type\":\"Person\",\"@id\":\"https:\\\/\\\/www.bbmnoticias.com\\\/labravaradiofm\\\/#\\\/schema\\\/person\\\/68a9e9036ef3c5b55aeb2b71dc8bab45\",\"name\":\"Staff\",\"image\":{\"@type\":\"ImageObject\",\"inLanguage\":\"es\",\"@id\":\"https:\\\/\\\/secure.gravatar.com\\\/avatar\\\/fdd21ad66fd8b98c407f9dee5b5e588cfe7f0d8579ec20fa6527cd59bab7f0f0?s=96&d=mm&r=g\",\"url\":\"https:\\\/\\\/secure.gravatar.com\\\/avatar\\\/fdd21ad66fd8b98c407f9dee5b5e588cfe7f0d8579ec20fa6527cd59bab7f0f0?s=96&d=mm&r=g\",\"contentUrl\":\"https:\\\/\\\/secure.gravatar.com\\\/avatar\\\/fdd21ad66fd8b98c407f9dee5b5e588cfe7f0d8579ec20fa6527cd59bab7f0f0?s=96&d=mm&r=g\",\"caption\":\"Staff\"},\"url\":\"https:\\\/\\\/www.bbmnoticias.com\\\/labravaradiofm\\\/author\\\/redaccion\\\/\"}]}<\/script>\n<!-- \/ Yoast SEO plugin. -->","yoast_head_json":{"title":"Frente fr\u00edo n\u00famero 16 generar\u00e1 lluvias y vientos muy fuertes en Oaxaca - LA BRAVA RADIO","robots":{"index":"index","follow":"follow","max-snippet":"max-snippet:-1","max-image-preview":"max-image-preview:large","max-video-preview":"max-video-preview:-1"},"canonical":"https:\/\/www.bbmnoticias.com\/frente-frio-numero-16-generara-lluvias-y-vientos-muy-fuertes-en-oaxaca\/","og_locale":"es_MX","og_type":"article","og_title":"Frente fr\u00edo n\u00famero 16 generar\u00e1 lluvias y vientos muy fuertes en Oaxaca - LA BRAVA RADIO","og_description":"Oaxaca de Ju\u00e1rez, Oax.- La Coordinaci\u00f3n Estatal de Protecci\u00f3n Civil y Gesti\u00f3n de Riesgos (CEPCyGR) informa que se prev\u00e9n lluvias fuertes a muy fuertes en la Cuenca del Papaloapan, norte y oriente del Istmo de Tehuantepec, Sierra de Flores Mag\u00f3n y algunas zonas de la Sierra de Ju\u00e1rez; as\u00ed como lloviznas ocasionales en el resto [&hellip;]","og_url":"https:\/\/www.bbmnoticias.com\/frente-frio-numero-16-generara-lluvias-y-vientos-muy-fuertes-en-oaxaca\/","og_site_name":"LA BRAVA RADIO","article_published_time":"2025-11-27T14:28:55+00:00","article_modified_time":"2025-11-27T14:29:13+00:00","og_image":[{"width":800,"height":428,"url":"https:\/\/www.bbmnoticias.com\/labravaradiofm\/wp-content\/uploads\/sites\/5\/2025\/11\/clima_oaxaca-15.jpg","type":"image\/jpeg"}],"author":"Staff","twitter_card":"summary_large_image","twitter_misc":{"Escrito por":"Staff","Tiempo de lectura":"2 minutos"},"schema":{"@context":"https:\/\/schema.org","@graph":[{"@type":"Article","@id":"https:\/\/www.bbmnoticias.com\/frente-frio-numero-16-generara-lluvias-y-vientos-muy-fuertes-en-oaxaca\/#article","isPartOf":{"@id":"https:\/\/www.bbmnoticias.com\/labravaradiofm\/2025\/11\/27\/frente-frio-numero-16-generara-lluvias-y-vientos-muy-fuertes-en-oaxaca\/"},"author":{"name":"Staff","@id":"https:\/\/www.bbmnoticias.com\/labravaradiofm\/#\/schema\/person\/68a9e9036ef3c5b55aeb2b71dc8bab45"},"headline":"Frente fr\u00edo n\u00famero 16 generar\u00e1 lluvias y vientos muy fuertes en Oaxaca","datePublished":"2025-11-27T14:28:55+00:00","dateModified":"2025-11-27T14:29:13+00:00","mainEntityOfPage":{"@id":"https:\/\/www.bbmnoticias.com\/labravaradiofm\/2025\/11\/27\/frente-frio-numero-16-generara-lluvias-y-vientos-muy-fuertes-en-oaxaca\/"},"wordCount":405,"image":{"@id":"https:\/\/www.bbmnoticias.com\/frente-frio-numero-16-generara-lluvias-y-vientos-muy-fuertes-en-oaxaca\/#primaryimage"},"thumbnailUrl":"https:\/\/www.bbmnoticias.com\/labravaradiofm\/wp-content\/uploads\/sites\/5\/2025\/11\/clima_oaxaca-15.jpg","articleSection":["LOCAL"],"inLanguage":"es"},{"@type":"WebPage","@id":"https:\/\/www.bbmnoticias.com\/labravaradiofm\/2025\/11\/27\/frente-frio-numero-16-generara-lluvias-y-vientos-muy-fuertes-en-oaxaca\/","url":"https:\/\/www.bbmnoticias.com\/frente-frio-numero-16-generara-lluvias-y-vientos-muy-fuertes-en-oaxaca\/","name":"Frente fr\u00edo n\u00famero 16 generar\u00e1 lluvias y vientos muy fuertes en Oaxaca - LA BRAVA RADIO","isPartOf":{"@id":"https:\/\/www.bbmnoticias.com\/labravaradiofm\/#website"},"primaryImageOfPage":{"@id":"https:\/\/www.bbmnoticias.com\/frente-frio-numero-16-generara-lluvias-y-vientos-muy-fuertes-en-oaxaca\/#primaryimage"},"image":{"@id":"https:\/\/www.bbmnoticias.com\/frente-frio-numero-16-generara-lluvias-y-vientos-muy-fuertes-en-oaxaca\/#primaryimage"},"thumbnailUrl":"https:\/\/www.bbmnoticias.com\/labravaradiofm\/wp-content\/uploads\/sites\/5\/2025\/11\/clima_oaxaca-15.jpg","datePublished":"2025-11-27T14:28:55+00:00","dateModified":"2025-11-27T14:29:13+00:00","author":{"@id":"https:\/\/www.bbmnoticias.com\/labravaradiofm\/#\/schema\/person\/68a9e9036ef3c5b55aeb2b71dc8bab45"},"breadcrumb":{"@id":"https:\/\/www.bbmnoticias.com\/frente-frio-numero-16-generara-lluvias-y-vientos-muy-fuertes-en-oaxaca\/#breadcrumb"},"inLanguage":"es","potentialAction":[{"@type":"ReadAction","target":["https:\/\/www.bbmnoticias.com\/frente-frio-numero-16-generara-lluvias-y-vientos-muy-fuertes-en-oaxaca\/"]}]},{"@type":"ImageObject","inLanguage":"es","@id":"https:\/\/www.bbmnoticias.com\/frente-frio-numero-16-generara-lluvias-y-vientos-muy-fuertes-en-oaxaca\/#primaryimage","url":"https:\/\/www.bbmnoticias.com\/labravaradiofm\/wp-content\/uploads\/sites\/5\/2025\/11\/clima_oaxaca-15.jpg","contentUrl":"https:\/\/www.bbmnoticias.com\/labravaradiofm\/wp-content\/uploads\/sites\/5\/2025\/11\/clima_oaxaca-15.jpg","width":800,"height":428},{"@type":"BreadcrumbList","@id":"https:\/\/www.bbmnoticias.com\/frente-frio-numero-16-generara-lluvias-y-vientos-muy-fuertes-en-oaxaca\/#breadcrumb","itemListElement":[{"@type":"ListItem","position":1,"name":"Inicio","item":"https:\/\/www.bbmnoticias.com\/labravaradiofm\/"},{"@type":"ListItem","position":2,"name":"Frente fr\u00edo n\u00famero 16 generar\u00e1 lluvias y vientos muy fuertes en Oaxaca"}]},{"@type":"WebSite","@id":"https:\/\/www.bbmnoticias.com\/labravaradiofm\/#website","url":"https:\/\/www.bbmnoticias.com\/labravaradiofm\/","name":"LA BRAVA RADIO","description":"Empresa productora de medios, Radiodifusi\u00f3n, Noticias, tendencias y todo lo que necesitas saber de la pol\u00edtica mexicana e internacional; entretenimiento, espect\u00e1culos, salud y mucho m\u00e1s.","potentialAction":[{"@type":"SearchAction","target":{"@type":"EntryPoint","urlTemplate":"https:\/\/www.bbmnoticias.com\/labravaradiofm\/?s={search_term_string}"},"query-input":{"@type":"PropertyValueSpecification","valueRequired":true,"valueName":"search_term_string"}}],"inLanguage":"es"},{"@type":"Person","@id":"https:\/\/www.bbmnoticias.com\/labravaradiofm\/#\/schema\/person\/68a9e9036ef3c5b55aeb2b71dc8bab45","name":"Staff","image":{"@type":"ImageObject","inLanguage":"es","@id":"https:\/\/secure.gravatar.com\/avatar\/fdd21ad66fd8b98c407f9dee5b5e588cfe7f0d8579ec20fa6527cd59bab7f0f0?s=96&d=mm&r=g","url":"https:\/\/secure.gravatar.com\/avatar\/fdd21ad66fd8b98c407f9dee5b5e588cfe7f0d8579ec20fa6527cd59bab7f0f0?s=96&d=mm&r=g","contentUrl":"https:\/\/secure.gravatar.com\/avatar\/fdd21ad66fd8b98c407f9dee5b5e588cfe7f0d8579ec20fa6527cd59bab7f0f0?s=96&d=mm&r=g","caption":"Staff"},"url":"https:\/\/www.bbmnoticias.com\/labravaradiofm\/author\/redaccion\/"}]}},"_links":{"self":[{"href":"https:\/\/www.bbmnoticias.com\/labravaradiofm\/wp-json\/wp\/v2\/posts\/70388","targetHints":{"allow":["GET"]}}],"collection":[{"href":"https:\/\/www.bbmnoticias.com\/labravaradiofm\/wp-json\/wp\/v2\/posts"}],"about":[{"href":"https:\/\/www.bbmnoticias.com\/labravaradiofm\/wp-json\/wp\/v2\/types\/post"}],"author":[{"embeddable":true,"href":"https:\/\/www.bbmnoticias.com\/labravaradiofm\/wp-json\/wp\/v2\/users\/2"}],"replies":[{"embeddable":true,"href":"https:\/\/www.bbmnoticias.com\/labravaradiofm\/wp-json\/wp\/v2\/comments?post=70388"}],"version-history":[{"count":0,"href":"https:\/\/www.bbmnoticias.com\/labravaradiofm\/wp-json\/wp\/v2\/posts\/70388\/revisions"}],"wp:featuredmedia":[{"embeddable":true,"href":"https:\/\/www.bbmnoticias.com\/labravaradiofm\/wp-json\/wp\/v2\/media\/70390"}],"wp:attachment":[{"href":"https:\/\/www.bbmnoticias.com\/labravaradiofm\/wp-json\/wp\/v2\/media?parent=70388"}],"wp:term":[{"taxonomy":"category","embeddable":true,"href":"https:\/\/www.bbmnoticias.com\/labravaradiofm\/wp-json\/wp\/v2\/categories?post=70388"},{"taxonomy":"post_tag","embeddable":true,"href":"https:\/\/www.bbmnoticias.com\/labravaradiofm\/wp-json\/wp\/v2\/tags?post=70388"}],"curies":[{"name":"wp","href":"https:\/\/api.w.org\/{rel}","templated":true}]}}