{"id":70368,"date":"2025-11-26T18:16:23","date_gmt":"2025-11-27T00:16:23","guid":{"rendered":"https:\/\/www.bbmnoticias.com\/labravaradiofm\/2025\/11\/26\/celebra-utvco-ceremonias-de-graduacion-de-nivel-tecnico-superior\/"},"modified":"2025-11-26T18:16:47","modified_gmt":"2025-11-27T00:16:47","slug":"celebra-utvco-ceremonias-de-graduacion-de-nivel-tecnico-superior","status":"publish","type":"post","link":"https:\/\/www.bbmnoticias.com\/labravaradiofm\/2025\/11\/26\/celebra-utvco-ceremonias-de-graduacion-de-nivel-tecnico-superior\/","title":{"rendered":"Celebra UTVCO ceremonias de graduaci\u00f3n de nivel T\u00e9cnico Superior"},"content":{"rendered":"<div style=\"margin-top: 0px; margin-bottom: 0px;\" class=\"sharethis-inline-share-buttons\" ><\/div>\n<p><strong>San Pablo Huixtepec, Oax.-<\/strong> La Universidad Tecnol\u00f3gica de los Valles Centrales de Oaxaca (UTVCO) realiz\u00f3 las ceremonias de graduaci\u00f3n del nivel T\u00e9cnico Superior Universitario (TSU), de la generaci\u00f3n Septiembre 2023 \u2013 Agosto 2025, en las que egresaron 367 j\u00f3venes.<\/p>\n\n\n\n<p>El logro, es el fin de la primera etapa de formaci\u00f3n profesional para las y los graduados en Desarrollo de Negocios, Dise\u00f1o y Moda Industrial, Agricultura Sustentable y Protegida, Mecatr\u00f3nica, Energ\u00edas Renovables, Gastronom\u00eda y Tecnolog\u00edas de la Informaci\u00f3n; ya que continuar\u00e1n con sus estudios para obtener el grado de nivel licenciatura e ingenier\u00eda en esta misma casa de estudios.<\/p>\n\n\n\n<p>Durante la ceremonia, el rector de la UTVCO, Sa\u00fal del Toro Zapi\u00e9n felicit\u00f3 a las y los egresados por este importante avance, se\u00f1alando que \u201cel nivel T\u00e9cnico Superior Universitario no es un cierre, sino el punto de partida hacia su formaci\u00f3n como licenciadas, licenciados, ingenieras e ingenieros. Esta etapa les ha brindado bases s\u00f3lidas, disciplina y car\u00e1cter profesional\u201d.<\/p>\n\n\n\n<p>A las ceremonias tambi\u00e9n asistieron autoridades educativas a nivel estatal, as\u00ed como del ayuntamiento de San Pablo Huixtepec y representantes del sector productivo, quienes coadyuvan a que el modelo del subsistema tecnol\u00f3gico se consolide con \u00e9xito en la entidad.<\/p>\n","protected":false},"excerpt":{"rendered":"<p>San Pablo Huixtepec, Oax.- La Universidad Tecnol\u00f3gica de los Valles Centrales de Oaxaca (UTVCO) realiz\u00f3 las ceremonias de graduaci\u00f3n del nivel T\u00e9cnico Superior Universitario (TSU), de la generaci\u00f3n Septiembre 2023 \u2013 Agosto 2025, en las que egresaron 367 j\u00f3venes. El logro, es el fin de la primera etapa de formaci\u00f3n profesional para las y los [&hellip;]<\/p>\n","protected":false},"author":2,"featured_media":70370,"comment_status":"closed","ping_status":"","sticky":false,"template":"","format":"standard","meta":{"footnotes":""},"categories":[2],"tags":[],"class_list":{"0":"post-70368","1":"post","2":"type-post","3":"status-publish","4":"format-standard","5":"has-post-thumbnail","7":"category-oaxaca"},"yoast_head":"<!-- This site is optimized with the Yoast SEO plugin v27.4 - https:\/\/yoast.com\/product\/yoast-seo-wordpress\/ -->\n<title>Celebra UTVCO ceremonias de graduaci\u00f3n de nivel T\u00e9cnico Superior - LA BRAVA RADIO<\/title>\n<meta name=\"robots\" content=\"index, follow, max-snippet:-1, max-image-preview:large, max-video-preview:-1\" \/>\n<link rel=\"canonical\" href=\"https:\/\/www.bbmnoticias.com\/celebra-utvco-ceremonias-de-graduacion-de-nivel-tecnico-superior\/\" \/>\n<meta property=\"og:locale\" content=\"es_MX\" \/>\n<meta property=\"og:type\" content=\"article\" \/>\n<meta property=\"og:title\" content=\"Celebra UTVCO ceremonias de graduaci\u00f3n de nivel T\u00e9cnico Superior - LA BRAVA RADIO\" \/>\n<meta property=\"og:description\" content=\"San Pablo Huixtepec, Oax.- La Universidad Tecnol\u00f3gica de los Valles Centrales de Oaxaca (UTVCO) realiz\u00f3 las ceremonias de graduaci\u00f3n del nivel T\u00e9cnico Superior Universitario (TSU), de la generaci\u00f3n Septiembre 2023 \u2013 Agosto 2025, en las que egresaron 367 j\u00f3venes. El logro, es el fin de la primera etapa de formaci\u00f3n profesional para las y los [&hellip;]\" \/>\n<meta property=\"og:url\" content=\"https:\/\/www.bbmnoticias.com\/celebra-utvco-ceremonias-de-graduacion-de-nivel-tecnico-superior\/\" \/>\n<meta property=\"og:site_name\" content=\"LA BRAVA RADIO\" \/>\n<meta property=\"article:published_time\" content=\"2025-11-27T00:16:23+00:00\" \/>\n<meta property=\"article:modified_time\" content=\"2025-11-27T00:16:47+00:00\" \/>\n<meta property=\"og:image\" content=\"https:\/\/www.bbmnoticias.com\/labravaradiofm\/wp-content\/uploads\/sites\/5\/2025\/11\/utvco.jpg\" \/>\n\t<meta property=\"og:image:width\" content=\"800\" \/>\n\t<meta property=\"og:image:height\" content=\"533\" \/>\n\t<meta property=\"og:image:type\" content=\"image\/jpeg\" \/>\n<meta name=\"author\" content=\"Staff\" \/>\n<meta name=\"twitter:card\" content=\"summary_large_image\" \/>\n<meta name=\"twitter:label1\" content=\"Escrito por\" \/>\n\t<meta name=\"twitter:data1\" content=\"Staff\" \/>\n\t<meta name=\"twitter:label2\" content=\"Tiempo de lectura\" \/>\n\t<meta name=\"twitter:data2\" content=\"1 minuto\" \/>\n<script type=\"application\/ld+json\" class=\"yoast-schema-graph\">{\"@context\":\"https:\\\/\\\/schema.org\",\"@graph\":[{\"@type\":\"Article\",\"@id\":\"https:\\\/\\\/www.bbmnoticias.com\\\/celebra-utvco-ceremonias-de-graduacion-de-nivel-tecnico-superior\\\/#article\",\"isPartOf\":{\"@id\":\"https:\\\/\\\/www.bbmnoticias.com\\\/labravaradiofm\\\/2025\\\/11\\\/26\\\/celebra-utvco-ceremonias-de-graduacion-de-nivel-tecnico-superior\\\/\"},\"author\":{\"name\":\"Staff\",\"@id\":\"https:\\\/\\\/www.bbmnoticias.com\\\/labravaradiofm\\\/#\\\/schema\\\/person\\\/68a9e9036ef3c5b55aeb2b71dc8bab45\"},\"headline\":\"Celebra UTVCO ceremonias de graduaci\u00f3n de nivel T\u00e9cnico Superior\",\"datePublished\":\"2025-11-27T00:16:23+00:00\",\"dateModified\":\"2025-11-27T00:16:47+00:00\",\"mainEntityOfPage\":{\"@id\":\"https:\\\/\\\/www.bbmnoticias.com\\\/labravaradiofm\\\/2025\\\/11\\\/26\\\/celebra-utvco-ceremonias-de-graduacion-de-nivel-tecnico-superior\\\/\"},\"wordCount\":226,\"image\":{\"@id\":\"https:\\\/\\\/www.bbmnoticias.com\\\/celebra-utvco-ceremonias-de-graduacion-de-nivel-tecnico-superior\\\/#primaryimage\"},\"thumbnailUrl\":\"https:\\\/\\\/www.bbmnoticias.com\\\/labravaradiofm\\\/wp-content\\\/uploads\\\/sites\\\/5\\\/2025\\\/11\\\/utvco.jpg\",\"articleSection\":[\"LOCAL\"],\"inLanguage\":\"es\"},{\"@type\":\"WebPage\",\"@id\":\"https:\\\/\\\/www.bbmnoticias.com\\\/labravaradiofm\\\/2025\\\/11\\\/26\\\/celebra-utvco-ceremonias-de-graduacion-de-nivel-tecnico-superior\\\/\",\"url\":\"https:\\\/\\\/www.bbmnoticias.com\\\/celebra-utvco-ceremonias-de-graduacion-de-nivel-tecnico-superior\\\/\",\"name\":\"Celebra UTVCO ceremonias de graduaci\u00f3n de nivel T\u00e9cnico Superior - LA BRAVA RADIO\",\"isPartOf\":{\"@id\":\"https:\\\/\\\/www.bbmnoticias.com\\\/labravaradiofm\\\/#website\"},\"primaryImageOfPage\":{\"@id\":\"https:\\\/\\\/www.bbmnoticias.com\\\/celebra-utvco-ceremonias-de-graduacion-de-nivel-tecnico-superior\\\/#primaryimage\"},\"image\":{\"@id\":\"https:\\\/\\\/www.bbmnoticias.com\\\/celebra-utvco-ceremonias-de-graduacion-de-nivel-tecnico-superior\\\/#primaryimage\"},\"thumbnailUrl\":\"https:\\\/\\\/www.bbmnoticias.com\\\/labravaradiofm\\\/wp-content\\\/uploads\\\/sites\\\/5\\\/2025\\\/11\\\/utvco.jpg\",\"datePublished\":\"2025-11-27T00:16:23+00:00\",\"dateModified\":\"2025-11-27T00:16:47+00:00\",\"author\":{\"@id\":\"https:\\\/\\\/www.bbmnoticias.com\\\/labravaradiofm\\\/#\\\/schema\\\/person\\\/68a9e9036ef3c5b55aeb2b71dc8bab45\"},\"breadcrumb\":{\"@id\":\"https:\\\/\\\/www.bbmnoticias.com\\\/celebra-utvco-ceremonias-de-graduacion-de-nivel-tecnico-superior\\\/#breadcrumb\"},\"inLanguage\":\"es\",\"potentialAction\":[{\"@type\":\"ReadAction\",\"target\":[\"https:\\\/\\\/www.bbmnoticias.com\\\/celebra-utvco-ceremonias-de-graduacion-de-nivel-tecnico-superior\\\/\"]}]},{\"@type\":\"ImageObject\",\"inLanguage\":\"es\",\"@id\":\"https:\\\/\\\/www.bbmnoticias.com\\\/celebra-utvco-ceremonias-de-graduacion-de-nivel-tecnico-superior\\\/#primaryimage\",\"url\":\"https:\\\/\\\/www.bbmnoticias.com\\\/labravaradiofm\\\/wp-content\\\/uploads\\\/sites\\\/5\\\/2025\\\/11\\\/utvco.jpg\",\"contentUrl\":\"https:\\\/\\\/www.bbmnoticias.com\\\/labravaradiofm\\\/wp-content\\\/uploads\\\/sites\\\/5\\\/2025\\\/11\\\/utvco.jpg\",\"width\":800,\"height\":533},{\"@type\":\"BreadcrumbList\",\"@id\":\"https:\\\/\\\/www.bbmnoticias.com\\\/celebra-utvco-ceremonias-de-graduacion-de-nivel-tecnico-superior\\\/#breadcrumb\",\"itemListElement\":[{\"@type\":\"ListItem\",\"position\":1,\"name\":\"Inicio\",\"item\":\"https:\\\/\\\/www.bbmnoticias.com\\\/labravaradiofm\\\/\"},{\"@type\":\"ListItem\",\"position\":2,\"name\":\"Celebra UTVCO ceremonias de graduaci\u00f3n de nivel T\u00e9cnico Superior\"}]},{\"@type\":\"WebSite\",\"@id\":\"https:\\\/\\\/www.bbmnoticias.com\\\/labravaradiofm\\\/#website\",\"url\":\"https:\\\/\\\/www.bbmnoticias.com\\\/labravaradiofm\\\/\",\"name\":\"LA BRAVA RADIO\",\"description\":\"Empresa productora de medios, Radiodifusi\u00f3n, Noticias, tendencias y todo lo que necesitas saber de la pol\u00edtica mexicana e internacional; entretenimiento, espect\u00e1culos, salud y mucho m\u00e1s.\",\"potentialAction\":[{\"@type\":\"SearchAction\",\"target\":{\"@type\":\"EntryPoint\",\"urlTemplate\":\"https:\\\/\\\/www.bbmnoticias.com\\\/labravaradiofm\\\/?s={search_term_string}\"},\"query-input\":{\"@type\":\"PropertyValueSpecification\",\"valueRequired\":true,\"valueName\":\"search_term_string\"}}],\"inLanguage\":\"es\"},{\"@type\":\"Person\",\"@id\":\"https:\\\/\\\/www.bbmnoticias.com\\\/labravaradiofm\\\/#\\\/schema\\\/person\\\/68a9e9036ef3c5b55aeb2b71dc8bab45\",\"name\":\"Staff\",\"image\":{\"@type\":\"ImageObject\",\"inLanguage\":\"es\",\"@id\":\"https:\\\/\\\/secure.gravatar.com\\\/avatar\\\/fdd21ad66fd8b98c407f9dee5b5e588cfe7f0d8579ec20fa6527cd59bab7f0f0?s=96&d=mm&r=g\",\"url\":\"https:\\\/\\\/secure.gravatar.com\\\/avatar\\\/fdd21ad66fd8b98c407f9dee5b5e588cfe7f0d8579ec20fa6527cd59bab7f0f0?s=96&d=mm&r=g\",\"contentUrl\":\"https:\\\/\\\/secure.gravatar.com\\\/avatar\\\/fdd21ad66fd8b98c407f9dee5b5e588cfe7f0d8579ec20fa6527cd59bab7f0f0?s=96&d=mm&r=g\",\"caption\":\"Staff\"},\"url\":\"https:\\\/\\\/www.bbmnoticias.com\\\/labravaradiofm\\\/author\\\/redaccion\\\/\"}]}<\/script>\n<!-- \/ Yoast SEO plugin. -->","yoast_head_json":{"title":"Celebra UTVCO ceremonias de graduaci\u00f3n de nivel T\u00e9cnico Superior - LA BRAVA RADIO","robots":{"index":"index","follow":"follow","max-snippet":"max-snippet:-1","max-image-preview":"max-image-preview:large","max-video-preview":"max-video-preview:-1"},"canonical":"https:\/\/www.bbmnoticias.com\/celebra-utvco-ceremonias-de-graduacion-de-nivel-tecnico-superior\/","og_locale":"es_MX","og_type":"article","og_title":"Celebra UTVCO ceremonias de graduaci\u00f3n de nivel T\u00e9cnico Superior - LA BRAVA RADIO","og_description":"San Pablo Huixtepec, Oax.- La Universidad Tecnol\u00f3gica de los Valles Centrales de Oaxaca (UTVCO) realiz\u00f3 las ceremonias de graduaci\u00f3n del nivel T\u00e9cnico Superior Universitario (TSU), de la generaci\u00f3n Septiembre 2023 \u2013 Agosto 2025, en las que egresaron 367 j\u00f3venes. El logro, es el fin de la primera etapa de formaci\u00f3n profesional para las y los [&hellip;]","og_url":"https:\/\/www.bbmnoticias.com\/celebra-utvco-ceremonias-de-graduacion-de-nivel-tecnico-superior\/","og_site_name":"LA BRAVA RADIO","article_published_time":"2025-11-27T00:16:23+00:00","article_modified_time":"2025-11-27T00:16:47+00:00","og_image":[{"width":800,"height":533,"url":"https:\/\/www.bbmnoticias.com\/labravaradiofm\/wp-content\/uploads\/sites\/5\/2025\/11\/utvco.jpg","type":"image\/jpeg"}],"author":"Staff","twitter_card":"summary_large_image","twitter_misc":{"Escrito por":"Staff","Tiempo de lectura":"1 minuto"},"schema":{"@context":"https:\/\/schema.org","@graph":[{"@type":"Article","@id":"https:\/\/www.bbmnoticias.com\/celebra-utvco-ceremonias-de-graduacion-de-nivel-tecnico-superior\/#article","isPartOf":{"@id":"https:\/\/www.bbmnoticias.com\/labravaradiofm\/2025\/11\/26\/celebra-utvco-ceremonias-de-graduacion-de-nivel-tecnico-superior\/"},"author":{"name":"Staff","@id":"https:\/\/www.bbmnoticias.com\/labravaradiofm\/#\/schema\/person\/68a9e9036ef3c5b55aeb2b71dc8bab45"},"headline":"Celebra UTVCO ceremonias de graduaci\u00f3n de nivel T\u00e9cnico Superior","datePublished":"2025-11-27T00:16:23+00:00","dateModified":"2025-11-27T00:16:47+00:00","mainEntityOfPage":{"@id":"https:\/\/www.bbmnoticias.com\/labravaradiofm\/2025\/11\/26\/celebra-utvco-ceremonias-de-graduacion-de-nivel-tecnico-superior\/"},"wordCount":226,"image":{"@id":"https:\/\/www.bbmnoticias.com\/celebra-utvco-ceremonias-de-graduacion-de-nivel-tecnico-superior\/#primaryimage"},"thumbnailUrl":"https:\/\/www.bbmnoticias.com\/labravaradiofm\/wp-content\/uploads\/sites\/5\/2025\/11\/utvco.jpg","articleSection":["LOCAL"],"inLanguage":"es"},{"@type":"WebPage","@id":"https:\/\/www.bbmnoticias.com\/labravaradiofm\/2025\/11\/26\/celebra-utvco-ceremonias-de-graduacion-de-nivel-tecnico-superior\/","url":"https:\/\/www.bbmnoticias.com\/celebra-utvco-ceremonias-de-graduacion-de-nivel-tecnico-superior\/","name":"Celebra UTVCO ceremonias de graduaci\u00f3n de nivel T\u00e9cnico Superior - LA BRAVA RADIO","isPartOf":{"@id":"https:\/\/www.bbmnoticias.com\/labravaradiofm\/#website"},"primaryImageOfPage":{"@id":"https:\/\/www.bbmnoticias.com\/celebra-utvco-ceremonias-de-graduacion-de-nivel-tecnico-superior\/#primaryimage"},"image":{"@id":"https:\/\/www.bbmnoticias.com\/celebra-utvco-ceremonias-de-graduacion-de-nivel-tecnico-superior\/#primaryimage"},"thumbnailUrl":"https:\/\/www.bbmnoticias.com\/labravaradiofm\/wp-content\/uploads\/sites\/5\/2025\/11\/utvco.jpg","datePublished":"2025-11-27T00:16:23+00:00","dateModified":"2025-11-27T00:16:47+00:00","author":{"@id":"https:\/\/www.bbmnoticias.com\/labravaradiofm\/#\/schema\/person\/68a9e9036ef3c5b55aeb2b71dc8bab45"},"breadcrumb":{"@id":"https:\/\/www.bbmnoticias.com\/celebra-utvco-ceremonias-de-graduacion-de-nivel-tecnico-superior\/#breadcrumb"},"inLanguage":"es","potentialAction":[{"@type":"ReadAction","target":["https:\/\/www.bbmnoticias.com\/celebra-utvco-ceremonias-de-graduacion-de-nivel-tecnico-superior\/"]}]},{"@type":"ImageObject","inLanguage":"es","@id":"https:\/\/www.bbmnoticias.com\/celebra-utvco-ceremonias-de-graduacion-de-nivel-tecnico-superior\/#primaryimage","url":"https:\/\/www.bbmnoticias.com\/labravaradiofm\/wp-content\/uploads\/sites\/5\/2025\/11\/utvco.jpg","contentUrl":"https:\/\/www.bbmnoticias.com\/labravaradiofm\/wp-content\/uploads\/sites\/5\/2025\/11\/utvco.jpg","width":800,"height":533},{"@type":"BreadcrumbList","@id":"https:\/\/www.bbmnoticias.com\/celebra-utvco-ceremonias-de-graduacion-de-nivel-tecnico-superior\/#breadcrumb","itemListElement":[{"@type":"ListItem","position":1,"name":"Inicio","item":"https:\/\/www.bbmnoticias.com\/labravaradiofm\/"},{"@type":"ListItem","position":2,"name":"Celebra UTVCO ceremonias de graduaci\u00f3n de nivel T\u00e9cnico Superior"}]},{"@type":"WebSite","@id":"https:\/\/www.bbmnoticias.com\/labravaradiofm\/#website","url":"https:\/\/www.bbmnoticias.com\/labravaradiofm\/","name":"LA BRAVA RADIO","description":"Empresa productora de medios, Radiodifusi\u00f3n, Noticias, tendencias y todo lo que necesitas saber de la pol\u00edtica mexicana e internacional; entretenimiento, espect\u00e1culos, salud y mucho m\u00e1s.","potentialAction":[{"@type":"SearchAction","target":{"@type":"EntryPoint","urlTemplate":"https:\/\/www.bbmnoticias.com\/labravaradiofm\/?s={search_term_string}"},"query-input":{"@type":"PropertyValueSpecification","valueRequired":true,"valueName":"search_term_string"}}],"inLanguage":"es"},{"@type":"Person","@id":"https:\/\/www.bbmnoticias.com\/labravaradiofm\/#\/schema\/person\/68a9e9036ef3c5b55aeb2b71dc8bab45","name":"Staff","image":{"@type":"ImageObject","inLanguage":"es","@id":"https:\/\/secure.gravatar.com\/avatar\/fdd21ad66fd8b98c407f9dee5b5e588cfe7f0d8579ec20fa6527cd59bab7f0f0?s=96&d=mm&r=g","url":"https:\/\/secure.gravatar.com\/avatar\/fdd21ad66fd8b98c407f9dee5b5e588cfe7f0d8579ec20fa6527cd59bab7f0f0?s=96&d=mm&r=g","contentUrl":"https:\/\/secure.gravatar.com\/avatar\/fdd21ad66fd8b98c407f9dee5b5e588cfe7f0d8579ec20fa6527cd59bab7f0f0?s=96&d=mm&r=g","caption":"Staff"},"url":"https:\/\/www.bbmnoticias.com\/labravaradiofm\/author\/redaccion\/"}]}},"_links":{"self":[{"href":"https:\/\/www.bbmnoticias.com\/labravaradiofm\/wp-json\/wp\/v2\/posts\/70368","targetHints":{"allow":["GET"]}}],"collection":[{"href":"https:\/\/www.bbmnoticias.com\/labravaradiofm\/wp-json\/wp\/v2\/posts"}],"about":[{"href":"https:\/\/www.bbmnoticias.com\/labravaradiofm\/wp-json\/wp\/v2\/types\/post"}],"author":[{"embeddable":true,"href":"https:\/\/www.bbmnoticias.com\/labravaradiofm\/wp-json\/wp\/v2\/users\/2"}],"replies":[{"embeddable":true,"href":"https:\/\/www.bbmnoticias.com\/labravaradiofm\/wp-json\/wp\/v2\/comments?post=70368"}],"version-history":[{"count":0,"href":"https:\/\/www.bbmnoticias.com\/labravaradiofm\/wp-json\/wp\/v2\/posts\/70368\/revisions"}],"wp:featuredmedia":[{"embeddable":true,"href":"https:\/\/www.bbmnoticias.com\/labravaradiofm\/wp-json\/wp\/v2\/media\/70370"}],"wp:attachment":[{"href":"https:\/\/www.bbmnoticias.com\/labravaradiofm\/wp-json\/wp\/v2\/media?parent=70368"}],"wp:term":[{"taxonomy":"category","embeddable":true,"href":"https:\/\/www.bbmnoticias.com\/labravaradiofm\/wp-json\/wp\/v2\/categories?post=70368"},{"taxonomy":"post_tag","embeddable":true,"href":"https:\/\/www.bbmnoticias.com\/labravaradiofm\/wp-json\/wp\/v2\/tags?post=70368"}],"curies":[{"name":"wp","href":"https:\/\/api.w.org\/{rel}","templated":true}]}}