{"id":70365,"date":"2025-11-26T16:13:39","date_gmt":"2025-11-26T22:13:39","guid":{"rendered":"https:\/\/www.bbmnoticias.com\/labravaradiofm\/2025\/11\/26\/se-fortalecen-acciones-para-prevenir-y-atender-la-violencia-politica-contra-las-mujeres-en-razon-de-genero\/"},"modified":"2025-11-26T16:14:10","modified_gmt":"2025-11-26T22:14:10","slug":"se-fortalecen-acciones-para-prevenir-y-atender-la-violencia-politica-contra-las-mujeres-en-razon-de-genero","status":"publish","type":"post","link":"https:\/\/www.bbmnoticias.com\/labravaradiofm\/2025\/11\/26\/se-fortalecen-acciones-para-prevenir-y-atender-la-violencia-politica-contra-las-mujeres-en-razon-de-genero\/","title":{"rendered":"Se fortalecen acciones para prevenir y atender la Violencia Pol\u00edtica contra las Mujeres en Raz\u00f3n de G\u00e9nero"},"content":{"rendered":"<div style=\"margin-top: 0px; margin-bottom: 0px;\" class=\"sharethis-inline-share-buttons\" ><\/div>\n<p>Oaxaca de Ju\u00e1rez, Oax.\u2014 El Gobierno del Estado de Oaxaca, a trav\u00e9s de la Secretar\u00eda de Gobierno, la Secretar\u00eda de las Mujeres y las instituciones que integran la Mesa Operativa de Seguimiento Electoral, refuerza las acciones de prevenci\u00f3n, atenci\u00f3n y acompa\u00f1amiento para garantizar que las mujeres ejerzan plenamente sus derechos pol\u00edtico-electorales durante el proceso de renovaci\u00f3n de autoridades municipales por Sistemas Normativos Internos (SNI).<\/p>\n\n\n\n<p>De acuerdo con el informe presentado por la Mesa Operativa de Seguimiento Electoral, en el actual proceso de renovaci\u00f3n por SNI 2025, 28 municipios han elegido a una mujer como presidenta municipal. De ellas, cinco fueron electas en municipios que actualmente cuentan con un comisionado municipal: San Juan Bautista Guelache, San Crist\u00f3bal Amatl\u00e1n, La Reforma (Putla), San Mateo Pi\u00f1as y San Juan Mazatl\u00e1n.<\/p>\n\n\n\n<p>La Secretar\u00eda de Gobierno reiter\u00f3 que la coordinaci\u00f3n interinstitucional es fundamental para garantizar que ninguna mujer sea limitada, condicionada, amenazada o excluida de su derecho a participar, ser electa o ejercer un cargo p\u00fablico.<\/p>\n\n\n\n<p>Aunque el reto sigue siendo grande, el Gobierno de Oaxaca y las instituciones que conforman la Mesa Operativa contin\u00faan trabajando de manera permanente para garantizar que todas las mujeres puedan ejercer libremente sus derechos pol\u00edtico-electorales, sin violencia ni restricciones.<\/p>\n\n\n\n<p>El Gobierno del Estado reafirma su compromiso con la construcci\u00f3n de entornos libres de violencia y con el fortalecimiento de la participaci\u00f3n pol\u00edtica de las mujeres en igualdad de condiciones.<\/p>\n","protected":false},"excerpt":{"rendered":"<p>Oaxaca de Ju\u00e1rez, Oax.\u2014 El Gobierno del Estado de Oaxaca, a trav\u00e9s de la Secretar\u00eda de Gobierno, la Secretar\u00eda de las Mujeres y las instituciones que integran la Mesa Operativa de Seguimiento Electoral, refuerza las acciones de prevenci\u00f3n, atenci\u00f3n y acompa\u00f1amiento para garantizar que las mujeres ejerzan plenamente sus derechos pol\u00edtico-electorales durante el proceso de [&hellip;]<\/p>\n","protected":false},"author":2,"featured_media":70367,"comment_status":"closed","ping_status":"","sticky":false,"template":"","format":"standard","meta":{"footnotes":""},"categories":[2],"tags":[],"class_list":{"0":"post-70365","1":"post","2":"type-post","3":"status-publish","4":"format-standard","5":"has-post-thumbnail","7":"category-oaxaca"},"yoast_head":"<!-- This site is optimized with the Yoast SEO plugin v27.4 - https:\/\/yoast.com\/product\/yoast-seo-wordpress\/ -->\n<title>Se fortalecen acciones para prevenir y atender la Violencia Pol\u00edtica contra las Mujeres en Raz\u00f3n de G\u00e9nero - LA BRAVA RADIO<\/title>\n<meta name=\"robots\" content=\"index, follow, max-snippet:-1, max-image-preview:large, max-video-preview:-1\" \/>\n<link rel=\"canonical\" href=\"https:\/\/www.bbmnoticias.com\/se-fortalecen-acciones-para-prevenir-y-atender-la-violencia-politica-contra-las-mujeres-en-razon-de-genero\/\" \/>\n<meta property=\"og:locale\" content=\"es_MX\" \/>\n<meta property=\"og:type\" content=\"article\" \/>\n<meta property=\"og:title\" content=\"Se fortalecen acciones para prevenir y atender la Violencia Pol\u00edtica contra las Mujeres en Raz\u00f3n de G\u00e9nero - LA BRAVA RADIO\" \/>\n<meta property=\"og:description\" content=\"Oaxaca de Ju\u00e1rez, Oax.\u2014 El Gobierno del Estado de Oaxaca, a trav\u00e9s de la Secretar\u00eda de Gobierno, la Secretar\u00eda de las Mujeres y las instituciones que integran la Mesa Operativa de Seguimiento Electoral, refuerza las acciones de prevenci\u00f3n, atenci\u00f3n y acompa\u00f1amiento para garantizar que las mujeres ejerzan plenamente sus derechos pol\u00edtico-electorales durante el proceso de [&hellip;]\" \/>\n<meta property=\"og:url\" content=\"https:\/\/www.bbmnoticias.com\/se-fortalecen-acciones-para-prevenir-y-atender-la-violencia-politica-contra-las-mujeres-en-razon-de-genero\/\" \/>\n<meta property=\"og:site_name\" content=\"LA BRAVA RADIO\" \/>\n<meta property=\"article:published_time\" content=\"2025-11-26T22:13:39+00:00\" \/>\n<meta property=\"article:modified_time\" content=\"2025-11-26T22:14:10+00:00\" \/>\n<meta property=\"og:image\" content=\"https:\/\/www.bbmnoticias.com\/labravaradiofm\/wp-content\/uploads\/sites\/5\/2025\/11\/jesus_romero-1.jpg\" \/>\n\t<meta property=\"og:image:width\" content=\"800\" \/>\n\t<meta property=\"og:image:height\" content=\"533\" \/>\n\t<meta property=\"og:image:type\" content=\"image\/jpeg\" \/>\n<meta name=\"author\" content=\"Staff\" \/>\n<meta name=\"twitter:card\" content=\"summary_large_image\" \/>\n<meta name=\"twitter:label1\" content=\"Escrito por\" \/>\n\t<meta name=\"twitter:data1\" content=\"Staff\" \/>\n\t<meta name=\"twitter:label2\" content=\"Tiempo de lectura\" \/>\n\t<meta name=\"twitter:data2\" content=\"1 minuto\" \/>\n<script type=\"application\/ld+json\" class=\"yoast-schema-graph\">{\"@context\":\"https:\\\/\\\/schema.org\",\"@graph\":[{\"@type\":\"Article\",\"@id\":\"https:\\\/\\\/www.bbmnoticias.com\\\/se-fortalecen-acciones-para-prevenir-y-atender-la-violencia-politica-contra-las-mujeres-en-razon-de-genero\\\/#article\",\"isPartOf\":{\"@id\":\"https:\\\/\\\/www.bbmnoticias.com\\\/labravaradiofm\\\/2025\\\/11\\\/26\\\/se-fortalecen-acciones-para-prevenir-y-atender-la-violencia-politica-contra-las-mujeres-en-razon-de-genero\\\/\"},\"author\":{\"name\":\"Staff\",\"@id\":\"https:\\\/\\\/www.bbmnoticias.com\\\/labravaradiofm\\\/#\\\/schema\\\/person\\\/68a9e9036ef3c5b55aeb2b71dc8bab45\"},\"headline\":\"Se fortalecen acciones para prevenir y atender la Violencia Pol\u00edtica contra las Mujeres en Raz\u00f3n de G\u00e9nero\",\"datePublished\":\"2025-11-26T22:13:39+00:00\",\"dateModified\":\"2025-11-26T22:14:10+00:00\",\"mainEntityOfPage\":{\"@id\":\"https:\\\/\\\/www.bbmnoticias.com\\\/labravaradiofm\\\/2025\\\/11\\\/26\\\/se-fortalecen-acciones-para-prevenir-y-atender-la-violencia-politica-contra-las-mujeres-en-razon-de-genero\\\/\"},\"wordCount\":270,\"image\":{\"@id\":\"https:\\\/\\\/www.bbmnoticias.com\\\/se-fortalecen-acciones-para-prevenir-y-atender-la-violencia-politica-contra-las-mujeres-en-razon-de-genero\\\/#primaryimage\"},\"thumbnailUrl\":\"https:\\\/\\\/www.bbmnoticias.com\\\/labravaradiofm\\\/wp-content\\\/uploads\\\/sites\\\/5\\\/2025\\\/11\\\/jesus_romero-1.jpg\",\"articleSection\":[\"LOCAL\"],\"inLanguage\":\"es\"},{\"@type\":\"WebPage\",\"@id\":\"https:\\\/\\\/www.bbmnoticias.com\\\/labravaradiofm\\\/2025\\\/11\\\/26\\\/se-fortalecen-acciones-para-prevenir-y-atender-la-violencia-politica-contra-las-mujeres-en-razon-de-genero\\\/\",\"url\":\"https:\\\/\\\/www.bbmnoticias.com\\\/se-fortalecen-acciones-para-prevenir-y-atender-la-violencia-politica-contra-las-mujeres-en-razon-de-genero\\\/\",\"name\":\"Se fortalecen acciones para prevenir y atender la Violencia Pol\u00edtica contra las Mujeres en Raz\u00f3n de G\u00e9nero - LA BRAVA RADIO\",\"isPartOf\":{\"@id\":\"https:\\\/\\\/www.bbmnoticias.com\\\/labravaradiofm\\\/#website\"},\"primaryImageOfPage\":{\"@id\":\"https:\\\/\\\/www.bbmnoticias.com\\\/se-fortalecen-acciones-para-prevenir-y-atender-la-violencia-politica-contra-las-mujeres-en-razon-de-genero\\\/#primaryimage\"},\"image\":{\"@id\":\"https:\\\/\\\/www.bbmnoticias.com\\\/se-fortalecen-acciones-para-prevenir-y-atender-la-violencia-politica-contra-las-mujeres-en-razon-de-genero\\\/#primaryimage\"},\"thumbnailUrl\":\"https:\\\/\\\/www.bbmnoticias.com\\\/labravaradiofm\\\/wp-content\\\/uploads\\\/sites\\\/5\\\/2025\\\/11\\\/jesus_romero-1.jpg\",\"datePublished\":\"2025-11-26T22:13:39+00:00\",\"dateModified\":\"2025-11-26T22:14:10+00:00\",\"author\":{\"@id\":\"https:\\\/\\\/www.bbmnoticias.com\\\/labravaradiofm\\\/#\\\/schema\\\/person\\\/68a9e9036ef3c5b55aeb2b71dc8bab45\"},\"breadcrumb\":{\"@id\":\"https:\\\/\\\/www.bbmnoticias.com\\\/se-fortalecen-acciones-para-prevenir-y-atender-la-violencia-politica-contra-las-mujeres-en-razon-de-genero\\\/#breadcrumb\"},\"inLanguage\":\"es\",\"potentialAction\":[{\"@type\":\"ReadAction\",\"target\":[\"https:\\\/\\\/www.bbmnoticias.com\\\/se-fortalecen-acciones-para-prevenir-y-atender-la-violencia-politica-contra-las-mujeres-en-razon-de-genero\\\/\"]}]},{\"@type\":\"ImageObject\",\"inLanguage\":\"es\",\"@id\":\"https:\\\/\\\/www.bbmnoticias.com\\\/se-fortalecen-acciones-para-prevenir-y-atender-la-violencia-politica-contra-las-mujeres-en-razon-de-genero\\\/#primaryimage\",\"url\":\"https:\\\/\\\/www.bbmnoticias.com\\\/labravaradiofm\\\/wp-content\\\/uploads\\\/sites\\\/5\\\/2025\\\/11\\\/jesus_romero-1.jpg\",\"contentUrl\":\"https:\\\/\\\/www.bbmnoticias.com\\\/labravaradiofm\\\/wp-content\\\/uploads\\\/sites\\\/5\\\/2025\\\/11\\\/jesus_romero-1.jpg\",\"width\":800,\"height\":533},{\"@type\":\"BreadcrumbList\",\"@id\":\"https:\\\/\\\/www.bbmnoticias.com\\\/se-fortalecen-acciones-para-prevenir-y-atender-la-violencia-politica-contra-las-mujeres-en-razon-de-genero\\\/#breadcrumb\",\"itemListElement\":[{\"@type\":\"ListItem\",\"position\":1,\"name\":\"Inicio\",\"item\":\"https:\\\/\\\/www.bbmnoticias.com\\\/labravaradiofm\\\/\"},{\"@type\":\"ListItem\",\"position\":2,\"name\":\"Se fortalecen acciones para prevenir y atender la Violencia Pol\u00edtica contra las Mujeres en Raz\u00f3n de G\u00e9nero\"}]},{\"@type\":\"WebSite\",\"@id\":\"https:\\\/\\\/www.bbmnoticias.com\\\/labravaradiofm\\\/#website\",\"url\":\"https:\\\/\\\/www.bbmnoticias.com\\\/labravaradiofm\\\/\",\"name\":\"LA BRAVA RADIO\",\"description\":\"Empresa productora de medios, Radiodifusi\u00f3n, Noticias, tendencias y todo lo que necesitas saber de la pol\u00edtica mexicana e internacional; entretenimiento, espect\u00e1culos, salud y mucho m\u00e1s.\",\"potentialAction\":[{\"@type\":\"SearchAction\",\"target\":{\"@type\":\"EntryPoint\",\"urlTemplate\":\"https:\\\/\\\/www.bbmnoticias.com\\\/labravaradiofm\\\/?s={search_term_string}\"},\"query-input\":{\"@type\":\"PropertyValueSpecification\",\"valueRequired\":true,\"valueName\":\"search_term_string\"}}],\"inLanguage\":\"es\"},{\"@type\":\"Person\",\"@id\":\"https:\\\/\\\/www.bbmnoticias.com\\\/labravaradiofm\\\/#\\\/schema\\\/person\\\/68a9e9036ef3c5b55aeb2b71dc8bab45\",\"name\":\"Staff\",\"image\":{\"@type\":\"ImageObject\",\"inLanguage\":\"es\",\"@id\":\"https:\\\/\\\/secure.gravatar.com\\\/avatar\\\/fdd21ad66fd8b98c407f9dee5b5e588cfe7f0d8579ec20fa6527cd59bab7f0f0?s=96&d=mm&r=g\",\"url\":\"https:\\\/\\\/secure.gravatar.com\\\/avatar\\\/fdd21ad66fd8b98c407f9dee5b5e588cfe7f0d8579ec20fa6527cd59bab7f0f0?s=96&d=mm&r=g\",\"contentUrl\":\"https:\\\/\\\/secure.gravatar.com\\\/avatar\\\/fdd21ad66fd8b98c407f9dee5b5e588cfe7f0d8579ec20fa6527cd59bab7f0f0?s=96&d=mm&r=g\",\"caption\":\"Staff\"},\"url\":\"https:\\\/\\\/www.bbmnoticias.com\\\/labravaradiofm\\\/author\\\/redaccion\\\/\"}]}<\/script>\n<!-- \/ Yoast SEO plugin. -->","yoast_head_json":{"title":"Se fortalecen acciones para prevenir y atender la Violencia Pol\u00edtica contra las Mujeres en Raz\u00f3n de G\u00e9nero - LA BRAVA RADIO","robots":{"index":"index","follow":"follow","max-snippet":"max-snippet:-1","max-image-preview":"max-image-preview:large","max-video-preview":"max-video-preview:-1"},"canonical":"https:\/\/www.bbmnoticias.com\/se-fortalecen-acciones-para-prevenir-y-atender-la-violencia-politica-contra-las-mujeres-en-razon-de-genero\/","og_locale":"es_MX","og_type":"article","og_title":"Se fortalecen acciones para prevenir y atender la Violencia Pol\u00edtica contra las Mujeres en Raz\u00f3n de G\u00e9nero - LA BRAVA RADIO","og_description":"Oaxaca de Ju\u00e1rez, Oax.\u2014 El Gobierno del Estado de Oaxaca, a trav\u00e9s de la Secretar\u00eda de Gobierno, la Secretar\u00eda de las Mujeres y las instituciones que integran la Mesa Operativa de Seguimiento Electoral, refuerza las acciones de prevenci\u00f3n, atenci\u00f3n y acompa\u00f1amiento para garantizar que las mujeres ejerzan plenamente sus derechos pol\u00edtico-electorales durante el proceso de [&hellip;]","og_url":"https:\/\/www.bbmnoticias.com\/se-fortalecen-acciones-para-prevenir-y-atender-la-violencia-politica-contra-las-mujeres-en-razon-de-genero\/","og_site_name":"LA BRAVA RADIO","article_published_time":"2025-11-26T22:13:39+00:00","article_modified_time":"2025-11-26T22:14:10+00:00","og_image":[{"width":800,"height":533,"url":"https:\/\/www.bbmnoticias.com\/labravaradiofm\/wp-content\/uploads\/sites\/5\/2025\/11\/jesus_romero-1.jpg","type":"image\/jpeg"}],"author":"Staff","twitter_card":"summary_large_image","twitter_misc":{"Escrito por":"Staff","Tiempo de lectura":"1 minuto"},"schema":{"@context":"https:\/\/schema.org","@graph":[{"@type":"Article","@id":"https:\/\/www.bbmnoticias.com\/se-fortalecen-acciones-para-prevenir-y-atender-la-violencia-politica-contra-las-mujeres-en-razon-de-genero\/#article","isPartOf":{"@id":"https:\/\/www.bbmnoticias.com\/labravaradiofm\/2025\/11\/26\/se-fortalecen-acciones-para-prevenir-y-atender-la-violencia-politica-contra-las-mujeres-en-razon-de-genero\/"},"author":{"name":"Staff","@id":"https:\/\/www.bbmnoticias.com\/labravaradiofm\/#\/schema\/person\/68a9e9036ef3c5b55aeb2b71dc8bab45"},"headline":"Se fortalecen acciones para prevenir y atender la Violencia Pol\u00edtica contra las Mujeres en Raz\u00f3n de G\u00e9nero","datePublished":"2025-11-26T22:13:39+00:00","dateModified":"2025-11-26T22:14:10+00:00","mainEntityOfPage":{"@id":"https:\/\/www.bbmnoticias.com\/labravaradiofm\/2025\/11\/26\/se-fortalecen-acciones-para-prevenir-y-atender-la-violencia-politica-contra-las-mujeres-en-razon-de-genero\/"},"wordCount":270,"image":{"@id":"https:\/\/www.bbmnoticias.com\/se-fortalecen-acciones-para-prevenir-y-atender-la-violencia-politica-contra-las-mujeres-en-razon-de-genero\/#primaryimage"},"thumbnailUrl":"https:\/\/www.bbmnoticias.com\/labravaradiofm\/wp-content\/uploads\/sites\/5\/2025\/11\/jesus_romero-1.jpg","articleSection":["LOCAL"],"inLanguage":"es"},{"@type":"WebPage","@id":"https:\/\/www.bbmnoticias.com\/labravaradiofm\/2025\/11\/26\/se-fortalecen-acciones-para-prevenir-y-atender-la-violencia-politica-contra-las-mujeres-en-razon-de-genero\/","url":"https:\/\/www.bbmnoticias.com\/se-fortalecen-acciones-para-prevenir-y-atender-la-violencia-politica-contra-las-mujeres-en-razon-de-genero\/","name":"Se fortalecen acciones para prevenir y atender la Violencia Pol\u00edtica contra las Mujeres en Raz\u00f3n de G\u00e9nero - LA BRAVA RADIO","isPartOf":{"@id":"https:\/\/www.bbmnoticias.com\/labravaradiofm\/#website"},"primaryImageOfPage":{"@id":"https:\/\/www.bbmnoticias.com\/se-fortalecen-acciones-para-prevenir-y-atender-la-violencia-politica-contra-las-mujeres-en-razon-de-genero\/#primaryimage"},"image":{"@id":"https:\/\/www.bbmnoticias.com\/se-fortalecen-acciones-para-prevenir-y-atender-la-violencia-politica-contra-las-mujeres-en-razon-de-genero\/#primaryimage"},"thumbnailUrl":"https:\/\/www.bbmnoticias.com\/labravaradiofm\/wp-content\/uploads\/sites\/5\/2025\/11\/jesus_romero-1.jpg","datePublished":"2025-11-26T22:13:39+00:00","dateModified":"2025-11-26T22:14:10+00:00","author":{"@id":"https:\/\/www.bbmnoticias.com\/labravaradiofm\/#\/schema\/person\/68a9e9036ef3c5b55aeb2b71dc8bab45"},"breadcrumb":{"@id":"https:\/\/www.bbmnoticias.com\/se-fortalecen-acciones-para-prevenir-y-atender-la-violencia-politica-contra-las-mujeres-en-razon-de-genero\/#breadcrumb"},"inLanguage":"es","potentialAction":[{"@type":"ReadAction","target":["https:\/\/www.bbmnoticias.com\/se-fortalecen-acciones-para-prevenir-y-atender-la-violencia-politica-contra-las-mujeres-en-razon-de-genero\/"]}]},{"@type":"ImageObject","inLanguage":"es","@id":"https:\/\/www.bbmnoticias.com\/se-fortalecen-acciones-para-prevenir-y-atender-la-violencia-politica-contra-las-mujeres-en-razon-de-genero\/#primaryimage","url":"https:\/\/www.bbmnoticias.com\/labravaradiofm\/wp-content\/uploads\/sites\/5\/2025\/11\/jesus_romero-1.jpg","contentUrl":"https:\/\/www.bbmnoticias.com\/labravaradiofm\/wp-content\/uploads\/sites\/5\/2025\/11\/jesus_romero-1.jpg","width":800,"height":533},{"@type":"BreadcrumbList","@id":"https:\/\/www.bbmnoticias.com\/se-fortalecen-acciones-para-prevenir-y-atender-la-violencia-politica-contra-las-mujeres-en-razon-de-genero\/#breadcrumb","itemListElement":[{"@type":"ListItem","position":1,"name":"Inicio","item":"https:\/\/www.bbmnoticias.com\/labravaradiofm\/"},{"@type":"ListItem","position":2,"name":"Se fortalecen acciones para prevenir y atender la Violencia Pol\u00edtica contra las Mujeres en Raz\u00f3n de G\u00e9nero"}]},{"@type":"WebSite","@id":"https:\/\/www.bbmnoticias.com\/labravaradiofm\/#website","url":"https:\/\/www.bbmnoticias.com\/labravaradiofm\/","name":"LA BRAVA RADIO","description":"Empresa productora de medios, Radiodifusi\u00f3n, Noticias, tendencias y todo lo que necesitas saber de la pol\u00edtica mexicana e internacional; entretenimiento, espect\u00e1culos, salud y mucho m\u00e1s.","potentialAction":[{"@type":"SearchAction","target":{"@type":"EntryPoint","urlTemplate":"https:\/\/www.bbmnoticias.com\/labravaradiofm\/?s={search_term_string}"},"query-input":{"@type":"PropertyValueSpecification","valueRequired":true,"valueName":"search_term_string"}}],"inLanguage":"es"},{"@type":"Person","@id":"https:\/\/www.bbmnoticias.com\/labravaradiofm\/#\/schema\/person\/68a9e9036ef3c5b55aeb2b71dc8bab45","name":"Staff","image":{"@type":"ImageObject","inLanguage":"es","@id":"https:\/\/secure.gravatar.com\/avatar\/fdd21ad66fd8b98c407f9dee5b5e588cfe7f0d8579ec20fa6527cd59bab7f0f0?s=96&d=mm&r=g","url":"https:\/\/secure.gravatar.com\/avatar\/fdd21ad66fd8b98c407f9dee5b5e588cfe7f0d8579ec20fa6527cd59bab7f0f0?s=96&d=mm&r=g","contentUrl":"https:\/\/secure.gravatar.com\/avatar\/fdd21ad66fd8b98c407f9dee5b5e588cfe7f0d8579ec20fa6527cd59bab7f0f0?s=96&d=mm&r=g","caption":"Staff"},"url":"https:\/\/www.bbmnoticias.com\/labravaradiofm\/author\/redaccion\/"}]}},"_links":{"self":[{"href":"https:\/\/www.bbmnoticias.com\/labravaradiofm\/wp-json\/wp\/v2\/posts\/70365","targetHints":{"allow":["GET"]}}],"collection":[{"href":"https:\/\/www.bbmnoticias.com\/labravaradiofm\/wp-json\/wp\/v2\/posts"}],"about":[{"href":"https:\/\/www.bbmnoticias.com\/labravaradiofm\/wp-json\/wp\/v2\/types\/post"}],"author":[{"embeddable":true,"href":"https:\/\/www.bbmnoticias.com\/labravaradiofm\/wp-json\/wp\/v2\/users\/2"}],"replies":[{"embeddable":true,"href":"https:\/\/www.bbmnoticias.com\/labravaradiofm\/wp-json\/wp\/v2\/comments?post=70365"}],"version-history":[{"count":0,"href":"https:\/\/www.bbmnoticias.com\/labravaradiofm\/wp-json\/wp\/v2\/posts\/70365\/revisions"}],"wp:featuredmedia":[{"embeddable":true,"href":"https:\/\/www.bbmnoticias.com\/labravaradiofm\/wp-json\/wp\/v2\/media\/70367"}],"wp:attachment":[{"href":"https:\/\/www.bbmnoticias.com\/labravaradiofm\/wp-json\/wp\/v2\/media?parent=70365"}],"wp:term":[{"taxonomy":"category","embeddable":true,"href":"https:\/\/www.bbmnoticias.com\/labravaradiofm\/wp-json\/wp\/v2\/categories?post=70365"},{"taxonomy":"post_tag","embeddable":true,"href":"https:\/\/www.bbmnoticias.com\/labravaradiofm\/wp-json\/wp\/v2\/tags?post=70365"}],"curies":[{"name":"wp","href":"https:\/\/api.w.org\/{rel}","templated":true}]}}