{"id":70296,"date":"2025-11-25T17:30:24","date_gmt":"2025-11-25T23:30:24","guid":{"rendered":"https:\/\/www.bbmnoticias.com\/labravaradiofm\/2025\/11\/25\/fortalece-sso-acciones-para-erradicar-la-violencia-contra-mujeres-y-ninas-en-el-sector-salud\/"},"modified":"2025-11-25T17:30:27","modified_gmt":"2025-11-25T23:30:27","slug":"fortalece-sso-acciones-para-erradicar-la-violencia-contra-mujeres-y-ninas-en-el-sector-salud","status":"publish","type":"post","link":"https:\/\/www.bbmnoticias.com\/labravaradiofm\/2025\/11\/25\/fortalece-sso-acciones-para-erradicar-la-violencia-contra-mujeres-y-ninas-en-el-sector-salud\/","title":{"rendered":"Fortalece SSO acciones para erradicar la violencia contra mujeres y ni\u00f1as en el sector Salud"},"content":{"rendered":"<div style=\"margin-top: 0px; margin-bottom: 0px;\" class=\"sharethis-inline-share-buttons\" ><\/div>\n<p><strong>Oaxaca de Ju\u00e1rez, Oax.-<\/strong> Para fomentar la reflexi\u00f3n, an\u00e1lisis y fortalecimiento de estrategias que contribuyan a una vida libre de agresiones, el Gobierno de Oaxaca realiz\u00f3 el conversatorio \u201cDi\u00e1logo entre Mujeres: Cuidado, Salud y Violencia\u201d.<\/p>\n\n\n\n<p>Al inaugurar el encuentro, el encargado de la Subdirecci\u00f3n General de los Servicios de Salud de Oaxaca (SSO), Ismael de Jes\u00fas Arjona Ruiz subray\u00f3 que esta estrategia representa un esfuerzo interinstitucional para prevenir, visibilizar y atender todo tipo de agresiones, garantizando el cumplimiento de los derechos sexuales y reproductivos.<\/p>\n\n\n\n<p>\u201cEste d\u00eda es una conmemoraci\u00f3n de la lucha por la equidad de g\u00e9nero, la igualdad y los valores que nos inspiran a defender los derechos de este sector. Es tambi\u00e9n un llamado a reflexionar sobre los desaf\u00edos que persisten: la violencia de g\u00e9nero, discriminaci\u00f3n laboral y brechas salariales\u201d, se\u00f1al\u00f3.<\/p>\n\n\n\n<p>Esta actividad, que se efectu\u00f3 en el marco del D\u00eda Internacional de la Eliminaci\u00f3n de la Violencia contra las Mujeres bajo el lema \u201c\u00a1\u00danete para poner fin a la violencia contra las mujeres y ni\u00f1as!\u201d, resalt\u00f3 el trabajo y compromiso del personal en la promoci\u00f3n de entornos saludables.<\/p>\n\n\n\n<p>En este marco, se entregaron reconocimientos a 50 unidades m\u00e9dicas de IMSS-Bienestar pertenecientes a la Jurisdicci\u00f3n Sanitaria 1 Valles Centrales.<\/p>\n\n\n\n<p>Tambi\u00e9n, se imparti\u00f3 la capacitaci\u00f3n magistral \u201cAltruismo, g\u00e9nero y la bioseguridad de la transmisi\u00f3n sangu\u00ednea en Oaxaca\u201d, dirigida a personal m\u00e9dico y de enfermer\u00eda, para fortalecer conocimientos y pr\u00e1cticas para la atenci\u00f3n integral y con perspectiva de g\u00e9nero.<\/p>\n","protected":false},"excerpt":{"rendered":"<p>Oaxaca de Ju\u00e1rez, Oax.- Para fomentar la reflexi\u00f3n, an\u00e1lisis y fortalecimiento de estrategias que contribuyan a una vida libre de agresiones, el Gobierno de Oaxaca realiz\u00f3 el conversatorio \u201cDi\u00e1logo entre Mujeres: Cuidado, Salud y Violencia\u201d. Al inaugurar el encuentro, el encargado de la Subdirecci\u00f3n General de los Servicios de Salud de Oaxaca (SSO), Ismael de [&hellip;]<\/p>\n","protected":false},"author":2,"featured_media":70298,"comment_status":"closed","ping_status":"","sticky":false,"template":"","format":"standard","meta":{"footnotes":""},"categories":[2],"tags":[],"class_list":{"0":"post-70296","1":"post","2":"type-post","3":"status-publish","4":"format-standard","5":"has-post-thumbnail","7":"category-oaxaca"},"yoast_head":"<!-- This site is optimized with the Yoast SEO plugin v27.4 - https:\/\/yoast.com\/product\/yoast-seo-wordpress\/ -->\n<title>Fortalece SSO acciones para erradicar la violencia contra mujeres y ni\u00f1as en el sector Salud - LA BRAVA RADIO<\/title>\n<meta name=\"robots\" content=\"index, follow, max-snippet:-1, max-image-preview:large, max-video-preview:-1\" \/>\n<link rel=\"canonical\" href=\"https:\/\/www.bbmnoticias.com\/fortalece-sso-acciones-para-erradicar-la-violencia-contra-mujeres-y-ninas-en-el-sector-salud\/\" \/>\n<meta property=\"og:locale\" content=\"es_MX\" \/>\n<meta property=\"og:type\" content=\"article\" \/>\n<meta property=\"og:title\" content=\"Fortalece SSO acciones para erradicar la violencia contra mujeres y ni\u00f1as en el sector Salud - LA BRAVA RADIO\" \/>\n<meta property=\"og:description\" content=\"Oaxaca de Ju\u00e1rez, Oax.- Para fomentar la reflexi\u00f3n, an\u00e1lisis y fortalecimiento de estrategias que contribuyan a una vida libre de agresiones, el Gobierno de Oaxaca realiz\u00f3 el conversatorio \u201cDi\u00e1logo entre Mujeres: Cuidado, Salud y Violencia\u201d. Al inaugurar el encuentro, el encargado de la Subdirecci\u00f3n General de los Servicios de Salud de Oaxaca (SSO), Ismael de [&hellip;]\" \/>\n<meta property=\"og:url\" content=\"https:\/\/www.bbmnoticias.com\/fortalece-sso-acciones-para-erradicar-la-violencia-contra-mujeres-y-ninas-en-el-sector-salud\/\" \/>\n<meta property=\"og:site_name\" content=\"LA BRAVA RADIO\" \/>\n<meta property=\"article:published_time\" content=\"2025-11-25T23:30:24+00:00\" \/>\n<meta property=\"article:modified_time\" content=\"2025-11-25T23:30:27+00:00\" \/>\n<meta property=\"og:image\" content=\"https:\/\/www.bbmnoticias.com\/labravaradiofm\/wp-content\/uploads\/sites\/5\/2025\/11\/Fortalece-SSO-acciones-para-erradicar-la-violencia-contra-mujeres-y-ninas-en-el-sector-Salud-1.jpg\" \/>\n\t<meta property=\"og:image:width\" content=\"1280\" \/>\n\t<meta property=\"og:image:height\" content=\"667\" \/>\n\t<meta property=\"og:image:type\" content=\"image\/jpeg\" \/>\n<meta name=\"author\" content=\"Staff\" \/>\n<meta name=\"twitter:card\" content=\"summary_large_image\" \/>\n<meta name=\"twitter:label1\" content=\"Escrito por\" \/>\n\t<meta name=\"twitter:data1\" content=\"Staff\" \/>\n\t<meta name=\"twitter:label2\" content=\"Tiempo de lectura\" \/>\n\t<meta name=\"twitter:data2\" content=\"1 minuto\" \/>\n<script type=\"application\/ld+json\" class=\"yoast-schema-graph\">{\"@context\":\"https:\\\/\\\/schema.org\",\"@graph\":[{\"@type\":\"Article\",\"@id\":\"https:\\\/\\\/www.bbmnoticias.com\\\/fortalece-sso-acciones-para-erradicar-la-violencia-contra-mujeres-y-ninas-en-el-sector-salud\\\/#article\",\"isPartOf\":{\"@id\":\"https:\\\/\\\/www.bbmnoticias.com\\\/labravaradiofm\\\/2025\\\/11\\\/25\\\/fortalece-sso-acciones-para-erradicar-la-violencia-contra-mujeres-y-ninas-en-el-sector-salud\\\/\"},\"author\":{\"name\":\"Staff\",\"@id\":\"https:\\\/\\\/www.bbmnoticias.com\\\/labravaradiofm\\\/#\\\/schema\\\/person\\\/68a9e9036ef3c5b55aeb2b71dc8bab45\"},\"headline\":\"Fortalece SSO acciones para erradicar la violencia contra mujeres y ni\u00f1as en el sector Salud\",\"datePublished\":\"2025-11-25T23:30:24+00:00\",\"dateModified\":\"2025-11-25T23:30:27+00:00\",\"mainEntityOfPage\":{\"@id\":\"https:\\\/\\\/www.bbmnoticias.com\\\/labravaradiofm\\\/2025\\\/11\\\/25\\\/fortalece-sso-acciones-para-erradicar-la-violencia-contra-mujeres-y-ninas-en-el-sector-salud\\\/\"},\"wordCount\":284,\"image\":{\"@id\":\"https:\\\/\\\/www.bbmnoticias.com\\\/fortalece-sso-acciones-para-erradicar-la-violencia-contra-mujeres-y-ninas-en-el-sector-salud\\\/#primaryimage\"},\"thumbnailUrl\":\"https:\\\/\\\/www.bbmnoticias.com\\\/labravaradiofm\\\/wp-content\\\/uploads\\\/sites\\\/5\\\/2025\\\/11\\\/Fortalece-SSO-acciones-para-erradicar-la-violencia-contra-mujeres-y-ninas-en-el-sector-Salud-1.jpg\",\"articleSection\":[\"LOCAL\"],\"inLanguage\":\"es\"},{\"@type\":\"WebPage\",\"@id\":\"https:\\\/\\\/www.bbmnoticias.com\\\/labravaradiofm\\\/2025\\\/11\\\/25\\\/fortalece-sso-acciones-para-erradicar-la-violencia-contra-mujeres-y-ninas-en-el-sector-salud\\\/\",\"url\":\"https:\\\/\\\/www.bbmnoticias.com\\\/fortalece-sso-acciones-para-erradicar-la-violencia-contra-mujeres-y-ninas-en-el-sector-salud\\\/\",\"name\":\"Fortalece SSO acciones para erradicar la violencia contra mujeres y ni\u00f1as en el sector Salud - LA BRAVA RADIO\",\"isPartOf\":{\"@id\":\"https:\\\/\\\/www.bbmnoticias.com\\\/labravaradiofm\\\/#website\"},\"primaryImageOfPage\":{\"@id\":\"https:\\\/\\\/www.bbmnoticias.com\\\/fortalece-sso-acciones-para-erradicar-la-violencia-contra-mujeres-y-ninas-en-el-sector-salud\\\/#primaryimage\"},\"image\":{\"@id\":\"https:\\\/\\\/www.bbmnoticias.com\\\/fortalece-sso-acciones-para-erradicar-la-violencia-contra-mujeres-y-ninas-en-el-sector-salud\\\/#primaryimage\"},\"thumbnailUrl\":\"https:\\\/\\\/www.bbmnoticias.com\\\/labravaradiofm\\\/wp-content\\\/uploads\\\/sites\\\/5\\\/2025\\\/11\\\/Fortalece-SSO-acciones-para-erradicar-la-violencia-contra-mujeres-y-ninas-en-el-sector-Salud-1.jpg\",\"datePublished\":\"2025-11-25T23:30:24+00:00\",\"dateModified\":\"2025-11-25T23:30:27+00:00\",\"author\":{\"@id\":\"https:\\\/\\\/www.bbmnoticias.com\\\/labravaradiofm\\\/#\\\/schema\\\/person\\\/68a9e9036ef3c5b55aeb2b71dc8bab45\"},\"breadcrumb\":{\"@id\":\"https:\\\/\\\/www.bbmnoticias.com\\\/fortalece-sso-acciones-para-erradicar-la-violencia-contra-mujeres-y-ninas-en-el-sector-salud\\\/#breadcrumb\"},\"inLanguage\":\"es\",\"potentialAction\":[{\"@type\":\"ReadAction\",\"target\":[\"https:\\\/\\\/www.bbmnoticias.com\\\/fortalece-sso-acciones-para-erradicar-la-violencia-contra-mujeres-y-ninas-en-el-sector-salud\\\/\"]}]},{\"@type\":\"ImageObject\",\"inLanguage\":\"es\",\"@id\":\"https:\\\/\\\/www.bbmnoticias.com\\\/fortalece-sso-acciones-para-erradicar-la-violencia-contra-mujeres-y-ninas-en-el-sector-salud\\\/#primaryimage\",\"url\":\"https:\\\/\\\/www.bbmnoticias.com\\\/labravaradiofm\\\/wp-content\\\/uploads\\\/sites\\\/5\\\/2025\\\/11\\\/Fortalece-SSO-acciones-para-erradicar-la-violencia-contra-mujeres-y-ninas-en-el-sector-Salud-1.jpg\",\"contentUrl\":\"https:\\\/\\\/www.bbmnoticias.com\\\/labravaradiofm\\\/wp-content\\\/uploads\\\/sites\\\/5\\\/2025\\\/11\\\/Fortalece-SSO-acciones-para-erradicar-la-violencia-contra-mujeres-y-ninas-en-el-sector-Salud-1.jpg\",\"width\":1280,\"height\":667},{\"@type\":\"BreadcrumbList\",\"@id\":\"https:\\\/\\\/www.bbmnoticias.com\\\/fortalece-sso-acciones-para-erradicar-la-violencia-contra-mujeres-y-ninas-en-el-sector-salud\\\/#breadcrumb\",\"itemListElement\":[{\"@type\":\"ListItem\",\"position\":1,\"name\":\"Inicio\",\"item\":\"https:\\\/\\\/www.bbmnoticias.com\\\/labravaradiofm\\\/\"},{\"@type\":\"ListItem\",\"position\":2,\"name\":\"Fortalece SSO acciones para erradicar la violencia contra mujeres y ni\u00f1as en el sector Salud\"}]},{\"@type\":\"WebSite\",\"@id\":\"https:\\\/\\\/www.bbmnoticias.com\\\/labravaradiofm\\\/#website\",\"url\":\"https:\\\/\\\/www.bbmnoticias.com\\\/labravaradiofm\\\/\",\"name\":\"LA BRAVA RADIO\",\"description\":\"Empresa productora de medios, Radiodifusi\u00f3n, Noticias, tendencias y todo lo que necesitas saber de la pol\u00edtica mexicana e internacional; entretenimiento, espect\u00e1culos, salud y mucho m\u00e1s.\",\"potentialAction\":[{\"@type\":\"SearchAction\",\"target\":{\"@type\":\"EntryPoint\",\"urlTemplate\":\"https:\\\/\\\/www.bbmnoticias.com\\\/labravaradiofm\\\/?s={search_term_string}\"},\"query-input\":{\"@type\":\"PropertyValueSpecification\",\"valueRequired\":true,\"valueName\":\"search_term_string\"}}],\"inLanguage\":\"es\"},{\"@type\":\"Person\",\"@id\":\"https:\\\/\\\/www.bbmnoticias.com\\\/labravaradiofm\\\/#\\\/schema\\\/person\\\/68a9e9036ef3c5b55aeb2b71dc8bab45\",\"name\":\"Staff\",\"image\":{\"@type\":\"ImageObject\",\"inLanguage\":\"es\",\"@id\":\"https:\\\/\\\/secure.gravatar.com\\\/avatar\\\/fdd21ad66fd8b98c407f9dee5b5e588cfe7f0d8579ec20fa6527cd59bab7f0f0?s=96&d=mm&r=g\",\"url\":\"https:\\\/\\\/secure.gravatar.com\\\/avatar\\\/fdd21ad66fd8b98c407f9dee5b5e588cfe7f0d8579ec20fa6527cd59bab7f0f0?s=96&d=mm&r=g\",\"contentUrl\":\"https:\\\/\\\/secure.gravatar.com\\\/avatar\\\/fdd21ad66fd8b98c407f9dee5b5e588cfe7f0d8579ec20fa6527cd59bab7f0f0?s=96&d=mm&r=g\",\"caption\":\"Staff\"},\"url\":\"https:\\\/\\\/www.bbmnoticias.com\\\/labravaradiofm\\\/author\\\/redaccion\\\/\"}]}<\/script>\n<!-- \/ Yoast SEO plugin. -->","yoast_head_json":{"title":"Fortalece SSO acciones para erradicar la violencia contra mujeres y ni\u00f1as en el sector Salud - LA BRAVA RADIO","robots":{"index":"index","follow":"follow","max-snippet":"max-snippet:-1","max-image-preview":"max-image-preview:large","max-video-preview":"max-video-preview:-1"},"canonical":"https:\/\/www.bbmnoticias.com\/fortalece-sso-acciones-para-erradicar-la-violencia-contra-mujeres-y-ninas-en-el-sector-salud\/","og_locale":"es_MX","og_type":"article","og_title":"Fortalece SSO acciones para erradicar la violencia contra mujeres y ni\u00f1as en el sector Salud - LA BRAVA RADIO","og_description":"Oaxaca de Ju\u00e1rez, Oax.- Para fomentar la reflexi\u00f3n, an\u00e1lisis y fortalecimiento de estrategias que contribuyan a una vida libre de agresiones, el Gobierno de Oaxaca realiz\u00f3 el conversatorio \u201cDi\u00e1logo entre Mujeres: Cuidado, Salud y Violencia\u201d. Al inaugurar el encuentro, el encargado de la Subdirecci\u00f3n General de los Servicios de Salud de Oaxaca (SSO), Ismael de [&hellip;]","og_url":"https:\/\/www.bbmnoticias.com\/fortalece-sso-acciones-para-erradicar-la-violencia-contra-mujeres-y-ninas-en-el-sector-salud\/","og_site_name":"LA BRAVA RADIO","article_published_time":"2025-11-25T23:30:24+00:00","article_modified_time":"2025-11-25T23:30:27+00:00","og_image":[{"width":1280,"height":667,"url":"https:\/\/www.bbmnoticias.com\/labravaradiofm\/wp-content\/uploads\/sites\/5\/2025\/11\/Fortalece-SSO-acciones-para-erradicar-la-violencia-contra-mujeres-y-ninas-en-el-sector-Salud-1.jpg","type":"image\/jpeg"}],"author":"Staff","twitter_card":"summary_large_image","twitter_misc":{"Escrito por":"Staff","Tiempo de lectura":"1 minuto"},"schema":{"@context":"https:\/\/schema.org","@graph":[{"@type":"Article","@id":"https:\/\/www.bbmnoticias.com\/fortalece-sso-acciones-para-erradicar-la-violencia-contra-mujeres-y-ninas-en-el-sector-salud\/#article","isPartOf":{"@id":"https:\/\/www.bbmnoticias.com\/labravaradiofm\/2025\/11\/25\/fortalece-sso-acciones-para-erradicar-la-violencia-contra-mujeres-y-ninas-en-el-sector-salud\/"},"author":{"name":"Staff","@id":"https:\/\/www.bbmnoticias.com\/labravaradiofm\/#\/schema\/person\/68a9e9036ef3c5b55aeb2b71dc8bab45"},"headline":"Fortalece SSO acciones para erradicar la violencia contra mujeres y ni\u00f1as en el sector Salud","datePublished":"2025-11-25T23:30:24+00:00","dateModified":"2025-11-25T23:30:27+00:00","mainEntityOfPage":{"@id":"https:\/\/www.bbmnoticias.com\/labravaradiofm\/2025\/11\/25\/fortalece-sso-acciones-para-erradicar-la-violencia-contra-mujeres-y-ninas-en-el-sector-salud\/"},"wordCount":284,"image":{"@id":"https:\/\/www.bbmnoticias.com\/fortalece-sso-acciones-para-erradicar-la-violencia-contra-mujeres-y-ninas-en-el-sector-salud\/#primaryimage"},"thumbnailUrl":"https:\/\/www.bbmnoticias.com\/labravaradiofm\/wp-content\/uploads\/sites\/5\/2025\/11\/Fortalece-SSO-acciones-para-erradicar-la-violencia-contra-mujeres-y-ninas-en-el-sector-Salud-1.jpg","articleSection":["LOCAL"],"inLanguage":"es"},{"@type":"WebPage","@id":"https:\/\/www.bbmnoticias.com\/labravaradiofm\/2025\/11\/25\/fortalece-sso-acciones-para-erradicar-la-violencia-contra-mujeres-y-ninas-en-el-sector-salud\/","url":"https:\/\/www.bbmnoticias.com\/fortalece-sso-acciones-para-erradicar-la-violencia-contra-mujeres-y-ninas-en-el-sector-salud\/","name":"Fortalece SSO acciones para erradicar la violencia contra mujeres y ni\u00f1as en el sector Salud - LA BRAVA RADIO","isPartOf":{"@id":"https:\/\/www.bbmnoticias.com\/labravaradiofm\/#website"},"primaryImageOfPage":{"@id":"https:\/\/www.bbmnoticias.com\/fortalece-sso-acciones-para-erradicar-la-violencia-contra-mujeres-y-ninas-en-el-sector-salud\/#primaryimage"},"image":{"@id":"https:\/\/www.bbmnoticias.com\/fortalece-sso-acciones-para-erradicar-la-violencia-contra-mujeres-y-ninas-en-el-sector-salud\/#primaryimage"},"thumbnailUrl":"https:\/\/www.bbmnoticias.com\/labravaradiofm\/wp-content\/uploads\/sites\/5\/2025\/11\/Fortalece-SSO-acciones-para-erradicar-la-violencia-contra-mujeres-y-ninas-en-el-sector-Salud-1.jpg","datePublished":"2025-11-25T23:30:24+00:00","dateModified":"2025-11-25T23:30:27+00:00","author":{"@id":"https:\/\/www.bbmnoticias.com\/labravaradiofm\/#\/schema\/person\/68a9e9036ef3c5b55aeb2b71dc8bab45"},"breadcrumb":{"@id":"https:\/\/www.bbmnoticias.com\/fortalece-sso-acciones-para-erradicar-la-violencia-contra-mujeres-y-ninas-en-el-sector-salud\/#breadcrumb"},"inLanguage":"es","potentialAction":[{"@type":"ReadAction","target":["https:\/\/www.bbmnoticias.com\/fortalece-sso-acciones-para-erradicar-la-violencia-contra-mujeres-y-ninas-en-el-sector-salud\/"]}]},{"@type":"ImageObject","inLanguage":"es","@id":"https:\/\/www.bbmnoticias.com\/fortalece-sso-acciones-para-erradicar-la-violencia-contra-mujeres-y-ninas-en-el-sector-salud\/#primaryimage","url":"https:\/\/www.bbmnoticias.com\/labravaradiofm\/wp-content\/uploads\/sites\/5\/2025\/11\/Fortalece-SSO-acciones-para-erradicar-la-violencia-contra-mujeres-y-ninas-en-el-sector-Salud-1.jpg","contentUrl":"https:\/\/www.bbmnoticias.com\/labravaradiofm\/wp-content\/uploads\/sites\/5\/2025\/11\/Fortalece-SSO-acciones-para-erradicar-la-violencia-contra-mujeres-y-ninas-en-el-sector-Salud-1.jpg","width":1280,"height":667},{"@type":"BreadcrumbList","@id":"https:\/\/www.bbmnoticias.com\/fortalece-sso-acciones-para-erradicar-la-violencia-contra-mujeres-y-ninas-en-el-sector-salud\/#breadcrumb","itemListElement":[{"@type":"ListItem","position":1,"name":"Inicio","item":"https:\/\/www.bbmnoticias.com\/labravaradiofm\/"},{"@type":"ListItem","position":2,"name":"Fortalece SSO acciones para erradicar la violencia contra mujeres y ni\u00f1as en el sector Salud"}]},{"@type":"WebSite","@id":"https:\/\/www.bbmnoticias.com\/labravaradiofm\/#website","url":"https:\/\/www.bbmnoticias.com\/labravaradiofm\/","name":"LA BRAVA RADIO","description":"Empresa productora de medios, Radiodifusi\u00f3n, Noticias, tendencias y todo lo que necesitas saber de la pol\u00edtica mexicana e internacional; entretenimiento, espect\u00e1culos, salud y mucho m\u00e1s.","potentialAction":[{"@type":"SearchAction","target":{"@type":"EntryPoint","urlTemplate":"https:\/\/www.bbmnoticias.com\/labravaradiofm\/?s={search_term_string}"},"query-input":{"@type":"PropertyValueSpecification","valueRequired":true,"valueName":"search_term_string"}}],"inLanguage":"es"},{"@type":"Person","@id":"https:\/\/www.bbmnoticias.com\/labravaradiofm\/#\/schema\/person\/68a9e9036ef3c5b55aeb2b71dc8bab45","name":"Staff","image":{"@type":"ImageObject","inLanguage":"es","@id":"https:\/\/secure.gravatar.com\/avatar\/fdd21ad66fd8b98c407f9dee5b5e588cfe7f0d8579ec20fa6527cd59bab7f0f0?s=96&d=mm&r=g","url":"https:\/\/secure.gravatar.com\/avatar\/fdd21ad66fd8b98c407f9dee5b5e588cfe7f0d8579ec20fa6527cd59bab7f0f0?s=96&d=mm&r=g","contentUrl":"https:\/\/secure.gravatar.com\/avatar\/fdd21ad66fd8b98c407f9dee5b5e588cfe7f0d8579ec20fa6527cd59bab7f0f0?s=96&d=mm&r=g","caption":"Staff"},"url":"https:\/\/www.bbmnoticias.com\/labravaradiofm\/author\/redaccion\/"}]}},"_links":{"self":[{"href":"https:\/\/www.bbmnoticias.com\/labravaradiofm\/wp-json\/wp\/v2\/posts\/70296","targetHints":{"allow":["GET"]}}],"collection":[{"href":"https:\/\/www.bbmnoticias.com\/labravaradiofm\/wp-json\/wp\/v2\/posts"}],"about":[{"href":"https:\/\/www.bbmnoticias.com\/labravaradiofm\/wp-json\/wp\/v2\/types\/post"}],"author":[{"embeddable":true,"href":"https:\/\/www.bbmnoticias.com\/labravaradiofm\/wp-json\/wp\/v2\/users\/2"}],"replies":[{"embeddable":true,"href":"https:\/\/www.bbmnoticias.com\/labravaradiofm\/wp-json\/wp\/v2\/comments?post=70296"}],"version-history":[{"count":0,"href":"https:\/\/www.bbmnoticias.com\/labravaradiofm\/wp-json\/wp\/v2\/posts\/70296\/revisions"}],"wp:featuredmedia":[{"embeddable":true,"href":"https:\/\/www.bbmnoticias.com\/labravaradiofm\/wp-json\/wp\/v2\/media\/70298"}],"wp:attachment":[{"href":"https:\/\/www.bbmnoticias.com\/labravaradiofm\/wp-json\/wp\/v2\/media?parent=70296"}],"wp:term":[{"taxonomy":"category","embeddable":true,"href":"https:\/\/www.bbmnoticias.com\/labravaradiofm\/wp-json\/wp\/v2\/categories?post=70296"},{"taxonomy":"post_tag","embeddable":true,"href":"https:\/\/www.bbmnoticias.com\/labravaradiofm\/wp-json\/wp\/v2\/tags?post=70296"}],"curies":[{"name":"wp","href":"https:\/\/api.w.org\/{rel}","templated":true}]}}