{"id":70293,"date":"2025-11-25T17:28:08","date_gmt":"2025-11-25T23:28:08","guid":{"rendered":"https:\/\/www.bbmnoticias.com\/labravaradiofm\/2025\/11\/25\/destaca-salomon-jara-inversion-superior-a-42-mdp-en-atencion-y-prevencion-de-la-violencia-contra-las-oaxaquenas\/"},"modified":"2025-11-25T17:28:34","modified_gmt":"2025-11-25T23:28:34","slug":"destaca-salomon-jara-inversion-superior-a-42-mdp-en-atencion-y-prevencion-de-la-violencia-contra-las-oaxaquenas","status":"publish","type":"post","link":"https:\/\/www.bbmnoticias.com\/labravaradiofm\/2025\/11\/25\/destaca-salomon-jara-inversion-superior-a-42-mdp-en-atencion-y-prevencion-de-la-violencia-contra-las-oaxaquenas\/","title":{"rendered":"Destaca Salom\u00f3n Jara inversi\u00f3n superior a 42 mdp en atenci\u00f3n y prevenci\u00f3n de la violencia contra las oaxaque\u00f1as"},"content":{"rendered":"<div style=\"margin-top: 0px; margin-bottom: 0px;\" class=\"sharethis-inline-share-buttons\" ><\/div>\n<p><strong>Santa Luc\u00eda del Camino, Oax.- <\/strong>Durante elEncuentro Estatal de las Mujeres Tejedoras de la Patria, el Gobernador Salom\u00f3n Jara Cruz destac\u00f3 que m\u00e1s de 42.1 millones de pesos se han destinado a los diferentes componentes de atenci\u00f3n y prevenci\u00f3n de la violencia contra las oaxaque\u00f1as.<\/p>\n\n\n\n<p>\u201cHoy enviamos un mensaje claro a todas las mujeres. Ustedes no est\u00e1n&nbsp;solas. En Oaxaca se les respeta, se les acompa\u00f1a y se trabaja todos los d\u00edas para garantizar su&nbsp;derecho a una vida libre de violencia, a la felicidad y al bienestar. Sigamos tejiendo juntas&nbsp;y juntos el futuro que nuestra tierra merece\u201d, asever\u00f3<\/p>\n\n\n\n<p>El Mandatario estatal inform\u00f3 que, hasta la fecha, se han entregado 153 mil 410 Cartillas de Derechos de las Mujeres y se han beneficiado a m\u00e1s de 73 mil personas con asesor\u00edas, atenci\u00f3n psicol\u00f3gica y capacitaci\u00f3n en derechos humanos.<\/p>\n\n\n\n<p>En el Centro Cultural y de Convenciones de Oaxaca (CCCO), enfatiz\u00f3 que estos esfuerzos son posibles gracias a la labor de&nbsp;5 mil 882 tejedoras de la patria, que posicionan a Oaxaca como el cuarto estado con mayor participaci\u00f3n a nivel nacional en esta estrategia que fomenta el liderazgo femenino y la construcci\u00f3n de v\u00ednculos comunitarios.<\/p>\n\n\n\n<p>En el marco del D\u00eda Internacional de la Eliminaci\u00f3n de la Violencia contra las Mujeres, el Gobierno del Estado anunci\u00f3 que financiar\u00e1 los primeros 3 meses del Programa de Atenci\u00f3n Integral&nbsp;para el Bienestar de las Mujeres (Paibim), que fortalece las capacidades institucionales para prevenir,&nbsp;atender, sancionar y erradicar todas las formas de violencia contra este sector.&nbsp;<\/p>\n\n\n\n<p>Este mecanismo se suma a los 41 centros libres que operan en las ocho regiones para brindar atenci\u00f3n&nbsp;psicoemocional, asesor\u00eda jur\u00eddica, orientaci\u00f3n en derechos y acciones que impulsen la autonom\u00eda&nbsp;econ\u00f3mica de las mujeres.<\/p>\n\n\n\n<p>La titular de la Secretar\u00eda de las Mujeres (SM), Anah\u00ed Sarmiento P\u00e9rez reconoci\u00f3 el trabajo que realizan las l\u00edderes comunitarias. \u201cUstedes son las tejedoras del bien com\u00fan, las que cuidan, las que sostienen a sus comunidades, las que tejen igualdad; las que combaten la violencia, tejiendo la paz\u201d.<\/p>\n\n\n\n<p>Por su parte, la activista y defensora de los derechos humanos, Olimpia Coral Melo, impulsora de la ley que lleva su nombre en contra el acoso digital; extern\u00f3 que en colaboraci\u00f3n con el Gobierno de la Primavera Oaxaque\u00f1a se iniciar\u00e1n capacitaciones, orientaciones y trabajos de alfabetismo en estos entornos que permean tambi\u00e9n en el mundo fuera de las pantallas.<\/p>\n\n\n\n<p>Asimismo, se\u00f1al\u00f3 que, en la Cartilla de los Derechos de las Mujeres se incluyen garant\u00edas digitales en el art\u00edculo 12, lo cual es un acto hist\u00f3rico en temas de protecci\u00f3n a este sector.<\/p>\n","protected":false},"excerpt":{"rendered":"<p>Santa Luc\u00eda del Camino, Oax.- Durante elEncuentro Estatal de las Mujeres Tejedoras de la Patria, el Gobernador Salom\u00f3n Jara Cruz destac\u00f3 que m\u00e1s de 42.1 millones de pesos se han destinado a los diferentes componentes de atenci\u00f3n y prevenci\u00f3n de la violencia contra las oaxaque\u00f1as. \u201cHoy enviamos un mensaje claro a todas las mujeres. Ustedes [&hellip;]<\/p>\n","protected":false},"author":2,"featured_media":70295,"comment_status":"closed","ping_status":"","sticky":false,"template":"","format":"standard","meta":{"footnotes":""},"categories":[2],"tags":[],"class_list":{"0":"post-70293","1":"post","2":"type-post","3":"status-publish","4":"format-standard","5":"has-post-thumbnail","7":"category-oaxaca"},"yoast_head":"<!-- This site is optimized with the Yoast SEO plugin v27.4 - https:\/\/yoast.com\/product\/yoast-seo-wordpress\/ -->\n<title>Destaca Salom\u00f3n Jara inversi\u00f3n superior a 42 mdp en atenci\u00f3n y prevenci\u00f3n de la violencia contra las oaxaque\u00f1as - LA BRAVA RADIO<\/title>\n<meta name=\"robots\" content=\"index, follow, max-snippet:-1, max-image-preview:large, max-video-preview:-1\" \/>\n<link rel=\"canonical\" href=\"https:\/\/www.bbmnoticias.com\/destaca-salomon-jara-inversion-superior-a-42-mdp-en-atencion-y-prevencion-de-la-violencia-contra-las-oaxaquenas\/\" \/>\n<meta property=\"og:locale\" content=\"es_MX\" \/>\n<meta property=\"og:type\" content=\"article\" \/>\n<meta property=\"og:title\" content=\"Destaca Salom\u00f3n Jara inversi\u00f3n superior a 42 mdp en atenci\u00f3n y prevenci\u00f3n de la violencia contra las oaxaque\u00f1as - LA BRAVA RADIO\" \/>\n<meta property=\"og:description\" content=\"Santa Luc\u00eda del Camino, Oax.- Durante elEncuentro Estatal de las Mujeres Tejedoras de la Patria, el Gobernador Salom\u00f3n Jara Cruz destac\u00f3 que m\u00e1s de 42.1 millones de pesos se han destinado a los diferentes componentes de atenci\u00f3n y prevenci\u00f3n de la violencia contra las oaxaque\u00f1as. \u201cHoy enviamos un mensaje claro a todas las mujeres. Ustedes [&hellip;]\" \/>\n<meta property=\"og:url\" content=\"https:\/\/www.bbmnoticias.com\/destaca-salomon-jara-inversion-superior-a-42-mdp-en-atencion-y-prevencion-de-la-violencia-contra-las-oaxaquenas\/\" \/>\n<meta property=\"og:site_name\" content=\"LA BRAVA RADIO\" \/>\n<meta property=\"article:published_time\" content=\"2025-11-25T23:28:08+00:00\" \/>\n<meta property=\"article:modified_time\" content=\"2025-11-25T23:28:34+00:00\" \/>\n<meta property=\"og:image\" content=\"https:\/\/www.bbmnoticias.com\/labravaradiofm\/wp-content\/uploads\/sites\/5\/2025\/11\/Destaca-Salomon-Jara-inversion-superior-a-42-mdp-en-atencion-y-prevencion-de-la-violencia-contra-las-oaxaquenas-2.jpeg\" \/>\n\t<meta property=\"og:image:width\" content=\"1280\" \/>\n\t<meta property=\"og:image:height\" content=\"853\" \/>\n\t<meta property=\"og:image:type\" content=\"image\/jpeg\" \/>\n<meta name=\"author\" content=\"Staff\" \/>\n<meta name=\"twitter:card\" content=\"summary_large_image\" \/>\n<meta name=\"twitter:label1\" content=\"Escrito por\" \/>\n\t<meta name=\"twitter:data1\" content=\"Staff\" \/>\n\t<meta name=\"twitter:label2\" content=\"Tiempo de lectura\" \/>\n\t<meta name=\"twitter:data2\" content=\"2 minutos\" \/>\n<script type=\"application\/ld+json\" class=\"yoast-schema-graph\">{\"@context\":\"https:\\\/\\\/schema.org\",\"@graph\":[{\"@type\":\"Article\",\"@id\":\"https:\\\/\\\/www.bbmnoticias.com\\\/destaca-salomon-jara-inversion-superior-a-42-mdp-en-atencion-y-prevencion-de-la-violencia-contra-las-oaxaquenas\\\/#article\",\"isPartOf\":{\"@id\":\"https:\\\/\\\/www.bbmnoticias.com\\\/labravaradiofm\\\/2025\\\/11\\\/25\\\/destaca-salomon-jara-inversion-superior-a-42-mdp-en-atencion-y-prevencion-de-la-violencia-contra-las-oaxaquenas\\\/\"},\"author\":{\"name\":\"Staff\",\"@id\":\"https:\\\/\\\/www.bbmnoticias.com\\\/labravaradiofm\\\/#\\\/schema\\\/person\\\/68a9e9036ef3c5b55aeb2b71dc8bab45\"},\"headline\":\"Destaca Salom\u00f3n Jara inversi\u00f3n superior a 42 mdp en atenci\u00f3n y prevenci\u00f3n de la violencia contra las oaxaque\u00f1as\",\"datePublished\":\"2025-11-25T23:28:08+00:00\",\"dateModified\":\"2025-11-25T23:28:34+00:00\",\"mainEntityOfPage\":{\"@id\":\"https:\\\/\\\/www.bbmnoticias.com\\\/labravaradiofm\\\/2025\\\/11\\\/25\\\/destaca-salomon-jara-inversion-superior-a-42-mdp-en-atencion-y-prevencion-de-la-violencia-contra-las-oaxaquenas\\\/\"},\"wordCount\":488,\"image\":{\"@id\":\"https:\\\/\\\/www.bbmnoticias.com\\\/destaca-salomon-jara-inversion-superior-a-42-mdp-en-atencion-y-prevencion-de-la-violencia-contra-las-oaxaquenas\\\/#primaryimage\"},\"thumbnailUrl\":\"https:\\\/\\\/www.bbmnoticias.com\\\/labravaradiofm\\\/wp-content\\\/uploads\\\/sites\\\/5\\\/2025\\\/11\\\/Destaca-Salomon-Jara-inversion-superior-a-42-mdp-en-atencion-y-prevencion-de-la-violencia-contra-las-oaxaquenas-2.jpeg\",\"articleSection\":[\"LOCAL\"],\"inLanguage\":\"es\"},{\"@type\":\"WebPage\",\"@id\":\"https:\\\/\\\/www.bbmnoticias.com\\\/labravaradiofm\\\/2025\\\/11\\\/25\\\/destaca-salomon-jara-inversion-superior-a-42-mdp-en-atencion-y-prevencion-de-la-violencia-contra-las-oaxaquenas\\\/\",\"url\":\"https:\\\/\\\/www.bbmnoticias.com\\\/destaca-salomon-jara-inversion-superior-a-42-mdp-en-atencion-y-prevencion-de-la-violencia-contra-las-oaxaquenas\\\/\",\"name\":\"Destaca Salom\u00f3n Jara inversi\u00f3n superior a 42 mdp en atenci\u00f3n y prevenci\u00f3n de la violencia contra las oaxaque\u00f1as - LA BRAVA RADIO\",\"isPartOf\":{\"@id\":\"https:\\\/\\\/www.bbmnoticias.com\\\/labravaradiofm\\\/#website\"},\"primaryImageOfPage\":{\"@id\":\"https:\\\/\\\/www.bbmnoticias.com\\\/destaca-salomon-jara-inversion-superior-a-42-mdp-en-atencion-y-prevencion-de-la-violencia-contra-las-oaxaquenas\\\/#primaryimage\"},\"image\":{\"@id\":\"https:\\\/\\\/www.bbmnoticias.com\\\/destaca-salomon-jara-inversion-superior-a-42-mdp-en-atencion-y-prevencion-de-la-violencia-contra-las-oaxaquenas\\\/#primaryimage\"},\"thumbnailUrl\":\"https:\\\/\\\/www.bbmnoticias.com\\\/labravaradiofm\\\/wp-content\\\/uploads\\\/sites\\\/5\\\/2025\\\/11\\\/Destaca-Salomon-Jara-inversion-superior-a-42-mdp-en-atencion-y-prevencion-de-la-violencia-contra-las-oaxaquenas-2.jpeg\",\"datePublished\":\"2025-11-25T23:28:08+00:00\",\"dateModified\":\"2025-11-25T23:28:34+00:00\",\"author\":{\"@id\":\"https:\\\/\\\/www.bbmnoticias.com\\\/labravaradiofm\\\/#\\\/schema\\\/person\\\/68a9e9036ef3c5b55aeb2b71dc8bab45\"},\"breadcrumb\":{\"@id\":\"https:\\\/\\\/www.bbmnoticias.com\\\/destaca-salomon-jara-inversion-superior-a-42-mdp-en-atencion-y-prevencion-de-la-violencia-contra-las-oaxaquenas\\\/#breadcrumb\"},\"inLanguage\":\"es\",\"potentialAction\":[{\"@type\":\"ReadAction\",\"target\":[\"https:\\\/\\\/www.bbmnoticias.com\\\/destaca-salomon-jara-inversion-superior-a-42-mdp-en-atencion-y-prevencion-de-la-violencia-contra-las-oaxaquenas\\\/\"]}]},{\"@type\":\"ImageObject\",\"inLanguage\":\"es\",\"@id\":\"https:\\\/\\\/www.bbmnoticias.com\\\/destaca-salomon-jara-inversion-superior-a-42-mdp-en-atencion-y-prevencion-de-la-violencia-contra-las-oaxaquenas\\\/#primaryimage\",\"url\":\"https:\\\/\\\/www.bbmnoticias.com\\\/labravaradiofm\\\/wp-content\\\/uploads\\\/sites\\\/5\\\/2025\\\/11\\\/Destaca-Salomon-Jara-inversion-superior-a-42-mdp-en-atencion-y-prevencion-de-la-violencia-contra-las-oaxaquenas-2.jpeg\",\"contentUrl\":\"https:\\\/\\\/www.bbmnoticias.com\\\/labravaradiofm\\\/wp-content\\\/uploads\\\/sites\\\/5\\\/2025\\\/11\\\/Destaca-Salomon-Jara-inversion-superior-a-42-mdp-en-atencion-y-prevencion-de-la-violencia-contra-las-oaxaquenas-2.jpeg\",\"width\":1280,\"height\":853},{\"@type\":\"BreadcrumbList\",\"@id\":\"https:\\\/\\\/www.bbmnoticias.com\\\/destaca-salomon-jara-inversion-superior-a-42-mdp-en-atencion-y-prevencion-de-la-violencia-contra-las-oaxaquenas\\\/#breadcrumb\",\"itemListElement\":[{\"@type\":\"ListItem\",\"position\":1,\"name\":\"Inicio\",\"item\":\"https:\\\/\\\/www.bbmnoticias.com\\\/labravaradiofm\\\/\"},{\"@type\":\"ListItem\",\"position\":2,\"name\":\"Destaca Salom\u00f3n Jara inversi\u00f3n superior a 42 mdp en atenci\u00f3n y prevenci\u00f3n de la violencia contra las oaxaque\u00f1as\"}]},{\"@type\":\"WebSite\",\"@id\":\"https:\\\/\\\/www.bbmnoticias.com\\\/labravaradiofm\\\/#website\",\"url\":\"https:\\\/\\\/www.bbmnoticias.com\\\/labravaradiofm\\\/\",\"name\":\"LA BRAVA RADIO\",\"description\":\"Empresa productora de medios, Radiodifusi\u00f3n, Noticias, tendencias y todo lo que necesitas saber de la pol\u00edtica mexicana e internacional; entretenimiento, espect\u00e1culos, salud y mucho m\u00e1s.\",\"potentialAction\":[{\"@type\":\"SearchAction\",\"target\":{\"@type\":\"EntryPoint\",\"urlTemplate\":\"https:\\\/\\\/www.bbmnoticias.com\\\/labravaradiofm\\\/?s={search_term_string}\"},\"query-input\":{\"@type\":\"PropertyValueSpecification\",\"valueRequired\":true,\"valueName\":\"search_term_string\"}}],\"inLanguage\":\"es\"},{\"@type\":\"Person\",\"@id\":\"https:\\\/\\\/www.bbmnoticias.com\\\/labravaradiofm\\\/#\\\/schema\\\/person\\\/68a9e9036ef3c5b55aeb2b71dc8bab45\",\"name\":\"Staff\",\"image\":{\"@type\":\"ImageObject\",\"inLanguage\":\"es\",\"@id\":\"https:\\\/\\\/secure.gravatar.com\\\/avatar\\\/fdd21ad66fd8b98c407f9dee5b5e588cfe7f0d8579ec20fa6527cd59bab7f0f0?s=96&d=mm&r=g\",\"url\":\"https:\\\/\\\/secure.gravatar.com\\\/avatar\\\/fdd21ad66fd8b98c407f9dee5b5e588cfe7f0d8579ec20fa6527cd59bab7f0f0?s=96&d=mm&r=g\",\"contentUrl\":\"https:\\\/\\\/secure.gravatar.com\\\/avatar\\\/fdd21ad66fd8b98c407f9dee5b5e588cfe7f0d8579ec20fa6527cd59bab7f0f0?s=96&d=mm&r=g\",\"caption\":\"Staff\"},\"url\":\"https:\\\/\\\/www.bbmnoticias.com\\\/labravaradiofm\\\/author\\\/redaccion\\\/\"}]}<\/script>\n<!-- \/ Yoast SEO plugin. -->","yoast_head_json":{"title":"Destaca Salom\u00f3n Jara inversi\u00f3n superior a 42 mdp en atenci\u00f3n y prevenci\u00f3n de la violencia contra las oaxaque\u00f1as - LA BRAVA RADIO","robots":{"index":"index","follow":"follow","max-snippet":"max-snippet:-1","max-image-preview":"max-image-preview:large","max-video-preview":"max-video-preview:-1"},"canonical":"https:\/\/www.bbmnoticias.com\/destaca-salomon-jara-inversion-superior-a-42-mdp-en-atencion-y-prevencion-de-la-violencia-contra-las-oaxaquenas\/","og_locale":"es_MX","og_type":"article","og_title":"Destaca Salom\u00f3n Jara inversi\u00f3n superior a 42 mdp en atenci\u00f3n y prevenci\u00f3n de la violencia contra las oaxaque\u00f1as - LA BRAVA RADIO","og_description":"Santa Luc\u00eda del Camino, Oax.- Durante elEncuentro Estatal de las Mujeres Tejedoras de la Patria, el Gobernador Salom\u00f3n Jara Cruz destac\u00f3 que m\u00e1s de 42.1 millones de pesos se han destinado a los diferentes componentes de atenci\u00f3n y prevenci\u00f3n de la violencia contra las oaxaque\u00f1as. \u201cHoy enviamos un mensaje claro a todas las mujeres. Ustedes [&hellip;]","og_url":"https:\/\/www.bbmnoticias.com\/destaca-salomon-jara-inversion-superior-a-42-mdp-en-atencion-y-prevencion-de-la-violencia-contra-las-oaxaquenas\/","og_site_name":"LA BRAVA RADIO","article_published_time":"2025-11-25T23:28:08+00:00","article_modified_time":"2025-11-25T23:28:34+00:00","og_image":[{"width":1280,"height":853,"url":"https:\/\/www.bbmnoticias.com\/labravaradiofm\/wp-content\/uploads\/sites\/5\/2025\/11\/Destaca-Salomon-Jara-inversion-superior-a-42-mdp-en-atencion-y-prevencion-de-la-violencia-contra-las-oaxaquenas-2.jpeg","type":"image\/jpeg"}],"author":"Staff","twitter_card":"summary_large_image","twitter_misc":{"Escrito por":"Staff","Tiempo de lectura":"2 minutos"},"schema":{"@context":"https:\/\/schema.org","@graph":[{"@type":"Article","@id":"https:\/\/www.bbmnoticias.com\/destaca-salomon-jara-inversion-superior-a-42-mdp-en-atencion-y-prevencion-de-la-violencia-contra-las-oaxaquenas\/#article","isPartOf":{"@id":"https:\/\/www.bbmnoticias.com\/labravaradiofm\/2025\/11\/25\/destaca-salomon-jara-inversion-superior-a-42-mdp-en-atencion-y-prevencion-de-la-violencia-contra-las-oaxaquenas\/"},"author":{"name":"Staff","@id":"https:\/\/www.bbmnoticias.com\/labravaradiofm\/#\/schema\/person\/68a9e9036ef3c5b55aeb2b71dc8bab45"},"headline":"Destaca Salom\u00f3n Jara inversi\u00f3n superior a 42 mdp en atenci\u00f3n y prevenci\u00f3n de la violencia contra las oaxaque\u00f1as","datePublished":"2025-11-25T23:28:08+00:00","dateModified":"2025-11-25T23:28:34+00:00","mainEntityOfPage":{"@id":"https:\/\/www.bbmnoticias.com\/labravaradiofm\/2025\/11\/25\/destaca-salomon-jara-inversion-superior-a-42-mdp-en-atencion-y-prevencion-de-la-violencia-contra-las-oaxaquenas\/"},"wordCount":488,"image":{"@id":"https:\/\/www.bbmnoticias.com\/destaca-salomon-jara-inversion-superior-a-42-mdp-en-atencion-y-prevencion-de-la-violencia-contra-las-oaxaquenas\/#primaryimage"},"thumbnailUrl":"https:\/\/www.bbmnoticias.com\/labravaradiofm\/wp-content\/uploads\/sites\/5\/2025\/11\/Destaca-Salomon-Jara-inversion-superior-a-42-mdp-en-atencion-y-prevencion-de-la-violencia-contra-las-oaxaquenas-2.jpeg","articleSection":["LOCAL"],"inLanguage":"es"},{"@type":"WebPage","@id":"https:\/\/www.bbmnoticias.com\/labravaradiofm\/2025\/11\/25\/destaca-salomon-jara-inversion-superior-a-42-mdp-en-atencion-y-prevencion-de-la-violencia-contra-las-oaxaquenas\/","url":"https:\/\/www.bbmnoticias.com\/destaca-salomon-jara-inversion-superior-a-42-mdp-en-atencion-y-prevencion-de-la-violencia-contra-las-oaxaquenas\/","name":"Destaca Salom\u00f3n Jara inversi\u00f3n superior a 42 mdp en atenci\u00f3n y prevenci\u00f3n de la violencia contra las oaxaque\u00f1as - LA BRAVA RADIO","isPartOf":{"@id":"https:\/\/www.bbmnoticias.com\/labravaradiofm\/#website"},"primaryImageOfPage":{"@id":"https:\/\/www.bbmnoticias.com\/destaca-salomon-jara-inversion-superior-a-42-mdp-en-atencion-y-prevencion-de-la-violencia-contra-las-oaxaquenas\/#primaryimage"},"image":{"@id":"https:\/\/www.bbmnoticias.com\/destaca-salomon-jara-inversion-superior-a-42-mdp-en-atencion-y-prevencion-de-la-violencia-contra-las-oaxaquenas\/#primaryimage"},"thumbnailUrl":"https:\/\/www.bbmnoticias.com\/labravaradiofm\/wp-content\/uploads\/sites\/5\/2025\/11\/Destaca-Salomon-Jara-inversion-superior-a-42-mdp-en-atencion-y-prevencion-de-la-violencia-contra-las-oaxaquenas-2.jpeg","datePublished":"2025-11-25T23:28:08+00:00","dateModified":"2025-11-25T23:28:34+00:00","author":{"@id":"https:\/\/www.bbmnoticias.com\/labravaradiofm\/#\/schema\/person\/68a9e9036ef3c5b55aeb2b71dc8bab45"},"breadcrumb":{"@id":"https:\/\/www.bbmnoticias.com\/destaca-salomon-jara-inversion-superior-a-42-mdp-en-atencion-y-prevencion-de-la-violencia-contra-las-oaxaquenas\/#breadcrumb"},"inLanguage":"es","potentialAction":[{"@type":"ReadAction","target":["https:\/\/www.bbmnoticias.com\/destaca-salomon-jara-inversion-superior-a-42-mdp-en-atencion-y-prevencion-de-la-violencia-contra-las-oaxaquenas\/"]}]},{"@type":"ImageObject","inLanguage":"es","@id":"https:\/\/www.bbmnoticias.com\/destaca-salomon-jara-inversion-superior-a-42-mdp-en-atencion-y-prevencion-de-la-violencia-contra-las-oaxaquenas\/#primaryimage","url":"https:\/\/www.bbmnoticias.com\/labravaradiofm\/wp-content\/uploads\/sites\/5\/2025\/11\/Destaca-Salomon-Jara-inversion-superior-a-42-mdp-en-atencion-y-prevencion-de-la-violencia-contra-las-oaxaquenas-2.jpeg","contentUrl":"https:\/\/www.bbmnoticias.com\/labravaradiofm\/wp-content\/uploads\/sites\/5\/2025\/11\/Destaca-Salomon-Jara-inversion-superior-a-42-mdp-en-atencion-y-prevencion-de-la-violencia-contra-las-oaxaquenas-2.jpeg","width":1280,"height":853},{"@type":"BreadcrumbList","@id":"https:\/\/www.bbmnoticias.com\/destaca-salomon-jara-inversion-superior-a-42-mdp-en-atencion-y-prevencion-de-la-violencia-contra-las-oaxaquenas\/#breadcrumb","itemListElement":[{"@type":"ListItem","position":1,"name":"Inicio","item":"https:\/\/www.bbmnoticias.com\/labravaradiofm\/"},{"@type":"ListItem","position":2,"name":"Destaca Salom\u00f3n Jara inversi\u00f3n superior a 42 mdp en atenci\u00f3n y prevenci\u00f3n de la violencia contra las oaxaque\u00f1as"}]},{"@type":"WebSite","@id":"https:\/\/www.bbmnoticias.com\/labravaradiofm\/#website","url":"https:\/\/www.bbmnoticias.com\/labravaradiofm\/","name":"LA BRAVA RADIO","description":"Empresa productora de medios, Radiodifusi\u00f3n, Noticias, tendencias y todo lo que necesitas saber de la pol\u00edtica mexicana e internacional; entretenimiento, espect\u00e1culos, salud y mucho m\u00e1s.","potentialAction":[{"@type":"SearchAction","target":{"@type":"EntryPoint","urlTemplate":"https:\/\/www.bbmnoticias.com\/labravaradiofm\/?s={search_term_string}"},"query-input":{"@type":"PropertyValueSpecification","valueRequired":true,"valueName":"search_term_string"}}],"inLanguage":"es"},{"@type":"Person","@id":"https:\/\/www.bbmnoticias.com\/labravaradiofm\/#\/schema\/person\/68a9e9036ef3c5b55aeb2b71dc8bab45","name":"Staff","image":{"@type":"ImageObject","inLanguage":"es","@id":"https:\/\/secure.gravatar.com\/avatar\/fdd21ad66fd8b98c407f9dee5b5e588cfe7f0d8579ec20fa6527cd59bab7f0f0?s=96&d=mm&r=g","url":"https:\/\/secure.gravatar.com\/avatar\/fdd21ad66fd8b98c407f9dee5b5e588cfe7f0d8579ec20fa6527cd59bab7f0f0?s=96&d=mm&r=g","contentUrl":"https:\/\/secure.gravatar.com\/avatar\/fdd21ad66fd8b98c407f9dee5b5e588cfe7f0d8579ec20fa6527cd59bab7f0f0?s=96&d=mm&r=g","caption":"Staff"},"url":"https:\/\/www.bbmnoticias.com\/labravaradiofm\/author\/redaccion\/"}]}},"_links":{"self":[{"href":"https:\/\/www.bbmnoticias.com\/labravaradiofm\/wp-json\/wp\/v2\/posts\/70293","targetHints":{"allow":["GET"]}}],"collection":[{"href":"https:\/\/www.bbmnoticias.com\/labravaradiofm\/wp-json\/wp\/v2\/posts"}],"about":[{"href":"https:\/\/www.bbmnoticias.com\/labravaradiofm\/wp-json\/wp\/v2\/types\/post"}],"author":[{"embeddable":true,"href":"https:\/\/www.bbmnoticias.com\/labravaradiofm\/wp-json\/wp\/v2\/users\/2"}],"replies":[{"embeddable":true,"href":"https:\/\/www.bbmnoticias.com\/labravaradiofm\/wp-json\/wp\/v2\/comments?post=70293"}],"version-history":[{"count":0,"href":"https:\/\/www.bbmnoticias.com\/labravaradiofm\/wp-json\/wp\/v2\/posts\/70293\/revisions"}],"wp:featuredmedia":[{"embeddable":true,"href":"https:\/\/www.bbmnoticias.com\/labravaradiofm\/wp-json\/wp\/v2\/media\/70295"}],"wp:attachment":[{"href":"https:\/\/www.bbmnoticias.com\/labravaradiofm\/wp-json\/wp\/v2\/media?parent=70293"}],"wp:term":[{"taxonomy":"category","embeddable":true,"href":"https:\/\/www.bbmnoticias.com\/labravaradiofm\/wp-json\/wp\/v2\/categories?post=70293"},{"taxonomy":"post_tag","embeddable":true,"href":"https:\/\/www.bbmnoticias.com\/labravaradiofm\/wp-json\/wp\/v2\/tags?post=70293"}],"curies":[{"name":"wp","href":"https:\/\/api.w.org\/{rel}","templated":true}]}}