{"id":70287,"date":"2025-11-25T15:56:08","date_gmt":"2025-11-25T21:56:08","guid":{"rendered":"https:\/\/www.bbmnoticias.com\/labravaradiofm\/2025\/11\/25\/emmanuel-y-mijares-en-starlite-madrid\/"},"modified":"2025-11-25T15:56:11","modified_gmt":"2025-11-25T21:56:11","slug":"emmanuel-y-mijares-en-starlite-madrid","status":"publish","type":"post","link":"https:\/\/www.bbmnoticias.com\/labravaradiofm\/2025\/11\/25\/emmanuel-y-mijares-en-starlite-madrid\/","title":{"rendered":"Emmanuel y Mijares en Starlite Madrid"},"content":{"rendered":"<div style=\"margin-top: 0px; margin-bottom: 0px;\" class=\"sharethis-inline-share-buttons\" ><\/div>\n<p><strong>Madrid, Espa\u00f1a.-\u00a0 <\/strong>Los cantantes mexicanos Emmanuel y Mijares con su gira \u201cTwo\u2019r amigos\u201d forman parte de la cartelera de Starlite Madrid.\u00a0Del 12 al 23 de diciembre, Starlite Madrid regresa a los pabellones 12 y 14 de IFEMA convertido en mucho m\u00e1s que un festival: un fen\u00f3meno cultural y social que fusiona m\u00fasica, gastronom\u00eda y entretenimiento en una experiencia \u00fanica. Tras el \u00e9xito de sus dos primeras ediciones, la versi\u00f3n madrile\u00f1a del aclamado Starlite Occident de Marbella se ha consolidado como una de las citas m\u00e1s esperadas de la temporada y un plan imprescindible para todos los p\u00fablicos, explican voceros..<\/p>\n\n\n\n<p>En este 2025 ser\u00e1 la&nbsp; tercera edici\u00f3n, traer\u00e1 a la capital&nbsp; de Espa\u00f1a conciertos de grandes artistas, propuestas gastron\u00f3micas de primer nivel, shopping navide\u00f1o y las mejores after parties. Con el objetivo de tener una experiencia 360\u00ba para despedir el a\u00f1o de la forma m\u00e1s especial.<\/p>\n\n\n\n<p>Sin duda la comunidad mexicana tiene la oportunidad de disfrutar del talento de dos cantantes referentes de la m\u00fasica mexicana, Emmanuel y Mijares.&nbsp; Con 12 a\u00f1os de gira ininterrumpida, donde han conquistado cada plaza con localidades agotadas, dos&nbsp; grandes del pop en espa\u00f1ol, anuncian cita&nbsp; el pr\u00f3ximo s\u00e1bado 20 de diciembre, donde sus voces volver\u00e1n a encender corazones, emoci\u00f3n y memorias.<\/p>\n\n\n\n<p>\u201cLa conexi\u00f3n \u00fanica de este d\u00fao sigue tocando fibras profundas. Emmanuel y Mijares desatan una tormenta de emociones con su aclamado\u201dTwo\u2019r Amigos\u201d, una mezcla vibrante de talento, nostalgia y energ\u00eda que enciende a cada audiencia. Iconos indiscutibles de la m\u00fasica latina, contin\u00faan dejando una marca imborrable en cada escenario que pisan.<\/p>\n\n\n\n<p>A lo largo de su carrera, Emmanuel y Mijares han acumulado una avalancha de \u00e9xitos que han trascendido el tiempo, marcando generaciones y convirti\u00e9ndose en parte esencial del ADN musical de Latinoam\u00e9rica. \u00c9xitos como \u201cToda la Vida\u201d y \u201cLa Chica de Humo\u201d, \u201cSi me Ten\u00edas\u201d y \u201cPara Amarnos M\u00e1s\u201d, destacan en el extenso repertorio de Emmanuel y Mijares, cautivando a fans de todas las edades. Vive una noche inolvidable llena de nostalgia y alegr\u00eda con los m\u00e1s grandes himnos del pop latino, interpretados por dos de sus m\u00e1ximos exponentes\u201d.<\/p>\n\n\n\n<p>Entre los artista se encuentran:&nbsp; Melendi (12 de diciembre), Ricky Martin (13 de diciembre),&nbsp; Disney in Concert: The Sound of Magic (14 de diciembre),&nbsp; India Mart\u00ednez (16 de diciembre), Miguel Poveda (19 de diciembre), Emmanuel &amp; Mijares (20 de diciembre) y Gilberto Santa Rosa (21 de diciembre), Manuel Carrasco (22 de diciembre) entre otros.<\/p>\n\n\n\n<p>Adem\u00e1s que el&nbsp; 15 de diciembre, Starlite Madrid acoger\u00e1 \u201cBillboard \u201c cita musical que celebra a los artistas que lideran las listas de Billboard Espa\u00f1a. Tras sus ediciones en Los \u00c1ngeles y Nueva York, el acontecimiento llega por primera vez a Espa\u00f1a y, por primera vez, en espa\u00f1ol, marcando un hito para la industria.<\/p>\n\n\n\n<p>\u201cSer\u00e1 una noche destinada a convertirse en uno de los encuentros culturales m\u00e1s relevantes del a\u00f1o, con grandes actuaciones en directo y muchas sorpresas preparadas para la ocasi\u00f3n.El regreso&nbsp; a la Comunidad de Madrid implica, adem\u00e1s de una agenda de conciertos estelares, la creaci\u00f3n de m\u00e1s de 1.000 puestos de trabajo y un importante impacto econ\u00f3mico y medi\u00e1tico para la ciudad\u201d, informan.<\/p>\n\n\n\n<p>Adem\u00e1s que agregan que con este evento sit\u00faan a la capital espa\u00f1ola&nbsp; en el mapa mundial como un referente de cultura y entretenimiento, atrayendo a turistas nacionales e internacionales, fomentando una gran proyecci\u00f3n medi\u00e1tica que potencia la imagen de la ciudad, contribuyendo a que Madrid se consolide como una de las capitales europeas m\u00e1s vibrantes y din\u00e1micas, y con el mejor estilo de vida.<\/p>\n","protected":false},"excerpt":{"rendered":"<p>Madrid, Espa\u00f1a.-\u00a0 Los cantantes mexicanos Emmanuel y Mijares con su gira \u201cTwo\u2019r amigos\u201d forman parte de la cartelera de Starlite Madrid.\u00a0Del 12 al 23 de diciembre, Starlite Madrid regresa a los pabellones 12 y 14 de IFEMA convertido en mucho m\u00e1s que un festival: un fen\u00f3meno cultural y social que fusiona m\u00fasica, gastronom\u00eda y entretenimiento [&hellip;]<\/p>\n","protected":false},"author":6,"featured_media":70289,"comment_status":"closed","ping_status":"","sticky":false,"template":"","format":"standard","meta":{"footnotes":""},"categories":[949,2],"tags":[],"class_list":{"0":"post-70287","1":"post","2":"type-post","3":"status-publish","4":"format-standard","5":"has-post-thumbnail","7":"category-espectaculos","8":"category-oaxaca"},"yoast_head":"<!-- This site is optimized with the Yoast SEO plugin v27.4 - https:\/\/yoast.com\/product\/yoast-seo-wordpress\/ -->\n<title>Emmanuel y Mijares en Starlite Madrid - LA BRAVA RADIO<\/title>\n<meta name=\"robots\" content=\"index, follow, max-snippet:-1, max-image-preview:large, max-video-preview:-1\" \/>\n<link rel=\"canonical\" href=\"https:\/\/www.bbmnoticias.com\/emmanuel-y-mijares-en-starlite-madrid\/\" \/>\n<meta property=\"og:locale\" content=\"es_MX\" \/>\n<meta property=\"og:type\" content=\"article\" \/>\n<meta property=\"og:title\" content=\"Emmanuel y Mijares en Starlite Madrid - LA BRAVA RADIO\" \/>\n<meta property=\"og:description\" content=\"Madrid, Espa\u00f1a.-\u00a0 Los cantantes mexicanos Emmanuel y Mijares con su gira \u201cTwo\u2019r amigos\u201d forman parte de la cartelera de Starlite Madrid.\u00a0Del 12 al 23 de diciembre, Starlite Madrid regresa a los pabellones 12 y 14 de IFEMA convertido en mucho m\u00e1s que un festival: un fen\u00f3meno cultural y social que fusiona m\u00fasica, gastronom\u00eda y entretenimiento [&hellip;]\" \/>\n<meta property=\"og:url\" content=\"https:\/\/www.bbmnoticias.com\/emmanuel-y-mijares-en-starlite-madrid\/\" \/>\n<meta property=\"og:site_name\" content=\"LA BRAVA RADIO\" \/>\n<meta property=\"article:published_time\" content=\"2025-11-25T21:56:08+00:00\" \/>\n<meta property=\"article:modified_time\" content=\"2025-11-25T21:56:11+00:00\" \/>\n<meta property=\"og:image\" content=\"https:\/\/www.bbmnoticias.com\/labravaradiofm\/wp-content\/uploads\/sites\/5\/2025\/11\/mijares_emmanuel.jpg\" \/>\n\t<meta property=\"og:image:width\" content=\"800\" \/>\n\t<meta property=\"og:image:height\" content=\"450\" \/>\n\t<meta property=\"og:image:type\" content=\"image\/jpeg\" \/>\n<meta name=\"author\" content=\"Mar\u00eda Esther Beltr\u00e1n Mart\u00ednez\" \/>\n<meta name=\"twitter:card\" content=\"summary_large_image\" \/>\n<meta name=\"twitter:label1\" content=\"Escrito por\" \/>\n\t<meta name=\"twitter:data1\" content=\"Mar\u00eda Esther Beltr\u00e1n Mart\u00ednez\" \/>\n\t<meta name=\"twitter:label2\" content=\"Tiempo de lectura\" \/>\n\t<meta name=\"twitter:data2\" content=\"3 minutos\" \/>\n<script type=\"application\/ld+json\" class=\"yoast-schema-graph\">{\"@context\":\"https:\\\/\\\/schema.org\",\"@graph\":[{\"@type\":\"Article\",\"@id\":\"https:\\\/\\\/www.bbmnoticias.com\\\/emmanuel-y-mijares-en-starlite-madrid\\\/#article\",\"isPartOf\":{\"@id\":\"https:\\\/\\\/www.bbmnoticias.com\\\/labravaradiofm\\\/2025\\\/11\\\/25\\\/emmanuel-y-mijares-en-starlite-madrid\\\/\"},\"author\":{\"name\":\"Mar\u00eda Esther Beltr\u00e1n Mart\u00ednez\",\"@id\":\"https:\\\/\\\/www.bbmnoticias.com\\\/labravaradiofm\\\/#\\\/schema\\\/person\\\/ff037dabcc375d1b25289b6fd3902bd6\"},\"headline\":\"Emmanuel y Mijares en Starlite Madrid\",\"datePublished\":\"2025-11-25T21:56:08+00:00\",\"dateModified\":\"2025-11-25T21:56:11+00:00\",\"mainEntityOfPage\":{\"@id\":\"https:\\\/\\\/www.bbmnoticias.com\\\/labravaradiofm\\\/2025\\\/11\\\/25\\\/emmanuel-y-mijares-en-starlite-madrid\\\/\"},\"wordCount\":638,\"image\":{\"@id\":\"https:\\\/\\\/www.bbmnoticias.com\\\/emmanuel-y-mijares-en-starlite-madrid\\\/#primaryimage\"},\"thumbnailUrl\":\"https:\\\/\\\/www.bbmnoticias.com\\\/labravaradiofm\\\/wp-content\\\/uploads\\\/sites\\\/5\\\/2025\\\/11\\\/mijares_emmanuel.jpg\",\"articleSection\":[\"ESPECT\u00c1CULOS\",\"LOCAL\"],\"inLanguage\":\"es\"},{\"@type\":\"WebPage\",\"@id\":\"https:\\\/\\\/www.bbmnoticias.com\\\/labravaradiofm\\\/2025\\\/11\\\/25\\\/emmanuel-y-mijares-en-starlite-madrid\\\/\",\"url\":\"https:\\\/\\\/www.bbmnoticias.com\\\/emmanuel-y-mijares-en-starlite-madrid\\\/\",\"name\":\"Emmanuel y Mijares en Starlite Madrid - LA BRAVA RADIO\",\"isPartOf\":{\"@id\":\"https:\\\/\\\/www.bbmnoticias.com\\\/labravaradiofm\\\/#website\"},\"primaryImageOfPage\":{\"@id\":\"https:\\\/\\\/www.bbmnoticias.com\\\/emmanuel-y-mijares-en-starlite-madrid\\\/#primaryimage\"},\"image\":{\"@id\":\"https:\\\/\\\/www.bbmnoticias.com\\\/emmanuel-y-mijares-en-starlite-madrid\\\/#primaryimage\"},\"thumbnailUrl\":\"https:\\\/\\\/www.bbmnoticias.com\\\/labravaradiofm\\\/wp-content\\\/uploads\\\/sites\\\/5\\\/2025\\\/11\\\/mijares_emmanuel.jpg\",\"datePublished\":\"2025-11-25T21:56:08+00:00\",\"dateModified\":\"2025-11-25T21:56:11+00:00\",\"author\":{\"@id\":\"https:\\\/\\\/www.bbmnoticias.com\\\/labravaradiofm\\\/#\\\/schema\\\/person\\\/ff037dabcc375d1b25289b6fd3902bd6\"},\"breadcrumb\":{\"@id\":\"https:\\\/\\\/www.bbmnoticias.com\\\/emmanuel-y-mijares-en-starlite-madrid\\\/#breadcrumb\"},\"inLanguage\":\"es\",\"potentialAction\":[{\"@type\":\"ReadAction\",\"target\":[\"https:\\\/\\\/www.bbmnoticias.com\\\/emmanuel-y-mijares-en-starlite-madrid\\\/\"]}]},{\"@type\":\"ImageObject\",\"inLanguage\":\"es\",\"@id\":\"https:\\\/\\\/www.bbmnoticias.com\\\/emmanuel-y-mijares-en-starlite-madrid\\\/#primaryimage\",\"url\":\"https:\\\/\\\/www.bbmnoticias.com\\\/labravaradiofm\\\/wp-content\\\/uploads\\\/sites\\\/5\\\/2025\\\/11\\\/mijares_emmanuel.jpg\",\"contentUrl\":\"https:\\\/\\\/www.bbmnoticias.com\\\/labravaradiofm\\\/wp-content\\\/uploads\\\/sites\\\/5\\\/2025\\\/11\\\/mijares_emmanuel.jpg\",\"width\":800,\"height\":450},{\"@type\":\"BreadcrumbList\",\"@id\":\"https:\\\/\\\/www.bbmnoticias.com\\\/emmanuel-y-mijares-en-starlite-madrid\\\/#breadcrumb\",\"itemListElement\":[{\"@type\":\"ListItem\",\"position\":1,\"name\":\"Inicio\",\"item\":\"https:\\\/\\\/www.bbmnoticias.com\\\/labravaradiofm\\\/\"},{\"@type\":\"ListItem\",\"position\":2,\"name\":\"Emmanuel y Mijares en Starlite Madrid\"}]},{\"@type\":\"WebSite\",\"@id\":\"https:\\\/\\\/www.bbmnoticias.com\\\/labravaradiofm\\\/#website\",\"url\":\"https:\\\/\\\/www.bbmnoticias.com\\\/labravaradiofm\\\/\",\"name\":\"LA BRAVA RADIO\",\"description\":\"Empresa productora de medios, Radiodifusi\u00f3n, Noticias, tendencias y todo lo que necesitas saber de la pol\u00edtica mexicana e internacional; entretenimiento, espect\u00e1culos, salud y mucho m\u00e1s.\",\"potentialAction\":[{\"@type\":\"SearchAction\",\"target\":{\"@type\":\"EntryPoint\",\"urlTemplate\":\"https:\\\/\\\/www.bbmnoticias.com\\\/labravaradiofm\\\/?s={search_term_string}\"},\"query-input\":{\"@type\":\"PropertyValueSpecification\",\"valueRequired\":true,\"valueName\":\"search_term_string\"}}],\"inLanguage\":\"es\"},{\"@type\":\"Person\",\"@id\":\"https:\\\/\\\/www.bbmnoticias.com\\\/labravaradiofm\\\/#\\\/schema\\\/person\\\/ff037dabcc375d1b25289b6fd3902bd6\",\"name\":\"Mar\u00eda Esther Beltr\u00e1n Mart\u00ednez\",\"image\":{\"@type\":\"ImageObject\",\"inLanguage\":\"es\",\"@id\":\"https:\\\/\\\/secure.gravatar.com\\\/avatar\\\/50efe5915c3eac137dcc550ff1c590bc6054705eb482a33520c9501c8eec550f?s=96&d=mm&r=g\",\"url\":\"https:\\\/\\\/secure.gravatar.com\\\/avatar\\\/50efe5915c3eac137dcc550ff1c590bc6054705eb482a33520c9501c8eec550f?s=96&d=mm&r=g\",\"contentUrl\":\"https:\\\/\\\/secure.gravatar.com\\\/avatar\\\/50efe5915c3eac137dcc550ff1c590bc6054705eb482a33520c9501c8eec550f?s=96&d=mm&r=g\",\"caption\":\"Mar\u00eda Esther Beltr\u00e1n Mart\u00ednez\"},\"url\":\"https:\\\/\\\/www.bbmnoticias.com\\\/labravaradiofm\\\/author\\\/maria\\\/\"}]}<\/script>\n<!-- \/ Yoast SEO plugin. -->","yoast_head_json":{"title":"Emmanuel y Mijares en Starlite Madrid - LA BRAVA RADIO","robots":{"index":"index","follow":"follow","max-snippet":"max-snippet:-1","max-image-preview":"max-image-preview:large","max-video-preview":"max-video-preview:-1"},"canonical":"https:\/\/www.bbmnoticias.com\/emmanuel-y-mijares-en-starlite-madrid\/","og_locale":"es_MX","og_type":"article","og_title":"Emmanuel y Mijares en Starlite Madrid - LA BRAVA RADIO","og_description":"Madrid, Espa\u00f1a.-\u00a0 Los cantantes mexicanos Emmanuel y Mijares con su gira \u201cTwo\u2019r amigos\u201d forman parte de la cartelera de Starlite Madrid.\u00a0Del 12 al 23 de diciembre, Starlite Madrid regresa a los pabellones 12 y 14 de IFEMA convertido en mucho m\u00e1s que un festival: un fen\u00f3meno cultural y social que fusiona m\u00fasica, gastronom\u00eda y entretenimiento [&hellip;]","og_url":"https:\/\/www.bbmnoticias.com\/emmanuel-y-mijares-en-starlite-madrid\/","og_site_name":"LA BRAVA RADIO","article_published_time":"2025-11-25T21:56:08+00:00","article_modified_time":"2025-11-25T21:56:11+00:00","og_image":[{"width":800,"height":450,"url":"https:\/\/www.bbmnoticias.com\/labravaradiofm\/wp-content\/uploads\/sites\/5\/2025\/11\/mijares_emmanuel.jpg","type":"image\/jpeg"}],"author":"Mar\u00eda Esther Beltr\u00e1n Mart\u00ednez","twitter_card":"summary_large_image","twitter_misc":{"Escrito por":"Mar\u00eda Esther Beltr\u00e1n Mart\u00ednez","Tiempo de lectura":"3 minutos"},"schema":{"@context":"https:\/\/schema.org","@graph":[{"@type":"Article","@id":"https:\/\/www.bbmnoticias.com\/emmanuel-y-mijares-en-starlite-madrid\/#article","isPartOf":{"@id":"https:\/\/www.bbmnoticias.com\/labravaradiofm\/2025\/11\/25\/emmanuel-y-mijares-en-starlite-madrid\/"},"author":{"name":"Mar\u00eda Esther Beltr\u00e1n Mart\u00ednez","@id":"https:\/\/www.bbmnoticias.com\/labravaradiofm\/#\/schema\/person\/ff037dabcc375d1b25289b6fd3902bd6"},"headline":"Emmanuel y Mijares en Starlite Madrid","datePublished":"2025-11-25T21:56:08+00:00","dateModified":"2025-11-25T21:56:11+00:00","mainEntityOfPage":{"@id":"https:\/\/www.bbmnoticias.com\/labravaradiofm\/2025\/11\/25\/emmanuel-y-mijares-en-starlite-madrid\/"},"wordCount":638,"image":{"@id":"https:\/\/www.bbmnoticias.com\/emmanuel-y-mijares-en-starlite-madrid\/#primaryimage"},"thumbnailUrl":"https:\/\/www.bbmnoticias.com\/labravaradiofm\/wp-content\/uploads\/sites\/5\/2025\/11\/mijares_emmanuel.jpg","articleSection":["ESPECT\u00c1CULOS","LOCAL"],"inLanguage":"es"},{"@type":"WebPage","@id":"https:\/\/www.bbmnoticias.com\/labravaradiofm\/2025\/11\/25\/emmanuel-y-mijares-en-starlite-madrid\/","url":"https:\/\/www.bbmnoticias.com\/emmanuel-y-mijares-en-starlite-madrid\/","name":"Emmanuel y Mijares en Starlite Madrid - LA BRAVA RADIO","isPartOf":{"@id":"https:\/\/www.bbmnoticias.com\/labravaradiofm\/#website"},"primaryImageOfPage":{"@id":"https:\/\/www.bbmnoticias.com\/emmanuel-y-mijares-en-starlite-madrid\/#primaryimage"},"image":{"@id":"https:\/\/www.bbmnoticias.com\/emmanuel-y-mijares-en-starlite-madrid\/#primaryimage"},"thumbnailUrl":"https:\/\/www.bbmnoticias.com\/labravaradiofm\/wp-content\/uploads\/sites\/5\/2025\/11\/mijares_emmanuel.jpg","datePublished":"2025-11-25T21:56:08+00:00","dateModified":"2025-11-25T21:56:11+00:00","author":{"@id":"https:\/\/www.bbmnoticias.com\/labravaradiofm\/#\/schema\/person\/ff037dabcc375d1b25289b6fd3902bd6"},"breadcrumb":{"@id":"https:\/\/www.bbmnoticias.com\/emmanuel-y-mijares-en-starlite-madrid\/#breadcrumb"},"inLanguage":"es","potentialAction":[{"@type":"ReadAction","target":["https:\/\/www.bbmnoticias.com\/emmanuel-y-mijares-en-starlite-madrid\/"]}]},{"@type":"ImageObject","inLanguage":"es","@id":"https:\/\/www.bbmnoticias.com\/emmanuel-y-mijares-en-starlite-madrid\/#primaryimage","url":"https:\/\/www.bbmnoticias.com\/labravaradiofm\/wp-content\/uploads\/sites\/5\/2025\/11\/mijares_emmanuel.jpg","contentUrl":"https:\/\/www.bbmnoticias.com\/labravaradiofm\/wp-content\/uploads\/sites\/5\/2025\/11\/mijares_emmanuel.jpg","width":800,"height":450},{"@type":"BreadcrumbList","@id":"https:\/\/www.bbmnoticias.com\/emmanuel-y-mijares-en-starlite-madrid\/#breadcrumb","itemListElement":[{"@type":"ListItem","position":1,"name":"Inicio","item":"https:\/\/www.bbmnoticias.com\/labravaradiofm\/"},{"@type":"ListItem","position":2,"name":"Emmanuel y Mijares en Starlite Madrid"}]},{"@type":"WebSite","@id":"https:\/\/www.bbmnoticias.com\/labravaradiofm\/#website","url":"https:\/\/www.bbmnoticias.com\/labravaradiofm\/","name":"LA BRAVA RADIO","description":"Empresa productora de medios, Radiodifusi\u00f3n, Noticias, tendencias y todo lo que necesitas saber de la pol\u00edtica mexicana e internacional; entretenimiento, espect\u00e1culos, salud y mucho m\u00e1s.","potentialAction":[{"@type":"SearchAction","target":{"@type":"EntryPoint","urlTemplate":"https:\/\/www.bbmnoticias.com\/labravaradiofm\/?s={search_term_string}"},"query-input":{"@type":"PropertyValueSpecification","valueRequired":true,"valueName":"search_term_string"}}],"inLanguage":"es"},{"@type":"Person","@id":"https:\/\/www.bbmnoticias.com\/labravaradiofm\/#\/schema\/person\/ff037dabcc375d1b25289b6fd3902bd6","name":"Mar\u00eda Esther Beltr\u00e1n Mart\u00ednez","image":{"@type":"ImageObject","inLanguage":"es","@id":"https:\/\/secure.gravatar.com\/avatar\/50efe5915c3eac137dcc550ff1c590bc6054705eb482a33520c9501c8eec550f?s=96&d=mm&r=g","url":"https:\/\/secure.gravatar.com\/avatar\/50efe5915c3eac137dcc550ff1c590bc6054705eb482a33520c9501c8eec550f?s=96&d=mm&r=g","contentUrl":"https:\/\/secure.gravatar.com\/avatar\/50efe5915c3eac137dcc550ff1c590bc6054705eb482a33520c9501c8eec550f?s=96&d=mm&r=g","caption":"Mar\u00eda Esther Beltr\u00e1n Mart\u00ednez"},"url":"https:\/\/www.bbmnoticias.com\/labravaradiofm\/author\/maria\/"}]}},"_links":{"self":[{"href":"https:\/\/www.bbmnoticias.com\/labravaradiofm\/wp-json\/wp\/v2\/posts\/70287","targetHints":{"allow":["GET"]}}],"collection":[{"href":"https:\/\/www.bbmnoticias.com\/labravaradiofm\/wp-json\/wp\/v2\/posts"}],"about":[{"href":"https:\/\/www.bbmnoticias.com\/labravaradiofm\/wp-json\/wp\/v2\/types\/post"}],"author":[{"embeddable":true,"href":"https:\/\/www.bbmnoticias.com\/labravaradiofm\/wp-json\/wp\/v2\/users\/6"}],"replies":[{"embeddable":true,"href":"https:\/\/www.bbmnoticias.com\/labravaradiofm\/wp-json\/wp\/v2\/comments?post=70287"}],"version-history":[{"count":0,"href":"https:\/\/www.bbmnoticias.com\/labravaradiofm\/wp-json\/wp\/v2\/posts\/70287\/revisions"}],"wp:featuredmedia":[{"embeddable":true,"href":"https:\/\/www.bbmnoticias.com\/labravaradiofm\/wp-json\/wp\/v2\/media\/70289"}],"wp:attachment":[{"href":"https:\/\/www.bbmnoticias.com\/labravaradiofm\/wp-json\/wp\/v2\/media?parent=70287"}],"wp:term":[{"taxonomy":"category","embeddable":true,"href":"https:\/\/www.bbmnoticias.com\/labravaradiofm\/wp-json\/wp\/v2\/categories?post=70287"},{"taxonomy":"post_tag","embeddable":true,"href":"https:\/\/www.bbmnoticias.com\/labravaradiofm\/wp-json\/wp\/v2\/tags?post=70287"}],"curies":[{"name":"wp","href":"https:\/\/api.w.org\/{rel}","templated":true}]}}