{"id":70153,"date":"2025-11-21T11:37:17","date_gmt":"2025-11-21T17:37:17","guid":{"rendered":"https:\/\/www.bbmnoticias.com\/labravaradiofm\/2025\/11\/21\/lanzan-en-la-mananera-del-pueblo-plataforma-saberes-mx\/"},"modified":"2025-11-21T11:37:45","modified_gmt":"2025-11-21T17:37:45","slug":"lanzan-en-la-mananera-del-pueblo-plataforma-saberes-mx","status":"publish","type":"post","link":"https:\/\/www.bbmnoticias.com\/labravaradiofm\/2025\/11\/21\/lanzan-en-la-mananera-del-pueblo-plataforma-saberes-mx\/","title":{"rendered":"Lanzan en La Ma\u00f1anera del Pueblo plataforma Saberes.Mx"},"content":{"rendered":"<div style=\"margin-top: 0px; margin-bottom: 0px;\" class=\"sharethis-inline-share-buttons\" ><\/div>\n<p>En la Ma\u00f1anera del Pueblo, la presidenta Claudia Sheinbaum present\u00f3 la plataforma \u201cSaberes.mx\u201d, \u00fanica en el mundo enriquecida con contenidos de todas las universidades, y cuyo objetivo es democratizar el acceso al conocimiento y convertirla en un instrumento de movilidad social.<\/p>\n\n\n\n<p>La titular del ejecutivo federal, record\u00f3 que se reuni\u00f3 con los integrantes de la Asociaci\u00f3n Nacional de Universidades e Instituciones de Educaci\u00f3n Superior (ANUIES) para dar a conocerla, Saberes.mx, que es gratuita para todos las personas de cualquier edad que deseen realizar y &nbsp;terminar sus estudios.<\/p>\n\n\n\n<p>\u201cObviamente la van a usar m\u00e1s los j\u00f3venes, pero cualquier edad puede llevar cursos de lo que quiera y quien est\u00e1 haciendo estos cursos, las universidades p\u00fablicas y la Subsecretar\u00eda de Educaci\u00f3n Superior est\u00e1n subiendo informaci\u00f3n a trav\u00e9s de sus acad\u00e9micos, acad\u00e9micas de distintos temas y esa plataforma tambi\u00e9n tiene certificaciones de las instituciones de educaci\u00f3n superior, entonces ese es un proyecto muy bueno\u201d, indic\u00f3.<\/p>\n\n\n\n<figure class=\"wp-block-image\"><img decoding=\"async\" src=\"https:\/\/heraldodemexico.com.mx\/u\/fotografias\/m\/2025\/11\/21\/f768x1-1212391_1212518_5050.jpg\" alt=\"\"\/><figcaption class=\"wp-element-caption\">La presidenta de M\u00e9xico, Claudia Sheinbaum, acompa\u00f1ada por Mario Delgado, en su conferencia ma\u00f1anera desde Palacio Nacional. Cr\u00e9ditos: Cortes\u00eda.<br>?????<\/figcaption><\/figure>\n\n\n\n<p>El Secretario de Educaci\u00f3n P\u00fablica, Mario Delgado Carrillo, plante\u00f3 la rapidez con la se est\u00e1 creando el conocimiento con la inteligencia artificial, por lo que, con la plataforma se trabaja para atender la generaci\u00f3n de 172 millones de empleos nuevos. Expuso que Saberes.mx es un desaf\u00edo a toda la arquitectura tradicional de la educaci\u00f3n superior para hacerla m\u00e1s flexible y accesible ante la generaci\u00f3n de herramientas privadas que se crean y que ponen en riesgo la educaci\u00f3n p\u00fablica superior, por lo que no se pueden quedar de brazos cruzados.<\/p>\n\n\n\n<p>\u201dY tambi\u00e9n, si dejamos, si no hacemos nada y que ganen terrenos las plataformas privadas, pues ah\u00ed el riesgo de qu\u00e9 se vuelva irrelevante en la educaci\u00f3n superior p\u00fablica, porque entonces todo el mundo va a querer estar en las plataformas privadas; por eso tan necesario en la plataforma Saberes y si pensamos en los privados, pues s\u00f3lo les interesa, digamos ofrecer ciertas certificaciones de una alt\u00edsima especialidad y ofrecen altas remuneraciones\u201d, puntualiz\u00f3.<\/p>\n\n\n\n<p>Tras mostrar el funcionamiento de Saberes y resaltar que no hay antecedentes en el mundo de una plataforma de este tipo, el subsecretario de Educaci\u00f3n P\u00fablica, Ricardo villanueva Lomel\u00ed que se lanza es \u201cSanaMente, LibreMente: j\u00f3venes por la paz y contra las adiccciones\u201d, que est\u00e1 dirigido a 55 millones de estudiantes de educaci\u00f3n superior.<\/p>\n\n\n\n<p>Coment\u00f3 que con s\u00f3lo ingresar a la plataforma y empezar a buscar un tema, la misma le conformar\u00e1 rutas de conocimientos, para que vaya creando un perfil personalizado.<\/p>\n\n\n\n<p>\u201cCada usuario, va a poder dise\u00f1ar sus rutas de aprendizaje creadas a partir de sus propios intereses, entonces, el usuario tiene el control total de su ruta de aprendizaje. Si alguien quiere ser programador, toma un curso de HTML y la plataforma solita le va a empezar a proponer uno de Java, y despu\u00e9s le va a proponer uno de Python, o despu\u00e9s le va a proponer otro y se podr\u00e1n ir haciendo trayectorias profesionales donde cada usuario tendr\u00e1 un interfaz personalizada totalmente\u201d, precis\u00f3.<\/p>\n\n\n\n<p>Expusieron que hay 10.3 millones de personas adultas que no terminaron su educaci\u00f3n superior, &nbsp;y ahora pueden hacerlo con la plataforma p\u00fablica; tambi\u00e9n existen 183 mil estudiantes que en los \u00faltimos 7 a\u00f1os truncaron carreras de ingenier\u00eda y 1.4 millones de profesionistas que se requieren para atender la demanda tecnol\u00f3gica en los pr\u00f3ximos 25 a\u00f1os.<\/p>\n","protected":false},"excerpt":{"rendered":"<p>En la Ma\u00f1anera del Pueblo, la presidenta Claudia Sheinbaum present\u00f3 la plataforma \u201cSaberes.mx\u201d, \u00fanica en el mundo enriquecida con contenidos de todas las universidades, y cuyo objetivo es democratizar el acceso al conocimiento y convertirla en un instrumento de movilidad social. La titular del ejecutivo federal, record\u00f3 que se reuni\u00f3 con los integrantes de la [&hellip;]<\/p>\n","protected":false},"author":4,"featured_media":70155,"comment_status":"closed","ping_status":"","sticky":false,"template":"","format":"standard","meta":{"footnotes":""},"categories":[2,19],"tags":[],"class_list":{"0":"post-70153","1":"post","2":"type-post","3":"status-publish","4":"format-standard","5":"has-post-thumbnail","7":"category-oaxaca","8":"category-nacional"},"yoast_head":"<!-- This site is optimized with the Yoast SEO plugin v27.4 - https:\/\/yoast.com\/product\/yoast-seo-wordpress\/ -->\n<title>Lanzan en La Ma\u00f1anera del Pueblo plataforma Saberes.Mx - LA BRAVA RADIO<\/title>\n<meta name=\"robots\" content=\"index, follow, max-snippet:-1, max-image-preview:large, max-video-preview:-1\" \/>\n<link rel=\"canonical\" href=\"https:\/\/www.bbmnoticias.com\/lanzan-en-la-mananera-del-pueblo-plataforma-saberes-mx\/\" \/>\n<meta property=\"og:locale\" content=\"es_MX\" \/>\n<meta property=\"og:type\" content=\"article\" \/>\n<meta property=\"og:title\" content=\"Lanzan en La Ma\u00f1anera del Pueblo plataforma Saberes.Mx - LA BRAVA RADIO\" \/>\n<meta property=\"og:description\" content=\"En la Ma\u00f1anera del Pueblo, la presidenta Claudia Sheinbaum present\u00f3 la plataforma \u201cSaberes.mx\u201d, \u00fanica en el mundo enriquecida con contenidos de todas las universidades, y cuyo objetivo es democratizar el acceso al conocimiento y convertirla en un instrumento de movilidad social. La titular del ejecutivo federal, record\u00f3 que se reuni\u00f3 con los integrantes de la [&hellip;]\" \/>\n<meta property=\"og:url\" content=\"https:\/\/www.bbmnoticias.com\/lanzan-en-la-mananera-del-pueblo-plataforma-saberes-mx\/\" \/>\n<meta property=\"og:site_name\" content=\"LA BRAVA RADIO\" \/>\n<meta property=\"article:published_time\" content=\"2025-11-21T17:37:17+00:00\" \/>\n<meta property=\"article:modified_time\" content=\"2025-11-21T17:37:45+00:00\" \/>\n<meta property=\"og:image\" content=\"https:\/\/www.bbmnoticias.com\/labravaradiofm\/wp-content\/uploads\/sites\/5\/2025\/11\/plataforma_saberes.jpg\" \/>\n\t<meta property=\"og:image:width\" content=\"848\" \/>\n\t<meta property=\"og:image:height\" content=\"477\" \/>\n\t<meta property=\"og:image:type\" content=\"image\/jpeg\" \/>\n<meta name=\"author\" content=\"Agencias\" \/>\n<meta name=\"twitter:card\" content=\"summary_large_image\" \/>\n<meta name=\"twitter:label1\" content=\"Escrito por\" \/>\n\t<meta name=\"twitter:data1\" content=\"Agencias\" \/>\n\t<meta name=\"twitter:label2\" content=\"Tiempo de lectura\" \/>\n\t<meta name=\"twitter:data2\" content=\"3 minutos\" \/>\n<script type=\"application\/ld+json\" class=\"yoast-schema-graph\">{\"@context\":\"https:\\\/\\\/schema.org\",\"@graph\":[{\"@type\":\"Article\",\"@id\":\"https:\\\/\\\/www.bbmnoticias.com\\\/lanzan-en-la-mananera-del-pueblo-plataforma-saberes-mx\\\/#article\",\"isPartOf\":{\"@id\":\"https:\\\/\\\/www.bbmnoticias.com\\\/labravaradiofm\\\/2025\\\/11\\\/21\\\/lanzan-en-la-mananera-del-pueblo-plataforma-saberes-mx\\\/\"},\"author\":{\"name\":\"Agencias\",\"@id\":\"https:\\\/\\\/www.bbmnoticias.com\\\/labravaradiofm\\\/#\\\/schema\\\/person\\\/000bdaf0a8fb5bff0d537c4d0778e33f\"},\"headline\":\"Lanzan en La Ma\u00f1anera del Pueblo plataforma Saberes.Mx\",\"datePublished\":\"2025-11-21T17:37:17+00:00\",\"dateModified\":\"2025-11-21T17:37:45+00:00\",\"mainEntityOfPage\":{\"@id\":\"https:\\\/\\\/www.bbmnoticias.com\\\/labravaradiofm\\\/2025\\\/11\\\/21\\\/lanzan-en-la-mananera-del-pueblo-plataforma-saberes-mx\\\/\"},\"wordCount\":613,\"image\":{\"@id\":\"https:\\\/\\\/www.bbmnoticias.com\\\/lanzan-en-la-mananera-del-pueblo-plataforma-saberes-mx\\\/#primaryimage\"},\"thumbnailUrl\":\"https:\\\/\\\/www.bbmnoticias.com\\\/labravaradiofm\\\/wp-content\\\/uploads\\\/sites\\\/5\\\/2025\\\/11\\\/plataforma_saberes.jpg\",\"articleSection\":[\"LOCAL\",\"NACIONAL\"],\"inLanguage\":\"es\"},{\"@type\":\"WebPage\",\"@id\":\"https:\\\/\\\/www.bbmnoticias.com\\\/labravaradiofm\\\/2025\\\/11\\\/21\\\/lanzan-en-la-mananera-del-pueblo-plataforma-saberes-mx\\\/\",\"url\":\"https:\\\/\\\/www.bbmnoticias.com\\\/lanzan-en-la-mananera-del-pueblo-plataforma-saberes-mx\\\/\",\"name\":\"Lanzan en La Ma\u00f1anera del Pueblo plataforma Saberes.Mx - LA BRAVA RADIO\",\"isPartOf\":{\"@id\":\"https:\\\/\\\/www.bbmnoticias.com\\\/labravaradiofm\\\/#website\"},\"primaryImageOfPage\":{\"@id\":\"https:\\\/\\\/www.bbmnoticias.com\\\/lanzan-en-la-mananera-del-pueblo-plataforma-saberes-mx\\\/#primaryimage\"},\"image\":{\"@id\":\"https:\\\/\\\/www.bbmnoticias.com\\\/lanzan-en-la-mananera-del-pueblo-plataforma-saberes-mx\\\/#primaryimage\"},\"thumbnailUrl\":\"https:\\\/\\\/www.bbmnoticias.com\\\/labravaradiofm\\\/wp-content\\\/uploads\\\/sites\\\/5\\\/2025\\\/11\\\/plataforma_saberes.jpg\",\"datePublished\":\"2025-11-21T17:37:17+00:00\",\"dateModified\":\"2025-11-21T17:37:45+00:00\",\"author\":{\"@id\":\"https:\\\/\\\/www.bbmnoticias.com\\\/labravaradiofm\\\/#\\\/schema\\\/person\\\/000bdaf0a8fb5bff0d537c4d0778e33f\"},\"breadcrumb\":{\"@id\":\"https:\\\/\\\/www.bbmnoticias.com\\\/lanzan-en-la-mananera-del-pueblo-plataforma-saberes-mx\\\/#breadcrumb\"},\"inLanguage\":\"es\",\"potentialAction\":[{\"@type\":\"ReadAction\",\"target\":[\"https:\\\/\\\/www.bbmnoticias.com\\\/lanzan-en-la-mananera-del-pueblo-plataforma-saberes-mx\\\/\"]}]},{\"@type\":\"ImageObject\",\"inLanguage\":\"es\",\"@id\":\"https:\\\/\\\/www.bbmnoticias.com\\\/lanzan-en-la-mananera-del-pueblo-plataforma-saberes-mx\\\/#primaryimage\",\"url\":\"https:\\\/\\\/www.bbmnoticias.com\\\/labravaradiofm\\\/wp-content\\\/uploads\\\/sites\\\/5\\\/2025\\\/11\\\/plataforma_saberes.jpg\",\"contentUrl\":\"https:\\\/\\\/www.bbmnoticias.com\\\/labravaradiofm\\\/wp-content\\\/uploads\\\/sites\\\/5\\\/2025\\\/11\\\/plataforma_saberes.jpg\",\"width\":848,\"height\":477},{\"@type\":\"BreadcrumbList\",\"@id\":\"https:\\\/\\\/www.bbmnoticias.com\\\/lanzan-en-la-mananera-del-pueblo-plataforma-saberes-mx\\\/#breadcrumb\",\"itemListElement\":[{\"@type\":\"ListItem\",\"position\":1,\"name\":\"Inicio\",\"item\":\"https:\\\/\\\/www.bbmnoticias.com\\\/labravaradiofm\\\/\"},{\"@type\":\"ListItem\",\"position\":2,\"name\":\"Lanzan en La Ma\u00f1anera del Pueblo plataforma Saberes.Mx\"}]},{\"@type\":\"WebSite\",\"@id\":\"https:\\\/\\\/www.bbmnoticias.com\\\/labravaradiofm\\\/#website\",\"url\":\"https:\\\/\\\/www.bbmnoticias.com\\\/labravaradiofm\\\/\",\"name\":\"LA BRAVA RADIO\",\"description\":\"Empresa productora de medios, Radiodifusi\u00f3n, Noticias, tendencias y todo lo que necesitas saber de la pol\u00edtica mexicana e internacional; entretenimiento, espect\u00e1culos, salud y mucho m\u00e1s.\",\"potentialAction\":[{\"@type\":\"SearchAction\",\"target\":{\"@type\":\"EntryPoint\",\"urlTemplate\":\"https:\\\/\\\/www.bbmnoticias.com\\\/labravaradiofm\\\/?s={search_term_string}\"},\"query-input\":{\"@type\":\"PropertyValueSpecification\",\"valueRequired\":true,\"valueName\":\"search_term_string\"}}],\"inLanguage\":\"es\"},{\"@type\":\"Person\",\"@id\":\"https:\\\/\\\/www.bbmnoticias.com\\\/labravaradiofm\\\/#\\\/schema\\\/person\\\/000bdaf0a8fb5bff0d537c4d0778e33f\",\"name\":\"Agencias\",\"image\":{\"@type\":\"ImageObject\",\"inLanguage\":\"es\",\"@id\":\"https:\\\/\\\/secure.gravatar.com\\\/avatar\\\/739e0b61adf9e398b425c36718c8752286da0e8cd90f20ce9a86678abc26aa0d?s=96&d=mm&r=g\",\"url\":\"https:\\\/\\\/secure.gravatar.com\\\/avatar\\\/739e0b61adf9e398b425c36718c8752286da0e8cd90f20ce9a86678abc26aa0d?s=96&d=mm&r=g\",\"contentUrl\":\"https:\\\/\\\/secure.gravatar.com\\\/avatar\\\/739e0b61adf9e398b425c36718c8752286da0e8cd90f20ce9a86678abc26aa0d?s=96&d=mm&r=g\",\"caption\":\"Agencias\"},\"url\":\"https:\\\/\\\/www.bbmnoticias.com\\\/labravaradiofm\\\/author\\\/agencias\\\/\"}]}<\/script>\n<!-- \/ Yoast SEO plugin. -->","yoast_head_json":{"title":"Lanzan en La Ma\u00f1anera del Pueblo plataforma Saberes.Mx - LA BRAVA RADIO","robots":{"index":"index","follow":"follow","max-snippet":"max-snippet:-1","max-image-preview":"max-image-preview:large","max-video-preview":"max-video-preview:-1"},"canonical":"https:\/\/www.bbmnoticias.com\/lanzan-en-la-mananera-del-pueblo-plataforma-saberes-mx\/","og_locale":"es_MX","og_type":"article","og_title":"Lanzan en La Ma\u00f1anera del Pueblo plataforma Saberes.Mx - LA BRAVA RADIO","og_description":"En la Ma\u00f1anera del Pueblo, la presidenta Claudia Sheinbaum present\u00f3 la plataforma \u201cSaberes.mx\u201d, \u00fanica en el mundo enriquecida con contenidos de todas las universidades, y cuyo objetivo es democratizar el acceso al conocimiento y convertirla en un instrumento de movilidad social. La titular del ejecutivo federal, record\u00f3 que se reuni\u00f3 con los integrantes de la [&hellip;]","og_url":"https:\/\/www.bbmnoticias.com\/lanzan-en-la-mananera-del-pueblo-plataforma-saberes-mx\/","og_site_name":"LA BRAVA RADIO","article_published_time":"2025-11-21T17:37:17+00:00","article_modified_time":"2025-11-21T17:37:45+00:00","og_image":[{"width":848,"height":477,"url":"https:\/\/www.bbmnoticias.com\/labravaradiofm\/wp-content\/uploads\/sites\/5\/2025\/11\/plataforma_saberes.jpg","type":"image\/jpeg"}],"author":"Agencias","twitter_card":"summary_large_image","twitter_misc":{"Escrito por":"Agencias","Tiempo de lectura":"3 minutos"},"schema":{"@context":"https:\/\/schema.org","@graph":[{"@type":"Article","@id":"https:\/\/www.bbmnoticias.com\/lanzan-en-la-mananera-del-pueblo-plataforma-saberes-mx\/#article","isPartOf":{"@id":"https:\/\/www.bbmnoticias.com\/labravaradiofm\/2025\/11\/21\/lanzan-en-la-mananera-del-pueblo-plataforma-saberes-mx\/"},"author":{"name":"Agencias","@id":"https:\/\/www.bbmnoticias.com\/labravaradiofm\/#\/schema\/person\/000bdaf0a8fb5bff0d537c4d0778e33f"},"headline":"Lanzan en La Ma\u00f1anera del Pueblo plataforma Saberes.Mx","datePublished":"2025-11-21T17:37:17+00:00","dateModified":"2025-11-21T17:37:45+00:00","mainEntityOfPage":{"@id":"https:\/\/www.bbmnoticias.com\/labravaradiofm\/2025\/11\/21\/lanzan-en-la-mananera-del-pueblo-plataforma-saberes-mx\/"},"wordCount":613,"image":{"@id":"https:\/\/www.bbmnoticias.com\/lanzan-en-la-mananera-del-pueblo-plataforma-saberes-mx\/#primaryimage"},"thumbnailUrl":"https:\/\/www.bbmnoticias.com\/labravaradiofm\/wp-content\/uploads\/sites\/5\/2025\/11\/plataforma_saberes.jpg","articleSection":["LOCAL","NACIONAL"],"inLanguage":"es"},{"@type":"WebPage","@id":"https:\/\/www.bbmnoticias.com\/labravaradiofm\/2025\/11\/21\/lanzan-en-la-mananera-del-pueblo-plataforma-saberes-mx\/","url":"https:\/\/www.bbmnoticias.com\/lanzan-en-la-mananera-del-pueblo-plataforma-saberes-mx\/","name":"Lanzan en La Ma\u00f1anera del Pueblo plataforma Saberes.Mx - LA BRAVA RADIO","isPartOf":{"@id":"https:\/\/www.bbmnoticias.com\/labravaradiofm\/#website"},"primaryImageOfPage":{"@id":"https:\/\/www.bbmnoticias.com\/lanzan-en-la-mananera-del-pueblo-plataforma-saberes-mx\/#primaryimage"},"image":{"@id":"https:\/\/www.bbmnoticias.com\/lanzan-en-la-mananera-del-pueblo-plataforma-saberes-mx\/#primaryimage"},"thumbnailUrl":"https:\/\/www.bbmnoticias.com\/labravaradiofm\/wp-content\/uploads\/sites\/5\/2025\/11\/plataforma_saberes.jpg","datePublished":"2025-11-21T17:37:17+00:00","dateModified":"2025-11-21T17:37:45+00:00","author":{"@id":"https:\/\/www.bbmnoticias.com\/labravaradiofm\/#\/schema\/person\/000bdaf0a8fb5bff0d537c4d0778e33f"},"breadcrumb":{"@id":"https:\/\/www.bbmnoticias.com\/lanzan-en-la-mananera-del-pueblo-plataforma-saberes-mx\/#breadcrumb"},"inLanguage":"es","potentialAction":[{"@type":"ReadAction","target":["https:\/\/www.bbmnoticias.com\/lanzan-en-la-mananera-del-pueblo-plataforma-saberes-mx\/"]}]},{"@type":"ImageObject","inLanguage":"es","@id":"https:\/\/www.bbmnoticias.com\/lanzan-en-la-mananera-del-pueblo-plataforma-saberes-mx\/#primaryimage","url":"https:\/\/www.bbmnoticias.com\/labravaradiofm\/wp-content\/uploads\/sites\/5\/2025\/11\/plataforma_saberes.jpg","contentUrl":"https:\/\/www.bbmnoticias.com\/labravaradiofm\/wp-content\/uploads\/sites\/5\/2025\/11\/plataforma_saberes.jpg","width":848,"height":477},{"@type":"BreadcrumbList","@id":"https:\/\/www.bbmnoticias.com\/lanzan-en-la-mananera-del-pueblo-plataforma-saberes-mx\/#breadcrumb","itemListElement":[{"@type":"ListItem","position":1,"name":"Inicio","item":"https:\/\/www.bbmnoticias.com\/labravaradiofm\/"},{"@type":"ListItem","position":2,"name":"Lanzan en La Ma\u00f1anera del Pueblo plataforma Saberes.Mx"}]},{"@type":"WebSite","@id":"https:\/\/www.bbmnoticias.com\/labravaradiofm\/#website","url":"https:\/\/www.bbmnoticias.com\/labravaradiofm\/","name":"LA BRAVA RADIO","description":"Empresa productora de medios, Radiodifusi\u00f3n, Noticias, tendencias y todo lo que necesitas saber de la pol\u00edtica mexicana e internacional; entretenimiento, espect\u00e1culos, salud y mucho m\u00e1s.","potentialAction":[{"@type":"SearchAction","target":{"@type":"EntryPoint","urlTemplate":"https:\/\/www.bbmnoticias.com\/labravaradiofm\/?s={search_term_string}"},"query-input":{"@type":"PropertyValueSpecification","valueRequired":true,"valueName":"search_term_string"}}],"inLanguage":"es"},{"@type":"Person","@id":"https:\/\/www.bbmnoticias.com\/labravaradiofm\/#\/schema\/person\/000bdaf0a8fb5bff0d537c4d0778e33f","name":"Agencias","image":{"@type":"ImageObject","inLanguage":"es","@id":"https:\/\/secure.gravatar.com\/avatar\/739e0b61adf9e398b425c36718c8752286da0e8cd90f20ce9a86678abc26aa0d?s=96&d=mm&r=g","url":"https:\/\/secure.gravatar.com\/avatar\/739e0b61adf9e398b425c36718c8752286da0e8cd90f20ce9a86678abc26aa0d?s=96&d=mm&r=g","contentUrl":"https:\/\/secure.gravatar.com\/avatar\/739e0b61adf9e398b425c36718c8752286da0e8cd90f20ce9a86678abc26aa0d?s=96&d=mm&r=g","caption":"Agencias"},"url":"https:\/\/www.bbmnoticias.com\/labravaradiofm\/author\/agencias\/"}]}},"_links":{"self":[{"href":"https:\/\/www.bbmnoticias.com\/labravaradiofm\/wp-json\/wp\/v2\/posts\/70153","targetHints":{"allow":["GET"]}}],"collection":[{"href":"https:\/\/www.bbmnoticias.com\/labravaradiofm\/wp-json\/wp\/v2\/posts"}],"about":[{"href":"https:\/\/www.bbmnoticias.com\/labravaradiofm\/wp-json\/wp\/v2\/types\/post"}],"author":[{"embeddable":true,"href":"https:\/\/www.bbmnoticias.com\/labravaradiofm\/wp-json\/wp\/v2\/users\/4"}],"replies":[{"embeddable":true,"href":"https:\/\/www.bbmnoticias.com\/labravaradiofm\/wp-json\/wp\/v2\/comments?post=70153"}],"version-history":[{"count":0,"href":"https:\/\/www.bbmnoticias.com\/labravaradiofm\/wp-json\/wp\/v2\/posts\/70153\/revisions"}],"wp:featuredmedia":[{"embeddable":true,"href":"https:\/\/www.bbmnoticias.com\/labravaradiofm\/wp-json\/wp\/v2\/media\/70155"}],"wp:attachment":[{"href":"https:\/\/www.bbmnoticias.com\/labravaradiofm\/wp-json\/wp\/v2\/media?parent=70153"}],"wp:term":[{"taxonomy":"category","embeddable":true,"href":"https:\/\/www.bbmnoticias.com\/labravaradiofm\/wp-json\/wp\/v2\/categories?post=70153"},{"taxonomy":"post_tag","embeddable":true,"href":"https:\/\/www.bbmnoticias.com\/labravaradiofm\/wp-json\/wp\/v2\/tags?post=70153"}],"curies":[{"name":"wp","href":"https:\/\/api.w.org\/{rel}","templated":true}]}}