{"id":70141,"date":"2025-11-21T10:20:12","date_gmt":"2025-11-21T16:20:12","guid":{"rendered":"https:\/\/www.bbmnoticias.com\/labravaradiofm\/2025\/11\/21\/impulsan-gobierno-de-oaxaca-y-fonatur-el-turismo-comunitario-en-pueblos-mancomunados\/"},"modified":"2025-11-21T10:20:43","modified_gmt":"2025-11-21T16:20:43","slug":"impulsan-gobierno-de-oaxaca-y-fonatur-el-turismo-comunitario-en-pueblos-mancomunados","status":"publish","type":"post","link":"https:\/\/www.bbmnoticias.com\/labravaradiofm\/2025\/11\/21\/impulsan-gobierno-de-oaxaca-y-fonatur-el-turismo-comunitario-en-pueblos-mancomunados\/","title":{"rendered":"Impulsan Gobierno de Oaxaca y Fonatur el turismo comunitario en Pueblos Mancomunados"},"content":{"rendered":"<div style=\"margin-top: 0px; margin-bottom: 0px;\" class=\"sharethis-inline-share-buttons\" ><\/div>\n<p><strong>Sierra de Ju\u00e1rez, Oax.-<\/strong> Para fortalecer el turismo comunitario en la entidad, el Gobierno de Oaxaca y el Fondo Nacional de Fomento al Turismo (Fonatur), evaluaron con los Pueblos Mancomunados de la Sierra de Ju\u00e1rez la ruta para impulsar sus atractivos y capacidades para atraer visitantes.<\/p>\n\n\n\n<p>En el primer d\u00eda de esta gira de trabajo, la y el titular de ambas instituciones, Saymi Pineda Velasco y Sebasti\u00e1n Ram\u00edrez Mendoza, respectivamente, se reunieron con autoridades municipales, comunales y representantes de servicios ecotur\u00edsticos de las comunidades de Benito Ju\u00e1rez y de San Antonio Cuajimoloyas, pertenecientes a los municipios de Santa Catarina Lachatao y San Miguel Amatl\u00e1n.<\/p>\n\n\n\n<p>Ah\u00ed expusieron las necesidades de ambas poblaciones y trazaron una ruta conjunta en temas de capacitaci\u00f3n y profesionalizaci\u00f3n de servicios tur\u00edsticos, desarrollo de infraestructura ecotur\u00edstica, as\u00ed como de promoci\u00f3n.<\/p>\n\n\n\n<p>Pineda Velasco se\u00f1al\u00f3 que, bajo la visi\u00f3n del Gobernador Salom\u00f3n Jara Cruz de consolidar la actividad tur\u00edstica como generador de bienestar, Oaxaca se alinea a la estrategia del Gobierno de M\u00e9xico consistente en dar impulso al enfoque comunitario y sostenible.<\/p>\n","protected":false},"excerpt":{"rendered":"<p>Sierra de Ju\u00e1rez, Oax.- Para fortalecer el turismo comunitario en la entidad, el Gobierno de Oaxaca y el Fondo Nacional de Fomento al Turismo (Fonatur), evaluaron con los Pueblos Mancomunados de la Sierra de Ju\u00e1rez la ruta para impulsar sus atractivos y capacidades para atraer visitantes. En el primer d\u00eda de esta gira de trabajo, [&hellip;]<\/p>\n","protected":false},"author":2,"featured_media":70143,"comment_status":"closed","ping_status":"","sticky":false,"template":"","format":"standard","meta":{"footnotes":""},"categories":[2],"tags":[],"class_list":{"0":"post-70141","1":"post","2":"type-post","3":"status-publish","4":"format-standard","5":"has-post-thumbnail","7":"category-oaxaca"},"yoast_head":"<!-- This site is optimized with the Yoast SEO plugin v27.4 - https:\/\/yoast.com\/product\/yoast-seo-wordpress\/ -->\n<title>Impulsan Gobierno de Oaxaca y Fonatur el turismo comunitario en Pueblos Mancomunados - LA BRAVA RADIO<\/title>\n<meta name=\"robots\" content=\"index, follow, max-snippet:-1, max-image-preview:large, max-video-preview:-1\" \/>\n<link rel=\"canonical\" href=\"https:\/\/www.bbmnoticias.com\/impulsan-gobierno-de-oaxaca-y-fonatur-el-turismo-comunitario-en-pueblos-mancomunados\/\" \/>\n<meta property=\"og:locale\" content=\"es_MX\" \/>\n<meta property=\"og:type\" content=\"article\" \/>\n<meta property=\"og:title\" content=\"Impulsan Gobierno de Oaxaca y Fonatur el turismo comunitario en Pueblos Mancomunados - LA BRAVA RADIO\" \/>\n<meta property=\"og:description\" content=\"Sierra de Ju\u00e1rez, Oax.- Para fortalecer el turismo comunitario en la entidad, el Gobierno de Oaxaca y el Fondo Nacional de Fomento al Turismo (Fonatur), evaluaron con los Pueblos Mancomunados de la Sierra de Ju\u00e1rez la ruta para impulsar sus atractivos y capacidades para atraer visitantes. En el primer d\u00eda de esta gira de trabajo, [&hellip;]\" \/>\n<meta property=\"og:url\" content=\"https:\/\/www.bbmnoticias.com\/impulsan-gobierno-de-oaxaca-y-fonatur-el-turismo-comunitario-en-pueblos-mancomunados\/\" \/>\n<meta property=\"og:site_name\" content=\"LA BRAVA RADIO\" \/>\n<meta property=\"article:published_time\" content=\"2025-11-21T16:20:12+00:00\" \/>\n<meta property=\"article:modified_time\" content=\"2025-11-21T16:20:43+00:00\" \/>\n<meta property=\"og:image\" content=\"https:\/\/www.bbmnoticias.com\/labravaradiofm\/wp-content\/uploads\/sites\/5\/2025\/11\/pueblos_mancomunados.jpg\" \/>\n\t<meta property=\"og:image:width\" content=\"1600\" \/>\n\t<meta property=\"og:image:height\" content=\"1066\" \/>\n\t<meta property=\"og:image:type\" content=\"image\/jpeg\" \/>\n<meta name=\"author\" content=\"Staff\" \/>\n<meta name=\"twitter:card\" content=\"summary_large_image\" \/>\n<meta name=\"twitter:label1\" content=\"Escrito por\" \/>\n\t<meta name=\"twitter:data1\" content=\"Staff\" \/>\n\t<meta name=\"twitter:label2\" content=\"Tiempo de lectura\" \/>\n\t<meta name=\"twitter:data2\" content=\"1 minuto\" \/>\n<script type=\"application\/ld+json\" class=\"yoast-schema-graph\">{\"@context\":\"https:\\\/\\\/schema.org\",\"@graph\":[{\"@type\":\"Article\",\"@id\":\"https:\\\/\\\/www.bbmnoticias.com\\\/impulsan-gobierno-de-oaxaca-y-fonatur-el-turismo-comunitario-en-pueblos-mancomunados\\\/#article\",\"isPartOf\":{\"@id\":\"https:\\\/\\\/www.bbmnoticias.com\\\/labravaradiofm\\\/2025\\\/11\\\/21\\\/impulsan-gobierno-de-oaxaca-y-fonatur-el-turismo-comunitario-en-pueblos-mancomunados\\\/\"},\"author\":{\"name\":\"Staff\",\"@id\":\"https:\\\/\\\/www.bbmnoticias.com\\\/labravaradiofm\\\/#\\\/schema\\\/person\\\/68a9e9036ef3c5b55aeb2b71dc8bab45\"},\"headline\":\"Impulsan Gobierno de Oaxaca y Fonatur el turismo comunitario en Pueblos Mancomunados\",\"datePublished\":\"2025-11-21T16:20:12+00:00\",\"dateModified\":\"2025-11-21T16:20:43+00:00\",\"mainEntityOfPage\":{\"@id\":\"https:\\\/\\\/www.bbmnoticias.com\\\/labravaradiofm\\\/2025\\\/11\\\/21\\\/impulsan-gobierno-de-oaxaca-y-fonatur-el-turismo-comunitario-en-pueblos-mancomunados\\\/\"},\"wordCount\":204,\"image\":{\"@id\":\"https:\\\/\\\/www.bbmnoticias.com\\\/impulsan-gobierno-de-oaxaca-y-fonatur-el-turismo-comunitario-en-pueblos-mancomunados\\\/#primaryimage\"},\"thumbnailUrl\":\"https:\\\/\\\/www.bbmnoticias.com\\\/labravaradiofm\\\/wp-content\\\/uploads\\\/sites\\\/5\\\/2025\\\/11\\\/pueblos_mancomunados.jpg\",\"articleSection\":[\"LOCAL\"],\"inLanguage\":\"es\"},{\"@type\":\"WebPage\",\"@id\":\"https:\\\/\\\/www.bbmnoticias.com\\\/labravaradiofm\\\/2025\\\/11\\\/21\\\/impulsan-gobierno-de-oaxaca-y-fonatur-el-turismo-comunitario-en-pueblos-mancomunados\\\/\",\"url\":\"https:\\\/\\\/www.bbmnoticias.com\\\/impulsan-gobierno-de-oaxaca-y-fonatur-el-turismo-comunitario-en-pueblos-mancomunados\\\/\",\"name\":\"Impulsan Gobierno de Oaxaca y Fonatur el turismo comunitario en Pueblos Mancomunados - LA BRAVA RADIO\",\"isPartOf\":{\"@id\":\"https:\\\/\\\/www.bbmnoticias.com\\\/labravaradiofm\\\/#website\"},\"primaryImageOfPage\":{\"@id\":\"https:\\\/\\\/www.bbmnoticias.com\\\/impulsan-gobierno-de-oaxaca-y-fonatur-el-turismo-comunitario-en-pueblos-mancomunados\\\/#primaryimage\"},\"image\":{\"@id\":\"https:\\\/\\\/www.bbmnoticias.com\\\/impulsan-gobierno-de-oaxaca-y-fonatur-el-turismo-comunitario-en-pueblos-mancomunados\\\/#primaryimage\"},\"thumbnailUrl\":\"https:\\\/\\\/www.bbmnoticias.com\\\/labravaradiofm\\\/wp-content\\\/uploads\\\/sites\\\/5\\\/2025\\\/11\\\/pueblos_mancomunados.jpg\",\"datePublished\":\"2025-11-21T16:20:12+00:00\",\"dateModified\":\"2025-11-21T16:20:43+00:00\",\"author\":{\"@id\":\"https:\\\/\\\/www.bbmnoticias.com\\\/labravaradiofm\\\/#\\\/schema\\\/person\\\/68a9e9036ef3c5b55aeb2b71dc8bab45\"},\"breadcrumb\":{\"@id\":\"https:\\\/\\\/www.bbmnoticias.com\\\/impulsan-gobierno-de-oaxaca-y-fonatur-el-turismo-comunitario-en-pueblos-mancomunados\\\/#breadcrumb\"},\"inLanguage\":\"es\",\"potentialAction\":[{\"@type\":\"ReadAction\",\"target\":[\"https:\\\/\\\/www.bbmnoticias.com\\\/impulsan-gobierno-de-oaxaca-y-fonatur-el-turismo-comunitario-en-pueblos-mancomunados\\\/\"]}]},{\"@type\":\"ImageObject\",\"inLanguage\":\"es\",\"@id\":\"https:\\\/\\\/www.bbmnoticias.com\\\/impulsan-gobierno-de-oaxaca-y-fonatur-el-turismo-comunitario-en-pueblos-mancomunados\\\/#primaryimage\",\"url\":\"https:\\\/\\\/www.bbmnoticias.com\\\/labravaradiofm\\\/wp-content\\\/uploads\\\/sites\\\/5\\\/2025\\\/11\\\/pueblos_mancomunados.jpg\",\"contentUrl\":\"https:\\\/\\\/www.bbmnoticias.com\\\/labravaradiofm\\\/wp-content\\\/uploads\\\/sites\\\/5\\\/2025\\\/11\\\/pueblos_mancomunados.jpg\",\"width\":1600,\"height\":1066},{\"@type\":\"BreadcrumbList\",\"@id\":\"https:\\\/\\\/www.bbmnoticias.com\\\/impulsan-gobierno-de-oaxaca-y-fonatur-el-turismo-comunitario-en-pueblos-mancomunados\\\/#breadcrumb\",\"itemListElement\":[{\"@type\":\"ListItem\",\"position\":1,\"name\":\"Inicio\",\"item\":\"https:\\\/\\\/www.bbmnoticias.com\\\/labravaradiofm\\\/\"},{\"@type\":\"ListItem\",\"position\":2,\"name\":\"Impulsan Gobierno de Oaxaca y Fonatur el turismo comunitario en Pueblos Mancomunados\"}]},{\"@type\":\"WebSite\",\"@id\":\"https:\\\/\\\/www.bbmnoticias.com\\\/labravaradiofm\\\/#website\",\"url\":\"https:\\\/\\\/www.bbmnoticias.com\\\/labravaradiofm\\\/\",\"name\":\"LA BRAVA RADIO\",\"description\":\"Empresa productora de medios, Radiodifusi\u00f3n, Noticias, tendencias y todo lo que necesitas saber de la pol\u00edtica mexicana e internacional; entretenimiento, espect\u00e1culos, salud y mucho m\u00e1s.\",\"potentialAction\":[{\"@type\":\"SearchAction\",\"target\":{\"@type\":\"EntryPoint\",\"urlTemplate\":\"https:\\\/\\\/www.bbmnoticias.com\\\/labravaradiofm\\\/?s={search_term_string}\"},\"query-input\":{\"@type\":\"PropertyValueSpecification\",\"valueRequired\":true,\"valueName\":\"search_term_string\"}}],\"inLanguage\":\"es\"},{\"@type\":\"Person\",\"@id\":\"https:\\\/\\\/www.bbmnoticias.com\\\/labravaradiofm\\\/#\\\/schema\\\/person\\\/68a9e9036ef3c5b55aeb2b71dc8bab45\",\"name\":\"Staff\",\"image\":{\"@type\":\"ImageObject\",\"inLanguage\":\"es\",\"@id\":\"https:\\\/\\\/secure.gravatar.com\\\/avatar\\\/fdd21ad66fd8b98c407f9dee5b5e588cfe7f0d8579ec20fa6527cd59bab7f0f0?s=96&d=mm&r=g\",\"url\":\"https:\\\/\\\/secure.gravatar.com\\\/avatar\\\/fdd21ad66fd8b98c407f9dee5b5e588cfe7f0d8579ec20fa6527cd59bab7f0f0?s=96&d=mm&r=g\",\"contentUrl\":\"https:\\\/\\\/secure.gravatar.com\\\/avatar\\\/fdd21ad66fd8b98c407f9dee5b5e588cfe7f0d8579ec20fa6527cd59bab7f0f0?s=96&d=mm&r=g\",\"caption\":\"Staff\"},\"url\":\"https:\\\/\\\/www.bbmnoticias.com\\\/labravaradiofm\\\/author\\\/redaccion\\\/\"}]}<\/script>\n<!-- \/ Yoast SEO plugin. -->","yoast_head_json":{"title":"Impulsan Gobierno de Oaxaca y Fonatur el turismo comunitario en Pueblos Mancomunados - LA BRAVA RADIO","robots":{"index":"index","follow":"follow","max-snippet":"max-snippet:-1","max-image-preview":"max-image-preview:large","max-video-preview":"max-video-preview:-1"},"canonical":"https:\/\/www.bbmnoticias.com\/impulsan-gobierno-de-oaxaca-y-fonatur-el-turismo-comunitario-en-pueblos-mancomunados\/","og_locale":"es_MX","og_type":"article","og_title":"Impulsan Gobierno de Oaxaca y Fonatur el turismo comunitario en Pueblos Mancomunados - LA BRAVA RADIO","og_description":"Sierra de Ju\u00e1rez, Oax.- Para fortalecer el turismo comunitario en la entidad, el Gobierno de Oaxaca y el Fondo Nacional de Fomento al Turismo (Fonatur), evaluaron con los Pueblos Mancomunados de la Sierra de Ju\u00e1rez la ruta para impulsar sus atractivos y capacidades para atraer visitantes. En el primer d\u00eda de esta gira de trabajo, [&hellip;]","og_url":"https:\/\/www.bbmnoticias.com\/impulsan-gobierno-de-oaxaca-y-fonatur-el-turismo-comunitario-en-pueblos-mancomunados\/","og_site_name":"LA BRAVA RADIO","article_published_time":"2025-11-21T16:20:12+00:00","article_modified_time":"2025-11-21T16:20:43+00:00","og_image":[{"width":1600,"height":1066,"url":"https:\/\/www.bbmnoticias.com\/labravaradiofm\/wp-content\/uploads\/sites\/5\/2025\/11\/pueblos_mancomunados.jpg","type":"image\/jpeg"}],"author":"Staff","twitter_card":"summary_large_image","twitter_misc":{"Escrito por":"Staff","Tiempo de lectura":"1 minuto"},"schema":{"@context":"https:\/\/schema.org","@graph":[{"@type":"Article","@id":"https:\/\/www.bbmnoticias.com\/impulsan-gobierno-de-oaxaca-y-fonatur-el-turismo-comunitario-en-pueblos-mancomunados\/#article","isPartOf":{"@id":"https:\/\/www.bbmnoticias.com\/labravaradiofm\/2025\/11\/21\/impulsan-gobierno-de-oaxaca-y-fonatur-el-turismo-comunitario-en-pueblos-mancomunados\/"},"author":{"name":"Staff","@id":"https:\/\/www.bbmnoticias.com\/labravaradiofm\/#\/schema\/person\/68a9e9036ef3c5b55aeb2b71dc8bab45"},"headline":"Impulsan Gobierno de Oaxaca y Fonatur el turismo comunitario en Pueblos Mancomunados","datePublished":"2025-11-21T16:20:12+00:00","dateModified":"2025-11-21T16:20:43+00:00","mainEntityOfPage":{"@id":"https:\/\/www.bbmnoticias.com\/labravaradiofm\/2025\/11\/21\/impulsan-gobierno-de-oaxaca-y-fonatur-el-turismo-comunitario-en-pueblos-mancomunados\/"},"wordCount":204,"image":{"@id":"https:\/\/www.bbmnoticias.com\/impulsan-gobierno-de-oaxaca-y-fonatur-el-turismo-comunitario-en-pueblos-mancomunados\/#primaryimage"},"thumbnailUrl":"https:\/\/www.bbmnoticias.com\/labravaradiofm\/wp-content\/uploads\/sites\/5\/2025\/11\/pueblos_mancomunados.jpg","articleSection":["LOCAL"],"inLanguage":"es"},{"@type":"WebPage","@id":"https:\/\/www.bbmnoticias.com\/labravaradiofm\/2025\/11\/21\/impulsan-gobierno-de-oaxaca-y-fonatur-el-turismo-comunitario-en-pueblos-mancomunados\/","url":"https:\/\/www.bbmnoticias.com\/impulsan-gobierno-de-oaxaca-y-fonatur-el-turismo-comunitario-en-pueblos-mancomunados\/","name":"Impulsan Gobierno de Oaxaca y Fonatur el turismo comunitario en Pueblos Mancomunados - LA BRAVA RADIO","isPartOf":{"@id":"https:\/\/www.bbmnoticias.com\/labravaradiofm\/#website"},"primaryImageOfPage":{"@id":"https:\/\/www.bbmnoticias.com\/impulsan-gobierno-de-oaxaca-y-fonatur-el-turismo-comunitario-en-pueblos-mancomunados\/#primaryimage"},"image":{"@id":"https:\/\/www.bbmnoticias.com\/impulsan-gobierno-de-oaxaca-y-fonatur-el-turismo-comunitario-en-pueblos-mancomunados\/#primaryimage"},"thumbnailUrl":"https:\/\/www.bbmnoticias.com\/labravaradiofm\/wp-content\/uploads\/sites\/5\/2025\/11\/pueblos_mancomunados.jpg","datePublished":"2025-11-21T16:20:12+00:00","dateModified":"2025-11-21T16:20:43+00:00","author":{"@id":"https:\/\/www.bbmnoticias.com\/labravaradiofm\/#\/schema\/person\/68a9e9036ef3c5b55aeb2b71dc8bab45"},"breadcrumb":{"@id":"https:\/\/www.bbmnoticias.com\/impulsan-gobierno-de-oaxaca-y-fonatur-el-turismo-comunitario-en-pueblos-mancomunados\/#breadcrumb"},"inLanguage":"es","potentialAction":[{"@type":"ReadAction","target":["https:\/\/www.bbmnoticias.com\/impulsan-gobierno-de-oaxaca-y-fonatur-el-turismo-comunitario-en-pueblos-mancomunados\/"]}]},{"@type":"ImageObject","inLanguage":"es","@id":"https:\/\/www.bbmnoticias.com\/impulsan-gobierno-de-oaxaca-y-fonatur-el-turismo-comunitario-en-pueblos-mancomunados\/#primaryimage","url":"https:\/\/www.bbmnoticias.com\/labravaradiofm\/wp-content\/uploads\/sites\/5\/2025\/11\/pueblos_mancomunados.jpg","contentUrl":"https:\/\/www.bbmnoticias.com\/labravaradiofm\/wp-content\/uploads\/sites\/5\/2025\/11\/pueblos_mancomunados.jpg","width":1600,"height":1066},{"@type":"BreadcrumbList","@id":"https:\/\/www.bbmnoticias.com\/impulsan-gobierno-de-oaxaca-y-fonatur-el-turismo-comunitario-en-pueblos-mancomunados\/#breadcrumb","itemListElement":[{"@type":"ListItem","position":1,"name":"Inicio","item":"https:\/\/www.bbmnoticias.com\/labravaradiofm\/"},{"@type":"ListItem","position":2,"name":"Impulsan Gobierno de Oaxaca y Fonatur el turismo comunitario en Pueblos Mancomunados"}]},{"@type":"WebSite","@id":"https:\/\/www.bbmnoticias.com\/labravaradiofm\/#website","url":"https:\/\/www.bbmnoticias.com\/labravaradiofm\/","name":"LA BRAVA RADIO","description":"Empresa productora de medios, Radiodifusi\u00f3n, Noticias, tendencias y todo lo que necesitas saber de la pol\u00edtica mexicana e internacional; entretenimiento, espect\u00e1culos, salud y mucho m\u00e1s.","potentialAction":[{"@type":"SearchAction","target":{"@type":"EntryPoint","urlTemplate":"https:\/\/www.bbmnoticias.com\/labravaradiofm\/?s={search_term_string}"},"query-input":{"@type":"PropertyValueSpecification","valueRequired":true,"valueName":"search_term_string"}}],"inLanguage":"es"},{"@type":"Person","@id":"https:\/\/www.bbmnoticias.com\/labravaradiofm\/#\/schema\/person\/68a9e9036ef3c5b55aeb2b71dc8bab45","name":"Staff","image":{"@type":"ImageObject","inLanguage":"es","@id":"https:\/\/secure.gravatar.com\/avatar\/fdd21ad66fd8b98c407f9dee5b5e588cfe7f0d8579ec20fa6527cd59bab7f0f0?s=96&d=mm&r=g","url":"https:\/\/secure.gravatar.com\/avatar\/fdd21ad66fd8b98c407f9dee5b5e588cfe7f0d8579ec20fa6527cd59bab7f0f0?s=96&d=mm&r=g","contentUrl":"https:\/\/secure.gravatar.com\/avatar\/fdd21ad66fd8b98c407f9dee5b5e588cfe7f0d8579ec20fa6527cd59bab7f0f0?s=96&d=mm&r=g","caption":"Staff"},"url":"https:\/\/www.bbmnoticias.com\/labravaradiofm\/author\/redaccion\/"}]}},"_links":{"self":[{"href":"https:\/\/www.bbmnoticias.com\/labravaradiofm\/wp-json\/wp\/v2\/posts\/70141","targetHints":{"allow":["GET"]}}],"collection":[{"href":"https:\/\/www.bbmnoticias.com\/labravaradiofm\/wp-json\/wp\/v2\/posts"}],"about":[{"href":"https:\/\/www.bbmnoticias.com\/labravaradiofm\/wp-json\/wp\/v2\/types\/post"}],"author":[{"embeddable":true,"href":"https:\/\/www.bbmnoticias.com\/labravaradiofm\/wp-json\/wp\/v2\/users\/2"}],"replies":[{"embeddable":true,"href":"https:\/\/www.bbmnoticias.com\/labravaradiofm\/wp-json\/wp\/v2\/comments?post=70141"}],"version-history":[{"count":0,"href":"https:\/\/www.bbmnoticias.com\/labravaradiofm\/wp-json\/wp\/v2\/posts\/70141\/revisions"}],"wp:featuredmedia":[{"embeddable":true,"href":"https:\/\/www.bbmnoticias.com\/labravaradiofm\/wp-json\/wp\/v2\/media\/70143"}],"wp:attachment":[{"href":"https:\/\/www.bbmnoticias.com\/labravaradiofm\/wp-json\/wp\/v2\/media?parent=70141"}],"wp:term":[{"taxonomy":"category","embeddable":true,"href":"https:\/\/www.bbmnoticias.com\/labravaradiofm\/wp-json\/wp\/v2\/categories?post=70141"},{"taxonomy":"post_tag","embeddable":true,"href":"https:\/\/www.bbmnoticias.com\/labravaradiofm\/wp-json\/wp\/v2\/tags?post=70141"}],"curies":[{"name":"wp","href":"https:\/\/api.w.org\/{rel}","templated":true}]}}