{"id":70135,"date":"2025-11-21T09:04:46","date_gmt":"2025-11-21T15:04:46","guid":{"rendered":"https:\/\/www.bbmnoticias.com\/labravaradiofm\/2025\/11\/21\/economia-de-mexico-esta-solida-aumenta-el-empleo-claudia-sheinbaum\/"},"modified":"2025-11-21T09:04:49","modified_gmt":"2025-11-21T15:04:49","slug":"economia-de-mexico-esta-solida-aumenta-el-empleo-claudia-sheinbaum","status":"publish","type":"post","link":"https:\/\/www.bbmnoticias.com\/labravaradiofm\/2025\/11\/21\/economia-de-mexico-esta-solida-aumenta-el-empleo-claudia-sheinbaum\/","title":{"rendered":"Econom\u00eda de M\u00e9xico est\u00e1 s\u00f3lida; aumenta el empleo: Claudia Sheinbaum"},"content":{"rendered":"<div style=\"margin-top: 0px; margin-bottom: 0px;\" class=\"sharethis-inline-share-buttons\" ><\/div>\n<p>La presidente Claudia Sheinbaum asegur\u00f3 que la econom\u00eda en M\u00e9xico est\u00e1 s\u00f3lida y que se refleja en la confianza de los inversionistas en el pa\u00eds. En la conferencia de Palacio Nacional, la jefa del Ejecutivo federal dijo que el empleo ha crecido &nbsp;y es un indicador de la estabilidad en M\u00e9xico.<\/p>\n\n\n\n<p><br>\u201cPrimero si es la confianza en el pa\u00eds, a pesar de muchos que quisieran que esto no ocurriera, la econom\u00eda de M\u00e9xico est\u00e1 s\u00f3lida, est\u00e1 fuerte, el modelo econ\u00f3mico que definimos con la transformaci\u00f3n est\u00e1 funcionando\u201d, afirm\u00f3.<\/p>\n\n\n\n<p>Claudia Sheinbaum rechaz\u00f3 que la reforma al Poder Judicial haya frenado temporalmente el crecimiento del pa\u00eds, y se\u00f1al\u00f3 que se debe a otros factores.<\/p>\n\n\n\n<p>\u201cLa econom\u00eda de M\u00e9xico, pues si no tuvimos tanto crecimiento este a\u00f1o por muchas razones, no tiene que ver como dicen luego nuestros adversarios pol\u00edticos que es por la reforma al Poder Judicial, no, tiene que ver con c\u00f3mo ha crecido la econom\u00eda de Estados Unidos, la situaci\u00f3n de aranceles internacionales, no solamente con M\u00e9xico, tiene que ver con la ca\u00edda de la demanda en Estados Unidos\u201d, explic\u00f3.<\/p>\n\n\n\n<p>En el Sal\u00f3n Tesorer\u00eda, la presidenta Claudia Sheinbaum record\u00f3 que el empleo ha aumentado, \u201coctubre fue el a\u00f1o de mayor n\u00famero de empleos hist\u00f3rico en el pa\u00eds y un crecimiento en el mes de octubre muy importante\u201d.<\/p>\n","protected":false},"excerpt":{"rendered":"<p>La presidente Claudia Sheinbaum asegur\u00f3 que la econom\u00eda en M\u00e9xico est\u00e1 s\u00f3lida y que se refleja en la confianza de los inversionistas en el pa\u00eds. En la conferencia de Palacio Nacional, la jefa del Ejecutivo federal dijo que el empleo ha crecido &nbsp;y es un indicador de la estabilidad en M\u00e9xico. \u201cPrimero si es la [&hellip;]<\/p>\n","protected":false},"author":2,"featured_media":70137,"comment_status":"closed","ping_status":"","sticky":false,"template":"","format":"standard","meta":{"footnotes":""},"categories":[2,19],"tags":[],"class_list":{"0":"post-70135","1":"post","2":"type-post","3":"status-publish","4":"format-standard","5":"has-post-thumbnail","7":"category-oaxaca","8":"category-nacional"},"yoast_head":"<!-- This site is optimized with the Yoast SEO plugin v27.4 - https:\/\/yoast.com\/product\/yoast-seo-wordpress\/ -->\n<title>Econom\u00eda de M\u00e9xico est\u00e1 s\u00f3lida; aumenta el empleo: Claudia Sheinbaum - LA BRAVA RADIO<\/title>\n<meta name=\"robots\" content=\"index, follow, max-snippet:-1, max-image-preview:large, max-video-preview:-1\" \/>\n<link rel=\"canonical\" href=\"https:\/\/www.bbmnoticias.com\/economia-de-mexico-esta-solida-aumenta-el-empleo-claudia-sheinbaum\/\" \/>\n<meta property=\"og:locale\" content=\"es_MX\" \/>\n<meta property=\"og:type\" content=\"article\" \/>\n<meta property=\"og:title\" content=\"Econom\u00eda de M\u00e9xico est\u00e1 s\u00f3lida; aumenta el empleo: Claudia Sheinbaum - LA BRAVA RADIO\" \/>\n<meta property=\"og:description\" content=\"La presidente Claudia Sheinbaum asegur\u00f3 que la econom\u00eda en M\u00e9xico est\u00e1 s\u00f3lida y que se refleja en la confianza de los inversionistas en el pa\u00eds. En la conferencia de Palacio Nacional, la jefa del Ejecutivo federal dijo que el empleo ha crecido &nbsp;y es un indicador de la estabilidad en M\u00e9xico. \u201cPrimero si es la [&hellip;]\" \/>\n<meta property=\"og:url\" content=\"https:\/\/www.bbmnoticias.com\/economia-de-mexico-esta-solida-aumenta-el-empleo-claudia-sheinbaum\/\" \/>\n<meta property=\"og:site_name\" content=\"LA BRAVA RADIO\" \/>\n<meta property=\"article:published_time\" content=\"2025-11-21T15:04:46+00:00\" \/>\n<meta property=\"article:modified_time\" content=\"2025-11-21T15:04:49+00:00\" \/>\n<meta property=\"og:image\" content=\"https:\/\/www.bbmnoticias.com\/labravaradiofm\/wp-content\/uploads\/sites\/5\/2025\/11\/claudia_sheinbaum_conferencia.jpg\" \/>\n\t<meta property=\"og:image:width\" content=\"848\" \/>\n\t<meta property=\"og:image:height\" content=\"477\" \/>\n\t<meta property=\"og:image:type\" content=\"image\/jpeg\" \/>\n<meta name=\"author\" content=\"Staff\" \/>\n<meta name=\"twitter:card\" content=\"summary_large_image\" \/>\n<meta name=\"twitter:label1\" content=\"Escrito por\" \/>\n\t<meta name=\"twitter:data1\" content=\"Staff\" \/>\n\t<meta name=\"twitter:label2\" content=\"Tiempo de lectura\" \/>\n\t<meta name=\"twitter:data2\" content=\"1 minuto\" \/>\n<script type=\"application\/ld+json\" class=\"yoast-schema-graph\">{\"@context\":\"https:\\\/\\\/schema.org\",\"@graph\":[{\"@type\":\"Article\",\"@id\":\"https:\\\/\\\/www.bbmnoticias.com\\\/economia-de-mexico-esta-solida-aumenta-el-empleo-claudia-sheinbaum\\\/#article\",\"isPartOf\":{\"@id\":\"https:\\\/\\\/www.bbmnoticias.com\\\/labravaradiofm\\\/2025\\\/11\\\/21\\\/economia-de-mexico-esta-solida-aumenta-el-empleo-claudia-sheinbaum\\\/\"},\"author\":{\"name\":\"Staff\",\"@id\":\"https:\\\/\\\/www.bbmnoticias.com\\\/labravaradiofm\\\/#\\\/schema\\\/person\\\/68a9e9036ef3c5b55aeb2b71dc8bab45\"},\"headline\":\"Econom\u00eda de M\u00e9xico est\u00e1 s\u00f3lida; aumenta el empleo: Claudia Sheinbaum\",\"datePublished\":\"2025-11-21T15:04:46+00:00\",\"dateModified\":\"2025-11-21T15:04:49+00:00\",\"mainEntityOfPage\":{\"@id\":\"https:\\\/\\\/www.bbmnoticias.com\\\/labravaradiofm\\\/2025\\\/11\\\/21\\\/economia-de-mexico-esta-solida-aumenta-el-empleo-claudia-sheinbaum\\\/\"},\"wordCount\":259,\"image\":{\"@id\":\"https:\\\/\\\/www.bbmnoticias.com\\\/economia-de-mexico-esta-solida-aumenta-el-empleo-claudia-sheinbaum\\\/#primaryimage\"},\"thumbnailUrl\":\"https:\\\/\\\/www.bbmnoticias.com\\\/labravaradiofm\\\/wp-content\\\/uploads\\\/sites\\\/5\\\/2025\\\/11\\\/claudia_sheinbaum_conferencia.jpg\",\"articleSection\":[\"LOCAL\",\"NACIONAL\"],\"inLanguage\":\"es\"},{\"@type\":\"WebPage\",\"@id\":\"https:\\\/\\\/www.bbmnoticias.com\\\/labravaradiofm\\\/2025\\\/11\\\/21\\\/economia-de-mexico-esta-solida-aumenta-el-empleo-claudia-sheinbaum\\\/\",\"url\":\"https:\\\/\\\/www.bbmnoticias.com\\\/economia-de-mexico-esta-solida-aumenta-el-empleo-claudia-sheinbaum\\\/\",\"name\":\"Econom\u00eda de M\u00e9xico est\u00e1 s\u00f3lida; aumenta el empleo: Claudia Sheinbaum - LA BRAVA RADIO\",\"isPartOf\":{\"@id\":\"https:\\\/\\\/www.bbmnoticias.com\\\/labravaradiofm\\\/#website\"},\"primaryImageOfPage\":{\"@id\":\"https:\\\/\\\/www.bbmnoticias.com\\\/economia-de-mexico-esta-solida-aumenta-el-empleo-claudia-sheinbaum\\\/#primaryimage\"},\"image\":{\"@id\":\"https:\\\/\\\/www.bbmnoticias.com\\\/economia-de-mexico-esta-solida-aumenta-el-empleo-claudia-sheinbaum\\\/#primaryimage\"},\"thumbnailUrl\":\"https:\\\/\\\/www.bbmnoticias.com\\\/labravaradiofm\\\/wp-content\\\/uploads\\\/sites\\\/5\\\/2025\\\/11\\\/claudia_sheinbaum_conferencia.jpg\",\"datePublished\":\"2025-11-21T15:04:46+00:00\",\"dateModified\":\"2025-11-21T15:04:49+00:00\",\"author\":{\"@id\":\"https:\\\/\\\/www.bbmnoticias.com\\\/labravaradiofm\\\/#\\\/schema\\\/person\\\/68a9e9036ef3c5b55aeb2b71dc8bab45\"},\"breadcrumb\":{\"@id\":\"https:\\\/\\\/www.bbmnoticias.com\\\/economia-de-mexico-esta-solida-aumenta-el-empleo-claudia-sheinbaum\\\/#breadcrumb\"},\"inLanguage\":\"es\",\"potentialAction\":[{\"@type\":\"ReadAction\",\"target\":[\"https:\\\/\\\/www.bbmnoticias.com\\\/economia-de-mexico-esta-solida-aumenta-el-empleo-claudia-sheinbaum\\\/\"]}]},{\"@type\":\"ImageObject\",\"inLanguage\":\"es\",\"@id\":\"https:\\\/\\\/www.bbmnoticias.com\\\/economia-de-mexico-esta-solida-aumenta-el-empleo-claudia-sheinbaum\\\/#primaryimage\",\"url\":\"https:\\\/\\\/www.bbmnoticias.com\\\/labravaradiofm\\\/wp-content\\\/uploads\\\/sites\\\/5\\\/2025\\\/11\\\/claudia_sheinbaum_conferencia.jpg\",\"contentUrl\":\"https:\\\/\\\/www.bbmnoticias.com\\\/labravaradiofm\\\/wp-content\\\/uploads\\\/sites\\\/5\\\/2025\\\/11\\\/claudia_sheinbaum_conferencia.jpg\",\"width\":848,\"height\":477},{\"@type\":\"BreadcrumbList\",\"@id\":\"https:\\\/\\\/www.bbmnoticias.com\\\/economia-de-mexico-esta-solida-aumenta-el-empleo-claudia-sheinbaum\\\/#breadcrumb\",\"itemListElement\":[{\"@type\":\"ListItem\",\"position\":1,\"name\":\"Inicio\",\"item\":\"https:\\\/\\\/www.bbmnoticias.com\\\/labravaradiofm\\\/\"},{\"@type\":\"ListItem\",\"position\":2,\"name\":\"Econom\u00eda de M\u00e9xico est\u00e1 s\u00f3lida; aumenta el empleo: Claudia Sheinbaum\"}]},{\"@type\":\"WebSite\",\"@id\":\"https:\\\/\\\/www.bbmnoticias.com\\\/labravaradiofm\\\/#website\",\"url\":\"https:\\\/\\\/www.bbmnoticias.com\\\/labravaradiofm\\\/\",\"name\":\"LA BRAVA RADIO\",\"description\":\"Empresa productora de medios, Radiodifusi\u00f3n, Noticias, tendencias y todo lo que necesitas saber de la pol\u00edtica mexicana e internacional; entretenimiento, espect\u00e1culos, salud y mucho m\u00e1s.\",\"potentialAction\":[{\"@type\":\"SearchAction\",\"target\":{\"@type\":\"EntryPoint\",\"urlTemplate\":\"https:\\\/\\\/www.bbmnoticias.com\\\/labravaradiofm\\\/?s={search_term_string}\"},\"query-input\":{\"@type\":\"PropertyValueSpecification\",\"valueRequired\":true,\"valueName\":\"search_term_string\"}}],\"inLanguage\":\"es\"},{\"@type\":\"Person\",\"@id\":\"https:\\\/\\\/www.bbmnoticias.com\\\/labravaradiofm\\\/#\\\/schema\\\/person\\\/68a9e9036ef3c5b55aeb2b71dc8bab45\",\"name\":\"Staff\",\"image\":{\"@type\":\"ImageObject\",\"inLanguage\":\"es\",\"@id\":\"https:\\\/\\\/secure.gravatar.com\\\/avatar\\\/fdd21ad66fd8b98c407f9dee5b5e588cfe7f0d8579ec20fa6527cd59bab7f0f0?s=96&d=mm&r=g\",\"url\":\"https:\\\/\\\/secure.gravatar.com\\\/avatar\\\/fdd21ad66fd8b98c407f9dee5b5e588cfe7f0d8579ec20fa6527cd59bab7f0f0?s=96&d=mm&r=g\",\"contentUrl\":\"https:\\\/\\\/secure.gravatar.com\\\/avatar\\\/fdd21ad66fd8b98c407f9dee5b5e588cfe7f0d8579ec20fa6527cd59bab7f0f0?s=96&d=mm&r=g\",\"caption\":\"Staff\"},\"url\":\"https:\\\/\\\/www.bbmnoticias.com\\\/labravaradiofm\\\/author\\\/redaccion\\\/\"}]}<\/script>\n<!-- \/ Yoast SEO plugin. -->","yoast_head_json":{"title":"Econom\u00eda de M\u00e9xico est\u00e1 s\u00f3lida; aumenta el empleo: Claudia Sheinbaum - LA BRAVA RADIO","robots":{"index":"index","follow":"follow","max-snippet":"max-snippet:-1","max-image-preview":"max-image-preview:large","max-video-preview":"max-video-preview:-1"},"canonical":"https:\/\/www.bbmnoticias.com\/economia-de-mexico-esta-solida-aumenta-el-empleo-claudia-sheinbaum\/","og_locale":"es_MX","og_type":"article","og_title":"Econom\u00eda de M\u00e9xico est\u00e1 s\u00f3lida; aumenta el empleo: Claudia Sheinbaum - LA BRAVA RADIO","og_description":"La presidente Claudia Sheinbaum asegur\u00f3 que la econom\u00eda en M\u00e9xico est\u00e1 s\u00f3lida y que se refleja en la confianza de los inversionistas en el pa\u00eds. En la conferencia de Palacio Nacional, la jefa del Ejecutivo federal dijo que el empleo ha crecido &nbsp;y es un indicador de la estabilidad en M\u00e9xico. \u201cPrimero si es la [&hellip;]","og_url":"https:\/\/www.bbmnoticias.com\/economia-de-mexico-esta-solida-aumenta-el-empleo-claudia-sheinbaum\/","og_site_name":"LA BRAVA RADIO","article_published_time":"2025-11-21T15:04:46+00:00","article_modified_time":"2025-11-21T15:04:49+00:00","og_image":[{"width":848,"height":477,"url":"https:\/\/www.bbmnoticias.com\/labravaradiofm\/wp-content\/uploads\/sites\/5\/2025\/11\/claudia_sheinbaum_conferencia.jpg","type":"image\/jpeg"}],"author":"Staff","twitter_card":"summary_large_image","twitter_misc":{"Escrito por":"Staff","Tiempo de lectura":"1 minuto"},"schema":{"@context":"https:\/\/schema.org","@graph":[{"@type":"Article","@id":"https:\/\/www.bbmnoticias.com\/economia-de-mexico-esta-solida-aumenta-el-empleo-claudia-sheinbaum\/#article","isPartOf":{"@id":"https:\/\/www.bbmnoticias.com\/labravaradiofm\/2025\/11\/21\/economia-de-mexico-esta-solida-aumenta-el-empleo-claudia-sheinbaum\/"},"author":{"name":"Staff","@id":"https:\/\/www.bbmnoticias.com\/labravaradiofm\/#\/schema\/person\/68a9e9036ef3c5b55aeb2b71dc8bab45"},"headline":"Econom\u00eda de M\u00e9xico est\u00e1 s\u00f3lida; aumenta el empleo: Claudia Sheinbaum","datePublished":"2025-11-21T15:04:46+00:00","dateModified":"2025-11-21T15:04:49+00:00","mainEntityOfPage":{"@id":"https:\/\/www.bbmnoticias.com\/labravaradiofm\/2025\/11\/21\/economia-de-mexico-esta-solida-aumenta-el-empleo-claudia-sheinbaum\/"},"wordCount":259,"image":{"@id":"https:\/\/www.bbmnoticias.com\/economia-de-mexico-esta-solida-aumenta-el-empleo-claudia-sheinbaum\/#primaryimage"},"thumbnailUrl":"https:\/\/www.bbmnoticias.com\/labravaradiofm\/wp-content\/uploads\/sites\/5\/2025\/11\/claudia_sheinbaum_conferencia.jpg","articleSection":["LOCAL","NACIONAL"],"inLanguage":"es"},{"@type":"WebPage","@id":"https:\/\/www.bbmnoticias.com\/labravaradiofm\/2025\/11\/21\/economia-de-mexico-esta-solida-aumenta-el-empleo-claudia-sheinbaum\/","url":"https:\/\/www.bbmnoticias.com\/economia-de-mexico-esta-solida-aumenta-el-empleo-claudia-sheinbaum\/","name":"Econom\u00eda de M\u00e9xico est\u00e1 s\u00f3lida; aumenta el empleo: Claudia Sheinbaum - LA BRAVA RADIO","isPartOf":{"@id":"https:\/\/www.bbmnoticias.com\/labravaradiofm\/#website"},"primaryImageOfPage":{"@id":"https:\/\/www.bbmnoticias.com\/economia-de-mexico-esta-solida-aumenta-el-empleo-claudia-sheinbaum\/#primaryimage"},"image":{"@id":"https:\/\/www.bbmnoticias.com\/economia-de-mexico-esta-solida-aumenta-el-empleo-claudia-sheinbaum\/#primaryimage"},"thumbnailUrl":"https:\/\/www.bbmnoticias.com\/labravaradiofm\/wp-content\/uploads\/sites\/5\/2025\/11\/claudia_sheinbaum_conferencia.jpg","datePublished":"2025-11-21T15:04:46+00:00","dateModified":"2025-11-21T15:04:49+00:00","author":{"@id":"https:\/\/www.bbmnoticias.com\/labravaradiofm\/#\/schema\/person\/68a9e9036ef3c5b55aeb2b71dc8bab45"},"breadcrumb":{"@id":"https:\/\/www.bbmnoticias.com\/economia-de-mexico-esta-solida-aumenta-el-empleo-claudia-sheinbaum\/#breadcrumb"},"inLanguage":"es","potentialAction":[{"@type":"ReadAction","target":["https:\/\/www.bbmnoticias.com\/economia-de-mexico-esta-solida-aumenta-el-empleo-claudia-sheinbaum\/"]}]},{"@type":"ImageObject","inLanguage":"es","@id":"https:\/\/www.bbmnoticias.com\/economia-de-mexico-esta-solida-aumenta-el-empleo-claudia-sheinbaum\/#primaryimage","url":"https:\/\/www.bbmnoticias.com\/labravaradiofm\/wp-content\/uploads\/sites\/5\/2025\/11\/claudia_sheinbaum_conferencia.jpg","contentUrl":"https:\/\/www.bbmnoticias.com\/labravaradiofm\/wp-content\/uploads\/sites\/5\/2025\/11\/claudia_sheinbaum_conferencia.jpg","width":848,"height":477},{"@type":"BreadcrumbList","@id":"https:\/\/www.bbmnoticias.com\/economia-de-mexico-esta-solida-aumenta-el-empleo-claudia-sheinbaum\/#breadcrumb","itemListElement":[{"@type":"ListItem","position":1,"name":"Inicio","item":"https:\/\/www.bbmnoticias.com\/labravaradiofm\/"},{"@type":"ListItem","position":2,"name":"Econom\u00eda de M\u00e9xico est\u00e1 s\u00f3lida; aumenta el empleo: Claudia Sheinbaum"}]},{"@type":"WebSite","@id":"https:\/\/www.bbmnoticias.com\/labravaradiofm\/#website","url":"https:\/\/www.bbmnoticias.com\/labravaradiofm\/","name":"LA BRAVA RADIO","description":"Empresa productora de medios, Radiodifusi\u00f3n, Noticias, tendencias y todo lo que necesitas saber de la pol\u00edtica mexicana e internacional; entretenimiento, espect\u00e1culos, salud y mucho m\u00e1s.","potentialAction":[{"@type":"SearchAction","target":{"@type":"EntryPoint","urlTemplate":"https:\/\/www.bbmnoticias.com\/labravaradiofm\/?s={search_term_string}"},"query-input":{"@type":"PropertyValueSpecification","valueRequired":true,"valueName":"search_term_string"}}],"inLanguage":"es"},{"@type":"Person","@id":"https:\/\/www.bbmnoticias.com\/labravaradiofm\/#\/schema\/person\/68a9e9036ef3c5b55aeb2b71dc8bab45","name":"Staff","image":{"@type":"ImageObject","inLanguage":"es","@id":"https:\/\/secure.gravatar.com\/avatar\/fdd21ad66fd8b98c407f9dee5b5e588cfe7f0d8579ec20fa6527cd59bab7f0f0?s=96&d=mm&r=g","url":"https:\/\/secure.gravatar.com\/avatar\/fdd21ad66fd8b98c407f9dee5b5e588cfe7f0d8579ec20fa6527cd59bab7f0f0?s=96&d=mm&r=g","contentUrl":"https:\/\/secure.gravatar.com\/avatar\/fdd21ad66fd8b98c407f9dee5b5e588cfe7f0d8579ec20fa6527cd59bab7f0f0?s=96&d=mm&r=g","caption":"Staff"},"url":"https:\/\/www.bbmnoticias.com\/labravaradiofm\/author\/redaccion\/"}]}},"_links":{"self":[{"href":"https:\/\/www.bbmnoticias.com\/labravaradiofm\/wp-json\/wp\/v2\/posts\/70135","targetHints":{"allow":["GET"]}}],"collection":[{"href":"https:\/\/www.bbmnoticias.com\/labravaradiofm\/wp-json\/wp\/v2\/posts"}],"about":[{"href":"https:\/\/www.bbmnoticias.com\/labravaradiofm\/wp-json\/wp\/v2\/types\/post"}],"author":[{"embeddable":true,"href":"https:\/\/www.bbmnoticias.com\/labravaradiofm\/wp-json\/wp\/v2\/users\/2"}],"replies":[{"embeddable":true,"href":"https:\/\/www.bbmnoticias.com\/labravaradiofm\/wp-json\/wp\/v2\/comments?post=70135"}],"version-history":[{"count":0,"href":"https:\/\/www.bbmnoticias.com\/labravaradiofm\/wp-json\/wp\/v2\/posts\/70135\/revisions"}],"wp:featuredmedia":[{"embeddable":true,"href":"https:\/\/www.bbmnoticias.com\/labravaradiofm\/wp-json\/wp\/v2\/media\/70137"}],"wp:attachment":[{"href":"https:\/\/www.bbmnoticias.com\/labravaradiofm\/wp-json\/wp\/v2\/media?parent=70135"}],"wp:term":[{"taxonomy":"category","embeddable":true,"href":"https:\/\/www.bbmnoticias.com\/labravaradiofm\/wp-json\/wp\/v2\/categories?post=70135"},{"taxonomy":"post_tag","embeddable":true,"href":"https:\/\/www.bbmnoticias.com\/labravaradiofm\/wp-json\/wp\/v2\/tags?post=70135"}],"curies":[{"name":"wp","href":"https:\/\/api.w.org\/{rel}","templated":true}]}}