{"id":70129,"date":"2025-11-21T08:34:43","date_gmt":"2025-11-21T14:34:43","guid":{"rendered":"https:\/\/www.bbmnoticias.com\/labravaradiofm\/2025\/11\/21\/continuara-ambiente-caluroso-en-el-istmo-de-tehuantepec-costa-y-cuenca-del-papaloapan\/"},"modified":"2025-11-21T08:34:46","modified_gmt":"2025-11-21T14:34:46","slug":"continuara-ambiente-caluroso-en-el-istmo-de-tehuantepec-costa-y-cuenca-del-papaloapan","status":"publish","type":"post","link":"https:\/\/www.bbmnoticias.com\/labravaradiofm\/2025\/11\/21\/continuara-ambiente-caluroso-en-el-istmo-de-tehuantepec-costa-y-cuenca-del-papaloapan\/","title":{"rendered":"Continuar\u00e1 ambiente caluroso en el Istmo de Tehuantepec, Costa y Cuenca del Papaloapan"},"content":{"rendered":"<div style=\"margin-top: 0px; margin-bottom: 0px;\" class=\"sharethis-inline-share-buttons\" ><\/div>\n<p>Oaxaca de Ju\u00e1rez, Oax.- La Coordinaci\u00f3n Estatal de Protecci\u00f3n Civil y Gesti\u00f3n de Riesgos (CEPCyGR) informa que, este viernes, continuar\u00e1 el ambiente caluroso en el Istmo de Tehuantepec, Costa y Cuenca del Papaloapan, con un ligero refrescamiento en la tarde.<\/p>\n\n\n\n<figure class=\"wp-block-embed is-type-rich is-provider-twitter wp-block-embed-twitter\"><div class=\"wp-block-embed__wrapper\">\n<blockquote class=\"twitter-tweet\" data-width=\"550\" data-dnt=\"true\"><p lang=\"es\" dir=\"ltr\">La primera <a href=\"https:\/\/twitter.com\/hashtag\/TormentaInvernal?src=hash&amp;ref_src=twsrc%5Etfw\">#TormentaInvernal<\/a> de la temporada 2025-2026 ocasionar\u00e1 <a href=\"https:\/\/twitter.com\/hashtag\/CondicionesMeteorol%C3%B3gicasAdversas?src=hash&amp;ref_src=twsrc%5Etfw\">#CondicionesMeteorol\u00f3gicasAdversas<\/a> en el noroeste de <a href=\"https:\/\/twitter.com\/hashtag\/M%C3%A9xico?src=hash&amp;ref_src=twsrc%5Etfw\">#M\u00e9xico<\/a>.<br>M\u00e1s informaci\u00f3n en  \u2b07\ufe0f<a href=\"https:\/\/t.co\/GgI4tD1WTb\">https:\/\/t.co\/GgI4tD1WTb<\/a> <a href=\"https:\/\/t.co\/K2ID9d2Etk\">pic.twitter.com\/K2ID9d2Etk<\/a><\/p>&mdash; CONAGUA Clima (@conagua_clima) <a href=\"https:\/\/twitter.com\/conagua_clima\/status\/1991857656760602656?ref_src=twsrc%5Etfw\">November 21, 2025<\/a><\/blockquote><script async src=\"https:\/\/platform.twitter.com\/widgets.js\" charset=\"utf-8\"><\/script>\n<\/div><\/figure>\n\n\n\n<p>El ambiente fr\u00edo permanecer\u00e1 confinado en zonas altas de la Mixteca, Sierra de Ju\u00e1rez, Sierra Sur y Sierra de Flores Mag\u00f3n, donde tambi\u00e9n podr\u00edan presentarse \u00e1reas de niebla durante la ma\u00f1ana.<\/p>\n\n\n\n<p>De acuerdo con el pron\u00f3stico del tiempo emitido por la Comisi\u00f3n Nacional del Agua (Conagua), un intenso anticicl\u00f3n, presente desde el nivel de superficie hasta la troposfera alta, cubre gran parte del Golfo de M\u00e9xico, Caribe y la porci\u00f3n sur del Oc\u00e9ano Pac\u00edfico; que genera condiciones de tiempo estable y seco, con cielo mayormente despejado y alta radiaci\u00f3n solar.<\/p>\n\n\n\n<p>Por otro lado, una vaguada polar permitir\u00e1 el ingreso de un frente fr\u00edo y de la primera tormenta invernal de la temporada hacia el noroeste de M\u00e9xico. Es posible que el primero alcance el sur y sureste del pa\u00eds, incluyendo Oaxaca alrededor del 24 de noviembre, por lo que se mantiene en vigilancia.<\/p>\n\n\n\n<p>Las temperaturas para este d\u00eda son las siguientes:<\/p>\n\n\n\n<ul class=\"wp-block-list\">\n<li>Valles Centrales, m\u00ednima de 15 y m\u00e1xima de 31 grados.<\/li>\n\n\n\n<li>Istmo de Tehuantepec, m\u00ednima de 24 y m\u00e1xima de 35 grados.<\/li>\n\n\n\n<li>Cuenca del Papaloapan, m\u00ednima de 21 y m\u00e1xima de 34 grados.<\/li>\n\n\n\n<li>Costa, m\u00ednima de 23 y m\u00e1xima de 34 grados.<\/li>\n\n\n\n<li>Mixteca, m\u00ednima de 9 y m\u00e1xima de 30 grados.<\/li>\n\n\n\n<li>Sierra de Flores Mag\u00f3n, m\u00ednima de 15 y m\u00e1xima de 32 grados.<\/li>\n\n\n\n<li>Sierra de Ju\u00e1rez, m\u00ednima de 8 y m\u00e1xima de 26 grados.<\/li>\n\n\n\n<li>Sierra Sur, m\u00ednima de 9 y m\u00e1xima de 27 grados.<\/li>\n<\/ul>\n\n\n\n<p>Se exhorta a la poblaci\u00f3n atender las recomendaciones de Protecci\u00f3n Civil y Capitan\u00edas de Puerto, as\u00ed como a mantenerse informada de las condiciones meteorol\u00f3gicas a trav\u00e9s de los medios y redes sociales oficiales: Facebook @CEPCYGRGobOax y en X @CEPCyGR_GobOax.<\/p>\n","protected":false},"excerpt":{"rendered":"<p>Oaxaca de Ju\u00e1rez, Oax.- La Coordinaci\u00f3n Estatal de Protecci\u00f3n Civil y Gesti\u00f3n de Riesgos (CEPCyGR) informa que, este viernes, continuar\u00e1 el ambiente caluroso en el Istmo de Tehuantepec, Costa y Cuenca del Papaloapan, con un ligero refrescamiento en la tarde. El ambiente fr\u00edo permanecer\u00e1 confinado en zonas altas de la Mixteca, Sierra de Ju\u00e1rez, Sierra [&hellip;]<\/p>\n","protected":false},"author":2,"featured_media":70131,"comment_status":"closed","ping_status":"","sticky":false,"template":"","format":"standard","meta":{"footnotes":""},"categories":[2],"tags":[],"class_list":{"0":"post-70129","1":"post","2":"type-post","3":"status-publish","4":"format-standard","5":"has-post-thumbnail","7":"category-oaxaca"},"yoast_head":"<!-- This site is optimized with the Yoast SEO plugin v27.4 - https:\/\/yoast.com\/product\/yoast-seo-wordpress\/ -->\n<title>Continuar\u00e1 ambiente caluroso en el Istmo de Tehuantepec, Costa y Cuenca del Papaloapan - LA BRAVA RADIO<\/title>\n<meta name=\"robots\" content=\"index, follow, max-snippet:-1, max-image-preview:large, max-video-preview:-1\" \/>\n<link rel=\"canonical\" href=\"https:\/\/www.bbmnoticias.com\/continuara-ambiente-caluroso-en-el-istmo-de-tehuantepec-costa-y-cuenca-del-papaloapan\/\" \/>\n<meta property=\"og:locale\" content=\"es_MX\" \/>\n<meta property=\"og:type\" content=\"article\" \/>\n<meta property=\"og:title\" content=\"Continuar\u00e1 ambiente caluroso en el Istmo de Tehuantepec, Costa y Cuenca del Papaloapan - LA BRAVA RADIO\" \/>\n<meta property=\"og:description\" content=\"Oaxaca de Ju\u00e1rez, Oax.- La Coordinaci\u00f3n Estatal de Protecci\u00f3n Civil y Gesti\u00f3n de Riesgos (CEPCyGR) informa que, este viernes, continuar\u00e1 el ambiente caluroso en el Istmo de Tehuantepec, Costa y Cuenca del Papaloapan, con un ligero refrescamiento en la tarde. El ambiente fr\u00edo permanecer\u00e1 confinado en zonas altas de la Mixteca, Sierra de Ju\u00e1rez, Sierra [&hellip;]\" \/>\n<meta property=\"og:url\" content=\"https:\/\/www.bbmnoticias.com\/continuara-ambiente-caluroso-en-el-istmo-de-tehuantepec-costa-y-cuenca-del-papaloapan\/\" \/>\n<meta property=\"og:site_name\" content=\"LA BRAVA RADIO\" \/>\n<meta property=\"article:published_time\" content=\"2025-11-21T14:34:43+00:00\" \/>\n<meta property=\"article:modified_time\" content=\"2025-11-21T14:34:46+00:00\" \/>\n<meta property=\"og:image\" content=\"https:\/\/www.bbmnoticias.com\/labravaradiofm\/wp-content\/uploads\/sites\/5\/2025\/11\/clima_oaxaca-12.jpg\" \/>\n\t<meta property=\"og:image:width\" content=\"800\" \/>\n\t<meta property=\"og:image:height\" content=\"414\" \/>\n\t<meta property=\"og:image:type\" content=\"image\/jpeg\" \/>\n<meta name=\"author\" content=\"Staff\" \/>\n<meta name=\"twitter:card\" content=\"summary_large_image\" \/>\n<meta name=\"twitter:label1\" content=\"Escrito por\" \/>\n\t<meta name=\"twitter:data1\" content=\"Staff\" \/>\n\t<meta name=\"twitter:label2\" content=\"Tiempo de lectura\" \/>\n\t<meta name=\"twitter:data2\" content=\"2 minutos\" \/>\n<script type=\"application\/ld+json\" class=\"yoast-schema-graph\">{\"@context\":\"https:\\\/\\\/schema.org\",\"@graph\":[{\"@type\":\"Article\",\"@id\":\"https:\\\/\\\/www.bbmnoticias.com\\\/continuara-ambiente-caluroso-en-el-istmo-de-tehuantepec-costa-y-cuenca-del-papaloapan\\\/#article\",\"isPartOf\":{\"@id\":\"https:\\\/\\\/www.bbmnoticias.com\\\/labravaradiofm\\\/2025\\\/11\\\/21\\\/continuara-ambiente-caluroso-en-el-istmo-de-tehuantepec-costa-y-cuenca-del-papaloapan\\\/\"},\"author\":{\"name\":\"Staff\",\"@id\":\"https:\\\/\\\/www.bbmnoticias.com\\\/labravaradiofm\\\/#\\\/schema\\\/person\\\/68a9e9036ef3c5b55aeb2b71dc8bab45\"},\"headline\":\"Continuar\u00e1 ambiente caluroso en el Istmo de Tehuantepec, Costa y Cuenca del Papaloapan\",\"datePublished\":\"2025-11-21T14:34:43+00:00\",\"dateModified\":\"2025-11-21T14:34:46+00:00\",\"mainEntityOfPage\":{\"@id\":\"https:\\\/\\\/www.bbmnoticias.com\\\/labravaradiofm\\\/2025\\\/11\\\/21\\\/continuara-ambiente-caluroso-en-el-istmo-de-tehuantepec-costa-y-cuenca-del-papaloapan\\\/\"},\"wordCount\":362,\"image\":{\"@id\":\"https:\\\/\\\/www.bbmnoticias.com\\\/continuara-ambiente-caluroso-en-el-istmo-de-tehuantepec-costa-y-cuenca-del-papaloapan\\\/#primaryimage\"},\"thumbnailUrl\":\"https:\\\/\\\/www.bbmnoticias.com\\\/labravaradiofm\\\/wp-content\\\/uploads\\\/sites\\\/5\\\/2025\\\/11\\\/clima_oaxaca-12.jpg\",\"articleSection\":[\"LOCAL\"],\"inLanguage\":\"es\"},{\"@type\":\"WebPage\",\"@id\":\"https:\\\/\\\/www.bbmnoticias.com\\\/labravaradiofm\\\/2025\\\/11\\\/21\\\/continuara-ambiente-caluroso-en-el-istmo-de-tehuantepec-costa-y-cuenca-del-papaloapan\\\/\",\"url\":\"https:\\\/\\\/www.bbmnoticias.com\\\/continuara-ambiente-caluroso-en-el-istmo-de-tehuantepec-costa-y-cuenca-del-papaloapan\\\/\",\"name\":\"Continuar\u00e1 ambiente caluroso en el Istmo de Tehuantepec, Costa y Cuenca del Papaloapan - LA BRAVA RADIO\",\"isPartOf\":{\"@id\":\"https:\\\/\\\/www.bbmnoticias.com\\\/labravaradiofm\\\/#website\"},\"primaryImageOfPage\":{\"@id\":\"https:\\\/\\\/www.bbmnoticias.com\\\/continuara-ambiente-caluroso-en-el-istmo-de-tehuantepec-costa-y-cuenca-del-papaloapan\\\/#primaryimage\"},\"image\":{\"@id\":\"https:\\\/\\\/www.bbmnoticias.com\\\/continuara-ambiente-caluroso-en-el-istmo-de-tehuantepec-costa-y-cuenca-del-papaloapan\\\/#primaryimage\"},\"thumbnailUrl\":\"https:\\\/\\\/www.bbmnoticias.com\\\/labravaradiofm\\\/wp-content\\\/uploads\\\/sites\\\/5\\\/2025\\\/11\\\/clima_oaxaca-12.jpg\",\"datePublished\":\"2025-11-21T14:34:43+00:00\",\"dateModified\":\"2025-11-21T14:34:46+00:00\",\"author\":{\"@id\":\"https:\\\/\\\/www.bbmnoticias.com\\\/labravaradiofm\\\/#\\\/schema\\\/person\\\/68a9e9036ef3c5b55aeb2b71dc8bab45\"},\"breadcrumb\":{\"@id\":\"https:\\\/\\\/www.bbmnoticias.com\\\/continuara-ambiente-caluroso-en-el-istmo-de-tehuantepec-costa-y-cuenca-del-papaloapan\\\/#breadcrumb\"},\"inLanguage\":\"es\",\"potentialAction\":[{\"@type\":\"ReadAction\",\"target\":[\"https:\\\/\\\/www.bbmnoticias.com\\\/continuara-ambiente-caluroso-en-el-istmo-de-tehuantepec-costa-y-cuenca-del-papaloapan\\\/\"]}]},{\"@type\":\"ImageObject\",\"inLanguage\":\"es\",\"@id\":\"https:\\\/\\\/www.bbmnoticias.com\\\/continuara-ambiente-caluroso-en-el-istmo-de-tehuantepec-costa-y-cuenca-del-papaloapan\\\/#primaryimage\",\"url\":\"https:\\\/\\\/www.bbmnoticias.com\\\/labravaradiofm\\\/wp-content\\\/uploads\\\/sites\\\/5\\\/2025\\\/11\\\/clima_oaxaca-12.jpg\",\"contentUrl\":\"https:\\\/\\\/www.bbmnoticias.com\\\/labravaradiofm\\\/wp-content\\\/uploads\\\/sites\\\/5\\\/2025\\\/11\\\/clima_oaxaca-12.jpg\",\"width\":800,\"height\":414},{\"@type\":\"BreadcrumbList\",\"@id\":\"https:\\\/\\\/www.bbmnoticias.com\\\/continuara-ambiente-caluroso-en-el-istmo-de-tehuantepec-costa-y-cuenca-del-papaloapan\\\/#breadcrumb\",\"itemListElement\":[{\"@type\":\"ListItem\",\"position\":1,\"name\":\"Inicio\",\"item\":\"https:\\\/\\\/www.bbmnoticias.com\\\/labravaradiofm\\\/\"},{\"@type\":\"ListItem\",\"position\":2,\"name\":\"Continuar\u00e1 ambiente caluroso en el Istmo de Tehuantepec, Costa y Cuenca del Papaloapan\"}]},{\"@type\":\"WebSite\",\"@id\":\"https:\\\/\\\/www.bbmnoticias.com\\\/labravaradiofm\\\/#website\",\"url\":\"https:\\\/\\\/www.bbmnoticias.com\\\/labravaradiofm\\\/\",\"name\":\"LA BRAVA RADIO\",\"description\":\"Empresa productora de medios, Radiodifusi\u00f3n, Noticias, tendencias y todo lo que necesitas saber de la pol\u00edtica mexicana e internacional; entretenimiento, espect\u00e1culos, salud y mucho m\u00e1s.\",\"potentialAction\":[{\"@type\":\"SearchAction\",\"target\":{\"@type\":\"EntryPoint\",\"urlTemplate\":\"https:\\\/\\\/www.bbmnoticias.com\\\/labravaradiofm\\\/?s={search_term_string}\"},\"query-input\":{\"@type\":\"PropertyValueSpecification\",\"valueRequired\":true,\"valueName\":\"search_term_string\"}}],\"inLanguage\":\"es\"},{\"@type\":\"Person\",\"@id\":\"https:\\\/\\\/www.bbmnoticias.com\\\/labravaradiofm\\\/#\\\/schema\\\/person\\\/68a9e9036ef3c5b55aeb2b71dc8bab45\",\"name\":\"Staff\",\"image\":{\"@type\":\"ImageObject\",\"inLanguage\":\"es\",\"@id\":\"https:\\\/\\\/secure.gravatar.com\\\/avatar\\\/fdd21ad66fd8b98c407f9dee5b5e588cfe7f0d8579ec20fa6527cd59bab7f0f0?s=96&d=mm&r=g\",\"url\":\"https:\\\/\\\/secure.gravatar.com\\\/avatar\\\/fdd21ad66fd8b98c407f9dee5b5e588cfe7f0d8579ec20fa6527cd59bab7f0f0?s=96&d=mm&r=g\",\"contentUrl\":\"https:\\\/\\\/secure.gravatar.com\\\/avatar\\\/fdd21ad66fd8b98c407f9dee5b5e588cfe7f0d8579ec20fa6527cd59bab7f0f0?s=96&d=mm&r=g\",\"caption\":\"Staff\"},\"url\":\"https:\\\/\\\/www.bbmnoticias.com\\\/labravaradiofm\\\/author\\\/redaccion\\\/\"}]}<\/script>\n<!-- \/ Yoast SEO plugin. -->","yoast_head_json":{"title":"Continuar\u00e1 ambiente caluroso en el Istmo de Tehuantepec, Costa y Cuenca del Papaloapan - LA BRAVA RADIO","robots":{"index":"index","follow":"follow","max-snippet":"max-snippet:-1","max-image-preview":"max-image-preview:large","max-video-preview":"max-video-preview:-1"},"canonical":"https:\/\/www.bbmnoticias.com\/continuara-ambiente-caluroso-en-el-istmo-de-tehuantepec-costa-y-cuenca-del-papaloapan\/","og_locale":"es_MX","og_type":"article","og_title":"Continuar\u00e1 ambiente caluroso en el Istmo de Tehuantepec, Costa y Cuenca del Papaloapan - LA BRAVA RADIO","og_description":"Oaxaca de Ju\u00e1rez, Oax.- La Coordinaci\u00f3n Estatal de Protecci\u00f3n Civil y Gesti\u00f3n de Riesgos (CEPCyGR) informa que, este viernes, continuar\u00e1 el ambiente caluroso en el Istmo de Tehuantepec, Costa y Cuenca del Papaloapan, con un ligero refrescamiento en la tarde. El ambiente fr\u00edo permanecer\u00e1 confinado en zonas altas de la Mixteca, Sierra de Ju\u00e1rez, Sierra [&hellip;]","og_url":"https:\/\/www.bbmnoticias.com\/continuara-ambiente-caluroso-en-el-istmo-de-tehuantepec-costa-y-cuenca-del-papaloapan\/","og_site_name":"LA BRAVA RADIO","article_published_time":"2025-11-21T14:34:43+00:00","article_modified_time":"2025-11-21T14:34:46+00:00","og_image":[{"width":800,"height":414,"url":"https:\/\/www.bbmnoticias.com\/labravaradiofm\/wp-content\/uploads\/sites\/5\/2025\/11\/clima_oaxaca-12.jpg","type":"image\/jpeg"}],"author":"Staff","twitter_card":"summary_large_image","twitter_misc":{"Escrito por":"Staff","Tiempo de lectura":"2 minutos"},"schema":{"@context":"https:\/\/schema.org","@graph":[{"@type":"Article","@id":"https:\/\/www.bbmnoticias.com\/continuara-ambiente-caluroso-en-el-istmo-de-tehuantepec-costa-y-cuenca-del-papaloapan\/#article","isPartOf":{"@id":"https:\/\/www.bbmnoticias.com\/labravaradiofm\/2025\/11\/21\/continuara-ambiente-caluroso-en-el-istmo-de-tehuantepec-costa-y-cuenca-del-papaloapan\/"},"author":{"name":"Staff","@id":"https:\/\/www.bbmnoticias.com\/labravaradiofm\/#\/schema\/person\/68a9e9036ef3c5b55aeb2b71dc8bab45"},"headline":"Continuar\u00e1 ambiente caluroso en el Istmo de Tehuantepec, Costa y Cuenca del Papaloapan","datePublished":"2025-11-21T14:34:43+00:00","dateModified":"2025-11-21T14:34:46+00:00","mainEntityOfPage":{"@id":"https:\/\/www.bbmnoticias.com\/labravaradiofm\/2025\/11\/21\/continuara-ambiente-caluroso-en-el-istmo-de-tehuantepec-costa-y-cuenca-del-papaloapan\/"},"wordCount":362,"image":{"@id":"https:\/\/www.bbmnoticias.com\/continuara-ambiente-caluroso-en-el-istmo-de-tehuantepec-costa-y-cuenca-del-papaloapan\/#primaryimage"},"thumbnailUrl":"https:\/\/www.bbmnoticias.com\/labravaradiofm\/wp-content\/uploads\/sites\/5\/2025\/11\/clima_oaxaca-12.jpg","articleSection":["LOCAL"],"inLanguage":"es"},{"@type":"WebPage","@id":"https:\/\/www.bbmnoticias.com\/labravaradiofm\/2025\/11\/21\/continuara-ambiente-caluroso-en-el-istmo-de-tehuantepec-costa-y-cuenca-del-papaloapan\/","url":"https:\/\/www.bbmnoticias.com\/continuara-ambiente-caluroso-en-el-istmo-de-tehuantepec-costa-y-cuenca-del-papaloapan\/","name":"Continuar\u00e1 ambiente caluroso en el Istmo de Tehuantepec, Costa y Cuenca del Papaloapan - LA BRAVA RADIO","isPartOf":{"@id":"https:\/\/www.bbmnoticias.com\/labravaradiofm\/#website"},"primaryImageOfPage":{"@id":"https:\/\/www.bbmnoticias.com\/continuara-ambiente-caluroso-en-el-istmo-de-tehuantepec-costa-y-cuenca-del-papaloapan\/#primaryimage"},"image":{"@id":"https:\/\/www.bbmnoticias.com\/continuara-ambiente-caluroso-en-el-istmo-de-tehuantepec-costa-y-cuenca-del-papaloapan\/#primaryimage"},"thumbnailUrl":"https:\/\/www.bbmnoticias.com\/labravaradiofm\/wp-content\/uploads\/sites\/5\/2025\/11\/clima_oaxaca-12.jpg","datePublished":"2025-11-21T14:34:43+00:00","dateModified":"2025-11-21T14:34:46+00:00","author":{"@id":"https:\/\/www.bbmnoticias.com\/labravaradiofm\/#\/schema\/person\/68a9e9036ef3c5b55aeb2b71dc8bab45"},"breadcrumb":{"@id":"https:\/\/www.bbmnoticias.com\/continuara-ambiente-caluroso-en-el-istmo-de-tehuantepec-costa-y-cuenca-del-papaloapan\/#breadcrumb"},"inLanguage":"es","potentialAction":[{"@type":"ReadAction","target":["https:\/\/www.bbmnoticias.com\/continuara-ambiente-caluroso-en-el-istmo-de-tehuantepec-costa-y-cuenca-del-papaloapan\/"]}]},{"@type":"ImageObject","inLanguage":"es","@id":"https:\/\/www.bbmnoticias.com\/continuara-ambiente-caluroso-en-el-istmo-de-tehuantepec-costa-y-cuenca-del-papaloapan\/#primaryimage","url":"https:\/\/www.bbmnoticias.com\/labravaradiofm\/wp-content\/uploads\/sites\/5\/2025\/11\/clima_oaxaca-12.jpg","contentUrl":"https:\/\/www.bbmnoticias.com\/labravaradiofm\/wp-content\/uploads\/sites\/5\/2025\/11\/clima_oaxaca-12.jpg","width":800,"height":414},{"@type":"BreadcrumbList","@id":"https:\/\/www.bbmnoticias.com\/continuara-ambiente-caluroso-en-el-istmo-de-tehuantepec-costa-y-cuenca-del-papaloapan\/#breadcrumb","itemListElement":[{"@type":"ListItem","position":1,"name":"Inicio","item":"https:\/\/www.bbmnoticias.com\/labravaradiofm\/"},{"@type":"ListItem","position":2,"name":"Continuar\u00e1 ambiente caluroso en el Istmo de Tehuantepec, Costa y Cuenca del Papaloapan"}]},{"@type":"WebSite","@id":"https:\/\/www.bbmnoticias.com\/labravaradiofm\/#website","url":"https:\/\/www.bbmnoticias.com\/labravaradiofm\/","name":"LA BRAVA RADIO","description":"Empresa productora de medios, Radiodifusi\u00f3n, Noticias, tendencias y todo lo que necesitas saber de la pol\u00edtica mexicana e internacional; entretenimiento, espect\u00e1culos, salud y mucho m\u00e1s.","potentialAction":[{"@type":"SearchAction","target":{"@type":"EntryPoint","urlTemplate":"https:\/\/www.bbmnoticias.com\/labravaradiofm\/?s={search_term_string}"},"query-input":{"@type":"PropertyValueSpecification","valueRequired":true,"valueName":"search_term_string"}}],"inLanguage":"es"},{"@type":"Person","@id":"https:\/\/www.bbmnoticias.com\/labravaradiofm\/#\/schema\/person\/68a9e9036ef3c5b55aeb2b71dc8bab45","name":"Staff","image":{"@type":"ImageObject","inLanguage":"es","@id":"https:\/\/secure.gravatar.com\/avatar\/fdd21ad66fd8b98c407f9dee5b5e588cfe7f0d8579ec20fa6527cd59bab7f0f0?s=96&d=mm&r=g","url":"https:\/\/secure.gravatar.com\/avatar\/fdd21ad66fd8b98c407f9dee5b5e588cfe7f0d8579ec20fa6527cd59bab7f0f0?s=96&d=mm&r=g","contentUrl":"https:\/\/secure.gravatar.com\/avatar\/fdd21ad66fd8b98c407f9dee5b5e588cfe7f0d8579ec20fa6527cd59bab7f0f0?s=96&d=mm&r=g","caption":"Staff"},"url":"https:\/\/www.bbmnoticias.com\/labravaradiofm\/author\/redaccion\/"}]}},"_links":{"self":[{"href":"https:\/\/www.bbmnoticias.com\/labravaradiofm\/wp-json\/wp\/v2\/posts\/70129","targetHints":{"allow":["GET"]}}],"collection":[{"href":"https:\/\/www.bbmnoticias.com\/labravaradiofm\/wp-json\/wp\/v2\/posts"}],"about":[{"href":"https:\/\/www.bbmnoticias.com\/labravaradiofm\/wp-json\/wp\/v2\/types\/post"}],"author":[{"embeddable":true,"href":"https:\/\/www.bbmnoticias.com\/labravaradiofm\/wp-json\/wp\/v2\/users\/2"}],"replies":[{"embeddable":true,"href":"https:\/\/www.bbmnoticias.com\/labravaradiofm\/wp-json\/wp\/v2\/comments?post=70129"}],"version-history":[{"count":0,"href":"https:\/\/www.bbmnoticias.com\/labravaradiofm\/wp-json\/wp\/v2\/posts\/70129\/revisions"}],"wp:featuredmedia":[{"embeddable":true,"href":"https:\/\/www.bbmnoticias.com\/labravaradiofm\/wp-json\/wp\/v2\/media\/70131"}],"wp:attachment":[{"href":"https:\/\/www.bbmnoticias.com\/labravaradiofm\/wp-json\/wp\/v2\/media?parent=70129"}],"wp:term":[{"taxonomy":"category","embeddable":true,"href":"https:\/\/www.bbmnoticias.com\/labravaradiofm\/wp-json\/wp\/v2\/categories?post=70129"},{"taxonomy":"post_tag","embeddable":true,"href":"https:\/\/www.bbmnoticias.com\/labravaradiofm\/wp-json\/wp\/v2\/tags?post=70129"}],"curies":[{"name":"wp","href":"https:\/\/api.w.org\/{rel}","templated":true}]}}