{"id":70126,"date":"2025-11-21T08:17:31","date_gmt":"2025-11-21T14:17:31","guid":{"rendered":"https:\/\/www.bbmnoticias.com\/labravaradiofm\/2025\/11\/21\/gobierno-de-ixtaltepec-conmemora-115-aniversario-de-la-revolucion-mexicana\/"},"modified":"2025-11-21T08:17:52","modified_gmt":"2025-11-21T14:17:52","slug":"gobierno-de-ixtaltepec-conmemora-115-aniversario-de-la-revolucion-mexicana","status":"publish","type":"post","link":"https:\/\/www.bbmnoticias.com\/labravaradiofm\/2025\/11\/21\/gobierno-de-ixtaltepec-conmemora-115-aniversario-de-la-revolucion-mexicana\/","title":{"rendered":"Gobierno de Ixtaltepec conmemora 115 aniversario de la Revoluci\u00f3n Mexicana"},"content":{"rendered":"<div style=\"margin-top: 0px; margin-bottom: 0px;\" class=\"sharethis-inline-share-buttons\" ><\/div>\n<p>Asunci\u00f3n, Ixtaltepec; Oaxaca.- El gobierno que encabeza Oswaldo Chi\u00f1as Cruz conmemor\u00f3 esta ma\u00f1ana el 115 aniversario de la Revoluci\u00f3n Mexicana con un desfile escolar en el que se representaron diversos pasajes hist\u00f3ricos del movimiento armado.<\/p>\n\n\n\n<p>Los contingentes escolares realizaron un desfile por las principales calles del centro de la poblaci\u00f3n. Estudiantes de 13 planteles de nivel b\u00e1sico y medio superior participaron con vestimenta alusiva a la \u00e9poca revolucionaria y presentaron bandas de guerra, pir\u00e1mides humanas, tablas r\u00edtmicas y acrobacias.<\/p>\n\n\n\n<p>El evento cont\u00f3 con la presencia de las y los concejales: Rosa Geydi Garcia Toledo, Daniel Mitchel Toledo Pastelin, Silvia Casta\u00f1eda Santos, Carlos Orozco Ordaz, Rosario Rasgado Ordaz, Carlos Rasgado Toledo, Jessica Marcos G\u00f3mez, Jacinto Jim\u00e9nez Luis, la S\u00edndica Celia Mendoza Reyes, y el Tesorero Santiago Garc\u00eda Pineda.<\/p>\n","protected":false},"excerpt":{"rendered":"<p>Asunci\u00f3n, Ixtaltepec; Oaxaca.- El gobierno que encabeza Oswaldo Chi\u00f1as Cruz conmemor\u00f3 esta ma\u00f1ana el 115 aniversario de la Revoluci\u00f3n Mexicana con un desfile escolar en el que se representaron diversos pasajes hist\u00f3ricos del movimiento armado. Los contingentes escolares realizaron un desfile por las principales calles del centro de la poblaci\u00f3n. Estudiantes de 13 planteles de [&hellip;]<\/p>\n","protected":false},"author":2,"featured_media":70128,"comment_status":"closed","ping_status":"","sticky":false,"template":"","format":"standard","meta":{"footnotes":""},"categories":[2],"tags":[],"class_list":{"0":"post-70126","1":"post","2":"type-post","3":"status-publish","4":"format-standard","5":"has-post-thumbnail","7":"category-oaxaca"},"yoast_head":"<!-- This site is optimized with the Yoast SEO plugin v27.4 - https:\/\/yoast.com\/product\/yoast-seo-wordpress\/ -->\n<title>Gobierno de Ixtaltepec conmemora 115 aniversario de la Revoluci\u00f3n Mexicana - LA BRAVA RADIO<\/title>\n<meta name=\"robots\" content=\"index, follow, max-snippet:-1, max-image-preview:large, max-video-preview:-1\" \/>\n<link rel=\"canonical\" href=\"https:\/\/www.bbmnoticias.com\/gobierno-de-ixtaltepec-conmemora-115-aniversario-de-la-revolucion-mexicana\/\" \/>\n<meta property=\"og:locale\" content=\"es_MX\" \/>\n<meta property=\"og:type\" content=\"article\" \/>\n<meta property=\"og:title\" content=\"Gobierno de Ixtaltepec conmemora 115 aniversario de la Revoluci\u00f3n Mexicana - LA BRAVA RADIO\" \/>\n<meta property=\"og:description\" content=\"Asunci\u00f3n, Ixtaltepec; Oaxaca.- El gobierno que encabeza Oswaldo Chi\u00f1as Cruz conmemor\u00f3 esta ma\u00f1ana el 115 aniversario de la Revoluci\u00f3n Mexicana con un desfile escolar en el que se representaron diversos pasajes hist\u00f3ricos del movimiento armado. Los contingentes escolares realizaron un desfile por las principales calles del centro de la poblaci\u00f3n. Estudiantes de 13 planteles de [&hellip;]\" \/>\n<meta property=\"og:url\" content=\"https:\/\/www.bbmnoticias.com\/gobierno-de-ixtaltepec-conmemora-115-aniversario-de-la-revolucion-mexicana\/\" \/>\n<meta property=\"og:site_name\" content=\"LA BRAVA RADIO\" \/>\n<meta property=\"article:published_time\" content=\"2025-11-21T14:17:31+00:00\" \/>\n<meta property=\"article:modified_time\" content=\"2025-11-21T14:17:52+00:00\" \/>\n<meta property=\"og:image\" content=\"https:\/\/www.bbmnoticias.com\/labravaradiofm\/wp-content\/uploads\/sites\/5\/2025\/11\/ixtaltepec_desfile.jpg\" \/>\n\t<meta property=\"og:image:width\" content=\"800\" \/>\n\t<meta property=\"og:image:height\" content=\"534\" \/>\n\t<meta property=\"og:image:type\" content=\"image\/jpeg\" \/>\n<meta name=\"author\" content=\"Staff\" \/>\n<meta name=\"twitter:card\" content=\"summary_large_image\" \/>\n<meta name=\"twitter:label1\" content=\"Escrito por\" \/>\n\t<meta name=\"twitter:data1\" content=\"Staff\" \/>\n\t<meta name=\"twitter:label2\" content=\"Tiempo de lectura\" \/>\n\t<meta name=\"twitter:data2\" content=\"1 minuto\" \/>\n<script type=\"application\/ld+json\" class=\"yoast-schema-graph\">{\"@context\":\"https:\\\/\\\/schema.org\",\"@graph\":[{\"@type\":\"Article\",\"@id\":\"https:\\\/\\\/www.bbmnoticias.com\\\/gobierno-de-ixtaltepec-conmemora-115-aniversario-de-la-revolucion-mexicana\\\/#article\",\"isPartOf\":{\"@id\":\"https:\\\/\\\/www.bbmnoticias.com\\\/labravaradiofm\\\/2025\\\/11\\\/21\\\/gobierno-de-ixtaltepec-conmemora-115-aniversario-de-la-revolucion-mexicana\\\/\"},\"author\":{\"name\":\"Staff\",\"@id\":\"https:\\\/\\\/www.bbmnoticias.com\\\/labravaradiofm\\\/#\\\/schema\\\/person\\\/68a9e9036ef3c5b55aeb2b71dc8bab45\"},\"headline\":\"Gobierno de Ixtaltepec conmemora 115 aniversario de la Revoluci\u00f3n Mexicana\",\"datePublished\":\"2025-11-21T14:17:31+00:00\",\"dateModified\":\"2025-11-21T14:17:52+00:00\",\"mainEntityOfPage\":{\"@id\":\"https:\\\/\\\/www.bbmnoticias.com\\\/labravaradiofm\\\/2025\\\/11\\\/21\\\/gobierno-de-ixtaltepec-conmemora-115-aniversario-de-la-revolucion-mexicana\\\/\"},\"wordCount\":150,\"image\":{\"@id\":\"https:\\\/\\\/www.bbmnoticias.com\\\/gobierno-de-ixtaltepec-conmemora-115-aniversario-de-la-revolucion-mexicana\\\/#primaryimage\"},\"thumbnailUrl\":\"https:\\\/\\\/www.bbmnoticias.com\\\/labravaradiofm\\\/wp-content\\\/uploads\\\/sites\\\/5\\\/2025\\\/11\\\/ixtaltepec_desfile.jpg\",\"articleSection\":[\"LOCAL\"],\"inLanguage\":\"es\"},{\"@type\":\"WebPage\",\"@id\":\"https:\\\/\\\/www.bbmnoticias.com\\\/labravaradiofm\\\/2025\\\/11\\\/21\\\/gobierno-de-ixtaltepec-conmemora-115-aniversario-de-la-revolucion-mexicana\\\/\",\"url\":\"https:\\\/\\\/www.bbmnoticias.com\\\/gobierno-de-ixtaltepec-conmemora-115-aniversario-de-la-revolucion-mexicana\\\/\",\"name\":\"Gobierno de Ixtaltepec conmemora 115 aniversario de la Revoluci\u00f3n Mexicana - LA BRAVA RADIO\",\"isPartOf\":{\"@id\":\"https:\\\/\\\/www.bbmnoticias.com\\\/labravaradiofm\\\/#website\"},\"primaryImageOfPage\":{\"@id\":\"https:\\\/\\\/www.bbmnoticias.com\\\/gobierno-de-ixtaltepec-conmemora-115-aniversario-de-la-revolucion-mexicana\\\/#primaryimage\"},\"image\":{\"@id\":\"https:\\\/\\\/www.bbmnoticias.com\\\/gobierno-de-ixtaltepec-conmemora-115-aniversario-de-la-revolucion-mexicana\\\/#primaryimage\"},\"thumbnailUrl\":\"https:\\\/\\\/www.bbmnoticias.com\\\/labravaradiofm\\\/wp-content\\\/uploads\\\/sites\\\/5\\\/2025\\\/11\\\/ixtaltepec_desfile.jpg\",\"datePublished\":\"2025-11-21T14:17:31+00:00\",\"dateModified\":\"2025-11-21T14:17:52+00:00\",\"author\":{\"@id\":\"https:\\\/\\\/www.bbmnoticias.com\\\/labravaradiofm\\\/#\\\/schema\\\/person\\\/68a9e9036ef3c5b55aeb2b71dc8bab45\"},\"breadcrumb\":{\"@id\":\"https:\\\/\\\/www.bbmnoticias.com\\\/gobierno-de-ixtaltepec-conmemora-115-aniversario-de-la-revolucion-mexicana\\\/#breadcrumb\"},\"inLanguage\":\"es\",\"potentialAction\":[{\"@type\":\"ReadAction\",\"target\":[\"https:\\\/\\\/www.bbmnoticias.com\\\/gobierno-de-ixtaltepec-conmemora-115-aniversario-de-la-revolucion-mexicana\\\/\"]}]},{\"@type\":\"ImageObject\",\"inLanguage\":\"es\",\"@id\":\"https:\\\/\\\/www.bbmnoticias.com\\\/gobierno-de-ixtaltepec-conmemora-115-aniversario-de-la-revolucion-mexicana\\\/#primaryimage\",\"url\":\"https:\\\/\\\/www.bbmnoticias.com\\\/labravaradiofm\\\/wp-content\\\/uploads\\\/sites\\\/5\\\/2025\\\/11\\\/ixtaltepec_desfile.jpg\",\"contentUrl\":\"https:\\\/\\\/www.bbmnoticias.com\\\/labravaradiofm\\\/wp-content\\\/uploads\\\/sites\\\/5\\\/2025\\\/11\\\/ixtaltepec_desfile.jpg\",\"width\":800,\"height\":534},{\"@type\":\"BreadcrumbList\",\"@id\":\"https:\\\/\\\/www.bbmnoticias.com\\\/gobierno-de-ixtaltepec-conmemora-115-aniversario-de-la-revolucion-mexicana\\\/#breadcrumb\",\"itemListElement\":[{\"@type\":\"ListItem\",\"position\":1,\"name\":\"Inicio\",\"item\":\"https:\\\/\\\/www.bbmnoticias.com\\\/labravaradiofm\\\/\"},{\"@type\":\"ListItem\",\"position\":2,\"name\":\"Gobierno de Ixtaltepec conmemora 115 aniversario de la Revoluci\u00f3n Mexicana\"}]},{\"@type\":\"WebSite\",\"@id\":\"https:\\\/\\\/www.bbmnoticias.com\\\/labravaradiofm\\\/#website\",\"url\":\"https:\\\/\\\/www.bbmnoticias.com\\\/labravaradiofm\\\/\",\"name\":\"LA BRAVA RADIO\",\"description\":\"Empresa productora de medios, Radiodifusi\u00f3n, Noticias, tendencias y todo lo que necesitas saber de la pol\u00edtica mexicana e internacional; entretenimiento, espect\u00e1culos, salud y mucho m\u00e1s.\",\"potentialAction\":[{\"@type\":\"SearchAction\",\"target\":{\"@type\":\"EntryPoint\",\"urlTemplate\":\"https:\\\/\\\/www.bbmnoticias.com\\\/labravaradiofm\\\/?s={search_term_string}\"},\"query-input\":{\"@type\":\"PropertyValueSpecification\",\"valueRequired\":true,\"valueName\":\"search_term_string\"}}],\"inLanguage\":\"es\"},{\"@type\":\"Person\",\"@id\":\"https:\\\/\\\/www.bbmnoticias.com\\\/labravaradiofm\\\/#\\\/schema\\\/person\\\/68a9e9036ef3c5b55aeb2b71dc8bab45\",\"name\":\"Staff\",\"image\":{\"@type\":\"ImageObject\",\"inLanguage\":\"es\",\"@id\":\"https:\\\/\\\/secure.gravatar.com\\\/avatar\\\/fdd21ad66fd8b98c407f9dee5b5e588cfe7f0d8579ec20fa6527cd59bab7f0f0?s=96&d=mm&r=g\",\"url\":\"https:\\\/\\\/secure.gravatar.com\\\/avatar\\\/fdd21ad66fd8b98c407f9dee5b5e588cfe7f0d8579ec20fa6527cd59bab7f0f0?s=96&d=mm&r=g\",\"contentUrl\":\"https:\\\/\\\/secure.gravatar.com\\\/avatar\\\/fdd21ad66fd8b98c407f9dee5b5e588cfe7f0d8579ec20fa6527cd59bab7f0f0?s=96&d=mm&r=g\",\"caption\":\"Staff\"},\"url\":\"https:\\\/\\\/www.bbmnoticias.com\\\/labravaradiofm\\\/author\\\/redaccion\\\/\"}]}<\/script>\n<!-- \/ Yoast SEO plugin. -->","yoast_head_json":{"title":"Gobierno de Ixtaltepec conmemora 115 aniversario de la Revoluci\u00f3n Mexicana - LA BRAVA RADIO","robots":{"index":"index","follow":"follow","max-snippet":"max-snippet:-1","max-image-preview":"max-image-preview:large","max-video-preview":"max-video-preview:-1"},"canonical":"https:\/\/www.bbmnoticias.com\/gobierno-de-ixtaltepec-conmemora-115-aniversario-de-la-revolucion-mexicana\/","og_locale":"es_MX","og_type":"article","og_title":"Gobierno de Ixtaltepec conmemora 115 aniversario de la Revoluci\u00f3n Mexicana - LA BRAVA RADIO","og_description":"Asunci\u00f3n, Ixtaltepec; Oaxaca.- El gobierno que encabeza Oswaldo Chi\u00f1as Cruz conmemor\u00f3 esta ma\u00f1ana el 115 aniversario de la Revoluci\u00f3n Mexicana con un desfile escolar en el que se representaron diversos pasajes hist\u00f3ricos del movimiento armado. Los contingentes escolares realizaron un desfile por las principales calles del centro de la poblaci\u00f3n. Estudiantes de 13 planteles de [&hellip;]","og_url":"https:\/\/www.bbmnoticias.com\/gobierno-de-ixtaltepec-conmemora-115-aniversario-de-la-revolucion-mexicana\/","og_site_name":"LA BRAVA RADIO","article_published_time":"2025-11-21T14:17:31+00:00","article_modified_time":"2025-11-21T14:17:52+00:00","og_image":[{"width":800,"height":534,"url":"https:\/\/www.bbmnoticias.com\/labravaradiofm\/wp-content\/uploads\/sites\/5\/2025\/11\/ixtaltepec_desfile.jpg","type":"image\/jpeg"}],"author":"Staff","twitter_card":"summary_large_image","twitter_misc":{"Escrito por":"Staff","Tiempo de lectura":"1 minuto"},"schema":{"@context":"https:\/\/schema.org","@graph":[{"@type":"Article","@id":"https:\/\/www.bbmnoticias.com\/gobierno-de-ixtaltepec-conmemora-115-aniversario-de-la-revolucion-mexicana\/#article","isPartOf":{"@id":"https:\/\/www.bbmnoticias.com\/labravaradiofm\/2025\/11\/21\/gobierno-de-ixtaltepec-conmemora-115-aniversario-de-la-revolucion-mexicana\/"},"author":{"name":"Staff","@id":"https:\/\/www.bbmnoticias.com\/labravaradiofm\/#\/schema\/person\/68a9e9036ef3c5b55aeb2b71dc8bab45"},"headline":"Gobierno de Ixtaltepec conmemora 115 aniversario de la Revoluci\u00f3n Mexicana","datePublished":"2025-11-21T14:17:31+00:00","dateModified":"2025-11-21T14:17:52+00:00","mainEntityOfPage":{"@id":"https:\/\/www.bbmnoticias.com\/labravaradiofm\/2025\/11\/21\/gobierno-de-ixtaltepec-conmemora-115-aniversario-de-la-revolucion-mexicana\/"},"wordCount":150,"image":{"@id":"https:\/\/www.bbmnoticias.com\/gobierno-de-ixtaltepec-conmemora-115-aniversario-de-la-revolucion-mexicana\/#primaryimage"},"thumbnailUrl":"https:\/\/www.bbmnoticias.com\/labravaradiofm\/wp-content\/uploads\/sites\/5\/2025\/11\/ixtaltepec_desfile.jpg","articleSection":["LOCAL"],"inLanguage":"es"},{"@type":"WebPage","@id":"https:\/\/www.bbmnoticias.com\/labravaradiofm\/2025\/11\/21\/gobierno-de-ixtaltepec-conmemora-115-aniversario-de-la-revolucion-mexicana\/","url":"https:\/\/www.bbmnoticias.com\/gobierno-de-ixtaltepec-conmemora-115-aniversario-de-la-revolucion-mexicana\/","name":"Gobierno de Ixtaltepec conmemora 115 aniversario de la Revoluci\u00f3n Mexicana - LA BRAVA RADIO","isPartOf":{"@id":"https:\/\/www.bbmnoticias.com\/labravaradiofm\/#website"},"primaryImageOfPage":{"@id":"https:\/\/www.bbmnoticias.com\/gobierno-de-ixtaltepec-conmemora-115-aniversario-de-la-revolucion-mexicana\/#primaryimage"},"image":{"@id":"https:\/\/www.bbmnoticias.com\/gobierno-de-ixtaltepec-conmemora-115-aniversario-de-la-revolucion-mexicana\/#primaryimage"},"thumbnailUrl":"https:\/\/www.bbmnoticias.com\/labravaradiofm\/wp-content\/uploads\/sites\/5\/2025\/11\/ixtaltepec_desfile.jpg","datePublished":"2025-11-21T14:17:31+00:00","dateModified":"2025-11-21T14:17:52+00:00","author":{"@id":"https:\/\/www.bbmnoticias.com\/labravaradiofm\/#\/schema\/person\/68a9e9036ef3c5b55aeb2b71dc8bab45"},"breadcrumb":{"@id":"https:\/\/www.bbmnoticias.com\/gobierno-de-ixtaltepec-conmemora-115-aniversario-de-la-revolucion-mexicana\/#breadcrumb"},"inLanguage":"es","potentialAction":[{"@type":"ReadAction","target":["https:\/\/www.bbmnoticias.com\/gobierno-de-ixtaltepec-conmemora-115-aniversario-de-la-revolucion-mexicana\/"]}]},{"@type":"ImageObject","inLanguage":"es","@id":"https:\/\/www.bbmnoticias.com\/gobierno-de-ixtaltepec-conmemora-115-aniversario-de-la-revolucion-mexicana\/#primaryimage","url":"https:\/\/www.bbmnoticias.com\/labravaradiofm\/wp-content\/uploads\/sites\/5\/2025\/11\/ixtaltepec_desfile.jpg","contentUrl":"https:\/\/www.bbmnoticias.com\/labravaradiofm\/wp-content\/uploads\/sites\/5\/2025\/11\/ixtaltepec_desfile.jpg","width":800,"height":534},{"@type":"BreadcrumbList","@id":"https:\/\/www.bbmnoticias.com\/gobierno-de-ixtaltepec-conmemora-115-aniversario-de-la-revolucion-mexicana\/#breadcrumb","itemListElement":[{"@type":"ListItem","position":1,"name":"Inicio","item":"https:\/\/www.bbmnoticias.com\/labravaradiofm\/"},{"@type":"ListItem","position":2,"name":"Gobierno de Ixtaltepec conmemora 115 aniversario de la Revoluci\u00f3n Mexicana"}]},{"@type":"WebSite","@id":"https:\/\/www.bbmnoticias.com\/labravaradiofm\/#website","url":"https:\/\/www.bbmnoticias.com\/labravaradiofm\/","name":"LA BRAVA RADIO","description":"Empresa productora de medios, Radiodifusi\u00f3n, Noticias, tendencias y todo lo que necesitas saber de la pol\u00edtica mexicana e internacional; entretenimiento, espect\u00e1culos, salud y mucho m\u00e1s.","potentialAction":[{"@type":"SearchAction","target":{"@type":"EntryPoint","urlTemplate":"https:\/\/www.bbmnoticias.com\/labravaradiofm\/?s={search_term_string}"},"query-input":{"@type":"PropertyValueSpecification","valueRequired":true,"valueName":"search_term_string"}}],"inLanguage":"es"},{"@type":"Person","@id":"https:\/\/www.bbmnoticias.com\/labravaradiofm\/#\/schema\/person\/68a9e9036ef3c5b55aeb2b71dc8bab45","name":"Staff","image":{"@type":"ImageObject","inLanguage":"es","@id":"https:\/\/secure.gravatar.com\/avatar\/fdd21ad66fd8b98c407f9dee5b5e588cfe7f0d8579ec20fa6527cd59bab7f0f0?s=96&d=mm&r=g","url":"https:\/\/secure.gravatar.com\/avatar\/fdd21ad66fd8b98c407f9dee5b5e588cfe7f0d8579ec20fa6527cd59bab7f0f0?s=96&d=mm&r=g","contentUrl":"https:\/\/secure.gravatar.com\/avatar\/fdd21ad66fd8b98c407f9dee5b5e588cfe7f0d8579ec20fa6527cd59bab7f0f0?s=96&d=mm&r=g","caption":"Staff"},"url":"https:\/\/www.bbmnoticias.com\/labravaradiofm\/author\/redaccion\/"}]}},"_links":{"self":[{"href":"https:\/\/www.bbmnoticias.com\/labravaradiofm\/wp-json\/wp\/v2\/posts\/70126","targetHints":{"allow":["GET"]}}],"collection":[{"href":"https:\/\/www.bbmnoticias.com\/labravaradiofm\/wp-json\/wp\/v2\/posts"}],"about":[{"href":"https:\/\/www.bbmnoticias.com\/labravaradiofm\/wp-json\/wp\/v2\/types\/post"}],"author":[{"embeddable":true,"href":"https:\/\/www.bbmnoticias.com\/labravaradiofm\/wp-json\/wp\/v2\/users\/2"}],"replies":[{"embeddable":true,"href":"https:\/\/www.bbmnoticias.com\/labravaradiofm\/wp-json\/wp\/v2\/comments?post=70126"}],"version-history":[{"count":0,"href":"https:\/\/www.bbmnoticias.com\/labravaradiofm\/wp-json\/wp\/v2\/posts\/70126\/revisions"}],"wp:featuredmedia":[{"embeddable":true,"href":"https:\/\/www.bbmnoticias.com\/labravaradiofm\/wp-json\/wp\/v2\/media\/70128"}],"wp:attachment":[{"href":"https:\/\/www.bbmnoticias.com\/labravaradiofm\/wp-json\/wp\/v2\/media?parent=70126"}],"wp:term":[{"taxonomy":"category","embeddable":true,"href":"https:\/\/www.bbmnoticias.com\/labravaradiofm\/wp-json\/wp\/v2\/categories?post=70126"},{"taxonomy":"post_tag","embeddable":true,"href":"https:\/\/www.bbmnoticias.com\/labravaradiofm\/wp-json\/wp\/v2\/tags?post=70126"}],"curies":[{"name":"wp","href":"https:\/\/api.w.org\/{rel}","templated":true}]}}