{"id":70120,"date":"2025-11-20T18:20:18","date_gmt":"2025-11-21T00:20:18","guid":{"rendered":"https:\/\/www.bbmnoticias.com\/labravaradiofm\/2025\/11\/20\/ejecutan-orden-de-aprehension-y-detiene-a-j-c-p-alias-el-cholin-buscado-por-el-delito-violacion-de-una-adolescente-cometido-en-la-zona-metropolitana\/"},"modified":"2025-11-20T18:20:25","modified_gmt":"2025-11-21T00:20:25","slug":"ejecutan-orden-de-aprehension-y-detiene-a-j-c-p-alias-el-cholin-buscado-por-el-delito-violacion-de-una-adolescente-cometido-en-la-zona-metropolitana","status":"publish","type":"post","link":"https:\/\/www.bbmnoticias.com\/labravaradiofm\/2025\/11\/20\/ejecutan-orden-de-aprehension-y-detiene-a-j-c-p-alias-el-cholin-buscado-por-el-delito-violacion-de-una-adolescente-cometido-en-la-zona-metropolitana\/","title":{"rendered":"Ejecutan orden de aprehensi\u00f3n y detiene a J.C.P., alias El Cholin&#8221; buscado por el delito violaci\u00f3n de una adolescente, cometido en la Zona Metropolitana"},"content":{"rendered":"<div style=\"margin-top: 0px; margin-bottom: 0px;\" class=\"sharethis-inline-share-buttons\" ><\/div>\n<p><strong>Oaxaca de Ju\u00e1rez, Oax. 20 de noviembre de 2025.-<\/strong> La Fiscal\u00eda General del Estado de Oaxaca (FGEO) ejecut\u00f3 una orden de aprehensi\u00f3n que permiti\u00f3 la detenci\u00f3n de una persona del sexo masculino identificado como J.C.P., alias &#8220;El Cholin&#8221;, por el delito violaci\u00f3n en perjuicio de una adolescente, hecho cometido en la regi\u00f3n de los Valles Centrales.<\/p>\n\n\n\n<p>De acuerdo con el informe ministerial del caso, los hechos ocurrieron el d\u00eda 28 de noviembre de 2024, fecha en que la v\u00edctima -una adolescente cuya identidad est\u00e1 reservada por ley- fue citada con enga\u00f1os a un domicilio ubicado en Calzada de la Rep\u00fablica y Prolongaci\u00f3n Miguel Hidalgo de la colonia Fernando G\u00f3mez Sandoval en la zona Metropolitana de Oaxaca para despu\u00e9s ser agredida de manera sexual.<\/p>\n\n\n\n<p>Al tener conocimiento de los hechos, derivado de la denuncia interpuesta, la Fiscal\u00eda de Oaxaca a trav\u00e9s de Fiscal\u00eda Especializada en Justicia para Adolescentes inici\u00f3 las investigaciones pertinentes y logr\u00f3 la obtenci\u00f3n de una orden de aprehensi\u00f3n en contra de J.C.P., alias &#8220;El Cholin&#8221;, a quien detuvieron en la calle Calzada de la Rep\u00fablica esquina con H\u00e9roes de Mexicanos de la colonia G\u00f3mez Sandoval.<\/p>\n\n\n\n<p>Una vez aprehendido, J.C.P. fue llevado ante la autoridad competente para su certificaci\u00f3n m\u00e9dica y posteriormente iniciar su proceso legal.<\/p>\n\n\n\n<p>La Fiscal\u00eda de Oaxaca prioriza las investigaciones relacionadas con delitos cometidos contra ni\u00f1as, adolescentes y mujeres, para presentar ante la justicia a los responsables a fin de garantizar el derecho a una vida libre de violencia.<\/p>\n","protected":false},"excerpt":{"rendered":"<p>Oaxaca de Ju\u00e1rez, Oax. 20 de noviembre de 2025.- La Fiscal\u00eda General del Estado de Oaxaca (FGEO) ejecut\u00f3 una orden de aprehensi\u00f3n que permiti\u00f3 la detenci\u00f3n de una persona del sexo masculino identificado como J.C.P., alias &#8220;El Cholin&#8221;, por el delito violaci\u00f3n en perjuicio de una adolescente, hecho cometido en la regi\u00f3n de los Valles [&hellip;]<\/p>\n","protected":false},"author":2,"featured_media":70122,"comment_status":"closed","ping_status":"","sticky":false,"template":"","format":"standard","meta":{"footnotes":""},"categories":[2,20],"tags":[],"class_list":{"0":"post-70120","1":"post","2":"type-post","3":"status-publish","4":"format-standard","5":"has-post-thumbnail","7":"category-oaxaca","8":"category-policiaca"},"yoast_head":"<!-- This site is optimized with the Yoast SEO plugin v27.4 - https:\/\/yoast.com\/product\/yoast-seo-wordpress\/ -->\n<title>Ejecutan orden de aprehensi\u00f3n y detiene a J.C.P., alias El Cholin&quot; buscado por el delito violaci\u00f3n de una adolescente, cometido en la Zona Metropolitana - LA BRAVA RADIO<\/title>\n<meta name=\"robots\" content=\"index, follow, max-snippet:-1, max-image-preview:large, max-video-preview:-1\" \/>\n<link rel=\"canonical\" href=\"https:\/\/www.bbmnoticias.com\/ejecutan-orden-de-aprehension-y-detiene-a-j-c-p-alias-el-cholin-buscado-por-el-delito-violacion-de-una-adolescente-cometido-en-la-zona-metropolitana\/\" \/>\n<meta property=\"og:locale\" content=\"es_MX\" \/>\n<meta property=\"og:type\" content=\"article\" \/>\n<meta property=\"og:title\" content=\"Ejecutan orden de aprehensi\u00f3n y detiene a J.C.P., alias El Cholin&quot; buscado por el delito violaci\u00f3n de una adolescente, cometido en la Zona Metropolitana - LA BRAVA RADIO\" \/>\n<meta property=\"og:description\" content=\"Oaxaca de Ju\u00e1rez, Oax. 20 de noviembre de 2025.- La Fiscal\u00eda General del Estado de Oaxaca (FGEO) ejecut\u00f3 una orden de aprehensi\u00f3n que permiti\u00f3 la detenci\u00f3n de una persona del sexo masculino identificado como J.C.P., alias &#8220;El Cholin&#8221;, por el delito violaci\u00f3n en perjuicio de una adolescente, hecho cometido en la regi\u00f3n de los Valles [&hellip;]\" \/>\n<meta property=\"og:url\" content=\"https:\/\/www.bbmnoticias.com\/ejecutan-orden-de-aprehension-y-detiene-a-j-c-p-alias-el-cholin-buscado-por-el-delito-violacion-de-una-adolescente-cometido-en-la-zona-metropolitana\/\" \/>\n<meta property=\"og:site_name\" content=\"LA BRAVA RADIO\" \/>\n<meta property=\"article:published_time\" content=\"2025-11-21T00:20:18+00:00\" \/>\n<meta property=\"article:modified_time\" content=\"2025-11-21T00:20:25+00:00\" \/>\n<meta property=\"og:image\" content=\"https:\/\/www.bbmnoticias.com\/labravaradiofm\/wp-content\/uploads\/sites\/5\/2025\/11\/CHOLIN.jpg\" \/>\n\t<meta property=\"og:image:width\" content=\"900\" \/>\n\t<meta property=\"og:image:height\" content=\"694\" \/>\n\t<meta property=\"og:image:type\" content=\"image\/jpeg\" \/>\n<meta name=\"author\" content=\"Staff\" \/>\n<meta name=\"twitter:card\" content=\"summary_large_image\" \/>\n<meta name=\"twitter:label1\" content=\"Escrito por\" \/>\n\t<meta name=\"twitter:data1\" content=\"Staff\" \/>\n\t<meta name=\"twitter:label2\" content=\"Tiempo de lectura\" \/>\n\t<meta name=\"twitter:data2\" content=\"1 minuto\" \/>\n<script type=\"application\/ld+json\" class=\"yoast-schema-graph\">{\"@context\":\"https:\\\/\\\/schema.org\",\"@graph\":[{\"@type\":\"Article\",\"@id\":\"https:\\\/\\\/www.bbmnoticias.com\\\/ejecutan-orden-de-aprehension-y-detiene-a-j-c-p-alias-el-cholin-buscado-por-el-delito-violacion-de-una-adolescente-cometido-en-la-zona-metropolitana\\\/#article\",\"isPartOf\":{\"@id\":\"https:\\\/\\\/www.bbmnoticias.com\\\/labravaradiofm\\\/2025\\\/11\\\/20\\\/ejecutan-orden-de-aprehension-y-detiene-a-j-c-p-alias-el-cholin-buscado-por-el-delito-violacion-de-una-adolescente-cometido-en-la-zona-metropolitana\\\/\"},\"author\":{\"name\":\"Staff\",\"@id\":\"https:\\\/\\\/www.bbmnoticias.com\\\/labravaradiofm\\\/#\\\/schema\\\/person\\\/68a9e9036ef3c5b55aeb2b71dc8bab45\"},\"headline\":\"Ejecutan orden de aprehensi\u00f3n y detiene a J.C.P., alias El Cholin&#8221; buscado por el delito violaci\u00f3n de una adolescente, cometido en la Zona Metropolitana\",\"datePublished\":\"2025-11-21T00:20:18+00:00\",\"dateModified\":\"2025-11-21T00:20:25+00:00\",\"mainEntityOfPage\":{\"@id\":\"https:\\\/\\\/www.bbmnoticias.com\\\/labravaradiofm\\\/2025\\\/11\\\/20\\\/ejecutan-orden-de-aprehension-y-detiene-a-j-c-p-alias-el-cholin-buscado-por-el-delito-violacion-de-una-adolescente-cometido-en-la-zona-metropolitana\\\/\"},\"wordCount\":299,\"image\":{\"@id\":\"https:\\\/\\\/www.bbmnoticias.com\\\/ejecutan-orden-de-aprehension-y-detiene-a-j-c-p-alias-el-cholin-buscado-por-el-delito-violacion-de-una-adolescente-cometido-en-la-zona-metropolitana\\\/#primaryimage\"},\"thumbnailUrl\":\"https:\\\/\\\/www.bbmnoticias.com\\\/labravaradiofm\\\/wp-content\\\/uploads\\\/sites\\\/5\\\/2025\\\/11\\\/CHOLIN.jpg\",\"articleSection\":[\"LOCAL\",\"POLICIACA\"],\"inLanguage\":\"es\"},{\"@type\":\"WebPage\",\"@id\":\"https:\\\/\\\/www.bbmnoticias.com\\\/labravaradiofm\\\/2025\\\/11\\\/20\\\/ejecutan-orden-de-aprehension-y-detiene-a-j-c-p-alias-el-cholin-buscado-por-el-delito-violacion-de-una-adolescente-cometido-en-la-zona-metropolitana\\\/\",\"url\":\"https:\\\/\\\/www.bbmnoticias.com\\\/ejecutan-orden-de-aprehension-y-detiene-a-j-c-p-alias-el-cholin-buscado-por-el-delito-violacion-de-una-adolescente-cometido-en-la-zona-metropolitana\\\/\",\"name\":\"Ejecutan orden de aprehensi\u00f3n y detiene a J.C.P., alias El Cholin\\\" buscado por el delito violaci\u00f3n de una adolescente, cometido en la Zona Metropolitana - LA BRAVA RADIO\",\"isPartOf\":{\"@id\":\"https:\\\/\\\/www.bbmnoticias.com\\\/labravaradiofm\\\/#website\"},\"primaryImageOfPage\":{\"@id\":\"https:\\\/\\\/www.bbmnoticias.com\\\/ejecutan-orden-de-aprehension-y-detiene-a-j-c-p-alias-el-cholin-buscado-por-el-delito-violacion-de-una-adolescente-cometido-en-la-zona-metropolitana\\\/#primaryimage\"},\"image\":{\"@id\":\"https:\\\/\\\/www.bbmnoticias.com\\\/ejecutan-orden-de-aprehension-y-detiene-a-j-c-p-alias-el-cholin-buscado-por-el-delito-violacion-de-una-adolescente-cometido-en-la-zona-metropolitana\\\/#primaryimage\"},\"thumbnailUrl\":\"https:\\\/\\\/www.bbmnoticias.com\\\/labravaradiofm\\\/wp-content\\\/uploads\\\/sites\\\/5\\\/2025\\\/11\\\/CHOLIN.jpg\",\"datePublished\":\"2025-11-21T00:20:18+00:00\",\"dateModified\":\"2025-11-21T00:20:25+00:00\",\"author\":{\"@id\":\"https:\\\/\\\/www.bbmnoticias.com\\\/labravaradiofm\\\/#\\\/schema\\\/person\\\/68a9e9036ef3c5b55aeb2b71dc8bab45\"},\"breadcrumb\":{\"@id\":\"https:\\\/\\\/www.bbmnoticias.com\\\/ejecutan-orden-de-aprehension-y-detiene-a-j-c-p-alias-el-cholin-buscado-por-el-delito-violacion-de-una-adolescente-cometido-en-la-zona-metropolitana\\\/#breadcrumb\"},\"inLanguage\":\"es\",\"potentialAction\":[{\"@type\":\"ReadAction\",\"target\":[\"https:\\\/\\\/www.bbmnoticias.com\\\/ejecutan-orden-de-aprehension-y-detiene-a-j-c-p-alias-el-cholin-buscado-por-el-delito-violacion-de-una-adolescente-cometido-en-la-zona-metropolitana\\\/\"]}]},{\"@type\":\"ImageObject\",\"inLanguage\":\"es\",\"@id\":\"https:\\\/\\\/www.bbmnoticias.com\\\/ejecutan-orden-de-aprehension-y-detiene-a-j-c-p-alias-el-cholin-buscado-por-el-delito-violacion-de-una-adolescente-cometido-en-la-zona-metropolitana\\\/#primaryimage\",\"url\":\"https:\\\/\\\/www.bbmnoticias.com\\\/labravaradiofm\\\/wp-content\\\/uploads\\\/sites\\\/5\\\/2025\\\/11\\\/CHOLIN.jpg\",\"contentUrl\":\"https:\\\/\\\/www.bbmnoticias.com\\\/labravaradiofm\\\/wp-content\\\/uploads\\\/sites\\\/5\\\/2025\\\/11\\\/CHOLIN.jpg\",\"width\":900,\"height\":694},{\"@type\":\"BreadcrumbList\",\"@id\":\"https:\\\/\\\/www.bbmnoticias.com\\\/ejecutan-orden-de-aprehension-y-detiene-a-j-c-p-alias-el-cholin-buscado-por-el-delito-violacion-de-una-adolescente-cometido-en-la-zona-metropolitana\\\/#breadcrumb\",\"itemListElement\":[{\"@type\":\"ListItem\",\"position\":1,\"name\":\"Inicio\",\"item\":\"https:\\\/\\\/www.bbmnoticias.com\\\/labravaradiofm\\\/\"},{\"@type\":\"ListItem\",\"position\":2,\"name\":\"Ejecutan orden de aprehensi\u00f3n y detiene a J.C.P., alias El Cholin&#8221; buscado por el delito violaci\u00f3n de una adolescente, cometido en la Zona Metropolitana\"}]},{\"@type\":\"WebSite\",\"@id\":\"https:\\\/\\\/www.bbmnoticias.com\\\/labravaradiofm\\\/#website\",\"url\":\"https:\\\/\\\/www.bbmnoticias.com\\\/labravaradiofm\\\/\",\"name\":\"LA BRAVA RADIO\",\"description\":\"Empresa productora de medios, Radiodifusi\u00f3n, Noticias, tendencias y todo lo que necesitas saber de la pol\u00edtica mexicana e internacional; entretenimiento, espect\u00e1culos, salud y mucho m\u00e1s.\",\"potentialAction\":[{\"@type\":\"SearchAction\",\"target\":{\"@type\":\"EntryPoint\",\"urlTemplate\":\"https:\\\/\\\/www.bbmnoticias.com\\\/labravaradiofm\\\/?s={search_term_string}\"},\"query-input\":{\"@type\":\"PropertyValueSpecification\",\"valueRequired\":true,\"valueName\":\"search_term_string\"}}],\"inLanguage\":\"es\"},{\"@type\":\"Person\",\"@id\":\"https:\\\/\\\/www.bbmnoticias.com\\\/labravaradiofm\\\/#\\\/schema\\\/person\\\/68a9e9036ef3c5b55aeb2b71dc8bab45\",\"name\":\"Staff\",\"image\":{\"@type\":\"ImageObject\",\"inLanguage\":\"es\",\"@id\":\"https:\\\/\\\/secure.gravatar.com\\\/avatar\\\/fdd21ad66fd8b98c407f9dee5b5e588cfe7f0d8579ec20fa6527cd59bab7f0f0?s=96&d=mm&r=g\",\"url\":\"https:\\\/\\\/secure.gravatar.com\\\/avatar\\\/fdd21ad66fd8b98c407f9dee5b5e588cfe7f0d8579ec20fa6527cd59bab7f0f0?s=96&d=mm&r=g\",\"contentUrl\":\"https:\\\/\\\/secure.gravatar.com\\\/avatar\\\/fdd21ad66fd8b98c407f9dee5b5e588cfe7f0d8579ec20fa6527cd59bab7f0f0?s=96&d=mm&r=g\",\"caption\":\"Staff\"},\"url\":\"https:\\\/\\\/www.bbmnoticias.com\\\/labravaradiofm\\\/author\\\/redaccion\\\/\"}]}<\/script>\n<!-- \/ Yoast SEO plugin. -->","yoast_head_json":{"title":"Ejecutan orden de aprehensi\u00f3n y detiene a J.C.P., alias El Cholin\" buscado por el delito violaci\u00f3n de una adolescente, cometido en la Zona Metropolitana - LA BRAVA RADIO","robots":{"index":"index","follow":"follow","max-snippet":"max-snippet:-1","max-image-preview":"max-image-preview:large","max-video-preview":"max-video-preview:-1"},"canonical":"https:\/\/www.bbmnoticias.com\/ejecutan-orden-de-aprehension-y-detiene-a-j-c-p-alias-el-cholin-buscado-por-el-delito-violacion-de-una-adolescente-cometido-en-la-zona-metropolitana\/","og_locale":"es_MX","og_type":"article","og_title":"Ejecutan orden de aprehensi\u00f3n y detiene a J.C.P., alias El Cholin\" buscado por el delito violaci\u00f3n de una adolescente, cometido en la Zona Metropolitana - LA BRAVA RADIO","og_description":"Oaxaca de Ju\u00e1rez, Oax. 20 de noviembre de 2025.- La Fiscal\u00eda General del Estado de Oaxaca (FGEO) ejecut\u00f3 una orden de aprehensi\u00f3n que permiti\u00f3 la detenci\u00f3n de una persona del sexo masculino identificado como J.C.P., alias &#8220;El Cholin&#8221;, por el delito violaci\u00f3n en perjuicio de una adolescente, hecho cometido en la regi\u00f3n de los Valles [&hellip;]","og_url":"https:\/\/www.bbmnoticias.com\/ejecutan-orden-de-aprehension-y-detiene-a-j-c-p-alias-el-cholin-buscado-por-el-delito-violacion-de-una-adolescente-cometido-en-la-zona-metropolitana\/","og_site_name":"LA BRAVA RADIO","article_published_time":"2025-11-21T00:20:18+00:00","article_modified_time":"2025-11-21T00:20:25+00:00","og_image":[{"width":900,"height":694,"url":"https:\/\/www.bbmnoticias.com\/labravaradiofm\/wp-content\/uploads\/sites\/5\/2025\/11\/CHOLIN.jpg","type":"image\/jpeg"}],"author":"Staff","twitter_card":"summary_large_image","twitter_misc":{"Escrito por":"Staff","Tiempo de lectura":"1 minuto"},"schema":{"@context":"https:\/\/schema.org","@graph":[{"@type":"Article","@id":"https:\/\/www.bbmnoticias.com\/ejecutan-orden-de-aprehension-y-detiene-a-j-c-p-alias-el-cholin-buscado-por-el-delito-violacion-de-una-adolescente-cometido-en-la-zona-metropolitana\/#article","isPartOf":{"@id":"https:\/\/www.bbmnoticias.com\/labravaradiofm\/2025\/11\/20\/ejecutan-orden-de-aprehension-y-detiene-a-j-c-p-alias-el-cholin-buscado-por-el-delito-violacion-de-una-adolescente-cometido-en-la-zona-metropolitana\/"},"author":{"name":"Staff","@id":"https:\/\/www.bbmnoticias.com\/labravaradiofm\/#\/schema\/person\/68a9e9036ef3c5b55aeb2b71dc8bab45"},"headline":"Ejecutan orden de aprehensi\u00f3n y detiene a J.C.P., alias El Cholin&#8221; buscado por el delito violaci\u00f3n de una adolescente, cometido en la Zona Metropolitana","datePublished":"2025-11-21T00:20:18+00:00","dateModified":"2025-11-21T00:20:25+00:00","mainEntityOfPage":{"@id":"https:\/\/www.bbmnoticias.com\/labravaradiofm\/2025\/11\/20\/ejecutan-orden-de-aprehension-y-detiene-a-j-c-p-alias-el-cholin-buscado-por-el-delito-violacion-de-una-adolescente-cometido-en-la-zona-metropolitana\/"},"wordCount":299,"image":{"@id":"https:\/\/www.bbmnoticias.com\/ejecutan-orden-de-aprehension-y-detiene-a-j-c-p-alias-el-cholin-buscado-por-el-delito-violacion-de-una-adolescente-cometido-en-la-zona-metropolitana\/#primaryimage"},"thumbnailUrl":"https:\/\/www.bbmnoticias.com\/labravaradiofm\/wp-content\/uploads\/sites\/5\/2025\/11\/CHOLIN.jpg","articleSection":["LOCAL","POLICIACA"],"inLanguage":"es"},{"@type":"WebPage","@id":"https:\/\/www.bbmnoticias.com\/labravaradiofm\/2025\/11\/20\/ejecutan-orden-de-aprehension-y-detiene-a-j-c-p-alias-el-cholin-buscado-por-el-delito-violacion-de-una-adolescente-cometido-en-la-zona-metropolitana\/","url":"https:\/\/www.bbmnoticias.com\/ejecutan-orden-de-aprehension-y-detiene-a-j-c-p-alias-el-cholin-buscado-por-el-delito-violacion-de-una-adolescente-cometido-en-la-zona-metropolitana\/","name":"Ejecutan orden de aprehensi\u00f3n y detiene a J.C.P., alias El Cholin\" buscado por el delito violaci\u00f3n de una adolescente, cometido en la Zona Metropolitana - LA BRAVA RADIO","isPartOf":{"@id":"https:\/\/www.bbmnoticias.com\/labravaradiofm\/#website"},"primaryImageOfPage":{"@id":"https:\/\/www.bbmnoticias.com\/ejecutan-orden-de-aprehension-y-detiene-a-j-c-p-alias-el-cholin-buscado-por-el-delito-violacion-de-una-adolescente-cometido-en-la-zona-metropolitana\/#primaryimage"},"image":{"@id":"https:\/\/www.bbmnoticias.com\/ejecutan-orden-de-aprehension-y-detiene-a-j-c-p-alias-el-cholin-buscado-por-el-delito-violacion-de-una-adolescente-cometido-en-la-zona-metropolitana\/#primaryimage"},"thumbnailUrl":"https:\/\/www.bbmnoticias.com\/labravaradiofm\/wp-content\/uploads\/sites\/5\/2025\/11\/CHOLIN.jpg","datePublished":"2025-11-21T00:20:18+00:00","dateModified":"2025-11-21T00:20:25+00:00","author":{"@id":"https:\/\/www.bbmnoticias.com\/labravaradiofm\/#\/schema\/person\/68a9e9036ef3c5b55aeb2b71dc8bab45"},"breadcrumb":{"@id":"https:\/\/www.bbmnoticias.com\/ejecutan-orden-de-aprehension-y-detiene-a-j-c-p-alias-el-cholin-buscado-por-el-delito-violacion-de-una-adolescente-cometido-en-la-zona-metropolitana\/#breadcrumb"},"inLanguage":"es","potentialAction":[{"@type":"ReadAction","target":["https:\/\/www.bbmnoticias.com\/ejecutan-orden-de-aprehension-y-detiene-a-j-c-p-alias-el-cholin-buscado-por-el-delito-violacion-de-una-adolescente-cometido-en-la-zona-metropolitana\/"]}]},{"@type":"ImageObject","inLanguage":"es","@id":"https:\/\/www.bbmnoticias.com\/ejecutan-orden-de-aprehension-y-detiene-a-j-c-p-alias-el-cholin-buscado-por-el-delito-violacion-de-una-adolescente-cometido-en-la-zona-metropolitana\/#primaryimage","url":"https:\/\/www.bbmnoticias.com\/labravaradiofm\/wp-content\/uploads\/sites\/5\/2025\/11\/CHOLIN.jpg","contentUrl":"https:\/\/www.bbmnoticias.com\/labravaradiofm\/wp-content\/uploads\/sites\/5\/2025\/11\/CHOLIN.jpg","width":900,"height":694},{"@type":"BreadcrumbList","@id":"https:\/\/www.bbmnoticias.com\/ejecutan-orden-de-aprehension-y-detiene-a-j-c-p-alias-el-cholin-buscado-por-el-delito-violacion-de-una-adolescente-cometido-en-la-zona-metropolitana\/#breadcrumb","itemListElement":[{"@type":"ListItem","position":1,"name":"Inicio","item":"https:\/\/www.bbmnoticias.com\/labravaradiofm\/"},{"@type":"ListItem","position":2,"name":"Ejecutan orden de aprehensi\u00f3n y detiene a J.C.P., alias El Cholin&#8221; buscado por el delito violaci\u00f3n de una adolescente, cometido en la Zona Metropolitana"}]},{"@type":"WebSite","@id":"https:\/\/www.bbmnoticias.com\/labravaradiofm\/#website","url":"https:\/\/www.bbmnoticias.com\/labravaradiofm\/","name":"LA BRAVA RADIO","description":"Empresa productora de medios, Radiodifusi\u00f3n, Noticias, tendencias y todo lo que necesitas saber de la pol\u00edtica mexicana e internacional; entretenimiento, espect\u00e1culos, salud y mucho m\u00e1s.","potentialAction":[{"@type":"SearchAction","target":{"@type":"EntryPoint","urlTemplate":"https:\/\/www.bbmnoticias.com\/labravaradiofm\/?s={search_term_string}"},"query-input":{"@type":"PropertyValueSpecification","valueRequired":true,"valueName":"search_term_string"}}],"inLanguage":"es"},{"@type":"Person","@id":"https:\/\/www.bbmnoticias.com\/labravaradiofm\/#\/schema\/person\/68a9e9036ef3c5b55aeb2b71dc8bab45","name":"Staff","image":{"@type":"ImageObject","inLanguage":"es","@id":"https:\/\/secure.gravatar.com\/avatar\/fdd21ad66fd8b98c407f9dee5b5e588cfe7f0d8579ec20fa6527cd59bab7f0f0?s=96&d=mm&r=g","url":"https:\/\/secure.gravatar.com\/avatar\/fdd21ad66fd8b98c407f9dee5b5e588cfe7f0d8579ec20fa6527cd59bab7f0f0?s=96&d=mm&r=g","contentUrl":"https:\/\/secure.gravatar.com\/avatar\/fdd21ad66fd8b98c407f9dee5b5e588cfe7f0d8579ec20fa6527cd59bab7f0f0?s=96&d=mm&r=g","caption":"Staff"},"url":"https:\/\/www.bbmnoticias.com\/labravaradiofm\/author\/redaccion\/"}]}},"_links":{"self":[{"href":"https:\/\/www.bbmnoticias.com\/labravaradiofm\/wp-json\/wp\/v2\/posts\/70120","targetHints":{"allow":["GET"]}}],"collection":[{"href":"https:\/\/www.bbmnoticias.com\/labravaradiofm\/wp-json\/wp\/v2\/posts"}],"about":[{"href":"https:\/\/www.bbmnoticias.com\/labravaradiofm\/wp-json\/wp\/v2\/types\/post"}],"author":[{"embeddable":true,"href":"https:\/\/www.bbmnoticias.com\/labravaradiofm\/wp-json\/wp\/v2\/users\/2"}],"replies":[{"embeddable":true,"href":"https:\/\/www.bbmnoticias.com\/labravaradiofm\/wp-json\/wp\/v2\/comments?post=70120"}],"version-history":[{"count":0,"href":"https:\/\/www.bbmnoticias.com\/labravaradiofm\/wp-json\/wp\/v2\/posts\/70120\/revisions"}],"wp:featuredmedia":[{"embeddable":true,"href":"https:\/\/www.bbmnoticias.com\/labravaradiofm\/wp-json\/wp\/v2\/media\/70122"}],"wp:attachment":[{"href":"https:\/\/www.bbmnoticias.com\/labravaradiofm\/wp-json\/wp\/v2\/media?parent=70120"}],"wp:term":[{"taxonomy":"category","embeddable":true,"href":"https:\/\/www.bbmnoticias.com\/labravaradiofm\/wp-json\/wp\/v2\/categories?post=70120"},{"taxonomy":"post_tag","embeddable":true,"href":"https:\/\/www.bbmnoticias.com\/labravaradiofm\/wp-json\/wp\/v2\/tags?post=70120"}],"curies":[{"name":"wp","href":"https:\/\/api.w.org\/{rel}","templated":true}]}}