{"id":70114,"date":"2025-11-20T18:14:11","date_gmt":"2025-11-21T00:14:11","guid":{"rendered":"https:\/\/www.bbmnoticias.com\/labravaradiofm\/2025\/11\/20\/capturan-en-oaxaca-a-hombre-acusado-de-feminicidio-en-iztapalapa\/"},"modified":"2025-11-20T18:14:15","modified_gmt":"2025-11-21T00:14:15","slug":"capturan-en-oaxaca-a-hombre-acusado-de-feminicidio-en-iztapalapa","status":"publish","type":"post","link":"https:\/\/www.bbmnoticias.com\/labravaradiofm\/2025\/11\/20\/capturan-en-oaxaca-a-hombre-acusado-de-feminicidio-en-iztapalapa\/","title":{"rendered":"Capturan en Oaxaca a hombre acusado de feminicidio en Iztapalapa"},"content":{"rendered":"<div style=\"margin-top: 0px; margin-bottom: 0px;\" class=\"sharethis-inline-share-buttons\" ><\/div>\n<p>La Fiscal\u00eda General de Justicia (FGJ) de la Ciudad de M\u00e9xico detuvo a un hombre en Oaxaca, ya que se le investiga por la <strong>desaparici\u00f3n y feminicidio en agravio de una joven,<\/strong> delitos que se cometieron en la alcald\u00eda Iztapalapa.<\/p>\n\n\n\n<p>Para llevar a cabo esta detenci\u00f3n la fiscal\u00eda capitalina cont\u00f3 con la colaboraci\u00f3n de Fiscal\u00eda General del Estado de Oaxaca (FGEO) <strong>para detener a Juan \u201cN\u201d.<\/strong><\/p>\n\n\n\n<p>En la investigaci\u00f3n de la fiscal\u00eda se estableci\u00f3 que la \u00faltima vez que se vio con vida a la v\u00edctima fue el <strong>24 de septiembre de 2025, en calles de la colonia Ermita Zaragoza<\/strong>, alcald\u00eda Iztapalapa, cuando se baj\u00f3 del veh\u00edculo en el que iba a en compa\u00f1\u00eda de Juan \u201cN\u201d hacia su domicilio, el motivo por el que descendi\u00f3 fue una discusi\u00f3n.<\/p>\n\n\n\n<p>Como parte de los trabajos de inteligencia, agentes de la Polic\u00eda de Investigaci\u00f3n (PDI) identificaron que Juan \u2018N\u2019 se encontraba en San Pedro Pochutla, Oaxaca. Con esta informaci\u00f3n, se logr\u00f3 su localizaci\u00f3n y aprehensi\u00f3n en colaboraci\u00f3n con elementos de la FGEO\u201d, explic\u00f3 la FGJ CDMX.<\/p>\n\n\n\n<p>Tras su captura, <strong>el presunto responsable fue trasladado a la Ciudad de M\u00e9xico<\/strong> para quedar a disposici\u00f3n de la autoridad competente, quien determinar\u00e1 su situaci\u00f3n jur\u00eddica.<\/p>\n","protected":false},"excerpt":{"rendered":"<p>La Fiscal\u00eda General de Justicia (FGJ) de la Ciudad de M\u00e9xico detuvo a un hombre en Oaxaca, ya que se le investiga por la desaparici\u00f3n y feminicidio en agravio de una joven, delitos que se cometieron en la alcald\u00eda Iztapalapa. Para llevar a cabo esta detenci\u00f3n la fiscal\u00eda capitalina cont\u00f3 con la colaboraci\u00f3n de Fiscal\u00eda [&hellip;]<\/p>\n","protected":false},"author":8,"featured_media":70116,"comment_status":"closed","ping_status":"","sticky":false,"template":"","format":"standard","meta":{"footnotes":""},"categories":[2,20],"tags":[],"class_list":{"0":"post-70114","1":"post","2":"type-post","3":"status-publish","4":"format-standard","5":"has-post-thumbnail","7":"category-oaxaca","8":"category-policiaca"},"yoast_head":"<!-- This site is optimized with the Yoast SEO plugin v27.4 - https:\/\/yoast.com\/product\/yoast-seo-wordpress\/ -->\n<title>Capturan en Oaxaca a hombre acusado de feminicidio en Iztapalapa - LA BRAVA RADIO<\/title>\n<meta name=\"robots\" content=\"index, follow, max-snippet:-1, max-image-preview:large, max-video-preview:-1\" \/>\n<link rel=\"canonical\" href=\"https:\/\/www.bbmnoticias.com\/capturan-en-oaxaca-a-hombre-acusado-de-feminicidio-en-iztapalapa\/\" \/>\n<meta property=\"og:locale\" content=\"es_MX\" \/>\n<meta property=\"og:type\" content=\"article\" \/>\n<meta property=\"og:title\" content=\"Capturan en Oaxaca a hombre acusado de feminicidio en Iztapalapa - LA BRAVA RADIO\" \/>\n<meta property=\"og:description\" content=\"La Fiscal\u00eda General de Justicia (FGJ) de la Ciudad de M\u00e9xico detuvo a un hombre en Oaxaca, ya que se le investiga por la desaparici\u00f3n y feminicidio en agravio de una joven, delitos que se cometieron en la alcald\u00eda Iztapalapa. Para llevar a cabo esta detenci\u00f3n la fiscal\u00eda capitalina cont\u00f3 con la colaboraci\u00f3n de Fiscal\u00eda [&hellip;]\" \/>\n<meta property=\"og:url\" content=\"https:\/\/www.bbmnoticias.com\/capturan-en-oaxaca-a-hombre-acusado-de-feminicidio-en-iztapalapa\/\" \/>\n<meta property=\"og:site_name\" content=\"LA BRAVA RADIO\" \/>\n<meta property=\"article:published_time\" content=\"2025-11-21T00:14:11+00:00\" \/>\n<meta property=\"article:modified_time\" content=\"2025-11-21T00:14:15+00:00\" \/>\n<meta property=\"og:image\" content=\"https:\/\/www.bbmnoticias.com\/labravaradiofm\/wp-content\/uploads\/sites\/5\/2025\/11\/62522o.jpg\" \/>\n\t<meta property=\"og:image:width\" content=\"583\" \/>\n\t<meta property=\"og:image:height\" content=\"390\" \/>\n\t<meta property=\"og:image:type\" content=\"image\/jpeg\" \/>\n<meta name=\"author\" content=\"Exc\u00e9lsior\" \/>\n<meta name=\"twitter:card\" content=\"summary_large_image\" \/>\n<meta name=\"twitter:label1\" content=\"Escrito por\" \/>\n\t<meta name=\"twitter:data1\" content=\"Exc\u00e9lsior\" \/>\n\t<meta name=\"twitter:label2\" content=\"Tiempo de lectura\" \/>\n\t<meta name=\"twitter:data2\" content=\"1 minuto\" \/>\n<script type=\"application\/ld+json\" class=\"yoast-schema-graph\">{\"@context\":\"https:\\\/\\\/schema.org\",\"@graph\":[{\"@type\":\"Article\",\"@id\":\"https:\\\/\\\/www.bbmnoticias.com\\\/capturan-en-oaxaca-a-hombre-acusado-de-feminicidio-en-iztapalapa\\\/#article\",\"isPartOf\":{\"@id\":\"https:\\\/\\\/www.bbmnoticias.com\\\/labravaradiofm\\\/2025\\\/11\\\/20\\\/capturan-en-oaxaca-a-hombre-acusado-de-feminicidio-en-iztapalapa\\\/\"},\"author\":{\"name\":\"Exc\u00e9lsior\",\"@id\":\"https:\\\/\\\/www.bbmnoticias.com\\\/labravaradiofm\\\/#\\\/schema\\\/person\\\/56f4677efb93d47930db8f58aa971b20\"},\"headline\":\"Capturan en Oaxaca a hombre acusado de feminicidio en Iztapalapa\",\"datePublished\":\"2025-11-21T00:14:11+00:00\",\"dateModified\":\"2025-11-21T00:14:15+00:00\",\"mainEntityOfPage\":{\"@id\":\"https:\\\/\\\/www.bbmnoticias.com\\\/labravaradiofm\\\/2025\\\/11\\\/20\\\/capturan-en-oaxaca-a-hombre-acusado-de-feminicidio-en-iztapalapa\\\/\"},\"wordCount\":233,\"image\":{\"@id\":\"https:\\\/\\\/www.bbmnoticias.com\\\/capturan-en-oaxaca-a-hombre-acusado-de-feminicidio-en-iztapalapa\\\/#primaryimage\"},\"thumbnailUrl\":\"https:\\\/\\\/www.bbmnoticias.com\\\/labravaradiofm\\\/wp-content\\\/uploads\\\/sites\\\/5\\\/2025\\\/11\\\/62522o.jpg\",\"articleSection\":[\"LOCAL\",\"POLICIACA\"],\"inLanguage\":\"es\"},{\"@type\":\"WebPage\",\"@id\":\"https:\\\/\\\/www.bbmnoticias.com\\\/labravaradiofm\\\/2025\\\/11\\\/20\\\/capturan-en-oaxaca-a-hombre-acusado-de-feminicidio-en-iztapalapa\\\/\",\"url\":\"https:\\\/\\\/www.bbmnoticias.com\\\/capturan-en-oaxaca-a-hombre-acusado-de-feminicidio-en-iztapalapa\\\/\",\"name\":\"Capturan en Oaxaca a hombre acusado de feminicidio en Iztapalapa - LA BRAVA RADIO\",\"isPartOf\":{\"@id\":\"https:\\\/\\\/www.bbmnoticias.com\\\/labravaradiofm\\\/#website\"},\"primaryImageOfPage\":{\"@id\":\"https:\\\/\\\/www.bbmnoticias.com\\\/capturan-en-oaxaca-a-hombre-acusado-de-feminicidio-en-iztapalapa\\\/#primaryimage\"},\"image\":{\"@id\":\"https:\\\/\\\/www.bbmnoticias.com\\\/capturan-en-oaxaca-a-hombre-acusado-de-feminicidio-en-iztapalapa\\\/#primaryimage\"},\"thumbnailUrl\":\"https:\\\/\\\/www.bbmnoticias.com\\\/labravaradiofm\\\/wp-content\\\/uploads\\\/sites\\\/5\\\/2025\\\/11\\\/62522o.jpg\",\"datePublished\":\"2025-11-21T00:14:11+00:00\",\"dateModified\":\"2025-11-21T00:14:15+00:00\",\"author\":{\"@id\":\"https:\\\/\\\/www.bbmnoticias.com\\\/labravaradiofm\\\/#\\\/schema\\\/person\\\/56f4677efb93d47930db8f58aa971b20\"},\"breadcrumb\":{\"@id\":\"https:\\\/\\\/www.bbmnoticias.com\\\/capturan-en-oaxaca-a-hombre-acusado-de-feminicidio-en-iztapalapa\\\/#breadcrumb\"},\"inLanguage\":\"es\",\"potentialAction\":[{\"@type\":\"ReadAction\",\"target\":[\"https:\\\/\\\/www.bbmnoticias.com\\\/capturan-en-oaxaca-a-hombre-acusado-de-feminicidio-en-iztapalapa\\\/\"]}]},{\"@type\":\"ImageObject\",\"inLanguage\":\"es\",\"@id\":\"https:\\\/\\\/www.bbmnoticias.com\\\/capturan-en-oaxaca-a-hombre-acusado-de-feminicidio-en-iztapalapa\\\/#primaryimage\",\"url\":\"https:\\\/\\\/www.bbmnoticias.com\\\/labravaradiofm\\\/wp-content\\\/uploads\\\/sites\\\/5\\\/2025\\\/11\\\/62522o.jpg\",\"contentUrl\":\"https:\\\/\\\/www.bbmnoticias.com\\\/labravaradiofm\\\/wp-content\\\/uploads\\\/sites\\\/5\\\/2025\\\/11\\\/62522o.jpg\",\"width\":583,\"height\":390},{\"@type\":\"BreadcrumbList\",\"@id\":\"https:\\\/\\\/www.bbmnoticias.com\\\/capturan-en-oaxaca-a-hombre-acusado-de-feminicidio-en-iztapalapa\\\/#breadcrumb\",\"itemListElement\":[{\"@type\":\"ListItem\",\"position\":1,\"name\":\"Inicio\",\"item\":\"https:\\\/\\\/www.bbmnoticias.com\\\/labravaradiofm\\\/\"},{\"@type\":\"ListItem\",\"position\":2,\"name\":\"Capturan en Oaxaca a hombre acusado de feminicidio en Iztapalapa\"}]},{\"@type\":\"WebSite\",\"@id\":\"https:\\\/\\\/www.bbmnoticias.com\\\/labravaradiofm\\\/#website\",\"url\":\"https:\\\/\\\/www.bbmnoticias.com\\\/labravaradiofm\\\/\",\"name\":\"LA BRAVA RADIO\",\"description\":\"Empresa productora de medios, Radiodifusi\u00f3n, Noticias, tendencias y todo lo que necesitas saber de la pol\u00edtica mexicana e internacional; entretenimiento, espect\u00e1culos, salud y mucho m\u00e1s.\",\"potentialAction\":[{\"@type\":\"SearchAction\",\"target\":{\"@type\":\"EntryPoint\",\"urlTemplate\":\"https:\\\/\\\/www.bbmnoticias.com\\\/labravaradiofm\\\/?s={search_term_string}\"},\"query-input\":{\"@type\":\"PropertyValueSpecification\",\"valueRequired\":true,\"valueName\":\"search_term_string\"}}],\"inLanguage\":\"es\"},{\"@type\":\"Person\",\"@id\":\"https:\\\/\\\/www.bbmnoticias.com\\\/labravaradiofm\\\/#\\\/schema\\\/person\\\/56f4677efb93d47930db8f58aa971b20\",\"name\":\"Exc\u00e9lsior\",\"image\":{\"@type\":\"ImageObject\",\"inLanguage\":\"es\",\"@id\":\"https:\\\/\\\/secure.gravatar.com\\\/avatar\\\/497265c4dbe1cd0e2f3f1b19aba0f5779c7f95d09e139a5b83c1ecd47b4e780d?s=96&d=mm&r=g\",\"url\":\"https:\\\/\\\/secure.gravatar.com\\\/avatar\\\/497265c4dbe1cd0e2f3f1b19aba0f5779c7f95d09e139a5b83c1ecd47b4e780d?s=96&d=mm&r=g\",\"contentUrl\":\"https:\\\/\\\/secure.gravatar.com\\\/avatar\\\/497265c4dbe1cd0e2f3f1b19aba0f5779c7f95d09e139a5b83c1ecd47b4e780d?s=96&d=mm&r=g\",\"caption\":\"Exc\u00e9lsior\"},\"url\":\"https:\\\/\\\/www.bbmnoticias.com\\\/labravaradiofm\\\/author\\\/excelsior\\\/\"}]}<\/script>\n<!-- \/ Yoast SEO plugin. -->","yoast_head_json":{"title":"Capturan en Oaxaca a hombre acusado de feminicidio en Iztapalapa - LA BRAVA RADIO","robots":{"index":"index","follow":"follow","max-snippet":"max-snippet:-1","max-image-preview":"max-image-preview:large","max-video-preview":"max-video-preview:-1"},"canonical":"https:\/\/www.bbmnoticias.com\/capturan-en-oaxaca-a-hombre-acusado-de-feminicidio-en-iztapalapa\/","og_locale":"es_MX","og_type":"article","og_title":"Capturan en Oaxaca a hombre acusado de feminicidio en Iztapalapa - LA BRAVA RADIO","og_description":"La Fiscal\u00eda General de Justicia (FGJ) de la Ciudad de M\u00e9xico detuvo a un hombre en Oaxaca, ya que se le investiga por la desaparici\u00f3n y feminicidio en agravio de una joven, delitos que se cometieron en la alcald\u00eda Iztapalapa. Para llevar a cabo esta detenci\u00f3n la fiscal\u00eda capitalina cont\u00f3 con la colaboraci\u00f3n de Fiscal\u00eda [&hellip;]","og_url":"https:\/\/www.bbmnoticias.com\/capturan-en-oaxaca-a-hombre-acusado-de-feminicidio-en-iztapalapa\/","og_site_name":"LA BRAVA RADIO","article_published_time":"2025-11-21T00:14:11+00:00","article_modified_time":"2025-11-21T00:14:15+00:00","og_image":[{"width":583,"height":390,"url":"https:\/\/www.bbmnoticias.com\/labravaradiofm\/wp-content\/uploads\/sites\/5\/2025\/11\/62522o.jpg","type":"image\/jpeg"}],"author":"Exc\u00e9lsior","twitter_card":"summary_large_image","twitter_misc":{"Escrito por":"Exc\u00e9lsior","Tiempo de lectura":"1 minuto"},"schema":{"@context":"https:\/\/schema.org","@graph":[{"@type":"Article","@id":"https:\/\/www.bbmnoticias.com\/capturan-en-oaxaca-a-hombre-acusado-de-feminicidio-en-iztapalapa\/#article","isPartOf":{"@id":"https:\/\/www.bbmnoticias.com\/labravaradiofm\/2025\/11\/20\/capturan-en-oaxaca-a-hombre-acusado-de-feminicidio-en-iztapalapa\/"},"author":{"name":"Exc\u00e9lsior","@id":"https:\/\/www.bbmnoticias.com\/labravaradiofm\/#\/schema\/person\/56f4677efb93d47930db8f58aa971b20"},"headline":"Capturan en Oaxaca a hombre acusado de feminicidio en Iztapalapa","datePublished":"2025-11-21T00:14:11+00:00","dateModified":"2025-11-21T00:14:15+00:00","mainEntityOfPage":{"@id":"https:\/\/www.bbmnoticias.com\/labravaradiofm\/2025\/11\/20\/capturan-en-oaxaca-a-hombre-acusado-de-feminicidio-en-iztapalapa\/"},"wordCount":233,"image":{"@id":"https:\/\/www.bbmnoticias.com\/capturan-en-oaxaca-a-hombre-acusado-de-feminicidio-en-iztapalapa\/#primaryimage"},"thumbnailUrl":"https:\/\/www.bbmnoticias.com\/labravaradiofm\/wp-content\/uploads\/sites\/5\/2025\/11\/62522o.jpg","articleSection":["LOCAL","POLICIACA"],"inLanguage":"es"},{"@type":"WebPage","@id":"https:\/\/www.bbmnoticias.com\/labravaradiofm\/2025\/11\/20\/capturan-en-oaxaca-a-hombre-acusado-de-feminicidio-en-iztapalapa\/","url":"https:\/\/www.bbmnoticias.com\/capturan-en-oaxaca-a-hombre-acusado-de-feminicidio-en-iztapalapa\/","name":"Capturan en Oaxaca a hombre acusado de feminicidio en Iztapalapa - LA BRAVA RADIO","isPartOf":{"@id":"https:\/\/www.bbmnoticias.com\/labravaradiofm\/#website"},"primaryImageOfPage":{"@id":"https:\/\/www.bbmnoticias.com\/capturan-en-oaxaca-a-hombre-acusado-de-feminicidio-en-iztapalapa\/#primaryimage"},"image":{"@id":"https:\/\/www.bbmnoticias.com\/capturan-en-oaxaca-a-hombre-acusado-de-feminicidio-en-iztapalapa\/#primaryimage"},"thumbnailUrl":"https:\/\/www.bbmnoticias.com\/labravaradiofm\/wp-content\/uploads\/sites\/5\/2025\/11\/62522o.jpg","datePublished":"2025-11-21T00:14:11+00:00","dateModified":"2025-11-21T00:14:15+00:00","author":{"@id":"https:\/\/www.bbmnoticias.com\/labravaradiofm\/#\/schema\/person\/56f4677efb93d47930db8f58aa971b20"},"breadcrumb":{"@id":"https:\/\/www.bbmnoticias.com\/capturan-en-oaxaca-a-hombre-acusado-de-feminicidio-en-iztapalapa\/#breadcrumb"},"inLanguage":"es","potentialAction":[{"@type":"ReadAction","target":["https:\/\/www.bbmnoticias.com\/capturan-en-oaxaca-a-hombre-acusado-de-feminicidio-en-iztapalapa\/"]}]},{"@type":"ImageObject","inLanguage":"es","@id":"https:\/\/www.bbmnoticias.com\/capturan-en-oaxaca-a-hombre-acusado-de-feminicidio-en-iztapalapa\/#primaryimage","url":"https:\/\/www.bbmnoticias.com\/labravaradiofm\/wp-content\/uploads\/sites\/5\/2025\/11\/62522o.jpg","contentUrl":"https:\/\/www.bbmnoticias.com\/labravaradiofm\/wp-content\/uploads\/sites\/5\/2025\/11\/62522o.jpg","width":583,"height":390},{"@type":"BreadcrumbList","@id":"https:\/\/www.bbmnoticias.com\/capturan-en-oaxaca-a-hombre-acusado-de-feminicidio-en-iztapalapa\/#breadcrumb","itemListElement":[{"@type":"ListItem","position":1,"name":"Inicio","item":"https:\/\/www.bbmnoticias.com\/labravaradiofm\/"},{"@type":"ListItem","position":2,"name":"Capturan en Oaxaca a hombre acusado de feminicidio en Iztapalapa"}]},{"@type":"WebSite","@id":"https:\/\/www.bbmnoticias.com\/labravaradiofm\/#website","url":"https:\/\/www.bbmnoticias.com\/labravaradiofm\/","name":"LA BRAVA RADIO","description":"Empresa productora de medios, Radiodifusi\u00f3n, Noticias, tendencias y todo lo que necesitas saber de la pol\u00edtica mexicana e internacional; entretenimiento, espect\u00e1culos, salud y mucho m\u00e1s.","potentialAction":[{"@type":"SearchAction","target":{"@type":"EntryPoint","urlTemplate":"https:\/\/www.bbmnoticias.com\/labravaradiofm\/?s={search_term_string}"},"query-input":{"@type":"PropertyValueSpecification","valueRequired":true,"valueName":"search_term_string"}}],"inLanguage":"es"},{"@type":"Person","@id":"https:\/\/www.bbmnoticias.com\/labravaradiofm\/#\/schema\/person\/56f4677efb93d47930db8f58aa971b20","name":"Exc\u00e9lsior","image":{"@type":"ImageObject","inLanguage":"es","@id":"https:\/\/secure.gravatar.com\/avatar\/497265c4dbe1cd0e2f3f1b19aba0f5779c7f95d09e139a5b83c1ecd47b4e780d?s=96&d=mm&r=g","url":"https:\/\/secure.gravatar.com\/avatar\/497265c4dbe1cd0e2f3f1b19aba0f5779c7f95d09e139a5b83c1ecd47b4e780d?s=96&d=mm&r=g","contentUrl":"https:\/\/secure.gravatar.com\/avatar\/497265c4dbe1cd0e2f3f1b19aba0f5779c7f95d09e139a5b83c1ecd47b4e780d?s=96&d=mm&r=g","caption":"Exc\u00e9lsior"},"url":"https:\/\/www.bbmnoticias.com\/labravaradiofm\/author\/excelsior\/"}]}},"_links":{"self":[{"href":"https:\/\/www.bbmnoticias.com\/labravaradiofm\/wp-json\/wp\/v2\/posts\/70114","targetHints":{"allow":["GET"]}}],"collection":[{"href":"https:\/\/www.bbmnoticias.com\/labravaradiofm\/wp-json\/wp\/v2\/posts"}],"about":[{"href":"https:\/\/www.bbmnoticias.com\/labravaradiofm\/wp-json\/wp\/v2\/types\/post"}],"author":[{"embeddable":true,"href":"https:\/\/www.bbmnoticias.com\/labravaradiofm\/wp-json\/wp\/v2\/users\/8"}],"replies":[{"embeddable":true,"href":"https:\/\/www.bbmnoticias.com\/labravaradiofm\/wp-json\/wp\/v2\/comments?post=70114"}],"version-history":[{"count":0,"href":"https:\/\/www.bbmnoticias.com\/labravaradiofm\/wp-json\/wp\/v2\/posts\/70114\/revisions"}],"wp:featuredmedia":[{"embeddable":true,"href":"https:\/\/www.bbmnoticias.com\/labravaradiofm\/wp-json\/wp\/v2\/media\/70116"}],"wp:attachment":[{"href":"https:\/\/www.bbmnoticias.com\/labravaradiofm\/wp-json\/wp\/v2\/media?parent=70114"}],"wp:term":[{"taxonomy":"category","embeddable":true,"href":"https:\/\/www.bbmnoticias.com\/labravaradiofm\/wp-json\/wp\/v2\/categories?post=70114"},{"taxonomy":"post_tag","embeddable":true,"href":"https:\/\/www.bbmnoticias.com\/labravaradiofm\/wp-json\/wp\/v2\/tags?post=70114"}],"curies":[{"name":"wp","href":"https:\/\/api.w.org\/{rel}","templated":true}]}}