{"id":70111,"date":"2025-11-20T18:07:39","date_gmt":"2025-11-21T00:07:39","guid":{"rendered":"https:\/\/www.bbmnoticias.com\/labravaradiofm\/2025\/11\/20\/diputados-y-senadores-se-reunen-con-claudia-sheinbaum-en-palacio-nacional\/"},"modified":"2025-11-20T18:07:50","modified_gmt":"2025-11-21T00:07:50","slug":"diputados-y-senadores-se-reunen-con-claudia-sheinbaum-en-palacio-nacional","status":"publish","type":"post","link":"https:\/\/www.bbmnoticias.com\/labravaradiofm\/2025\/11\/20\/diputados-y-senadores-se-reunen-con-claudia-sheinbaum-en-palacio-nacional\/","title":{"rendered":"Diputados y senadores se re\u00fanen con Claudia Sheinbaum en Palacio Nacional"},"content":{"rendered":"<div style=\"margin-top: 0px; margin-bottom: 0px;\" class=\"sharethis-inline-share-buttons\" ><\/div>\n<p>Diputados federales y<strong> senadores<\/strong> arribaron a Palacio Nacional alrededor de las 16:30 horas para tener un encuentro con la presidenta <strong>Claudia Sheinbaum.<\/strong><\/p>\n\n\n\n<p>Los legisladores expusieron que tratar\u00e1n con la titular del Ejecutivo el <strong>contenido del paquete econ\u00f3mico<\/strong> recientemente aprobado por el Congreso.<\/p>\n\n\n\n<p>El encuentro, convocado con car\u00e1cter interno, tambi\u00e9n busca <strong>reforzar la relaci\u00f3n entre el Poder Ejecutivo y el Legislativo <\/strong>en la antesala del cierre del periodo ordinario.<\/p>\n\n\n\n<p>Sheinbaum dijo a su vez el mi\u00e9rcoles en la rueda de prensa matutina que pidi\u00f3 el encuentro para agradecer la aprobaci\u00f3n del presupuesto.<\/p>\n\n\n\n<p>Los senadores y diputados arribaron al Centro Hist\u00f3rico a bordo de autobuses que ingresaron por la calle Correo Mayor.<\/p>\n\n\n\n<p>Sin embargo, debido al comercio informal que se encuentra desbordado, tuvieron que bajar de los camiones y caminar entre los vendedores, compradores, autos y motocicletas para ingresar a la calle Corregidora.<\/p>\n\n\n\n<h2 class=\"wp-block-heading\"><strong>Respaldo a la presidenta<\/strong><\/h2>\n\n\n\n<p>De acuerdo con una publicaci\u00f3n en redes del coordinador de Morena en San L\u00e1zaro, Ricardo Monreal \u00c1vila, la comitiva acudi\u00f3&nbsp;para \u201crefrendar su respaldo\u201d a la mandataria.<\/p>\n\n\n\n<p>Su conducci\u00f3n honesta, capaz y cercana fortalece al pa\u00eds. Es un orgullo que la primera mujer al frente de la naci\u00f3n gobierne bien y con rumbo\u201d, escribi\u00f3 en su cuenta de X.<\/p>\n\n\n\n<p>Lo que fue ratificado por el senador del Partido Verde, Manuel Velasco, quien expuso que los integrantes del Congreso refrendar\u00e1n su apoyo a la presidenta.<\/p>\n\n\n\n<p>La reuni\u00f3n tambi\u00e9n se da en un contexto de trabajos legislativos clave y en medio del llamado de la presidenta a consolidar las reformas pendientes de su proyecto de gobierno.<\/p>\n","protected":false},"excerpt":{"rendered":"<p>Diputados federales y senadores arribaron a Palacio Nacional alrededor de las 16:30 horas para tener un encuentro con la presidenta Claudia Sheinbaum. Los legisladores expusieron que tratar\u00e1n con la titular del Ejecutivo el contenido del paquete econ\u00f3mico recientemente aprobado por el Congreso. El encuentro, convocado con car\u00e1cter interno, tambi\u00e9n busca reforzar la relaci\u00f3n entre el [&hellip;]<\/p>\n","protected":false},"author":8,"featured_media":70113,"comment_status":"closed","ping_status":"","sticky":false,"template":"","format":"standard","meta":{"footnotes":""},"categories":[2,19],"tags":[],"class_list":{"0":"post-70111","1":"post","2":"type-post","3":"status-publish","4":"format-standard","5":"has-post-thumbnail","7":"category-oaxaca","8":"category-nacional"},"yoast_head":"<!-- This site is optimized with the Yoast SEO plugin v27.4 - https:\/\/yoast.com\/product\/yoast-seo-wordpress\/ -->\n<title>Diputados y senadores se re\u00fanen con Claudia Sheinbaum en Palacio Nacional - LA BRAVA RADIO<\/title>\n<meta name=\"robots\" content=\"index, follow, max-snippet:-1, max-image-preview:large, max-video-preview:-1\" \/>\n<link rel=\"canonical\" href=\"https:\/\/www.bbmnoticias.com\/diputados-y-senadores-se-reunen-con-claudia-sheinbaum-en-palacio-nacional\/\" \/>\n<meta property=\"og:locale\" content=\"es_MX\" \/>\n<meta property=\"og:type\" content=\"article\" \/>\n<meta property=\"og:title\" content=\"Diputados y senadores se re\u00fanen con Claudia Sheinbaum en Palacio Nacional - LA BRAVA RADIO\" \/>\n<meta property=\"og:description\" content=\"Diputados federales y senadores arribaron a Palacio Nacional alrededor de las 16:30 horas para tener un encuentro con la presidenta Claudia Sheinbaum. Los legisladores expusieron que tratar\u00e1n con la titular del Ejecutivo el contenido del paquete econ\u00f3mico recientemente aprobado por el Congreso. El encuentro, convocado con car\u00e1cter interno, tambi\u00e9n busca reforzar la relaci\u00f3n entre el [&hellip;]\" \/>\n<meta property=\"og:url\" content=\"https:\/\/www.bbmnoticias.com\/diputados-y-senadores-se-reunen-con-claudia-sheinbaum-en-palacio-nacional\/\" \/>\n<meta property=\"og:site_name\" content=\"LA BRAVA RADIO\" \/>\n<meta property=\"article:published_time\" content=\"2025-11-21T00:07:39+00:00\" \/>\n<meta property=\"article:modified_time\" content=\"2025-11-21T00:07:50+00:00\" \/>\n<meta property=\"og:image\" content=\"https:\/\/www.bbmnoticias.com\/labravaradiofm\/wp-content\/uploads\/sites\/5\/2025\/11\/876783.jpg\" \/>\n\t<meta property=\"og:image:width\" content=\"580\" \/>\n\t<meta property=\"og:image:height\" content=\"392\" \/>\n\t<meta property=\"og:image:type\" content=\"image\/jpeg\" \/>\n<meta name=\"author\" content=\"Exc\u00e9lsior\" \/>\n<meta name=\"twitter:card\" content=\"summary_large_image\" \/>\n<meta name=\"twitter:label1\" content=\"Escrito por\" \/>\n\t<meta name=\"twitter:data1\" content=\"Exc\u00e9lsior\" \/>\n\t<meta name=\"twitter:label2\" content=\"Tiempo de lectura\" \/>\n\t<meta name=\"twitter:data2\" content=\"1 minuto\" \/>\n<script type=\"application\/ld+json\" class=\"yoast-schema-graph\">{\"@context\":\"https:\\\/\\\/schema.org\",\"@graph\":[{\"@type\":\"Article\",\"@id\":\"https:\\\/\\\/www.bbmnoticias.com\\\/diputados-y-senadores-se-reunen-con-claudia-sheinbaum-en-palacio-nacional\\\/#article\",\"isPartOf\":{\"@id\":\"https:\\\/\\\/www.bbmnoticias.com\\\/labravaradiofm\\\/2025\\\/11\\\/20\\\/diputados-y-senadores-se-reunen-con-claudia-sheinbaum-en-palacio-nacional\\\/\"},\"author\":{\"name\":\"Exc\u00e9lsior\",\"@id\":\"https:\\\/\\\/www.bbmnoticias.com\\\/labravaradiofm\\\/#\\\/schema\\\/person\\\/56f4677efb93d47930db8f58aa971b20\"},\"headline\":\"Diputados y senadores se re\u00fanen con Claudia Sheinbaum en Palacio Nacional\",\"datePublished\":\"2025-11-21T00:07:39+00:00\",\"dateModified\":\"2025-11-21T00:07:50+00:00\",\"mainEntityOfPage\":{\"@id\":\"https:\\\/\\\/www.bbmnoticias.com\\\/labravaradiofm\\\/2025\\\/11\\\/20\\\/diputados-y-senadores-se-reunen-con-claudia-sheinbaum-en-palacio-nacional\\\/\"},\"wordCount\":287,\"image\":{\"@id\":\"https:\\\/\\\/www.bbmnoticias.com\\\/diputados-y-senadores-se-reunen-con-claudia-sheinbaum-en-palacio-nacional\\\/#primaryimage\"},\"thumbnailUrl\":\"https:\\\/\\\/www.bbmnoticias.com\\\/labravaradiofm\\\/wp-content\\\/uploads\\\/sites\\\/5\\\/2025\\\/11\\\/876783.jpg\",\"articleSection\":[\"LOCAL\",\"NACIONAL\"],\"inLanguage\":\"es\"},{\"@type\":\"WebPage\",\"@id\":\"https:\\\/\\\/www.bbmnoticias.com\\\/labravaradiofm\\\/2025\\\/11\\\/20\\\/diputados-y-senadores-se-reunen-con-claudia-sheinbaum-en-palacio-nacional\\\/\",\"url\":\"https:\\\/\\\/www.bbmnoticias.com\\\/diputados-y-senadores-se-reunen-con-claudia-sheinbaum-en-palacio-nacional\\\/\",\"name\":\"Diputados y senadores se re\u00fanen con Claudia Sheinbaum en Palacio Nacional - LA BRAVA RADIO\",\"isPartOf\":{\"@id\":\"https:\\\/\\\/www.bbmnoticias.com\\\/labravaradiofm\\\/#website\"},\"primaryImageOfPage\":{\"@id\":\"https:\\\/\\\/www.bbmnoticias.com\\\/diputados-y-senadores-se-reunen-con-claudia-sheinbaum-en-palacio-nacional\\\/#primaryimage\"},\"image\":{\"@id\":\"https:\\\/\\\/www.bbmnoticias.com\\\/diputados-y-senadores-se-reunen-con-claudia-sheinbaum-en-palacio-nacional\\\/#primaryimage\"},\"thumbnailUrl\":\"https:\\\/\\\/www.bbmnoticias.com\\\/labravaradiofm\\\/wp-content\\\/uploads\\\/sites\\\/5\\\/2025\\\/11\\\/876783.jpg\",\"datePublished\":\"2025-11-21T00:07:39+00:00\",\"dateModified\":\"2025-11-21T00:07:50+00:00\",\"author\":{\"@id\":\"https:\\\/\\\/www.bbmnoticias.com\\\/labravaradiofm\\\/#\\\/schema\\\/person\\\/56f4677efb93d47930db8f58aa971b20\"},\"breadcrumb\":{\"@id\":\"https:\\\/\\\/www.bbmnoticias.com\\\/diputados-y-senadores-se-reunen-con-claudia-sheinbaum-en-palacio-nacional\\\/#breadcrumb\"},\"inLanguage\":\"es\",\"potentialAction\":[{\"@type\":\"ReadAction\",\"target\":[\"https:\\\/\\\/www.bbmnoticias.com\\\/diputados-y-senadores-se-reunen-con-claudia-sheinbaum-en-palacio-nacional\\\/\"]}]},{\"@type\":\"ImageObject\",\"inLanguage\":\"es\",\"@id\":\"https:\\\/\\\/www.bbmnoticias.com\\\/diputados-y-senadores-se-reunen-con-claudia-sheinbaum-en-palacio-nacional\\\/#primaryimage\",\"url\":\"https:\\\/\\\/www.bbmnoticias.com\\\/labravaradiofm\\\/wp-content\\\/uploads\\\/sites\\\/5\\\/2025\\\/11\\\/876783.jpg\",\"contentUrl\":\"https:\\\/\\\/www.bbmnoticias.com\\\/labravaradiofm\\\/wp-content\\\/uploads\\\/sites\\\/5\\\/2025\\\/11\\\/876783.jpg\",\"width\":580,\"height\":392},{\"@type\":\"BreadcrumbList\",\"@id\":\"https:\\\/\\\/www.bbmnoticias.com\\\/diputados-y-senadores-se-reunen-con-claudia-sheinbaum-en-palacio-nacional\\\/#breadcrumb\",\"itemListElement\":[{\"@type\":\"ListItem\",\"position\":1,\"name\":\"Inicio\",\"item\":\"https:\\\/\\\/www.bbmnoticias.com\\\/labravaradiofm\\\/\"},{\"@type\":\"ListItem\",\"position\":2,\"name\":\"Diputados y senadores se re\u00fanen con Claudia Sheinbaum en Palacio Nacional\"}]},{\"@type\":\"WebSite\",\"@id\":\"https:\\\/\\\/www.bbmnoticias.com\\\/labravaradiofm\\\/#website\",\"url\":\"https:\\\/\\\/www.bbmnoticias.com\\\/labravaradiofm\\\/\",\"name\":\"LA BRAVA RADIO\",\"description\":\"Empresa productora de medios, Radiodifusi\u00f3n, Noticias, tendencias y todo lo que necesitas saber de la pol\u00edtica mexicana e internacional; entretenimiento, espect\u00e1culos, salud y mucho m\u00e1s.\",\"potentialAction\":[{\"@type\":\"SearchAction\",\"target\":{\"@type\":\"EntryPoint\",\"urlTemplate\":\"https:\\\/\\\/www.bbmnoticias.com\\\/labravaradiofm\\\/?s={search_term_string}\"},\"query-input\":{\"@type\":\"PropertyValueSpecification\",\"valueRequired\":true,\"valueName\":\"search_term_string\"}}],\"inLanguage\":\"es\"},{\"@type\":\"Person\",\"@id\":\"https:\\\/\\\/www.bbmnoticias.com\\\/labravaradiofm\\\/#\\\/schema\\\/person\\\/56f4677efb93d47930db8f58aa971b20\",\"name\":\"Exc\u00e9lsior\",\"image\":{\"@type\":\"ImageObject\",\"inLanguage\":\"es\",\"@id\":\"https:\\\/\\\/secure.gravatar.com\\\/avatar\\\/497265c4dbe1cd0e2f3f1b19aba0f5779c7f95d09e139a5b83c1ecd47b4e780d?s=96&d=mm&r=g\",\"url\":\"https:\\\/\\\/secure.gravatar.com\\\/avatar\\\/497265c4dbe1cd0e2f3f1b19aba0f5779c7f95d09e139a5b83c1ecd47b4e780d?s=96&d=mm&r=g\",\"contentUrl\":\"https:\\\/\\\/secure.gravatar.com\\\/avatar\\\/497265c4dbe1cd0e2f3f1b19aba0f5779c7f95d09e139a5b83c1ecd47b4e780d?s=96&d=mm&r=g\",\"caption\":\"Exc\u00e9lsior\"},\"url\":\"https:\\\/\\\/www.bbmnoticias.com\\\/labravaradiofm\\\/author\\\/excelsior\\\/\"}]}<\/script>\n<!-- \/ Yoast SEO plugin. -->","yoast_head_json":{"title":"Diputados y senadores se re\u00fanen con Claudia Sheinbaum en Palacio Nacional - LA BRAVA RADIO","robots":{"index":"index","follow":"follow","max-snippet":"max-snippet:-1","max-image-preview":"max-image-preview:large","max-video-preview":"max-video-preview:-1"},"canonical":"https:\/\/www.bbmnoticias.com\/diputados-y-senadores-se-reunen-con-claudia-sheinbaum-en-palacio-nacional\/","og_locale":"es_MX","og_type":"article","og_title":"Diputados y senadores se re\u00fanen con Claudia Sheinbaum en Palacio Nacional - LA BRAVA RADIO","og_description":"Diputados federales y senadores arribaron a Palacio Nacional alrededor de las 16:30 horas para tener un encuentro con la presidenta Claudia Sheinbaum. Los legisladores expusieron que tratar\u00e1n con la titular del Ejecutivo el contenido del paquete econ\u00f3mico recientemente aprobado por el Congreso. El encuentro, convocado con car\u00e1cter interno, tambi\u00e9n busca reforzar la relaci\u00f3n entre el [&hellip;]","og_url":"https:\/\/www.bbmnoticias.com\/diputados-y-senadores-se-reunen-con-claudia-sheinbaum-en-palacio-nacional\/","og_site_name":"LA BRAVA RADIO","article_published_time":"2025-11-21T00:07:39+00:00","article_modified_time":"2025-11-21T00:07:50+00:00","og_image":[{"width":580,"height":392,"url":"https:\/\/www.bbmnoticias.com\/labravaradiofm\/wp-content\/uploads\/sites\/5\/2025\/11\/876783.jpg","type":"image\/jpeg"}],"author":"Exc\u00e9lsior","twitter_card":"summary_large_image","twitter_misc":{"Escrito por":"Exc\u00e9lsior","Tiempo de lectura":"1 minuto"},"schema":{"@context":"https:\/\/schema.org","@graph":[{"@type":"Article","@id":"https:\/\/www.bbmnoticias.com\/diputados-y-senadores-se-reunen-con-claudia-sheinbaum-en-palacio-nacional\/#article","isPartOf":{"@id":"https:\/\/www.bbmnoticias.com\/labravaradiofm\/2025\/11\/20\/diputados-y-senadores-se-reunen-con-claudia-sheinbaum-en-palacio-nacional\/"},"author":{"name":"Exc\u00e9lsior","@id":"https:\/\/www.bbmnoticias.com\/labravaradiofm\/#\/schema\/person\/56f4677efb93d47930db8f58aa971b20"},"headline":"Diputados y senadores se re\u00fanen con Claudia Sheinbaum en Palacio Nacional","datePublished":"2025-11-21T00:07:39+00:00","dateModified":"2025-11-21T00:07:50+00:00","mainEntityOfPage":{"@id":"https:\/\/www.bbmnoticias.com\/labravaradiofm\/2025\/11\/20\/diputados-y-senadores-se-reunen-con-claudia-sheinbaum-en-palacio-nacional\/"},"wordCount":287,"image":{"@id":"https:\/\/www.bbmnoticias.com\/diputados-y-senadores-se-reunen-con-claudia-sheinbaum-en-palacio-nacional\/#primaryimage"},"thumbnailUrl":"https:\/\/www.bbmnoticias.com\/labravaradiofm\/wp-content\/uploads\/sites\/5\/2025\/11\/876783.jpg","articleSection":["LOCAL","NACIONAL"],"inLanguage":"es"},{"@type":"WebPage","@id":"https:\/\/www.bbmnoticias.com\/labravaradiofm\/2025\/11\/20\/diputados-y-senadores-se-reunen-con-claudia-sheinbaum-en-palacio-nacional\/","url":"https:\/\/www.bbmnoticias.com\/diputados-y-senadores-se-reunen-con-claudia-sheinbaum-en-palacio-nacional\/","name":"Diputados y senadores se re\u00fanen con Claudia Sheinbaum en Palacio Nacional - LA BRAVA RADIO","isPartOf":{"@id":"https:\/\/www.bbmnoticias.com\/labravaradiofm\/#website"},"primaryImageOfPage":{"@id":"https:\/\/www.bbmnoticias.com\/diputados-y-senadores-se-reunen-con-claudia-sheinbaum-en-palacio-nacional\/#primaryimage"},"image":{"@id":"https:\/\/www.bbmnoticias.com\/diputados-y-senadores-se-reunen-con-claudia-sheinbaum-en-palacio-nacional\/#primaryimage"},"thumbnailUrl":"https:\/\/www.bbmnoticias.com\/labravaradiofm\/wp-content\/uploads\/sites\/5\/2025\/11\/876783.jpg","datePublished":"2025-11-21T00:07:39+00:00","dateModified":"2025-11-21T00:07:50+00:00","author":{"@id":"https:\/\/www.bbmnoticias.com\/labravaradiofm\/#\/schema\/person\/56f4677efb93d47930db8f58aa971b20"},"breadcrumb":{"@id":"https:\/\/www.bbmnoticias.com\/diputados-y-senadores-se-reunen-con-claudia-sheinbaum-en-palacio-nacional\/#breadcrumb"},"inLanguage":"es","potentialAction":[{"@type":"ReadAction","target":["https:\/\/www.bbmnoticias.com\/diputados-y-senadores-se-reunen-con-claudia-sheinbaum-en-palacio-nacional\/"]}]},{"@type":"ImageObject","inLanguage":"es","@id":"https:\/\/www.bbmnoticias.com\/diputados-y-senadores-se-reunen-con-claudia-sheinbaum-en-palacio-nacional\/#primaryimage","url":"https:\/\/www.bbmnoticias.com\/labravaradiofm\/wp-content\/uploads\/sites\/5\/2025\/11\/876783.jpg","contentUrl":"https:\/\/www.bbmnoticias.com\/labravaradiofm\/wp-content\/uploads\/sites\/5\/2025\/11\/876783.jpg","width":580,"height":392},{"@type":"BreadcrumbList","@id":"https:\/\/www.bbmnoticias.com\/diputados-y-senadores-se-reunen-con-claudia-sheinbaum-en-palacio-nacional\/#breadcrumb","itemListElement":[{"@type":"ListItem","position":1,"name":"Inicio","item":"https:\/\/www.bbmnoticias.com\/labravaradiofm\/"},{"@type":"ListItem","position":2,"name":"Diputados y senadores se re\u00fanen con Claudia Sheinbaum en Palacio Nacional"}]},{"@type":"WebSite","@id":"https:\/\/www.bbmnoticias.com\/labravaradiofm\/#website","url":"https:\/\/www.bbmnoticias.com\/labravaradiofm\/","name":"LA BRAVA RADIO","description":"Empresa productora de medios, Radiodifusi\u00f3n, Noticias, tendencias y todo lo que necesitas saber de la pol\u00edtica mexicana e internacional; entretenimiento, espect\u00e1culos, salud y mucho m\u00e1s.","potentialAction":[{"@type":"SearchAction","target":{"@type":"EntryPoint","urlTemplate":"https:\/\/www.bbmnoticias.com\/labravaradiofm\/?s={search_term_string}"},"query-input":{"@type":"PropertyValueSpecification","valueRequired":true,"valueName":"search_term_string"}}],"inLanguage":"es"},{"@type":"Person","@id":"https:\/\/www.bbmnoticias.com\/labravaradiofm\/#\/schema\/person\/56f4677efb93d47930db8f58aa971b20","name":"Exc\u00e9lsior","image":{"@type":"ImageObject","inLanguage":"es","@id":"https:\/\/secure.gravatar.com\/avatar\/497265c4dbe1cd0e2f3f1b19aba0f5779c7f95d09e139a5b83c1ecd47b4e780d?s=96&d=mm&r=g","url":"https:\/\/secure.gravatar.com\/avatar\/497265c4dbe1cd0e2f3f1b19aba0f5779c7f95d09e139a5b83c1ecd47b4e780d?s=96&d=mm&r=g","contentUrl":"https:\/\/secure.gravatar.com\/avatar\/497265c4dbe1cd0e2f3f1b19aba0f5779c7f95d09e139a5b83c1ecd47b4e780d?s=96&d=mm&r=g","caption":"Exc\u00e9lsior"},"url":"https:\/\/www.bbmnoticias.com\/labravaradiofm\/author\/excelsior\/"}]}},"_links":{"self":[{"href":"https:\/\/www.bbmnoticias.com\/labravaradiofm\/wp-json\/wp\/v2\/posts\/70111","targetHints":{"allow":["GET"]}}],"collection":[{"href":"https:\/\/www.bbmnoticias.com\/labravaradiofm\/wp-json\/wp\/v2\/posts"}],"about":[{"href":"https:\/\/www.bbmnoticias.com\/labravaradiofm\/wp-json\/wp\/v2\/types\/post"}],"author":[{"embeddable":true,"href":"https:\/\/www.bbmnoticias.com\/labravaradiofm\/wp-json\/wp\/v2\/users\/8"}],"replies":[{"embeddable":true,"href":"https:\/\/www.bbmnoticias.com\/labravaradiofm\/wp-json\/wp\/v2\/comments?post=70111"}],"version-history":[{"count":0,"href":"https:\/\/www.bbmnoticias.com\/labravaradiofm\/wp-json\/wp\/v2\/posts\/70111\/revisions"}],"wp:featuredmedia":[{"embeddable":true,"href":"https:\/\/www.bbmnoticias.com\/labravaradiofm\/wp-json\/wp\/v2\/media\/70113"}],"wp:attachment":[{"href":"https:\/\/www.bbmnoticias.com\/labravaradiofm\/wp-json\/wp\/v2\/media?parent=70111"}],"wp:term":[{"taxonomy":"category","embeddable":true,"href":"https:\/\/www.bbmnoticias.com\/labravaradiofm\/wp-json\/wp\/v2\/categories?post=70111"},{"taxonomy":"post_tag","embeddable":true,"href":"https:\/\/www.bbmnoticias.com\/labravaradiofm\/wp-json\/wp\/v2\/tags?post=70111"}],"curies":[{"name":"wp","href":"https:\/\/api.w.org\/{rel}","templated":true}]}}