{"id":70108,"date":"2025-11-20T18:03:36","date_gmt":"2025-11-21T00:03:36","guid":{"rendered":"https:\/\/www.bbmnoticias.com\/labravaradiofm\/2025\/11\/20\/tradicion-y-fiesta-llegan-a-puerto-escondido-con-la-guelaguetza-del-mar-2025-sectur\/"},"modified":"2025-11-20T18:03:49","modified_gmt":"2025-11-21T00:03:49","slug":"tradicion-y-fiesta-llegan-a-puerto-escondido-con-la-guelaguetza-del-mar-2025-sectur","status":"publish","type":"post","link":"https:\/\/www.bbmnoticias.com\/labravaradiofm\/2025\/11\/20\/tradicion-y-fiesta-llegan-a-puerto-escondido-con-la-guelaguetza-del-mar-2025-sectur\/","title":{"rendered":"Tradici\u00f3n y fiesta llegan a Puerto Escondido con la Guelaguetza del Mar 2025: Sectur"},"content":{"rendered":"<div style=\"margin-top: 0px; margin-bottom: 0px;\" class=\"sharethis-inline-share-buttons\" ><\/div>\n<p><strong>Oaxaca de Ju\u00e1rez, Oax.-<\/strong> Este 22 de noviembre, la Costa oaxaque\u00f1a celebrar\u00e1 la Guelaguetza del Mar 2025 en Puerto Escondido; un encuentro de cultura y tradici\u00f3n que iniciar\u00e1 a las 17:00 horas con la participaci\u00f3n de 12 delegaciones de la regi\u00f3n e invitadas.<\/p>\n\n\n\n<p>La Secretar\u00eda de Turismo (Sectur Oaxaca) inform\u00f3 que todo est\u00e1 listo para el desarrollo de esta festividad en la playa Zicatela, la cual comenzar\u00e1 con una Calenda de las Culturas a las 16:00 horas, que partir\u00e1 de avenida del Morro.<\/p>\n\n\n\n<p>El encuentro de m\u00fasica, danza y alegr\u00eda, ser\u00e1 encabezado por la representante de la Diosa Cent\u00e9otl 2025, Patricia Casiano Zaragoza; y mostrar\u00e1 la riqueza de las delegaciones de Santa Mar\u00eda Colotepec, Heroica Ciudad de Tlaxiaco, Asunci\u00f3n Nochixtl\u00e1n, Puerto Escondido, Huautla de Jim\u00e9nez y Santiago Pinotepa Nacional.<\/p>\n\n\n\n<p>Adem\u00e1s, Juchit\u00e1n de Zaragoza, San Pablo Macuiltianguis, San Pedro Mixtepec, San Juan Bautista Tuxtepec, Putla Villa de Guerrero y las Chinas Oaxaque\u00f1as de Genoveva Medina.<\/p>\n\n\n\n<p>La celebraci\u00f3n, enmarcada en las Fiestas de Noviembre de Puerto Escondido 2025, adem\u00e1s de fortalecer la identidad de las y los oaxaque\u00f1os y preservar el patrimonio cultural, tambi\u00e9n diversificar\u00e1 la oferta tur\u00edstica de la Ruta de la Costa Oaxaque\u00f1a.<\/p>\n\n\n\n<p>En este sentido, se estima que del 21 al 23 de noviembre se alcance una afluencia de m\u00e1s de 10 mil 500 turistas nacionales e internacionales, as\u00ed como, una derrama econ\u00f3mica de 14.9 millones de pesos.&nbsp;<\/p>\n\n\n\n<p>La Sectur Oaxaca invit\u00f3 a disfrutar de esta fiesta tradicional en una de las playas emblem\u00e1ticas del pac\u00edfico mexicano.<\/p>\n","protected":false},"excerpt":{"rendered":"<p>Oaxaca de Ju\u00e1rez, Oax.- Este 22 de noviembre, la Costa oaxaque\u00f1a celebrar\u00e1 la Guelaguetza del Mar 2025 en Puerto Escondido; un encuentro de cultura y tradici\u00f3n que iniciar\u00e1 a las 17:00 horas con la participaci\u00f3n de 12 delegaciones de la regi\u00f3n e invitadas. La Secretar\u00eda de Turismo (Sectur Oaxaca) inform\u00f3 que todo est\u00e1 listo para [&hellip;]<\/p>\n","protected":false},"author":2,"featured_media":70110,"comment_status":"closed","ping_status":"","sticky":false,"template":"","format":"standard","meta":{"footnotes":""},"categories":[2],"tags":[],"class_list":{"0":"post-70108","1":"post","2":"type-post","3":"status-publish","4":"format-standard","5":"has-post-thumbnail","7":"category-oaxaca"},"yoast_head":"<!-- This site is optimized with the Yoast SEO plugin v27.4 - https:\/\/yoast.com\/product\/yoast-seo-wordpress\/ -->\n<title>Tradici\u00f3n y fiesta llegan a Puerto Escondido con la Guelaguetza del Mar 2025: Sectur - LA BRAVA RADIO<\/title>\n<meta name=\"robots\" content=\"index, follow, max-snippet:-1, max-image-preview:large, max-video-preview:-1\" \/>\n<link rel=\"canonical\" href=\"https:\/\/www.bbmnoticias.com\/tradicion-y-fiesta-llegan-a-puerto-escondido-con-la-guelaguetza-del-mar-2025-sectur\/\" \/>\n<meta property=\"og:locale\" content=\"es_MX\" \/>\n<meta property=\"og:type\" content=\"article\" \/>\n<meta property=\"og:title\" content=\"Tradici\u00f3n y fiesta llegan a Puerto Escondido con la Guelaguetza del Mar 2025: Sectur - LA BRAVA RADIO\" \/>\n<meta property=\"og:description\" content=\"Oaxaca de Ju\u00e1rez, Oax.- Este 22 de noviembre, la Costa oaxaque\u00f1a celebrar\u00e1 la Guelaguetza del Mar 2025 en Puerto Escondido; un encuentro de cultura y tradici\u00f3n que iniciar\u00e1 a las 17:00 horas con la participaci\u00f3n de 12 delegaciones de la regi\u00f3n e invitadas. La Secretar\u00eda de Turismo (Sectur Oaxaca) inform\u00f3 que todo est\u00e1 listo para [&hellip;]\" \/>\n<meta property=\"og:url\" content=\"https:\/\/www.bbmnoticias.com\/tradicion-y-fiesta-llegan-a-puerto-escondido-con-la-guelaguetza-del-mar-2025-sectur\/\" \/>\n<meta property=\"og:site_name\" content=\"LA BRAVA RADIO\" \/>\n<meta property=\"article:published_time\" content=\"2025-11-21T00:03:36+00:00\" \/>\n<meta property=\"article:modified_time\" content=\"2025-11-21T00:03:49+00:00\" \/>\n<meta property=\"og:image\" content=\"https:\/\/www.bbmnoticias.com\/labravaradiofm\/wp-content\/uploads\/sites\/5\/2025\/11\/thumbnail_Tradicion-y-fiesta-llegan-a-Puerto-Escondido-con-la-Guelaguetza-del-Mar-2025-Sectur-3.jpg\" \/>\n\t<meta property=\"og:image:width\" content=\"900\" \/>\n\t<meta property=\"og:image:height\" content=\"506\" \/>\n\t<meta property=\"og:image:type\" content=\"image\/jpeg\" \/>\n<meta name=\"author\" content=\"Staff\" \/>\n<meta name=\"twitter:card\" content=\"summary_large_image\" \/>\n<meta name=\"twitter:label1\" content=\"Escrito por\" \/>\n\t<meta name=\"twitter:data1\" content=\"Staff\" \/>\n\t<meta name=\"twitter:label2\" content=\"Tiempo de lectura\" \/>\n\t<meta name=\"twitter:data2\" content=\"1 minuto\" \/>\n<script type=\"application\/ld+json\" class=\"yoast-schema-graph\">{\"@context\":\"https:\\\/\\\/schema.org\",\"@graph\":[{\"@type\":\"Article\",\"@id\":\"https:\\\/\\\/www.bbmnoticias.com\\\/tradicion-y-fiesta-llegan-a-puerto-escondido-con-la-guelaguetza-del-mar-2025-sectur\\\/#article\",\"isPartOf\":{\"@id\":\"https:\\\/\\\/www.bbmnoticias.com\\\/labravaradiofm\\\/2025\\\/11\\\/20\\\/tradicion-y-fiesta-llegan-a-puerto-escondido-con-la-guelaguetza-del-mar-2025-sectur\\\/\"},\"author\":{\"name\":\"Staff\",\"@id\":\"https:\\\/\\\/www.bbmnoticias.com\\\/labravaradiofm\\\/#\\\/schema\\\/person\\\/68a9e9036ef3c5b55aeb2b71dc8bab45\"},\"headline\":\"Tradici\u00f3n y fiesta llegan a Puerto Escondido con la Guelaguetza del Mar 2025: Sectur\",\"datePublished\":\"2025-11-21T00:03:36+00:00\",\"dateModified\":\"2025-11-21T00:03:49+00:00\",\"mainEntityOfPage\":{\"@id\":\"https:\\\/\\\/www.bbmnoticias.com\\\/labravaradiofm\\\/2025\\\/11\\\/20\\\/tradicion-y-fiesta-llegan-a-puerto-escondido-con-la-guelaguetza-del-mar-2025-sectur\\\/\"},\"wordCount\":278,\"image\":{\"@id\":\"https:\\\/\\\/www.bbmnoticias.com\\\/tradicion-y-fiesta-llegan-a-puerto-escondido-con-la-guelaguetza-del-mar-2025-sectur\\\/#primaryimage\"},\"thumbnailUrl\":\"https:\\\/\\\/www.bbmnoticias.com\\\/labravaradiofm\\\/wp-content\\\/uploads\\\/sites\\\/5\\\/2025\\\/11\\\/thumbnail_Tradicion-y-fiesta-llegan-a-Puerto-Escondido-con-la-Guelaguetza-del-Mar-2025-Sectur-3.jpg\",\"articleSection\":[\"LOCAL\"],\"inLanguage\":\"es\"},{\"@type\":\"WebPage\",\"@id\":\"https:\\\/\\\/www.bbmnoticias.com\\\/labravaradiofm\\\/2025\\\/11\\\/20\\\/tradicion-y-fiesta-llegan-a-puerto-escondido-con-la-guelaguetza-del-mar-2025-sectur\\\/\",\"url\":\"https:\\\/\\\/www.bbmnoticias.com\\\/tradicion-y-fiesta-llegan-a-puerto-escondido-con-la-guelaguetza-del-mar-2025-sectur\\\/\",\"name\":\"Tradici\u00f3n y fiesta llegan a Puerto Escondido con la Guelaguetza del Mar 2025: Sectur - LA BRAVA RADIO\",\"isPartOf\":{\"@id\":\"https:\\\/\\\/www.bbmnoticias.com\\\/labravaradiofm\\\/#website\"},\"primaryImageOfPage\":{\"@id\":\"https:\\\/\\\/www.bbmnoticias.com\\\/tradicion-y-fiesta-llegan-a-puerto-escondido-con-la-guelaguetza-del-mar-2025-sectur\\\/#primaryimage\"},\"image\":{\"@id\":\"https:\\\/\\\/www.bbmnoticias.com\\\/tradicion-y-fiesta-llegan-a-puerto-escondido-con-la-guelaguetza-del-mar-2025-sectur\\\/#primaryimage\"},\"thumbnailUrl\":\"https:\\\/\\\/www.bbmnoticias.com\\\/labravaradiofm\\\/wp-content\\\/uploads\\\/sites\\\/5\\\/2025\\\/11\\\/thumbnail_Tradicion-y-fiesta-llegan-a-Puerto-Escondido-con-la-Guelaguetza-del-Mar-2025-Sectur-3.jpg\",\"datePublished\":\"2025-11-21T00:03:36+00:00\",\"dateModified\":\"2025-11-21T00:03:49+00:00\",\"author\":{\"@id\":\"https:\\\/\\\/www.bbmnoticias.com\\\/labravaradiofm\\\/#\\\/schema\\\/person\\\/68a9e9036ef3c5b55aeb2b71dc8bab45\"},\"breadcrumb\":{\"@id\":\"https:\\\/\\\/www.bbmnoticias.com\\\/tradicion-y-fiesta-llegan-a-puerto-escondido-con-la-guelaguetza-del-mar-2025-sectur\\\/#breadcrumb\"},\"inLanguage\":\"es\",\"potentialAction\":[{\"@type\":\"ReadAction\",\"target\":[\"https:\\\/\\\/www.bbmnoticias.com\\\/tradicion-y-fiesta-llegan-a-puerto-escondido-con-la-guelaguetza-del-mar-2025-sectur\\\/\"]}]},{\"@type\":\"ImageObject\",\"inLanguage\":\"es\",\"@id\":\"https:\\\/\\\/www.bbmnoticias.com\\\/tradicion-y-fiesta-llegan-a-puerto-escondido-con-la-guelaguetza-del-mar-2025-sectur\\\/#primaryimage\",\"url\":\"https:\\\/\\\/www.bbmnoticias.com\\\/labravaradiofm\\\/wp-content\\\/uploads\\\/sites\\\/5\\\/2025\\\/11\\\/thumbnail_Tradicion-y-fiesta-llegan-a-Puerto-Escondido-con-la-Guelaguetza-del-Mar-2025-Sectur-3.jpg\",\"contentUrl\":\"https:\\\/\\\/www.bbmnoticias.com\\\/labravaradiofm\\\/wp-content\\\/uploads\\\/sites\\\/5\\\/2025\\\/11\\\/thumbnail_Tradicion-y-fiesta-llegan-a-Puerto-Escondido-con-la-Guelaguetza-del-Mar-2025-Sectur-3.jpg\",\"width\":900,\"height\":506},{\"@type\":\"BreadcrumbList\",\"@id\":\"https:\\\/\\\/www.bbmnoticias.com\\\/tradicion-y-fiesta-llegan-a-puerto-escondido-con-la-guelaguetza-del-mar-2025-sectur\\\/#breadcrumb\",\"itemListElement\":[{\"@type\":\"ListItem\",\"position\":1,\"name\":\"Inicio\",\"item\":\"https:\\\/\\\/www.bbmnoticias.com\\\/labravaradiofm\\\/\"},{\"@type\":\"ListItem\",\"position\":2,\"name\":\"Tradici\u00f3n y fiesta llegan a Puerto Escondido con la Guelaguetza del Mar 2025: Sectur\"}]},{\"@type\":\"WebSite\",\"@id\":\"https:\\\/\\\/www.bbmnoticias.com\\\/labravaradiofm\\\/#website\",\"url\":\"https:\\\/\\\/www.bbmnoticias.com\\\/labravaradiofm\\\/\",\"name\":\"LA BRAVA RADIO\",\"description\":\"Empresa productora de medios, Radiodifusi\u00f3n, Noticias, tendencias y todo lo que necesitas saber de la pol\u00edtica mexicana e internacional; entretenimiento, espect\u00e1culos, salud y mucho m\u00e1s.\",\"potentialAction\":[{\"@type\":\"SearchAction\",\"target\":{\"@type\":\"EntryPoint\",\"urlTemplate\":\"https:\\\/\\\/www.bbmnoticias.com\\\/labravaradiofm\\\/?s={search_term_string}\"},\"query-input\":{\"@type\":\"PropertyValueSpecification\",\"valueRequired\":true,\"valueName\":\"search_term_string\"}}],\"inLanguage\":\"es\"},{\"@type\":\"Person\",\"@id\":\"https:\\\/\\\/www.bbmnoticias.com\\\/labravaradiofm\\\/#\\\/schema\\\/person\\\/68a9e9036ef3c5b55aeb2b71dc8bab45\",\"name\":\"Staff\",\"image\":{\"@type\":\"ImageObject\",\"inLanguage\":\"es\",\"@id\":\"https:\\\/\\\/secure.gravatar.com\\\/avatar\\\/fdd21ad66fd8b98c407f9dee5b5e588cfe7f0d8579ec20fa6527cd59bab7f0f0?s=96&d=mm&r=g\",\"url\":\"https:\\\/\\\/secure.gravatar.com\\\/avatar\\\/fdd21ad66fd8b98c407f9dee5b5e588cfe7f0d8579ec20fa6527cd59bab7f0f0?s=96&d=mm&r=g\",\"contentUrl\":\"https:\\\/\\\/secure.gravatar.com\\\/avatar\\\/fdd21ad66fd8b98c407f9dee5b5e588cfe7f0d8579ec20fa6527cd59bab7f0f0?s=96&d=mm&r=g\",\"caption\":\"Staff\"},\"url\":\"https:\\\/\\\/www.bbmnoticias.com\\\/labravaradiofm\\\/author\\\/redaccion\\\/\"}]}<\/script>\n<!-- \/ Yoast SEO plugin. -->","yoast_head_json":{"title":"Tradici\u00f3n y fiesta llegan a Puerto Escondido con la Guelaguetza del Mar 2025: Sectur - LA BRAVA RADIO","robots":{"index":"index","follow":"follow","max-snippet":"max-snippet:-1","max-image-preview":"max-image-preview:large","max-video-preview":"max-video-preview:-1"},"canonical":"https:\/\/www.bbmnoticias.com\/tradicion-y-fiesta-llegan-a-puerto-escondido-con-la-guelaguetza-del-mar-2025-sectur\/","og_locale":"es_MX","og_type":"article","og_title":"Tradici\u00f3n y fiesta llegan a Puerto Escondido con la Guelaguetza del Mar 2025: Sectur - LA BRAVA RADIO","og_description":"Oaxaca de Ju\u00e1rez, Oax.- Este 22 de noviembre, la Costa oaxaque\u00f1a celebrar\u00e1 la Guelaguetza del Mar 2025 en Puerto Escondido; un encuentro de cultura y tradici\u00f3n que iniciar\u00e1 a las 17:00 horas con la participaci\u00f3n de 12 delegaciones de la regi\u00f3n e invitadas. La Secretar\u00eda de Turismo (Sectur Oaxaca) inform\u00f3 que todo est\u00e1 listo para [&hellip;]","og_url":"https:\/\/www.bbmnoticias.com\/tradicion-y-fiesta-llegan-a-puerto-escondido-con-la-guelaguetza-del-mar-2025-sectur\/","og_site_name":"LA BRAVA RADIO","article_published_time":"2025-11-21T00:03:36+00:00","article_modified_time":"2025-11-21T00:03:49+00:00","og_image":[{"width":900,"height":506,"url":"https:\/\/www.bbmnoticias.com\/labravaradiofm\/wp-content\/uploads\/sites\/5\/2025\/11\/thumbnail_Tradicion-y-fiesta-llegan-a-Puerto-Escondido-con-la-Guelaguetza-del-Mar-2025-Sectur-3.jpg","type":"image\/jpeg"}],"author":"Staff","twitter_card":"summary_large_image","twitter_misc":{"Escrito por":"Staff","Tiempo de lectura":"1 minuto"},"schema":{"@context":"https:\/\/schema.org","@graph":[{"@type":"Article","@id":"https:\/\/www.bbmnoticias.com\/tradicion-y-fiesta-llegan-a-puerto-escondido-con-la-guelaguetza-del-mar-2025-sectur\/#article","isPartOf":{"@id":"https:\/\/www.bbmnoticias.com\/labravaradiofm\/2025\/11\/20\/tradicion-y-fiesta-llegan-a-puerto-escondido-con-la-guelaguetza-del-mar-2025-sectur\/"},"author":{"name":"Staff","@id":"https:\/\/www.bbmnoticias.com\/labravaradiofm\/#\/schema\/person\/68a9e9036ef3c5b55aeb2b71dc8bab45"},"headline":"Tradici\u00f3n y fiesta llegan a Puerto Escondido con la Guelaguetza del Mar 2025: Sectur","datePublished":"2025-11-21T00:03:36+00:00","dateModified":"2025-11-21T00:03:49+00:00","mainEntityOfPage":{"@id":"https:\/\/www.bbmnoticias.com\/labravaradiofm\/2025\/11\/20\/tradicion-y-fiesta-llegan-a-puerto-escondido-con-la-guelaguetza-del-mar-2025-sectur\/"},"wordCount":278,"image":{"@id":"https:\/\/www.bbmnoticias.com\/tradicion-y-fiesta-llegan-a-puerto-escondido-con-la-guelaguetza-del-mar-2025-sectur\/#primaryimage"},"thumbnailUrl":"https:\/\/www.bbmnoticias.com\/labravaradiofm\/wp-content\/uploads\/sites\/5\/2025\/11\/thumbnail_Tradicion-y-fiesta-llegan-a-Puerto-Escondido-con-la-Guelaguetza-del-Mar-2025-Sectur-3.jpg","articleSection":["LOCAL"],"inLanguage":"es"},{"@type":"WebPage","@id":"https:\/\/www.bbmnoticias.com\/labravaradiofm\/2025\/11\/20\/tradicion-y-fiesta-llegan-a-puerto-escondido-con-la-guelaguetza-del-mar-2025-sectur\/","url":"https:\/\/www.bbmnoticias.com\/tradicion-y-fiesta-llegan-a-puerto-escondido-con-la-guelaguetza-del-mar-2025-sectur\/","name":"Tradici\u00f3n y fiesta llegan a Puerto Escondido con la Guelaguetza del Mar 2025: Sectur - LA BRAVA RADIO","isPartOf":{"@id":"https:\/\/www.bbmnoticias.com\/labravaradiofm\/#website"},"primaryImageOfPage":{"@id":"https:\/\/www.bbmnoticias.com\/tradicion-y-fiesta-llegan-a-puerto-escondido-con-la-guelaguetza-del-mar-2025-sectur\/#primaryimage"},"image":{"@id":"https:\/\/www.bbmnoticias.com\/tradicion-y-fiesta-llegan-a-puerto-escondido-con-la-guelaguetza-del-mar-2025-sectur\/#primaryimage"},"thumbnailUrl":"https:\/\/www.bbmnoticias.com\/labravaradiofm\/wp-content\/uploads\/sites\/5\/2025\/11\/thumbnail_Tradicion-y-fiesta-llegan-a-Puerto-Escondido-con-la-Guelaguetza-del-Mar-2025-Sectur-3.jpg","datePublished":"2025-11-21T00:03:36+00:00","dateModified":"2025-11-21T00:03:49+00:00","author":{"@id":"https:\/\/www.bbmnoticias.com\/labravaradiofm\/#\/schema\/person\/68a9e9036ef3c5b55aeb2b71dc8bab45"},"breadcrumb":{"@id":"https:\/\/www.bbmnoticias.com\/tradicion-y-fiesta-llegan-a-puerto-escondido-con-la-guelaguetza-del-mar-2025-sectur\/#breadcrumb"},"inLanguage":"es","potentialAction":[{"@type":"ReadAction","target":["https:\/\/www.bbmnoticias.com\/tradicion-y-fiesta-llegan-a-puerto-escondido-con-la-guelaguetza-del-mar-2025-sectur\/"]}]},{"@type":"ImageObject","inLanguage":"es","@id":"https:\/\/www.bbmnoticias.com\/tradicion-y-fiesta-llegan-a-puerto-escondido-con-la-guelaguetza-del-mar-2025-sectur\/#primaryimage","url":"https:\/\/www.bbmnoticias.com\/labravaradiofm\/wp-content\/uploads\/sites\/5\/2025\/11\/thumbnail_Tradicion-y-fiesta-llegan-a-Puerto-Escondido-con-la-Guelaguetza-del-Mar-2025-Sectur-3.jpg","contentUrl":"https:\/\/www.bbmnoticias.com\/labravaradiofm\/wp-content\/uploads\/sites\/5\/2025\/11\/thumbnail_Tradicion-y-fiesta-llegan-a-Puerto-Escondido-con-la-Guelaguetza-del-Mar-2025-Sectur-3.jpg","width":900,"height":506},{"@type":"BreadcrumbList","@id":"https:\/\/www.bbmnoticias.com\/tradicion-y-fiesta-llegan-a-puerto-escondido-con-la-guelaguetza-del-mar-2025-sectur\/#breadcrumb","itemListElement":[{"@type":"ListItem","position":1,"name":"Inicio","item":"https:\/\/www.bbmnoticias.com\/labravaradiofm\/"},{"@type":"ListItem","position":2,"name":"Tradici\u00f3n y fiesta llegan a Puerto Escondido con la Guelaguetza del Mar 2025: Sectur"}]},{"@type":"WebSite","@id":"https:\/\/www.bbmnoticias.com\/labravaradiofm\/#website","url":"https:\/\/www.bbmnoticias.com\/labravaradiofm\/","name":"LA BRAVA RADIO","description":"Empresa productora de medios, Radiodifusi\u00f3n, Noticias, tendencias y todo lo que necesitas saber de la pol\u00edtica mexicana e internacional; entretenimiento, espect\u00e1culos, salud y mucho m\u00e1s.","potentialAction":[{"@type":"SearchAction","target":{"@type":"EntryPoint","urlTemplate":"https:\/\/www.bbmnoticias.com\/labravaradiofm\/?s={search_term_string}"},"query-input":{"@type":"PropertyValueSpecification","valueRequired":true,"valueName":"search_term_string"}}],"inLanguage":"es"},{"@type":"Person","@id":"https:\/\/www.bbmnoticias.com\/labravaradiofm\/#\/schema\/person\/68a9e9036ef3c5b55aeb2b71dc8bab45","name":"Staff","image":{"@type":"ImageObject","inLanguage":"es","@id":"https:\/\/secure.gravatar.com\/avatar\/fdd21ad66fd8b98c407f9dee5b5e588cfe7f0d8579ec20fa6527cd59bab7f0f0?s=96&d=mm&r=g","url":"https:\/\/secure.gravatar.com\/avatar\/fdd21ad66fd8b98c407f9dee5b5e588cfe7f0d8579ec20fa6527cd59bab7f0f0?s=96&d=mm&r=g","contentUrl":"https:\/\/secure.gravatar.com\/avatar\/fdd21ad66fd8b98c407f9dee5b5e588cfe7f0d8579ec20fa6527cd59bab7f0f0?s=96&d=mm&r=g","caption":"Staff"},"url":"https:\/\/www.bbmnoticias.com\/labravaradiofm\/author\/redaccion\/"}]}},"_links":{"self":[{"href":"https:\/\/www.bbmnoticias.com\/labravaradiofm\/wp-json\/wp\/v2\/posts\/70108","targetHints":{"allow":["GET"]}}],"collection":[{"href":"https:\/\/www.bbmnoticias.com\/labravaradiofm\/wp-json\/wp\/v2\/posts"}],"about":[{"href":"https:\/\/www.bbmnoticias.com\/labravaradiofm\/wp-json\/wp\/v2\/types\/post"}],"author":[{"embeddable":true,"href":"https:\/\/www.bbmnoticias.com\/labravaradiofm\/wp-json\/wp\/v2\/users\/2"}],"replies":[{"embeddable":true,"href":"https:\/\/www.bbmnoticias.com\/labravaradiofm\/wp-json\/wp\/v2\/comments?post=70108"}],"version-history":[{"count":0,"href":"https:\/\/www.bbmnoticias.com\/labravaradiofm\/wp-json\/wp\/v2\/posts\/70108\/revisions"}],"wp:featuredmedia":[{"embeddable":true,"href":"https:\/\/www.bbmnoticias.com\/labravaradiofm\/wp-json\/wp\/v2\/media\/70110"}],"wp:attachment":[{"href":"https:\/\/www.bbmnoticias.com\/labravaradiofm\/wp-json\/wp\/v2\/media?parent=70108"}],"wp:term":[{"taxonomy":"category","embeddable":true,"href":"https:\/\/www.bbmnoticias.com\/labravaradiofm\/wp-json\/wp\/v2\/categories?post=70108"},{"taxonomy":"post_tag","embeddable":true,"href":"https:\/\/www.bbmnoticias.com\/labravaradiofm\/wp-json\/wp\/v2\/tags?post=70108"}],"curies":[{"name":"wp","href":"https:\/\/api.w.org\/{rel}","templated":true}]}}