{"id":70096,"date":"2025-11-20T14:58:31","date_gmt":"2025-11-20T20:58:31","guid":{"rendered":"https:\/\/www.bbmnoticias.com\/labravaradiofm\/2025\/11\/20\/se-registra-falla-operacional-en-caldera-de-refineria-en-salinacruz\/"},"modified":"2025-11-20T14:58:37","modified_gmt":"2025-11-20T20:58:37","slug":"se-registra-falla-operacional-en-caldera-de-refineria-en-salinacruz","status":"publish","type":"post","link":"https:\/\/www.bbmnoticias.com\/labravaradiofm\/2025\/11\/20\/se-registra-falla-operacional-en-caldera-de-refineria-en-salinacruz\/","title":{"rendered":"Se registra falla operacional en caldera de refiner\u00eda en #SalinaCruz"},"content":{"rendered":"<div style=\"margin-top: 0px; margin-bottom: 0px;\" class=\"sharethis-inline-share-buttons\" ><\/div>\n<p>Salina Cruz, Oaxaca. Una columna de humo generada por una caldera alert\u00f3 a trabajadores y habitantes cercanos a la refiner\u00eda Ingeniero Antonio Doval\u00ed Jaime de Salina Cruz.<\/p>\n\n\n\n<p>El incidente ocurri\u00f3 esta tarde luego de que el equipo presentara una combusti\u00f3n baja, lo que provoc\u00f3 la expulsi\u00f3n visible de humo hacia el exterior.<\/p>\n\n\n\n<p>De acuerdo con informaci\u00f3n interna, el hecho se trat\u00f3 de una situaci\u00f3n meramente operacional en una caldera generadora de vapor.<\/p>\n\n\n\n<p>T\u00e9cnicos de la instalaci\u00f3n actuaron de inmediato para atender la variaci\u00f3n en la combusti\u00f3n y normalizar los par\u00e1metros del sistema.<\/p>\n\n\n\n<p>De acuerdo a fuentes de la refiner\u00eda confirmaron que la anomal\u00eda fue corregida en poco tiempo y que todas las \u00e1reas operan con normalidad.<\/p>\n\n\n\n<p>Asimismo, destacaron que este tipo de comportamientos pueden presentarse durante los procesos industriales sin que ello implique una emergencia.<\/p>\n\n\n\n<p>Adem\u00e1s que el evento no represent\u00f3 riesgo alguno para el personal, las instalaciones o la poblaci\u00f3n aleda\u00f1a.<\/p>\n","protected":false},"excerpt":{"rendered":"<p>Salina Cruz, Oaxaca. Una columna de humo generada por una caldera alert\u00f3 a trabajadores y habitantes cercanos a la refiner\u00eda Ingeniero Antonio Doval\u00ed Jaime de Salina Cruz. El incidente ocurri\u00f3 esta tarde luego de que el equipo presentara una combusti\u00f3n baja, lo que provoc\u00f3 la expulsi\u00f3n visible de humo hacia el exterior. De acuerdo con [&hellip;]<\/p>\n","protected":false},"author":2,"featured_media":70098,"comment_status":"closed","ping_status":"","sticky":false,"template":"","format":"standard","meta":{"footnotes":""},"categories":[2],"tags":[],"class_list":{"0":"post-70096","1":"post","2":"type-post","3":"status-publish","4":"format-standard","5":"has-post-thumbnail","7":"category-oaxaca"},"yoast_head":"<!-- This site is optimized with the Yoast SEO plugin v27.4 - https:\/\/yoast.com\/product\/yoast-seo-wordpress\/ -->\n<title>Se registra falla operacional en caldera de refiner\u00eda en #SalinaCruz - LA BRAVA RADIO<\/title>\n<meta name=\"robots\" content=\"index, follow, max-snippet:-1, max-image-preview:large, max-video-preview:-1\" \/>\n<link rel=\"canonical\" href=\"https:\/\/www.bbmnoticias.com\/se-registra-falla-operacional-en-caldera-de-refineria-en-salinacruz\/\" \/>\n<meta property=\"og:locale\" content=\"es_MX\" \/>\n<meta property=\"og:type\" content=\"article\" \/>\n<meta property=\"og:title\" content=\"Se registra falla operacional en caldera de refiner\u00eda en #SalinaCruz - LA BRAVA RADIO\" \/>\n<meta property=\"og:description\" content=\"Salina Cruz, Oaxaca. Una columna de humo generada por una caldera alert\u00f3 a trabajadores y habitantes cercanos a la refiner\u00eda Ingeniero Antonio Doval\u00ed Jaime de Salina Cruz. El incidente ocurri\u00f3 esta tarde luego de que el equipo presentara una combusti\u00f3n baja, lo que provoc\u00f3 la expulsi\u00f3n visible de humo hacia el exterior. De acuerdo con [&hellip;]\" \/>\n<meta property=\"og:url\" content=\"https:\/\/www.bbmnoticias.com\/se-registra-falla-operacional-en-caldera-de-refineria-en-salinacruz\/\" \/>\n<meta property=\"og:site_name\" content=\"LA BRAVA RADIO\" \/>\n<meta property=\"article:published_time\" content=\"2025-11-20T20:58:31+00:00\" \/>\n<meta property=\"article:modified_time\" content=\"2025-11-20T20:58:37+00:00\" \/>\n<meta property=\"og:image\" content=\"https:\/\/www.bbmnoticias.com\/labravaradiofm\/wp-content\/uploads\/sites\/5\/2025\/11\/FB_IMG_1763671829702.jpg\" \/>\n\t<meta property=\"og:image:width\" content=\"2048\" \/>\n\t<meta property=\"og:image:height\" content=\"1153\" \/>\n\t<meta property=\"og:image:type\" content=\"image\/jpeg\" \/>\n<meta name=\"author\" content=\"Staff\" \/>\n<meta name=\"twitter:card\" content=\"summary_large_image\" \/>\n<meta name=\"twitter:label1\" content=\"Escrito por\" \/>\n\t<meta name=\"twitter:data1\" content=\"Staff\" \/>\n\t<meta name=\"twitter:label2\" content=\"Tiempo de lectura\" \/>\n\t<meta name=\"twitter:data2\" content=\"1 minuto\" \/>\n<script type=\"application\/ld+json\" class=\"yoast-schema-graph\">{\"@context\":\"https:\\\/\\\/schema.org\",\"@graph\":[{\"@type\":\"Article\",\"@id\":\"https:\\\/\\\/www.bbmnoticias.com\\\/se-registra-falla-operacional-en-caldera-de-refineria-en-salinacruz\\\/#article\",\"isPartOf\":{\"@id\":\"https:\\\/\\\/www.bbmnoticias.com\\\/labravaradiofm\\\/2025\\\/11\\\/20\\\/se-registra-falla-operacional-en-caldera-de-refineria-en-salinacruz\\\/\"},\"author\":{\"name\":\"Staff\",\"@id\":\"https:\\\/\\\/www.bbmnoticias.com\\\/labravaradiofm\\\/#\\\/schema\\\/person\\\/68a9e9036ef3c5b55aeb2b71dc8bab45\"},\"headline\":\"Se registra falla operacional en caldera de refiner\u00eda en #SalinaCruz\",\"datePublished\":\"2025-11-20T20:58:31+00:00\",\"dateModified\":\"2025-11-20T20:58:37+00:00\",\"mainEntityOfPage\":{\"@id\":\"https:\\\/\\\/www.bbmnoticias.com\\\/labravaradiofm\\\/2025\\\/11\\\/20\\\/se-registra-falla-operacional-en-caldera-de-refineria-en-salinacruz\\\/\"},\"wordCount\":178,\"image\":{\"@id\":\"https:\\\/\\\/www.bbmnoticias.com\\\/se-registra-falla-operacional-en-caldera-de-refineria-en-salinacruz\\\/#primaryimage\"},\"thumbnailUrl\":\"https:\\\/\\\/www.bbmnoticias.com\\\/labravaradiofm\\\/wp-content\\\/uploads\\\/sites\\\/5\\\/2025\\\/11\\\/FB_IMG_1763671829702.jpg\",\"articleSection\":[\"LOCAL\"],\"inLanguage\":\"es\"},{\"@type\":\"WebPage\",\"@id\":\"https:\\\/\\\/www.bbmnoticias.com\\\/labravaradiofm\\\/2025\\\/11\\\/20\\\/se-registra-falla-operacional-en-caldera-de-refineria-en-salinacruz\\\/\",\"url\":\"https:\\\/\\\/www.bbmnoticias.com\\\/se-registra-falla-operacional-en-caldera-de-refineria-en-salinacruz\\\/\",\"name\":\"Se registra falla operacional en caldera de refiner\u00eda en #SalinaCruz - LA BRAVA RADIO\",\"isPartOf\":{\"@id\":\"https:\\\/\\\/www.bbmnoticias.com\\\/labravaradiofm\\\/#website\"},\"primaryImageOfPage\":{\"@id\":\"https:\\\/\\\/www.bbmnoticias.com\\\/se-registra-falla-operacional-en-caldera-de-refineria-en-salinacruz\\\/#primaryimage\"},\"image\":{\"@id\":\"https:\\\/\\\/www.bbmnoticias.com\\\/se-registra-falla-operacional-en-caldera-de-refineria-en-salinacruz\\\/#primaryimage\"},\"thumbnailUrl\":\"https:\\\/\\\/www.bbmnoticias.com\\\/labravaradiofm\\\/wp-content\\\/uploads\\\/sites\\\/5\\\/2025\\\/11\\\/FB_IMG_1763671829702.jpg\",\"datePublished\":\"2025-11-20T20:58:31+00:00\",\"dateModified\":\"2025-11-20T20:58:37+00:00\",\"author\":{\"@id\":\"https:\\\/\\\/www.bbmnoticias.com\\\/labravaradiofm\\\/#\\\/schema\\\/person\\\/68a9e9036ef3c5b55aeb2b71dc8bab45\"},\"breadcrumb\":{\"@id\":\"https:\\\/\\\/www.bbmnoticias.com\\\/se-registra-falla-operacional-en-caldera-de-refineria-en-salinacruz\\\/#breadcrumb\"},\"inLanguage\":\"es\",\"potentialAction\":[{\"@type\":\"ReadAction\",\"target\":[\"https:\\\/\\\/www.bbmnoticias.com\\\/se-registra-falla-operacional-en-caldera-de-refineria-en-salinacruz\\\/\"]}]},{\"@type\":\"ImageObject\",\"inLanguage\":\"es\",\"@id\":\"https:\\\/\\\/www.bbmnoticias.com\\\/se-registra-falla-operacional-en-caldera-de-refineria-en-salinacruz\\\/#primaryimage\",\"url\":\"https:\\\/\\\/www.bbmnoticias.com\\\/labravaradiofm\\\/wp-content\\\/uploads\\\/sites\\\/5\\\/2025\\\/11\\\/FB_IMG_1763671829702.jpg\",\"contentUrl\":\"https:\\\/\\\/www.bbmnoticias.com\\\/labravaradiofm\\\/wp-content\\\/uploads\\\/sites\\\/5\\\/2025\\\/11\\\/FB_IMG_1763671829702.jpg\",\"width\":2048,\"height\":1153},{\"@type\":\"BreadcrumbList\",\"@id\":\"https:\\\/\\\/www.bbmnoticias.com\\\/se-registra-falla-operacional-en-caldera-de-refineria-en-salinacruz\\\/#breadcrumb\",\"itemListElement\":[{\"@type\":\"ListItem\",\"position\":1,\"name\":\"Inicio\",\"item\":\"https:\\\/\\\/www.bbmnoticias.com\\\/labravaradiofm\\\/\"},{\"@type\":\"ListItem\",\"position\":2,\"name\":\"Se registra falla operacional en caldera de refiner\u00eda en #SalinaCruz\"}]},{\"@type\":\"WebSite\",\"@id\":\"https:\\\/\\\/www.bbmnoticias.com\\\/labravaradiofm\\\/#website\",\"url\":\"https:\\\/\\\/www.bbmnoticias.com\\\/labravaradiofm\\\/\",\"name\":\"LA BRAVA RADIO\",\"description\":\"Empresa productora de medios, Radiodifusi\u00f3n, Noticias, tendencias y todo lo que necesitas saber de la pol\u00edtica mexicana e internacional; entretenimiento, espect\u00e1culos, salud y mucho m\u00e1s.\",\"potentialAction\":[{\"@type\":\"SearchAction\",\"target\":{\"@type\":\"EntryPoint\",\"urlTemplate\":\"https:\\\/\\\/www.bbmnoticias.com\\\/labravaradiofm\\\/?s={search_term_string}\"},\"query-input\":{\"@type\":\"PropertyValueSpecification\",\"valueRequired\":true,\"valueName\":\"search_term_string\"}}],\"inLanguage\":\"es\"},{\"@type\":\"Person\",\"@id\":\"https:\\\/\\\/www.bbmnoticias.com\\\/labravaradiofm\\\/#\\\/schema\\\/person\\\/68a9e9036ef3c5b55aeb2b71dc8bab45\",\"name\":\"Staff\",\"image\":{\"@type\":\"ImageObject\",\"inLanguage\":\"es\",\"@id\":\"https:\\\/\\\/secure.gravatar.com\\\/avatar\\\/fdd21ad66fd8b98c407f9dee5b5e588cfe7f0d8579ec20fa6527cd59bab7f0f0?s=96&d=mm&r=g\",\"url\":\"https:\\\/\\\/secure.gravatar.com\\\/avatar\\\/fdd21ad66fd8b98c407f9dee5b5e588cfe7f0d8579ec20fa6527cd59bab7f0f0?s=96&d=mm&r=g\",\"contentUrl\":\"https:\\\/\\\/secure.gravatar.com\\\/avatar\\\/fdd21ad66fd8b98c407f9dee5b5e588cfe7f0d8579ec20fa6527cd59bab7f0f0?s=96&d=mm&r=g\",\"caption\":\"Staff\"},\"url\":\"https:\\\/\\\/www.bbmnoticias.com\\\/labravaradiofm\\\/author\\\/redaccion\\\/\"}]}<\/script>\n<!-- \/ Yoast SEO plugin. -->","yoast_head_json":{"title":"Se registra falla operacional en caldera de refiner\u00eda en #SalinaCruz - LA BRAVA RADIO","robots":{"index":"index","follow":"follow","max-snippet":"max-snippet:-1","max-image-preview":"max-image-preview:large","max-video-preview":"max-video-preview:-1"},"canonical":"https:\/\/www.bbmnoticias.com\/se-registra-falla-operacional-en-caldera-de-refineria-en-salinacruz\/","og_locale":"es_MX","og_type":"article","og_title":"Se registra falla operacional en caldera de refiner\u00eda en #SalinaCruz - LA BRAVA RADIO","og_description":"Salina Cruz, Oaxaca. Una columna de humo generada por una caldera alert\u00f3 a trabajadores y habitantes cercanos a la refiner\u00eda Ingeniero Antonio Doval\u00ed Jaime de Salina Cruz. El incidente ocurri\u00f3 esta tarde luego de que el equipo presentara una combusti\u00f3n baja, lo que provoc\u00f3 la expulsi\u00f3n visible de humo hacia el exterior. De acuerdo con [&hellip;]","og_url":"https:\/\/www.bbmnoticias.com\/se-registra-falla-operacional-en-caldera-de-refineria-en-salinacruz\/","og_site_name":"LA BRAVA RADIO","article_published_time":"2025-11-20T20:58:31+00:00","article_modified_time":"2025-11-20T20:58:37+00:00","og_image":[{"width":2048,"height":1153,"url":"https:\/\/www.bbmnoticias.com\/labravaradiofm\/wp-content\/uploads\/sites\/5\/2025\/11\/FB_IMG_1763671829702.jpg","type":"image\/jpeg"}],"author":"Staff","twitter_card":"summary_large_image","twitter_misc":{"Escrito por":"Staff","Tiempo de lectura":"1 minuto"},"schema":{"@context":"https:\/\/schema.org","@graph":[{"@type":"Article","@id":"https:\/\/www.bbmnoticias.com\/se-registra-falla-operacional-en-caldera-de-refineria-en-salinacruz\/#article","isPartOf":{"@id":"https:\/\/www.bbmnoticias.com\/labravaradiofm\/2025\/11\/20\/se-registra-falla-operacional-en-caldera-de-refineria-en-salinacruz\/"},"author":{"name":"Staff","@id":"https:\/\/www.bbmnoticias.com\/labravaradiofm\/#\/schema\/person\/68a9e9036ef3c5b55aeb2b71dc8bab45"},"headline":"Se registra falla operacional en caldera de refiner\u00eda en #SalinaCruz","datePublished":"2025-11-20T20:58:31+00:00","dateModified":"2025-11-20T20:58:37+00:00","mainEntityOfPage":{"@id":"https:\/\/www.bbmnoticias.com\/labravaradiofm\/2025\/11\/20\/se-registra-falla-operacional-en-caldera-de-refineria-en-salinacruz\/"},"wordCount":178,"image":{"@id":"https:\/\/www.bbmnoticias.com\/se-registra-falla-operacional-en-caldera-de-refineria-en-salinacruz\/#primaryimage"},"thumbnailUrl":"https:\/\/www.bbmnoticias.com\/labravaradiofm\/wp-content\/uploads\/sites\/5\/2025\/11\/FB_IMG_1763671829702.jpg","articleSection":["LOCAL"],"inLanguage":"es"},{"@type":"WebPage","@id":"https:\/\/www.bbmnoticias.com\/labravaradiofm\/2025\/11\/20\/se-registra-falla-operacional-en-caldera-de-refineria-en-salinacruz\/","url":"https:\/\/www.bbmnoticias.com\/se-registra-falla-operacional-en-caldera-de-refineria-en-salinacruz\/","name":"Se registra falla operacional en caldera de refiner\u00eda en #SalinaCruz - LA BRAVA RADIO","isPartOf":{"@id":"https:\/\/www.bbmnoticias.com\/labravaradiofm\/#website"},"primaryImageOfPage":{"@id":"https:\/\/www.bbmnoticias.com\/se-registra-falla-operacional-en-caldera-de-refineria-en-salinacruz\/#primaryimage"},"image":{"@id":"https:\/\/www.bbmnoticias.com\/se-registra-falla-operacional-en-caldera-de-refineria-en-salinacruz\/#primaryimage"},"thumbnailUrl":"https:\/\/www.bbmnoticias.com\/labravaradiofm\/wp-content\/uploads\/sites\/5\/2025\/11\/FB_IMG_1763671829702.jpg","datePublished":"2025-11-20T20:58:31+00:00","dateModified":"2025-11-20T20:58:37+00:00","author":{"@id":"https:\/\/www.bbmnoticias.com\/labravaradiofm\/#\/schema\/person\/68a9e9036ef3c5b55aeb2b71dc8bab45"},"breadcrumb":{"@id":"https:\/\/www.bbmnoticias.com\/se-registra-falla-operacional-en-caldera-de-refineria-en-salinacruz\/#breadcrumb"},"inLanguage":"es","potentialAction":[{"@type":"ReadAction","target":["https:\/\/www.bbmnoticias.com\/se-registra-falla-operacional-en-caldera-de-refineria-en-salinacruz\/"]}]},{"@type":"ImageObject","inLanguage":"es","@id":"https:\/\/www.bbmnoticias.com\/se-registra-falla-operacional-en-caldera-de-refineria-en-salinacruz\/#primaryimage","url":"https:\/\/www.bbmnoticias.com\/labravaradiofm\/wp-content\/uploads\/sites\/5\/2025\/11\/FB_IMG_1763671829702.jpg","contentUrl":"https:\/\/www.bbmnoticias.com\/labravaradiofm\/wp-content\/uploads\/sites\/5\/2025\/11\/FB_IMG_1763671829702.jpg","width":2048,"height":1153},{"@type":"BreadcrumbList","@id":"https:\/\/www.bbmnoticias.com\/se-registra-falla-operacional-en-caldera-de-refineria-en-salinacruz\/#breadcrumb","itemListElement":[{"@type":"ListItem","position":1,"name":"Inicio","item":"https:\/\/www.bbmnoticias.com\/labravaradiofm\/"},{"@type":"ListItem","position":2,"name":"Se registra falla operacional en caldera de refiner\u00eda en #SalinaCruz"}]},{"@type":"WebSite","@id":"https:\/\/www.bbmnoticias.com\/labravaradiofm\/#website","url":"https:\/\/www.bbmnoticias.com\/labravaradiofm\/","name":"LA BRAVA RADIO","description":"Empresa productora de medios, Radiodifusi\u00f3n, Noticias, tendencias y todo lo que necesitas saber de la pol\u00edtica mexicana e internacional; entretenimiento, espect\u00e1culos, salud y mucho m\u00e1s.","potentialAction":[{"@type":"SearchAction","target":{"@type":"EntryPoint","urlTemplate":"https:\/\/www.bbmnoticias.com\/labravaradiofm\/?s={search_term_string}"},"query-input":{"@type":"PropertyValueSpecification","valueRequired":true,"valueName":"search_term_string"}}],"inLanguage":"es"},{"@type":"Person","@id":"https:\/\/www.bbmnoticias.com\/labravaradiofm\/#\/schema\/person\/68a9e9036ef3c5b55aeb2b71dc8bab45","name":"Staff","image":{"@type":"ImageObject","inLanguage":"es","@id":"https:\/\/secure.gravatar.com\/avatar\/fdd21ad66fd8b98c407f9dee5b5e588cfe7f0d8579ec20fa6527cd59bab7f0f0?s=96&d=mm&r=g","url":"https:\/\/secure.gravatar.com\/avatar\/fdd21ad66fd8b98c407f9dee5b5e588cfe7f0d8579ec20fa6527cd59bab7f0f0?s=96&d=mm&r=g","contentUrl":"https:\/\/secure.gravatar.com\/avatar\/fdd21ad66fd8b98c407f9dee5b5e588cfe7f0d8579ec20fa6527cd59bab7f0f0?s=96&d=mm&r=g","caption":"Staff"},"url":"https:\/\/www.bbmnoticias.com\/labravaradiofm\/author\/redaccion\/"}]}},"_links":{"self":[{"href":"https:\/\/www.bbmnoticias.com\/labravaradiofm\/wp-json\/wp\/v2\/posts\/70096","targetHints":{"allow":["GET"]}}],"collection":[{"href":"https:\/\/www.bbmnoticias.com\/labravaradiofm\/wp-json\/wp\/v2\/posts"}],"about":[{"href":"https:\/\/www.bbmnoticias.com\/labravaradiofm\/wp-json\/wp\/v2\/types\/post"}],"author":[{"embeddable":true,"href":"https:\/\/www.bbmnoticias.com\/labravaradiofm\/wp-json\/wp\/v2\/users\/2"}],"replies":[{"embeddable":true,"href":"https:\/\/www.bbmnoticias.com\/labravaradiofm\/wp-json\/wp\/v2\/comments?post=70096"}],"version-history":[{"count":0,"href":"https:\/\/www.bbmnoticias.com\/labravaradiofm\/wp-json\/wp\/v2\/posts\/70096\/revisions"}],"wp:featuredmedia":[{"embeddable":true,"href":"https:\/\/www.bbmnoticias.com\/labravaradiofm\/wp-json\/wp\/v2\/media\/70098"}],"wp:attachment":[{"href":"https:\/\/www.bbmnoticias.com\/labravaradiofm\/wp-json\/wp\/v2\/media?parent=70096"}],"wp:term":[{"taxonomy":"category","embeddable":true,"href":"https:\/\/www.bbmnoticias.com\/labravaradiofm\/wp-json\/wp\/v2\/categories?post=70096"},{"taxonomy":"post_tag","embeddable":true,"href":"https:\/\/www.bbmnoticias.com\/labravaradiofm\/wp-json\/wp\/v2\/tags?post=70096"}],"curies":[{"name":"wp","href":"https:\/\/api.w.org\/{rel}","templated":true}]}}