{"id":70093,"date":"2025-11-20T14:42:39","date_gmt":"2025-11-20T20:42:39","guid":{"rendered":"https:\/\/www.bbmnoticias.com\/labravaradiofm\/2025\/11\/20\/sujeto-armado-con-machetes-es-detenido-tras-agresion-en-salina-cruz\/"},"modified":"2025-11-20T14:43:08","modified_gmt":"2025-11-20T20:43:08","slug":"sujeto-armado-con-machetes-es-detenido-tras-agresion-en-salina-cruz","status":"publish","type":"post","link":"https:\/\/www.bbmnoticias.com\/labravaradiofm\/2025\/11\/20\/sujeto-armado-con-machetes-es-detenido-tras-agresion-en-salina-cruz\/","title":{"rendered":"Sujeto armado con machetes es detenido tras agresi\u00f3n en Salina Cruz"},"content":{"rendered":"<div style=\"margin-top: 0px; margin-bottom: 0px;\" class=\"sharethis-inline-share-buttons\" ><\/div>\n<p>La tarde de este jueves, un hombre armado con un filoso machete fue detenido luego de agredir a un ciudadano en la calle Primero de Mayo del barrio Espinal, en Salina Cruz, justo a un costado de la terminal de primera clase ADO.<\/p>\n\n\n\n<p>Tras el reporte de la agresi\u00f3n, elementos de la Polic\u00eda Municipal arribaron de inmediato al lugar, acompa\u00f1ados por param\u00e9dicos de la Comisi\u00f3n Nacional de Emergencias (CNE) y personal de la SERMAR, quienes valoraron a la persona afectada.<\/p>\n\n\n\n<p>El agresor fue asegurado y trasladado a los separos municipales, donde m\u00e1s tarde se determinar\u00e1 su situaci\u00f3n jur\u00eddica.<\/p>\n\n\n\n<p>Las autoridades exhortan a la ciudadan\u00eda a reportar cualquier incidente que ponga en riesgo la integridad de las personas.<\/p>\n","protected":false},"excerpt":{"rendered":"<p>La tarde de este jueves, un hombre armado con un filoso machete fue detenido luego de agredir a un ciudadano en la calle Primero de Mayo del barrio Espinal, en Salina Cruz, justo a un costado de la terminal de primera clase ADO. Tras el reporte de la agresi\u00f3n, elementos de la Polic\u00eda Municipal arribaron [&hellip;]<\/p>\n","protected":false},"author":2,"featured_media":70095,"comment_status":"closed","ping_status":"","sticky":false,"template":"","format":"standard","meta":{"footnotes":""},"categories":[2,20],"tags":[],"class_list":{"0":"post-70093","1":"post","2":"type-post","3":"status-publish","4":"format-standard","5":"has-post-thumbnail","7":"category-oaxaca","8":"category-policiaca"},"yoast_head":"<!-- This site is optimized with the Yoast SEO plugin v27.4 - https:\/\/yoast.com\/product\/yoast-seo-wordpress\/ -->\n<title>Sujeto armado con machetes es detenido tras agresi\u00f3n en Salina Cruz - LA BRAVA RADIO<\/title>\n<meta name=\"robots\" content=\"index, follow, max-snippet:-1, max-image-preview:large, max-video-preview:-1\" \/>\n<link rel=\"canonical\" href=\"https:\/\/www.bbmnoticias.com\/sujeto-armado-con-machetes-es-detenido-tras-agresion-en-salina-cruz\/\" \/>\n<meta property=\"og:locale\" content=\"es_MX\" \/>\n<meta property=\"og:type\" content=\"article\" \/>\n<meta property=\"og:title\" content=\"Sujeto armado con machetes es detenido tras agresi\u00f3n en Salina Cruz - LA BRAVA RADIO\" \/>\n<meta property=\"og:description\" content=\"La tarde de este jueves, un hombre armado con un filoso machete fue detenido luego de agredir a un ciudadano en la calle Primero de Mayo del barrio Espinal, en Salina Cruz, justo a un costado de la terminal de primera clase ADO. Tras el reporte de la agresi\u00f3n, elementos de la Polic\u00eda Municipal arribaron [&hellip;]\" \/>\n<meta property=\"og:url\" content=\"https:\/\/www.bbmnoticias.com\/sujeto-armado-con-machetes-es-detenido-tras-agresion-en-salina-cruz\/\" \/>\n<meta property=\"og:site_name\" content=\"LA BRAVA RADIO\" \/>\n<meta property=\"article:published_time\" content=\"2025-11-20T20:42:39+00:00\" \/>\n<meta property=\"article:modified_time\" content=\"2025-11-20T20:43:08+00:00\" \/>\n<meta property=\"og:image\" content=\"https:\/\/www.bbmnoticias.com\/labravaradiofm\/wp-content\/uploads\/sites\/5\/2025\/11\/FB_IMG_1763671172186.jpg\" \/>\n\t<meta property=\"og:image:width\" content=\"2048\" \/>\n\t<meta property=\"og:image:height\" content=\"1152\" \/>\n\t<meta property=\"og:image:type\" content=\"image\/jpeg\" \/>\n<meta name=\"author\" content=\"Staff\" \/>\n<meta name=\"twitter:card\" content=\"summary_large_image\" \/>\n<meta name=\"twitter:label1\" content=\"Escrito por\" \/>\n\t<meta name=\"twitter:data1\" content=\"Staff\" \/>\n\t<meta name=\"twitter:label2\" content=\"Tiempo de lectura\" \/>\n\t<meta name=\"twitter:data2\" content=\"1 minuto\" \/>\n<script type=\"application\/ld+json\" class=\"yoast-schema-graph\">{\"@context\":\"https:\\\/\\\/schema.org\",\"@graph\":[{\"@type\":\"Article\",\"@id\":\"https:\\\/\\\/www.bbmnoticias.com\\\/sujeto-armado-con-machetes-es-detenido-tras-agresion-en-salina-cruz\\\/#article\",\"isPartOf\":{\"@id\":\"https:\\\/\\\/www.bbmnoticias.com\\\/labravaradiofm\\\/2025\\\/11\\\/20\\\/sujeto-armado-con-machetes-es-detenido-tras-agresion-en-salina-cruz\\\/\"},\"author\":{\"name\":\"Staff\",\"@id\":\"https:\\\/\\\/www.bbmnoticias.com\\\/labravaradiofm\\\/#\\\/schema\\\/person\\\/68a9e9036ef3c5b55aeb2b71dc8bab45\"},\"headline\":\"Sujeto armado con machetes es detenido tras agresi\u00f3n en Salina Cruz\",\"datePublished\":\"2025-11-20T20:42:39+00:00\",\"dateModified\":\"2025-11-20T20:43:08+00:00\",\"mainEntityOfPage\":{\"@id\":\"https:\\\/\\\/www.bbmnoticias.com\\\/labravaradiofm\\\/2025\\\/11\\\/20\\\/sujeto-armado-con-machetes-es-detenido-tras-agresion-en-salina-cruz\\\/\"},\"wordCount\":138,\"image\":{\"@id\":\"https:\\\/\\\/www.bbmnoticias.com\\\/sujeto-armado-con-machetes-es-detenido-tras-agresion-en-salina-cruz\\\/#primaryimage\"},\"thumbnailUrl\":\"https:\\\/\\\/www.bbmnoticias.com\\\/labravaradiofm\\\/wp-content\\\/uploads\\\/sites\\\/5\\\/2025\\\/11\\\/FB_IMG_1763671172186.jpg\",\"articleSection\":[\"LOCAL\",\"POLICIACA\"],\"inLanguage\":\"es\"},{\"@type\":\"WebPage\",\"@id\":\"https:\\\/\\\/www.bbmnoticias.com\\\/labravaradiofm\\\/2025\\\/11\\\/20\\\/sujeto-armado-con-machetes-es-detenido-tras-agresion-en-salina-cruz\\\/\",\"url\":\"https:\\\/\\\/www.bbmnoticias.com\\\/sujeto-armado-con-machetes-es-detenido-tras-agresion-en-salina-cruz\\\/\",\"name\":\"Sujeto armado con machetes es detenido tras agresi\u00f3n en Salina Cruz - LA BRAVA RADIO\",\"isPartOf\":{\"@id\":\"https:\\\/\\\/www.bbmnoticias.com\\\/labravaradiofm\\\/#website\"},\"primaryImageOfPage\":{\"@id\":\"https:\\\/\\\/www.bbmnoticias.com\\\/sujeto-armado-con-machetes-es-detenido-tras-agresion-en-salina-cruz\\\/#primaryimage\"},\"image\":{\"@id\":\"https:\\\/\\\/www.bbmnoticias.com\\\/sujeto-armado-con-machetes-es-detenido-tras-agresion-en-salina-cruz\\\/#primaryimage\"},\"thumbnailUrl\":\"https:\\\/\\\/www.bbmnoticias.com\\\/labravaradiofm\\\/wp-content\\\/uploads\\\/sites\\\/5\\\/2025\\\/11\\\/FB_IMG_1763671172186.jpg\",\"datePublished\":\"2025-11-20T20:42:39+00:00\",\"dateModified\":\"2025-11-20T20:43:08+00:00\",\"author\":{\"@id\":\"https:\\\/\\\/www.bbmnoticias.com\\\/labravaradiofm\\\/#\\\/schema\\\/person\\\/68a9e9036ef3c5b55aeb2b71dc8bab45\"},\"breadcrumb\":{\"@id\":\"https:\\\/\\\/www.bbmnoticias.com\\\/sujeto-armado-con-machetes-es-detenido-tras-agresion-en-salina-cruz\\\/#breadcrumb\"},\"inLanguage\":\"es\",\"potentialAction\":[{\"@type\":\"ReadAction\",\"target\":[\"https:\\\/\\\/www.bbmnoticias.com\\\/sujeto-armado-con-machetes-es-detenido-tras-agresion-en-salina-cruz\\\/\"]}]},{\"@type\":\"ImageObject\",\"inLanguage\":\"es\",\"@id\":\"https:\\\/\\\/www.bbmnoticias.com\\\/sujeto-armado-con-machetes-es-detenido-tras-agresion-en-salina-cruz\\\/#primaryimage\",\"url\":\"https:\\\/\\\/www.bbmnoticias.com\\\/labravaradiofm\\\/wp-content\\\/uploads\\\/sites\\\/5\\\/2025\\\/11\\\/FB_IMG_1763671172186.jpg\",\"contentUrl\":\"https:\\\/\\\/www.bbmnoticias.com\\\/labravaradiofm\\\/wp-content\\\/uploads\\\/sites\\\/5\\\/2025\\\/11\\\/FB_IMG_1763671172186.jpg\",\"width\":2048,\"height\":1152},{\"@type\":\"BreadcrumbList\",\"@id\":\"https:\\\/\\\/www.bbmnoticias.com\\\/sujeto-armado-con-machetes-es-detenido-tras-agresion-en-salina-cruz\\\/#breadcrumb\",\"itemListElement\":[{\"@type\":\"ListItem\",\"position\":1,\"name\":\"Inicio\",\"item\":\"https:\\\/\\\/www.bbmnoticias.com\\\/labravaradiofm\\\/\"},{\"@type\":\"ListItem\",\"position\":2,\"name\":\"Sujeto armado con machetes es detenido tras agresi\u00f3n en Salina Cruz\"}]},{\"@type\":\"WebSite\",\"@id\":\"https:\\\/\\\/www.bbmnoticias.com\\\/labravaradiofm\\\/#website\",\"url\":\"https:\\\/\\\/www.bbmnoticias.com\\\/labravaradiofm\\\/\",\"name\":\"LA BRAVA RADIO\",\"description\":\"Empresa productora de medios, Radiodifusi\u00f3n, Noticias, tendencias y todo lo que necesitas saber de la pol\u00edtica mexicana e internacional; entretenimiento, espect\u00e1culos, salud y mucho m\u00e1s.\",\"potentialAction\":[{\"@type\":\"SearchAction\",\"target\":{\"@type\":\"EntryPoint\",\"urlTemplate\":\"https:\\\/\\\/www.bbmnoticias.com\\\/labravaradiofm\\\/?s={search_term_string}\"},\"query-input\":{\"@type\":\"PropertyValueSpecification\",\"valueRequired\":true,\"valueName\":\"search_term_string\"}}],\"inLanguage\":\"es\"},{\"@type\":\"Person\",\"@id\":\"https:\\\/\\\/www.bbmnoticias.com\\\/labravaradiofm\\\/#\\\/schema\\\/person\\\/68a9e9036ef3c5b55aeb2b71dc8bab45\",\"name\":\"Staff\",\"image\":{\"@type\":\"ImageObject\",\"inLanguage\":\"es\",\"@id\":\"https:\\\/\\\/secure.gravatar.com\\\/avatar\\\/fdd21ad66fd8b98c407f9dee5b5e588cfe7f0d8579ec20fa6527cd59bab7f0f0?s=96&d=mm&r=g\",\"url\":\"https:\\\/\\\/secure.gravatar.com\\\/avatar\\\/fdd21ad66fd8b98c407f9dee5b5e588cfe7f0d8579ec20fa6527cd59bab7f0f0?s=96&d=mm&r=g\",\"contentUrl\":\"https:\\\/\\\/secure.gravatar.com\\\/avatar\\\/fdd21ad66fd8b98c407f9dee5b5e588cfe7f0d8579ec20fa6527cd59bab7f0f0?s=96&d=mm&r=g\",\"caption\":\"Staff\"},\"url\":\"https:\\\/\\\/www.bbmnoticias.com\\\/labravaradiofm\\\/author\\\/redaccion\\\/\"}]}<\/script>\n<!-- \/ Yoast SEO plugin. -->","yoast_head_json":{"title":"Sujeto armado con machetes es detenido tras agresi\u00f3n en Salina Cruz - LA BRAVA RADIO","robots":{"index":"index","follow":"follow","max-snippet":"max-snippet:-1","max-image-preview":"max-image-preview:large","max-video-preview":"max-video-preview:-1"},"canonical":"https:\/\/www.bbmnoticias.com\/sujeto-armado-con-machetes-es-detenido-tras-agresion-en-salina-cruz\/","og_locale":"es_MX","og_type":"article","og_title":"Sujeto armado con machetes es detenido tras agresi\u00f3n en Salina Cruz - LA BRAVA RADIO","og_description":"La tarde de este jueves, un hombre armado con un filoso machete fue detenido luego de agredir a un ciudadano en la calle Primero de Mayo del barrio Espinal, en Salina Cruz, justo a un costado de la terminal de primera clase ADO. Tras el reporte de la agresi\u00f3n, elementos de la Polic\u00eda Municipal arribaron [&hellip;]","og_url":"https:\/\/www.bbmnoticias.com\/sujeto-armado-con-machetes-es-detenido-tras-agresion-en-salina-cruz\/","og_site_name":"LA BRAVA RADIO","article_published_time":"2025-11-20T20:42:39+00:00","article_modified_time":"2025-11-20T20:43:08+00:00","og_image":[{"width":2048,"height":1152,"url":"https:\/\/www.bbmnoticias.com\/labravaradiofm\/wp-content\/uploads\/sites\/5\/2025\/11\/FB_IMG_1763671172186.jpg","type":"image\/jpeg"}],"author":"Staff","twitter_card":"summary_large_image","twitter_misc":{"Escrito por":"Staff","Tiempo de lectura":"1 minuto"},"schema":{"@context":"https:\/\/schema.org","@graph":[{"@type":"Article","@id":"https:\/\/www.bbmnoticias.com\/sujeto-armado-con-machetes-es-detenido-tras-agresion-en-salina-cruz\/#article","isPartOf":{"@id":"https:\/\/www.bbmnoticias.com\/labravaradiofm\/2025\/11\/20\/sujeto-armado-con-machetes-es-detenido-tras-agresion-en-salina-cruz\/"},"author":{"name":"Staff","@id":"https:\/\/www.bbmnoticias.com\/labravaradiofm\/#\/schema\/person\/68a9e9036ef3c5b55aeb2b71dc8bab45"},"headline":"Sujeto armado con machetes es detenido tras agresi\u00f3n en Salina Cruz","datePublished":"2025-11-20T20:42:39+00:00","dateModified":"2025-11-20T20:43:08+00:00","mainEntityOfPage":{"@id":"https:\/\/www.bbmnoticias.com\/labravaradiofm\/2025\/11\/20\/sujeto-armado-con-machetes-es-detenido-tras-agresion-en-salina-cruz\/"},"wordCount":138,"image":{"@id":"https:\/\/www.bbmnoticias.com\/sujeto-armado-con-machetes-es-detenido-tras-agresion-en-salina-cruz\/#primaryimage"},"thumbnailUrl":"https:\/\/www.bbmnoticias.com\/labravaradiofm\/wp-content\/uploads\/sites\/5\/2025\/11\/FB_IMG_1763671172186.jpg","articleSection":["LOCAL","POLICIACA"],"inLanguage":"es"},{"@type":"WebPage","@id":"https:\/\/www.bbmnoticias.com\/labravaradiofm\/2025\/11\/20\/sujeto-armado-con-machetes-es-detenido-tras-agresion-en-salina-cruz\/","url":"https:\/\/www.bbmnoticias.com\/sujeto-armado-con-machetes-es-detenido-tras-agresion-en-salina-cruz\/","name":"Sujeto armado con machetes es detenido tras agresi\u00f3n en Salina Cruz - LA BRAVA RADIO","isPartOf":{"@id":"https:\/\/www.bbmnoticias.com\/labravaradiofm\/#website"},"primaryImageOfPage":{"@id":"https:\/\/www.bbmnoticias.com\/sujeto-armado-con-machetes-es-detenido-tras-agresion-en-salina-cruz\/#primaryimage"},"image":{"@id":"https:\/\/www.bbmnoticias.com\/sujeto-armado-con-machetes-es-detenido-tras-agresion-en-salina-cruz\/#primaryimage"},"thumbnailUrl":"https:\/\/www.bbmnoticias.com\/labravaradiofm\/wp-content\/uploads\/sites\/5\/2025\/11\/FB_IMG_1763671172186.jpg","datePublished":"2025-11-20T20:42:39+00:00","dateModified":"2025-11-20T20:43:08+00:00","author":{"@id":"https:\/\/www.bbmnoticias.com\/labravaradiofm\/#\/schema\/person\/68a9e9036ef3c5b55aeb2b71dc8bab45"},"breadcrumb":{"@id":"https:\/\/www.bbmnoticias.com\/sujeto-armado-con-machetes-es-detenido-tras-agresion-en-salina-cruz\/#breadcrumb"},"inLanguage":"es","potentialAction":[{"@type":"ReadAction","target":["https:\/\/www.bbmnoticias.com\/sujeto-armado-con-machetes-es-detenido-tras-agresion-en-salina-cruz\/"]}]},{"@type":"ImageObject","inLanguage":"es","@id":"https:\/\/www.bbmnoticias.com\/sujeto-armado-con-machetes-es-detenido-tras-agresion-en-salina-cruz\/#primaryimage","url":"https:\/\/www.bbmnoticias.com\/labravaradiofm\/wp-content\/uploads\/sites\/5\/2025\/11\/FB_IMG_1763671172186.jpg","contentUrl":"https:\/\/www.bbmnoticias.com\/labravaradiofm\/wp-content\/uploads\/sites\/5\/2025\/11\/FB_IMG_1763671172186.jpg","width":2048,"height":1152},{"@type":"BreadcrumbList","@id":"https:\/\/www.bbmnoticias.com\/sujeto-armado-con-machetes-es-detenido-tras-agresion-en-salina-cruz\/#breadcrumb","itemListElement":[{"@type":"ListItem","position":1,"name":"Inicio","item":"https:\/\/www.bbmnoticias.com\/labravaradiofm\/"},{"@type":"ListItem","position":2,"name":"Sujeto armado con machetes es detenido tras agresi\u00f3n en Salina Cruz"}]},{"@type":"WebSite","@id":"https:\/\/www.bbmnoticias.com\/labravaradiofm\/#website","url":"https:\/\/www.bbmnoticias.com\/labravaradiofm\/","name":"LA BRAVA RADIO","description":"Empresa productora de medios, Radiodifusi\u00f3n, Noticias, tendencias y todo lo que necesitas saber de la pol\u00edtica mexicana e internacional; entretenimiento, espect\u00e1culos, salud y mucho m\u00e1s.","potentialAction":[{"@type":"SearchAction","target":{"@type":"EntryPoint","urlTemplate":"https:\/\/www.bbmnoticias.com\/labravaradiofm\/?s={search_term_string}"},"query-input":{"@type":"PropertyValueSpecification","valueRequired":true,"valueName":"search_term_string"}}],"inLanguage":"es"},{"@type":"Person","@id":"https:\/\/www.bbmnoticias.com\/labravaradiofm\/#\/schema\/person\/68a9e9036ef3c5b55aeb2b71dc8bab45","name":"Staff","image":{"@type":"ImageObject","inLanguage":"es","@id":"https:\/\/secure.gravatar.com\/avatar\/fdd21ad66fd8b98c407f9dee5b5e588cfe7f0d8579ec20fa6527cd59bab7f0f0?s=96&d=mm&r=g","url":"https:\/\/secure.gravatar.com\/avatar\/fdd21ad66fd8b98c407f9dee5b5e588cfe7f0d8579ec20fa6527cd59bab7f0f0?s=96&d=mm&r=g","contentUrl":"https:\/\/secure.gravatar.com\/avatar\/fdd21ad66fd8b98c407f9dee5b5e588cfe7f0d8579ec20fa6527cd59bab7f0f0?s=96&d=mm&r=g","caption":"Staff"},"url":"https:\/\/www.bbmnoticias.com\/labravaradiofm\/author\/redaccion\/"}]}},"_links":{"self":[{"href":"https:\/\/www.bbmnoticias.com\/labravaradiofm\/wp-json\/wp\/v2\/posts\/70093","targetHints":{"allow":["GET"]}}],"collection":[{"href":"https:\/\/www.bbmnoticias.com\/labravaradiofm\/wp-json\/wp\/v2\/posts"}],"about":[{"href":"https:\/\/www.bbmnoticias.com\/labravaradiofm\/wp-json\/wp\/v2\/types\/post"}],"author":[{"embeddable":true,"href":"https:\/\/www.bbmnoticias.com\/labravaradiofm\/wp-json\/wp\/v2\/users\/2"}],"replies":[{"embeddable":true,"href":"https:\/\/www.bbmnoticias.com\/labravaradiofm\/wp-json\/wp\/v2\/comments?post=70093"}],"version-history":[{"count":0,"href":"https:\/\/www.bbmnoticias.com\/labravaradiofm\/wp-json\/wp\/v2\/posts\/70093\/revisions"}],"wp:featuredmedia":[{"embeddable":true,"href":"https:\/\/www.bbmnoticias.com\/labravaradiofm\/wp-json\/wp\/v2\/media\/70095"}],"wp:attachment":[{"href":"https:\/\/www.bbmnoticias.com\/labravaradiofm\/wp-json\/wp\/v2\/media?parent=70093"}],"wp:term":[{"taxonomy":"category","embeddable":true,"href":"https:\/\/www.bbmnoticias.com\/labravaradiofm\/wp-json\/wp\/v2\/categories?post=70093"},{"taxonomy":"post_tag","embeddable":true,"href":"https:\/\/www.bbmnoticias.com\/labravaradiofm\/wp-json\/wp\/v2\/tags?post=70093"}],"curies":[{"name":"wp","href":"https:\/\/api.w.org\/{rel}","templated":true}]}}