{"id":70072,"date":"2025-11-20T13:41:09","date_gmt":"2025-11-20T19:41:09","guid":{"rendered":"https:\/\/www.bbmnoticias.com\/labravaradiofm\/2025\/11\/20\/recupera-primavera-oaxaquena-ideales-de-la-revolucion-mexicana-para-transformacion-real-profunda-y-duradera-del-estado-salomon-jara\/"},"modified":"2025-11-20T13:41:34","modified_gmt":"2025-11-20T19:41:34","slug":"recupera-primavera-oaxaquena-ideales-de-la-revolucion-mexicana-para-transformacion-real-profunda-y-duradera-del-estado-salomon-jara","status":"publish","type":"post","link":"https:\/\/www.bbmnoticias.com\/labravaradiofm\/2025\/11\/20\/recupera-primavera-oaxaquena-ideales-de-la-revolucion-mexicana-para-transformacion-real-profunda-y-duradera-del-estado-salomon-jara\/","title":{"rendered":"Recupera Primavera Oaxaque\u00f1a ideales de la Revoluci\u00f3n Mexicana para transformaci\u00f3n real, profunda y duradera del estado: Salom\u00f3n Jara"},"content":{"rendered":"<div style=\"margin-top: 0px; margin-bottom: 0px;\" class=\"sharethis-inline-share-buttons\" ><\/div>\n<p><strong>Oaxaca de Ju\u00e1rez, Oax.-<\/strong> Al encabezar la ceremonia de conmemoraci\u00f3n del 115 Aniversario del Inicio de la Revoluci\u00f3n Mexicana, el Gobernador Salom\u00f3n Jara Cruz destac\u00f3 que la Primavera Oaxaque\u00f1a, heredera de los ideales de este movimiento de 1910, trabaja cada d\u00eda por una transformaci\u00f3n real, profunda y duradera que se demuestra con hechos.<\/p>\n\n\n\n<p>Durante el acto c\u00edvico realizado en el Jard\u00edn Madero de la capital del estado, al que tambi\u00e9n asisti\u00f3 la Presidenta Honoraria del Sistema DIF Oaxaca, Irma Bola\u00f1os Quijano; el Mandatario estatal expres\u00f3 que su administraci\u00f3n fundamenta su fuerza pol\u00edtica y moral en los valores revolucionarios de caudillos como Francisco I. Madero, Emiliano Zapata y Venustiano Carranza; quienes sentaron las bases de un pa\u00eds m\u00e1s justo e incluyente.<\/p>\n\n\n\n<p>\u201cSomos herederos de un M\u00e9xico que puso al pueblo al centro y nos ense\u00f1\u00f3 que la democracia se defiende con convicci\u00f3n, participaci\u00f3n y profundo sentido de responsabilidad social. Seguimos construyendo un Oaxaca democr\u00e1tico, con justicia social, igualdad sustantiva y bienestar para las comunidades con un gobierno que escucha, atiende y cumple su palabra\u201d, afirm\u00f3.&nbsp;<\/p>\n\n\n\n<p>En este marco, Jara Cruz entreg\u00f3 el Premio Estatal del Deporte 2025 a la atleta Mariel Salazar Tapia y a la paratleta en lanzamiento de jabalina, Rebeca Citlaly Cort\u00e9s Monta\u00f1o.<\/p>\n\n\n\n<p>As\u00ed como a Roth Stewer Mart\u00ednez Alvarado, en la categor\u00eda Fomento al Deporte, iniciativa pionera en el estado.<\/p>\n\n\n\n<p>Finalmente, el titular del Poder Ejecutivo y representantes de los Poderes del Estado, colocaron una ofrenda floral al pie de la efigie de Francisco I. Madero, para honrar su legado y mantener viva su memoria.<\/p>\n\n\n\n<p><strong>Predomina el orgullo patri\u00f3tico en el Desfile C\u00edvico-Deportivo<\/strong><\/p>\n\n\n\n<p>Tras concluir este acto protocolario, el Gobernador de Oaxaca y la Presidenta Honoraria se trasladaron a pie a Palacio de Gobierno para presenciar el Desfile C\u00edvico-Deportivo del CXV Aniversario del Inicio de la Revoluci\u00f3n Mexicana, donde se hizo evidente el entusiasmo y sentimiento patri\u00f3tico de las y los asistentes.<\/p>\n\n\n\n<p>En este recorrido que comenz\u00f3 en la Calzada Francisco I. Madero participaron: dos banderas monumentales, 4 mil 267 personas deportistas, 32 veh\u00edculos de apoyo, 21 carros aleg\u00f3ricos, 18 motocicletas, dos canes, 24 caballos y 10 botargas.<\/p>\n","protected":false},"excerpt":{"rendered":"<p>Oaxaca de Ju\u00e1rez, Oax.- Al encabezar la ceremonia de conmemoraci\u00f3n del 115 Aniversario del Inicio de la Revoluci\u00f3n Mexicana, el Gobernador Salom\u00f3n Jara Cruz destac\u00f3 que la Primavera Oaxaque\u00f1a, heredera de los ideales de este movimiento de 1910, trabaja cada d\u00eda por una transformaci\u00f3n real, profunda y duradera que se demuestra con hechos. Durante el [&hellip;]<\/p>\n","protected":false},"author":2,"featured_media":70074,"comment_status":"closed","ping_status":"","sticky":false,"template":"","format":"standard","meta":{"footnotes":""},"categories":[2],"tags":[],"class_list":{"0":"post-70072","1":"post","2":"type-post","3":"status-publish","4":"format-standard","5":"has-post-thumbnail","7":"category-oaxaca"},"yoast_head":"<!-- This site is optimized with the Yoast SEO plugin v27.4 - https:\/\/yoast.com\/product\/yoast-seo-wordpress\/ -->\n<title>Recupera Primavera Oaxaque\u00f1a ideales de la Revoluci\u00f3n Mexicana para transformaci\u00f3n real, profunda y duradera del estado: Salom\u00f3n Jara - LA BRAVA RADIO<\/title>\n<meta name=\"robots\" content=\"index, follow, max-snippet:-1, max-image-preview:large, max-video-preview:-1\" \/>\n<link rel=\"canonical\" href=\"https:\/\/www.bbmnoticias.com\/recupera-primavera-oaxaquena-ideales-de-la-revolucion-mexicana-para-transformacion-real-profunda-y-duradera-del-estado-salomon-jara\/\" \/>\n<meta property=\"og:locale\" content=\"es_MX\" \/>\n<meta property=\"og:type\" content=\"article\" \/>\n<meta property=\"og:title\" content=\"Recupera Primavera Oaxaque\u00f1a ideales de la Revoluci\u00f3n Mexicana para transformaci\u00f3n real, profunda y duradera del estado: Salom\u00f3n Jara - LA BRAVA RADIO\" \/>\n<meta property=\"og:description\" content=\"Oaxaca de Ju\u00e1rez, Oax.- Al encabezar la ceremonia de conmemoraci\u00f3n del 115 Aniversario del Inicio de la Revoluci\u00f3n Mexicana, el Gobernador Salom\u00f3n Jara Cruz destac\u00f3 que la Primavera Oaxaque\u00f1a, heredera de los ideales de este movimiento de 1910, trabaja cada d\u00eda por una transformaci\u00f3n real, profunda y duradera que se demuestra con hechos. Durante el [&hellip;]\" \/>\n<meta property=\"og:url\" content=\"https:\/\/www.bbmnoticias.com\/recupera-primavera-oaxaquena-ideales-de-la-revolucion-mexicana-para-transformacion-real-profunda-y-duradera-del-estado-salomon-jara\/\" \/>\n<meta property=\"og:site_name\" content=\"LA BRAVA RADIO\" \/>\n<meta property=\"article:published_time\" content=\"2025-11-20T19:41:09+00:00\" \/>\n<meta property=\"article:modified_time\" content=\"2025-11-20T19:41:34+00:00\" \/>\n<meta property=\"og:image\" content=\"https:\/\/www.bbmnoticias.com\/labravaradiofm\/wp-content\/uploads\/sites\/5\/2025\/11\/Recupera-Primavera-Oaxaquena-ideales-de-la-Revolucion-Mexicana-para-transformacion-1.jpeg\" \/>\n\t<meta property=\"og:image:width\" content=\"1280\" \/>\n\t<meta property=\"og:image:height\" content=\"853\" \/>\n\t<meta property=\"og:image:type\" content=\"image\/jpeg\" \/>\n<meta name=\"author\" content=\"Staff\" \/>\n<meta name=\"twitter:card\" content=\"summary_large_image\" \/>\n<meta name=\"twitter:label1\" content=\"Escrito por\" \/>\n\t<meta name=\"twitter:data1\" content=\"Staff\" \/>\n\t<meta name=\"twitter:label2\" content=\"Tiempo de lectura\" \/>\n\t<meta name=\"twitter:data2\" content=\"2 minutos\" \/>\n<script type=\"application\/ld+json\" class=\"yoast-schema-graph\">{\"@context\":\"https:\\\/\\\/schema.org\",\"@graph\":[{\"@type\":\"Article\",\"@id\":\"https:\\\/\\\/www.bbmnoticias.com\\\/recupera-primavera-oaxaquena-ideales-de-la-revolucion-mexicana-para-transformacion-real-profunda-y-duradera-del-estado-salomon-jara\\\/#article\",\"isPartOf\":{\"@id\":\"https:\\\/\\\/www.bbmnoticias.com\\\/labravaradiofm\\\/2025\\\/11\\\/20\\\/recupera-primavera-oaxaquena-ideales-de-la-revolucion-mexicana-para-transformacion-real-profunda-y-duradera-del-estado-salomon-jara\\\/\"},\"author\":{\"name\":\"Staff\",\"@id\":\"https:\\\/\\\/www.bbmnoticias.com\\\/labravaradiofm\\\/#\\\/schema\\\/person\\\/68a9e9036ef3c5b55aeb2b71dc8bab45\"},\"headline\":\"Recupera Primavera Oaxaque\u00f1a ideales de la Revoluci\u00f3n Mexicana para transformaci\u00f3n real, profunda y duradera del estado: Salom\u00f3n Jara\",\"datePublished\":\"2025-11-20T19:41:09+00:00\",\"dateModified\":\"2025-11-20T19:41:34+00:00\",\"mainEntityOfPage\":{\"@id\":\"https:\\\/\\\/www.bbmnoticias.com\\\/labravaradiofm\\\/2025\\\/11\\\/20\\\/recupera-primavera-oaxaquena-ideales-de-la-revolucion-mexicana-para-transformacion-real-profunda-y-duradera-del-estado-salomon-jara\\\/\"},\"wordCount\":394,\"image\":{\"@id\":\"https:\\\/\\\/www.bbmnoticias.com\\\/recupera-primavera-oaxaquena-ideales-de-la-revolucion-mexicana-para-transformacion-real-profunda-y-duradera-del-estado-salomon-jara\\\/#primaryimage\"},\"thumbnailUrl\":\"https:\\\/\\\/www.bbmnoticias.com\\\/labravaradiofm\\\/wp-content\\\/uploads\\\/sites\\\/5\\\/2025\\\/11\\\/Recupera-Primavera-Oaxaquena-ideales-de-la-Revolucion-Mexicana-para-transformacion-1.jpeg\",\"articleSection\":[\"LOCAL\"],\"inLanguage\":\"es\"},{\"@type\":\"WebPage\",\"@id\":\"https:\\\/\\\/www.bbmnoticias.com\\\/labravaradiofm\\\/2025\\\/11\\\/20\\\/recupera-primavera-oaxaquena-ideales-de-la-revolucion-mexicana-para-transformacion-real-profunda-y-duradera-del-estado-salomon-jara\\\/\",\"url\":\"https:\\\/\\\/www.bbmnoticias.com\\\/recupera-primavera-oaxaquena-ideales-de-la-revolucion-mexicana-para-transformacion-real-profunda-y-duradera-del-estado-salomon-jara\\\/\",\"name\":\"Recupera Primavera Oaxaque\u00f1a ideales de la Revoluci\u00f3n Mexicana para transformaci\u00f3n real, profunda y duradera del estado: Salom\u00f3n Jara - LA BRAVA RADIO\",\"isPartOf\":{\"@id\":\"https:\\\/\\\/www.bbmnoticias.com\\\/labravaradiofm\\\/#website\"},\"primaryImageOfPage\":{\"@id\":\"https:\\\/\\\/www.bbmnoticias.com\\\/recupera-primavera-oaxaquena-ideales-de-la-revolucion-mexicana-para-transformacion-real-profunda-y-duradera-del-estado-salomon-jara\\\/#primaryimage\"},\"image\":{\"@id\":\"https:\\\/\\\/www.bbmnoticias.com\\\/recupera-primavera-oaxaquena-ideales-de-la-revolucion-mexicana-para-transformacion-real-profunda-y-duradera-del-estado-salomon-jara\\\/#primaryimage\"},\"thumbnailUrl\":\"https:\\\/\\\/www.bbmnoticias.com\\\/labravaradiofm\\\/wp-content\\\/uploads\\\/sites\\\/5\\\/2025\\\/11\\\/Recupera-Primavera-Oaxaquena-ideales-de-la-Revolucion-Mexicana-para-transformacion-1.jpeg\",\"datePublished\":\"2025-11-20T19:41:09+00:00\",\"dateModified\":\"2025-11-20T19:41:34+00:00\",\"author\":{\"@id\":\"https:\\\/\\\/www.bbmnoticias.com\\\/labravaradiofm\\\/#\\\/schema\\\/person\\\/68a9e9036ef3c5b55aeb2b71dc8bab45\"},\"breadcrumb\":{\"@id\":\"https:\\\/\\\/www.bbmnoticias.com\\\/recupera-primavera-oaxaquena-ideales-de-la-revolucion-mexicana-para-transformacion-real-profunda-y-duradera-del-estado-salomon-jara\\\/#breadcrumb\"},\"inLanguage\":\"es\",\"potentialAction\":[{\"@type\":\"ReadAction\",\"target\":[\"https:\\\/\\\/www.bbmnoticias.com\\\/recupera-primavera-oaxaquena-ideales-de-la-revolucion-mexicana-para-transformacion-real-profunda-y-duradera-del-estado-salomon-jara\\\/\"]}]},{\"@type\":\"ImageObject\",\"inLanguage\":\"es\",\"@id\":\"https:\\\/\\\/www.bbmnoticias.com\\\/recupera-primavera-oaxaquena-ideales-de-la-revolucion-mexicana-para-transformacion-real-profunda-y-duradera-del-estado-salomon-jara\\\/#primaryimage\",\"url\":\"https:\\\/\\\/www.bbmnoticias.com\\\/labravaradiofm\\\/wp-content\\\/uploads\\\/sites\\\/5\\\/2025\\\/11\\\/Recupera-Primavera-Oaxaquena-ideales-de-la-Revolucion-Mexicana-para-transformacion-1.jpeg\",\"contentUrl\":\"https:\\\/\\\/www.bbmnoticias.com\\\/labravaradiofm\\\/wp-content\\\/uploads\\\/sites\\\/5\\\/2025\\\/11\\\/Recupera-Primavera-Oaxaquena-ideales-de-la-Revolucion-Mexicana-para-transformacion-1.jpeg\",\"width\":1280,\"height\":853},{\"@type\":\"BreadcrumbList\",\"@id\":\"https:\\\/\\\/www.bbmnoticias.com\\\/recupera-primavera-oaxaquena-ideales-de-la-revolucion-mexicana-para-transformacion-real-profunda-y-duradera-del-estado-salomon-jara\\\/#breadcrumb\",\"itemListElement\":[{\"@type\":\"ListItem\",\"position\":1,\"name\":\"Inicio\",\"item\":\"https:\\\/\\\/www.bbmnoticias.com\\\/labravaradiofm\\\/\"},{\"@type\":\"ListItem\",\"position\":2,\"name\":\"Recupera Primavera Oaxaque\u00f1a ideales de la Revoluci\u00f3n Mexicana para transformaci\u00f3n real, profunda y duradera del estado: Salom\u00f3n Jara\"}]},{\"@type\":\"WebSite\",\"@id\":\"https:\\\/\\\/www.bbmnoticias.com\\\/labravaradiofm\\\/#website\",\"url\":\"https:\\\/\\\/www.bbmnoticias.com\\\/labravaradiofm\\\/\",\"name\":\"LA BRAVA RADIO\",\"description\":\"Empresa productora de medios, Radiodifusi\u00f3n, Noticias, tendencias y todo lo que necesitas saber de la pol\u00edtica mexicana e internacional; entretenimiento, espect\u00e1culos, salud y mucho m\u00e1s.\",\"potentialAction\":[{\"@type\":\"SearchAction\",\"target\":{\"@type\":\"EntryPoint\",\"urlTemplate\":\"https:\\\/\\\/www.bbmnoticias.com\\\/labravaradiofm\\\/?s={search_term_string}\"},\"query-input\":{\"@type\":\"PropertyValueSpecification\",\"valueRequired\":true,\"valueName\":\"search_term_string\"}}],\"inLanguage\":\"es\"},{\"@type\":\"Person\",\"@id\":\"https:\\\/\\\/www.bbmnoticias.com\\\/labravaradiofm\\\/#\\\/schema\\\/person\\\/68a9e9036ef3c5b55aeb2b71dc8bab45\",\"name\":\"Staff\",\"image\":{\"@type\":\"ImageObject\",\"inLanguage\":\"es\",\"@id\":\"https:\\\/\\\/secure.gravatar.com\\\/avatar\\\/fdd21ad66fd8b98c407f9dee5b5e588cfe7f0d8579ec20fa6527cd59bab7f0f0?s=96&d=mm&r=g\",\"url\":\"https:\\\/\\\/secure.gravatar.com\\\/avatar\\\/fdd21ad66fd8b98c407f9dee5b5e588cfe7f0d8579ec20fa6527cd59bab7f0f0?s=96&d=mm&r=g\",\"contentUrl\":\"https:\\\/\\\/secure.gravatar.com\\\/avatar\\\/fdd21ad66fd8b98c407f9dee5b5e588cfe7f0d8579ec20fa6527cd59bab7f0f0?s=96&d=mm&r=g\",\"caption\":\"Staff\"},\"url\":\"https:\\\/\\\/www.bbmnoticias.com\\\/labravaradiofm\\\/author\\\/redaccion\\\/\"}]}<\/script>\n<!-- \/ Yoast SEO plugin. -->","yoast_head_json":{"title":"Recupera Primavera Oaxaque\u00f1a ideales de la Revoluci\u00f3n Mexicana para transformaci\u00f3n real, profunda y duradera del estado: Salom\u00f3n Jara - LA BRAVA RADIO","robots":{"index":"index","follow":"follow","max-snippet":"max-snippet:-1","max-image-preview":"max-image-preview:large","max-video-preview":"max-video-preview:-1"},"canonical":"https:\/\/www.bbmnoticias.com\/recupera-primavera-oaxaquena-ideales-de-la-revolucion-mexicana-para-transformacion-real-profunda-y-duradera-del-estado-salomon-jara\/","og_locale":"es_MX","og_type":"article","og_title":"Recupera Primavera Oaxaque\u00f1a ideales de la Revoluci\u00f3n Mexicana para transformaci\u00f3n real, profunda y duradera del estado: Salom\u00f3n Jara - LA BRAVA RADIO","og_description":"Oaxaca de Ju\u00e1rez, Oax.- Al encabezar la ceremonia de conmemoraci\u00f3n del 115 Aniversario del Inicio de la Revoluci\u00f3n Mexicana, el Gobernador Salom\u00f3n Jara Cruz destac\u00f3 que la Primavera Oaxaque\u00f1a, heredera de los ideales de este movimiento de 1910, trabaja cada d\u00eda por una transformaci\u00f3n real, profunda y duradera que se demuestra con hechos. Durante el [&hellip;]","og_url":"https:\/\/www.bbmnoticias.com\/recupera-primavera-oaxaquena-ideales-de-la-revolucion-mexicana-para-transformacion-real-profunda-y-duradera-del-estado-salomon-jara\/","og_site_name":"LA BRAVA RADIO","article_published_time":"2025-11-20T19:41:09+00:00","article_modified_time":"2025-11-20T19:41:34+00:00","og_image":[{"width":1280,"height":853,"url":"https:\/\/www.bbmnoticias.com\/labravaradiofm\/wp-content\/uploads\/sites\/5\/2025\/11\/Recupera-Primavera-Oaxaquena-ideales-de-la-Revolucion-Mexicana-para-transformacion-1.jpeg","type":"image\/jpeg"}],"author":"Staff","twitter_card":"summary_large_image","twitter_misc":{"Escrito por":"Staff","Tiempo de lectura":"2 minutos"},"schema":{"@context":"https:\/\/schema.org","@graph":[{"@type":"Article","@id":"https:\/\/www.bbmnoticias.com\/recupera-primavera-oaxaquena-ideales-de-la-revolucion-mexicana-para-transformacion-real-profunda-y-duradera-del-estado-salomon-jara\/#article","isPartOf":{"@id":"https:\/\/www.bbmnoticias.com\/labravaradiofm\/2025\/11\/20\/recupera-primavera-oaxaquena-ideales-de-la-revolucion-mexicana-para-transformacion-real-profunda-y-duradera-del-estado-salomon-jara\/"},"author":{"name":"Staff","@id":"https:\/\/www.bbmnoticias.com\/labravaradiofm\/#\/schema\/person\/68a9e9036ef3c5b55aeb2b71dc8bab45"},"headline":"Recupera Primavera Oaxaque\u00f1a ideales de la Revoluci\u00f3n Mexicana para transformaci\u00f3n real, profunda y duradera del estado: Salom\u00f3n Jara","datePublished":"2025-11-20T19:41:09+00:00","dateModified":"2025-11-20T19:41:34+00:00","mainEntityOfPage":{"@id":"https:\/\/www.bbmnoticias.com\/labravaradiofm\/2025\/11\/20\/recupera-primavera-oaxaquena-ideales-de-la-revolucion-mexicana-para-transformacion-real-profunda-y-duradera-del-estado-salomon-jara\/"},"wordCount":394,"image":{"@id":"https:\/\/www.bbmnoticias.com\/recupera-primavera-oaxaquena-ideales-de-la-revolucion-mexicana-para-transformacion-real-profunda-y-duradera-del-estado-salomon-jara\/#primaryimage"},"thumbnailUrl":"https:\/\/www.bbmnoticias.com\/labravaradiofm\/wp-content\/uploads\/sites\/5\/2025\/11\/Recupera-Primavera-Oaxaquena-ideales-de-la-Revolucion-Mexicana-para-transformacion-1.jpeg","articleSection":["LOCAL"],"inLanguage":"es"},{"@type":"WebPage","@id":"https:\/\/www.bbmnoticias.com\/labravaradiofm\/2025\/11\/20\/recupera-primavera-oaxaquena-ideales-de-la-revolucion-mexicana-para-transformacion-real-profunda-y-duradera-del-estado-salomon-jara\/","url":"https:\/\/www.bbmnoticias.com\/recupera-primavera-oaxaquena-ideales-de-la-revolucion-mexicana-para-transformacion-real-profunda-y-duradera-del-estado-salomon-jara\/","name":"Recupera Primavera Oaxaque\u00f1a ideales de la Revoluci\u00f3n Mexicana para transformaci\u00f3n real, profunda y duradera del estado: Salom\u00f3n Jara - LA BRAVA RADIO","isPartOf":{"@id":"https:\/\/www.bbmnoticias.com\/labravaradiofm\/#website"},"primaryImageOfPage":{"@id":"https:\/\/www.bbmnoticias.com\/recupera-primavera-oaxaquena-ideales-de-la-revolucion-mexicana-para-transformacion-real-profunda-y-duradera-del-estado-salomon-jara\/#primaryimage"},"image":{"@id":"https:\/\/www.bbmnoticias.com\/recupera-primavera-oaxaquena-ideales-de-la-revolucion-mexicana-para-transformacion-real-profunda-y-duradera-del-estado-salomon-jara\/#primaryimage"},"thumbnailUrl":"https:\/\/www.bbmnoticias.com\/labravaradiofm\/wp-content\/uploads\/sites\/5\/2025\/11\/Recupera-Primavera-Oaxaquena-ideales-de-la-Revolucion-Mexicana-para-transformacion-1.jpeg","datePublished":"2025-11-20T19:41:09+00:00","dateModified":"2025-11-20T19:41:34+00:00","author":{"@id":"https:\/\/www.bbmnoticias.com\/labravaradiofm\/#\/schema\/person\/68a9e9036ef3c5b55aeb2b71dc8bab45"},"breadcrumb":{"@id":"https:\/\/www.bbmnoticias.com\/recupera-primavera-oaxaquena-ideales-de-la-revolucion-mexicana-para-transformacion-real-profunda-y-duradera-del-estado-salomon-jara\/#breadcrumb"},"inLanguage":"es","potentialAction":[{"@type":"ReadAction","target":["https:\/\/www.bbmnoticias.com\/recupera-primavera-oaxaquena-ideales-de-la-revolucion-mexicana-para-transformacion-real-profunda-y-duradera-del-estado-salomon-jara\/"]}]},{"@type":"ImageObject","inLanguage":"es","@id":"https:\/\/www.bbmnoticias.com\/recupera-primavera-oaxaquena-ideales-de-la-revolucion-mexicana-para-transformacion-real-profunda-y-duradera-del-estado-salomon-jara\/#primaryimage","url":"https:\/\/www.bbmnoticias.com\/labravaradiofm\/wp-content\/uploads\/sites\/5\/2025\/11\/Recupera-Primavera-Oaxaquena-ideales-de-la-Revolucion-Mexicana-para-transformacion-1.jpeg","contentUrl":"https:\/\/www.bbmnoticias.com\/labravaradiofm\/wp-content\/uploads\/sites\/5\/2025\/11\/Recupera-Primavera-Oaxaquena-ideales-de-la-Revolucion-Mexicana-para-transformacion-1.jpeg","width":1280,"height":853},{"@type":"BreadcrumbList","@id":"https:\/\/www.bbmnoticias.com\/recupera-primavera-oaxaquena-ideales-de-la-revolucion-mexicana-para-transformacion-real-profunda-y-duradera-del-estado-salomon-jara\/#breadcrumb","itemListElement":[{"@type":"ListItem","position":1,"name":"Inicio","item":"https:\/\/www.bbmnoticias.com\/labravaradiofm\/"},{"@type":"ListItem","position":2,"name":"Recupera Primavera Oaxaque\u00f1a ideales de la Revoluci\u00f3n Mexicana para transformaci\u00f3n real, profunda y duradera del estado: Salom\u00f3n Jara"}]},{"@type":"WebSite","@id":"https:\/\/www.bbmnoticias.com\/labravaradiofm\/#website","url":"https:\/\/www.bbmnoticias.com\/labravaradiofm\/","name":"LA BRAVA RADIO","description":"Empresa productora de medios, Radiodifusi\u00f3n, Noticias, tendencias y todo lo que necesitas saber de la pol\u00edtica mexicana e internacional; entretenimiento, espect\u00e1culos, salud y mucho m\u00e1s.","potentialAction":[{"@type":"SearchAction","target":{"@type":"EntryPoint","urlTemplate":"https:\/\/www.bbmnoticias.com\/labravaradiofm\/?s={search_term_string}"},"query-input":{"@type":"PropertyValueSpecification","valueRequired":true,"valueName":"search_term_string"}}],"inLanguage":"es"},{"@type":"Person","@id":"https:\/\/www.bbmnoticias.com\/labravaradiofm\/#\/schema\/person\/68a9e9036ef3c5b55aeb2b71dc8bab45","name":"Staff","image":{"@type":"ImageObject","inLanguage":"es","@id":"https:\/\/secure.gravatar.com\/avatar\/fdd21ad66fd8b98c407f9dee5b5e588cfe7f0d8579ec20fa6527cd59bab7f0f0?s=96&d=mm&r=g","url":"https:\/\/secure.gravatar.com\/avatar\/fdd21ad66fd8b98c407f9dee5b5e588cfe7f0d8579ec20fa6527cd59bab7f0f0?s=96&d=mm&r=g","contentUrl":"https:\/\/secure.gravatar.com\/avatar\/fdd21ad66fd8b98c407f9dee5b5e588cfe7f0d8579ec20fa6527cd59bab7f0f0?s=96&d=mm&r=g","caption":"Staff"},"url":"https:\/\/www.bbmnoticias.com\/labravaradiofm\/author\/redaccion\/"}]}},"_links":{"self":[{"href":"https:\/\/www.bbmnoticias.com\/labravaradiofm\/wp-json\/wp\/v2\/posts\/70072","targetHints":{"allow":["GET"]}}],"collection":[{"href":"https:\/\/www.bbmnoticias.com\/labravaradiofm\/wp-json\/wp\/v2\/posts"}],"about":[{"href":"https:\/\/www.bbmnoticias.com\/labravaradiofm\/wp-json\/wp\/v2\/types\/post"}],"author":[{"embeddable":true,"href":"https:\/\/www.bbmnoticias.com\/labravaradiofm\/wp-json\/wp\/v2\/users\/2"}],"replies":[{"embeddable":true,"href":"https:\/\/www.bbmnoticias.com\/labravaradiofm\/wp-json\/wp\/v2\/comments?post=70072"}],"version-history":[{"count":0,"href":"https:\/\/www.bbmnoticias.com\/labravaradiofm\/wp-json\/wp\/v2\/posts\/70072\/revisions"}],"wp:featuredmedia":[{"embeddable":true,"href":"https:\/\/www.bbmnoticias.com\/labravaradiofm\/wp-json\/wp\/v2\/media\/70074"}],"wp:attachment":[{"href":"https:\/\/www.bbmnoticias.com\/labravaradiofm\/wp-json\/wp\/v2\/media?parent=70072"}],"wp:term":[{"taxonomy":"category","embeddable":true,"href":"https:\/\/www.bbmnoticias.com\/labravaradiofm\/wp-json\/wp\/v2\/categories?post=70072"},{"taxonomy":"post_tag","embeddable":true,"href":"https:\/\/www.bbmnoticias.com\/labravaradiofm\/wp-json\/wp\/v2\/tags?post=70072"}],"curies":[{"name":"wp","href":"https:\/\/api.w.org\/{rel}","templated":true}]}}