{"id":70069,"date":"2025-11-20T12:27:03","date_gmt":"2025-11-20T18:27:03","guid":{"rendered":"https:\/\/www.bbmnoticias.com\/labravaradiofm\/2025\/11\/20\/el-que-cree-que-la-transformacion-duerme-se-equivoca-sheinbaum-quieren-regresar-al-porfiriato-senala\/"},"modified":"2025-11-20T12:27:07","modified_gmt":"2025-11-20T18:27:07","slug":"el-que-cree-que-la-transformacion-duerme-se-equivoca-sheinbaum-quieren-regresar-al-porfiriato-senala","status":"publish","type":"post","link":"https:\/\/www.bbmnoticias.com\/labravaradiofm\/2025\/11\/20\/el-que-cree-que-la-transformacion-duerme-se-equivoca-sheinbaum-quieren-regresar-al-porfiriato-senala\/","title":{"rendered":"El que cree que la transformaci\u00f3n duerme, se equivoca: Sheinbaum; quieren regresar al Porfiriato, se\u00f1ala"},"content":{"rendered":"<div style=\"margin-top: 0px; margin-bottom: 0px;\" class=\"sharethis-inline-share-buttons\" ><\/div>\n<p>En un repaso hist\u00f3rico de la Revoluci\u00f3n Mexicana, la Presidenta Claudia Sheinbaum asegur\u00f3 que quienes creen que la Cuarta Transformaci\u00f3n duerme, &nbsp;se equivocan. Al encabezar el desfile por el 115 aniversario de la Revoluci\u00f3n Mexicana, en el Z\u00f3calo capitalino, tambi\u00e9n advirti\u00f3 que los opositores quieren que M\u00e9xico regrese al porfiriato.<\/p>\n\n\n\n<p><br>&#8220;M\u00e9xico no volver\u00e1 a caminar hacia atr\u00e1s, la paz y la tranquilidad son fruto de la justicia, por ello no tienen resonancia los discursos que normalizan la violencia como camino que glorifican la imposici\u00f3n o que pretenden restaurar un pa\u00eds de privilegios para unos cuantos.<\/p>\n\n\n\n<p><br>&#8220;El que convoca la violencia, se equivoca; el que alienta al odio, se equivoca; el que cree que la fuerza sustituye a la justicia, se equivoca; el que convoca a una intervenci\u00f3n extranjera, se equivoca; el que piense que ali\u00e1ndose con el exterior tendr\u00e1 fuerza, se equivoca; el que cree que las mujeres somos d\u00e9biles, se equivoca; el que cree que la transformaci\u00f3n duerme, se equivoca; el que piensa que las campa\u00f1as de calumnias y mentiras hacen mella en el pueblo y en los j\u00f3venes, se equivoca; el que piensa que el pueblo es tonto, se equivoca&#8221;, afirm\u00f3 la titular del Ejecutivo.<\/p>\n\n\n\n<p><br>La mandataria enfatiz\u00f3 que M\u00e9xico vive un momento que antes parec\u00eda imposible hoy, pues el poder ya no se usa para someter, sino para servir, porque ya no hay imposiciones ni privilegios. &#8220;Hay constituci\u00f3n. Hay democracia y hay un gobierno que escucha que respeta y que responde a su pueblo&#8221;, recalc\u00f3.&nbsp;<\/p>\n\n\n\n<p><br>Es por ello que la Presidenta Sheinbaum advirti\u00f3 que los opositores buscan regresar a la \u00e9poca del Porfiriato. &#8220;Hoy quiero poner \u00e9nfasis en los 34 a\u00f1os del porfirismo y la revoluci\u00f3n, pues es una responsabilidad hist\u00f3rica, porque quienes hoy reivindican la mano dura por encima de la ley, los que reivindican la ultraderecha o esa libertad que s\u00f3lo disfruta los privilegiados no conocen la historia de M\u00e9xico, ni a nuestro pueblo.&nbsp;<\/p>\n\n\n\n<p><br>&#8220;El porfiriato de entonces es al mismo al que quieren convocar ahora, al del despojo, al del exterminio silencioso, al de la esclavitud, al de una prensa callada, al de una paz impuesta&#8221;, advirti\u00f3.&nbsp; Incluso pidi\u00f3 no&nbsp;olvidar el periodo previo al de la actual transformaci\u00f3n, 36 a\u00f1os de regresiones, pobreza, desigualdad, corrupci\u00f3n y privilegios el periodo.<\/p>\n\n\n\n<p><br>En los \u00faltimos d\u00edas, la derecha ha emprendido una serie de ataques contra la Presidenta y el movimiento que encabeza.<br>&#8220;La autoridad moral no se compra ni con todo el dinero del mundo, se construye a lo largo de la vida, con coherencia y convicciones&#8221;, remat\u00f3.&nbsp;<\/p>\n\n\n\n<p><br>El periodo de Porfirio D\u00edaz fue de 1876 a 1911,30 a\u00f1os en el poder. Es se\u00f1alado por los contrastes en su administraci\u00f3n.<\/p>\n","protected":false},"excerpt":{"rendered":"<p>En un repaso hist\u00f3rico de la Revoluci\u00f3n Mexicana, la Presidenta Claudia Sheinbaum asegur\u00f3 que quienes creen que la Cuarta Transformaci\u00f3n duerme, &nbsp;se equivocan. Al encabezar el desfile por el 115 aniversario de la Revoluci\u00f3n Mexicana, en el Z\u00f3calo capitalino, tambi\u00e9n advirti\u00f3 que los opositores quieren que M\u00e9xico regrese al porfiriato. &#8220;M\u00e9xico no volver\u00e1 a caminar [&hellip;]<\/p>\n","protected":false},"author":15,"featured_media":70071,"comment_status":"closed","ping_status":"","sticky":false,"template":"","format":"standard","meta":{"footnotes":""},"categories":[2,19],"tags":[],"class_list":{"0":"post-70069","1":"post","2":"type-post","3":"status-publish","4":"format-standard","5":"has-post-thumbnail","7":"category-oaxaca","8":"category-nacional"},"yoast_head":"<!-- This site is optimized with the Yoast SEO plugin v27.4 - https:\/\/yoast.com\/product\/yoast-seo-wordpress\/ -->\n<title>El que cree que la transformaci\u00f3n duerme, se equivoca: Sheinbaum; quieren regresar al Porfiriato, se\u00f1ala - LA BRAVA RADIO<\/title>\n<meta name=\"robots\" content=\"index, follow, max-snippet:-1, max-image-preview:large, max-video-preview:-1\" \/>\n<link rel=\"canonical\" href=\"https:\/\/www.bbmnoticias.com\/el-que-cree-que-la-transformacion-duerme-se-equivoca-sheinbaum-quieren-regresar-al-porfiriato-senala\/\" \/>\n<meta property=\"og:locale\" content=\"es_MX\" \/>\n<meta property=\"og:type\" content=\"article\" \/>\n<meta property=\"og:title\" content=\"El que cree que la transformaci\u00f3n duerme, se equivoca: Sheinbaum; quieren regresar al Porfiriato, se\u00f1ala - LA BRAVA RADIO\" \/>\n<meta property=\"og:description\" content=\"En un repaso hist\u00f3rico de la Revoluci\u00f3n Mexicana, la Presidenta Claudia Sheinbaum asegur\u00f3 que quienes creen que la Cuarta Transformaci\u00f3n duerme, &nbsp;se equivocan. Al encabezar el desfile por el 115 aniversario de la Revoluci\u00f3n Mexicana, en el Z\u00f3calo capitalino, tambi\u00e9n advirti\u00f3 que los opositores quieren que M\u00e9xico regrese al porfiriato. &#8220;M\u00e9xico no volver\u00e1 a caminar [&hellip;]\" \/>\n<meta property=\"og:url\" content=\"https:\/\/www.bbmnoticias.com\/el-que-cree-que-la-transformacion-duerme-se-equivoca-sheinbaum-quieren-regresar-al-porfiriato-senala\/\" \/>\n<meta property=\"og:site_name\" content=\"LA BRAVA RADIO\" \/>\n<meta property=\"article:published_time\" content=\"2025-11-20T18:27:03+00:00\" \/>\n<meta property=\"article:modified_time\" content=\"2025-11-20T18:27:07+00:00\" \/>\n<meta property=\"og:image\" content=\"https:\/\/www.bbmnoticias.com\/labravaradiofm\/wp-content\/uploads\/sites\/5\/2025\/11\/f848x477-1208588_1266391_4721.jpg\" \/>\n\t<meta property=\"og:image:width\" content=\"848\" \/>\n\t<meta property=\"og:image:height\" content=\"477\" \/>\n\t<meta property=\"og:image:type\" content=\"image\/jpeg\" \/>\n<meta name=\"author\" content=\"El Heraldo\" \/>\n<meta name=\"twitter:card\" content=\"summary_large_image\" \/>\n<meta name=\"twitter:label1\" content=\"Escrito por\" \/>\n\t<meta name=\"twitter:data1\" content=\"El Heraldo\" \/>\n\t<meta name=\"twitter:label2\" content=\"Tiempo de lectura\" \/>\n\t<meta name=\"twitter:data2\" content=\"2 minutos\" \/>\n<script type=\"application\/ld+json\" class=\"yoast-schema-graph\">{\"@context\":\"https:\\\/\\\/schema.org\",\"@graph\":[{\"@type\":\"Article\",\"@id\":\"https:\\\/\\\/www.bbmnoticias.com\\\/el-que-cree-que-la-transformacion-duerme-se-equivoca-sheinbaum-quieren-regresar-al-porfiriato-senala\\\/#article\",\"isPartOf\":{\"@id\":\"https:\\\/\\\/www.bbmnoticias.com\\\/labravaradiofm\\\/2025\\\/11\\\/20\\\/el-que-cree-que-la-transformacion-duerme-se-equivoca-sheinbaum-quieren-regresar-al-porfiriato-senala\\\/\"},\"author\":{\"name\":\"El Heraldo\",\"@id\":\"https:\\\/\\\/www.bbmnoticias.com\\\/labravaradiofm\\\/#\\\/schema\\\/person\\\/78ff63fb371c799850071f4b5feb0b7a\"},\"headline\":\"El que cree que la transformaci\u00f3n duerme, se equivoca: Sheinbaum; quieren regresar al Porfiriato, se\u00f1ala\",\"datePublished\":\"2025-11-20T18:27:03+00:00\",\"dateModified\":\"2025-11-20T18:27:07+00:00\",\"mainEntityOfPage\":{\"@id\":\"https:\\\/\\\/www.bbmnoticias.com\\\/labravaradiofm\\\/2025\\\/11\\\/20\\\/el-que-cree-que-la-transformacion-duerme-se-equivoca-sheinbaum-quieren-regresar-al-porfiriato-senala\\\/\"},\"wordCount\":495,\"image\":{\"@id\":\"https:\\\/\\\/www.bbmnoticias.com\\\/el-que-cree-que-la-transformacion-duerme-se-equivoca-sheinbaum-quieren-regresar-al-porfiriato-senala\\\/#primaryimage\"},\"thumbnailUrl\":\"https:\\\/\\\/www.bbmnoticias.com\\\/labravaradiofm\\\/wp-content\\\/uploads\\\/sites\\\/5\\\/2025\\\/11\\\/f848x477-1208588_1266391_4721.jpg\",\"articleSection\":[\"LOCAL\",\"NACIONAL\"],\"inLanguage\":\"es\"},{\"@type\":\"WebPage\",\"@id\":\"https:\\\/\\\/www.bbmnoticias.com\\\/labravaradiofm\\\/2025\\\/11\\\/20\\\/el-que-cree-que-la-transformacion-duerme-se-equivoca-sheinbaum-quieren-regresar-al-porfiriato-senala\\\/\",\"url\":\"https:\\\/\\\/www.bbmnoticias.com\\\/el-que-cree-que-la-transformacion-duerme-se-equivoca-sheinbaum-quieren-regresar-al-porfiriato-senala\\\/\",\"name\":\"El que cree que la transformaci\u00f3n duerme, se equivoca: Sheinbaum; quieren regresar al Porfiriato, se\u00f1ala - LA BRAVA RADIO\",\"isPartOf\":{\"@id\":\"https:\\\/\\\/www.bbmnoticias.com\\\/labravaradiofm\\\/#website\"},\"primaryImageOfPage\":{\"@id\":\"https:\\\/\\\/www.bbmnoticias.com\\\/el-que-cree-que-la-transformacion-duerme-se-equivoca-sheinbaum-quieren-regresar-al-porfiriato-senala\\\/#primaryimage\"},\"image\":{\"@id\":\"https:\\\/\\\/www.bbmnoticias.com\\\/el-que-cree-que-la-transformacion-duerme-se-equivoca-sheinbaum-quieren-regresar-al-porfiriato-senala\\\/#primaryimage\"},\"thumbnailUrl\":\"https:\\\/\\\/www.bbmnoticias.com\\\/labravaradiofm\\\/wp-content\\\/uploads\\\/sites\\\/5\\\/2025\\\/11\\\/f848x477-1208588_1266391_4721.jpg\",\"datePublished\":\"2025-11-20T18:27:03+00:00\",\"dateModified\":\"2025-11-20T18:27:07+00:00\",\"author\":{\"@id\":\"https:\\\/\\\/www.bbmnoticias.com\\\/labravaradiofm\\\/#\\\/schema\\\/person\\\/78ff63fb371c799850071f4b5feb0b7a\"},\"breadcrumb\":{\"@id\":\"https:\\\/\\\/www.bbmnoticias.com\\\/el-que-cree-que-la-transformacion-duerme-se-equivoca-sheinbaum-quieren-regresar-al-porfiriato-senala\\\/#breadcrumb\"},\"inLanguage\":\"es\",\"potentialAction\":[{\"@type\":\"ReadAction\",\"target\":[\"https:\\\/\\\/www.bbmnoticias.com\\\/el-que-cree-que-la-transformacion-duerme-se-equivoca-sheinbaum-quieren-regresar-al-porfiriato-senala\\\/\"]}]},{\"@type\":\"ImageObject\",\"inLanguage\":\"es\",\"@id\":\"https:\\\/\\\/www.bbmnoticias.com\\\/el-que-cree-que-la-transformacion-duerme-se-equivoca-sheinbaum-quieren-regresar-al-porfiriato-senala\\\/#primaryimage\",\"url\":\"https:\\\/\\\/www.bbmnoticias.com\\\/labravaradiofm\\\/wp-content\\\/uploads\\\/sites\\\/5\\\/2025\\\/11\\\/f848x477-1208588_1266391_4721.jpg\",\"contentUrl\":\"https:\\\/\\\/www.bbmnoticias.com\\\/labravaradiofm\\\/wp-content\\\/uploads\\\/sites\\\/5\\\/2025\\\/11\\\/f848x477-1208588_1266391_4721.jpg\",\"width\":848,\"height\":477},{\"@type\":\"BreadcrumbList\",\"@id\":\"https:\\\/\\\/www.bbmnoticias.com\\\/el-que-cree-que-la-transformacion-duerme-se-equivoca-sheinbaum-quieren-regresar-al-porfiriato-senala\\\/#breadcrumb\",\"itemListElement\":[{\"@type\":\"ListItem\",\"position\":1,\"name\":\"Inicio\",\"item\":\"https:\\\/\\\/www.bbmnoticias.com\\\/labravaradiofm\\\/\"},{\"@type\":\"ListItem\",\"position\":2,\"name\":\"El que cree que la transformaci\u00f3n duerme, se equivoca: Sheinbaum; quieren regresar al Porfiriato, se\u00f1ala\"}]},{\"@type\":\"WebSite\",\"@id\":\"https:\\\/\\\/www.bbmnoticias.com\\\/labravaradiofm\\\/#website\",\"url\":\"https:\\\/\\\/www.bbmnoticias.com\\\/labravaradiofm\\\/\",\"name\":\"LA BRAVA RADIO\",\"description\":\"Empresa productora de medios, Radiodifusi\u00f3n, Noticias, tendencias y todo lo que necesitas saber de la pol\u00edtica mexicana e internacional; entretenimiento, espect\u00e1culos, salud y mucho m\u00e1s.\",\"potentialAction\":[{\"@type\":\"SearchAction\",\"target\":{\"@type\":\"EntryPoint\",\"urlTemplate\":\"https:\\\/\\\/www.bbmnoticias.com\\\/labravaradiofm\\\/?s={search_term_string}\"},\"query-input\":{\"@type\":\"PropertyValueSpecification\",\"valueRequired\":true,\"valueName\":\"search_term_string\"}}],\"inLanguage\":\"es\"},{\"@type\":\"Person\",\"@id\":\"https:\\\/\\\/www.bbmnoticias.com\\\/labravaradiofm\\\/#\\\/schema\\\/person\\\/78ff63fb371c799850071f4b5feb0b7a\",\"name\":\"El Heraldo\",\"image\":{\"@type\":\"ImageObject\",\"inLanguage\":\"es\",\"@id\":\"https:\\\/\\\/secure.gravatar.com\\\/avatar\\\/463017be041288b5a196814ef7242bd62699b857f306e4b5b61b533e8a87f404?s=96&d=mm&r=g\",\"url\":\"https:\\\/\\\/secure.gravatar.com\\\/avatar\\\/463017be041288b5a196814ef7242bd62699b857f306e4b5b61b533e8a87f404?s=96&d=mm&r=g\",\"contentUrl\":\"https:\\\/\\\/secure.gravatar.com\\\/avatar\\\/463017be041288b5a196814ef7242bd62699b857f306e4b5b61b533e8a87f404?s=96&d=mm&r=g\",\"caption\":\"El Heraldo\"},\"url\":\"https:\\\/\\\/www.bbmnoticias.com\\\/labravaradiofm\\\/author\\\/heraldo\\\/\"}]}<\/script>\n<!-- \/ Yoast SEO plugin. -->","yoast_head_json":{"title":"El que cree que la transformaci\u00f3n duerme, se equivoca: Sheinbaum; quieren regresar al Porfiriato, se\u00f1ala - LA BRAVA RADIO","robots":{"index":"index","follow":"follow","max-snippet":"max-snippet:-1","max-image-preview":"max-image-preview:large","max-video-preview":"max-video-preview:-1"},"canonical":"https:\/\/www.bbmnoticias.com\/el-que-cree-que-la-transformacion-duerme-se-equivoca-sheinbaum-quieren-regresar-al-porfiriato-senala\/","og_locale":"es_MX","og_type":"article","og_title":"El que cree que la transformaci\u00f3n duerme, se equivoca: Sheinbaum; quieren regresar al Porfiriato, se\u00f1ala - LA BRAVA RADIO","og_description":"En un repaso hist\u00f3rico de la Revoluci\u00f3n Mexicana, la Presidenta Claudia Sheinbaum asegur\u00f3 que quienes creen que la Cuarta Transformaci\u00f3n duerme, &nbsp;se equivocan. Al encabezar el desfile por el 115 aniversario de la Revoluci\u00f3n Mexicana, en el Z\u00f3calo capitalino, tambi\u00e9n advirti\u00f3 que los opositores quieren que M\u00e9xico regrese al porfiriato. &#8220;M\u00e9xico no volver\u00e1 a caminar [&hellip;]","og_url":"https:\/\/www.bbmnoticias.com\/el-que-cree-que-la-transformacion-duerme-se-equivoca-sheinbaum-quieren-regresar-al-porfiriato-senala\/","og_site_name":"LA BRAVA RADIO","article_published_time":"2025-11-20T18:27:03+00:00","article_modified_time":"2025-11-20T18:27:07+00:00","og_image":[{"width":848,"height":477,"url":"https:\/\/www.bbmnoticias.com\/labravaradiofm\/wp-content\/uploads\/sites\/5\/2025\/11\/f848x477-1208588_1266391_4721.jpg","type":"image\/jpeg"}],"author":"El Heraldo","twitter_card":"summary_large_image","twitter_misc":{"Escrito por":"El Heraldo","Tiempo de lectura":"2 minutos"},"schema":{"@context":"https:\/\/schema.org","@graph":[{"@type":"Article","@id":"https:\/\/www.bbmnoticias.com\/el-que-cree-que-la-transformacion-duerme-se-equivoca-sheinbaum-quieren-regresar-al-porfiriato-senala\/#article","isPartOf":{"@id":"https:\/\/www.bbmnoticias.com\/labravaradiofm\/2025\/11\/20\/el-que-cree-que-la-transformacion-duerme-se-equivoca-sheinbaum-quieren-regresar-al-porfiriato-senala\/"},"author":{"name":"El Heraldo","@id":"https:\/\/www.bbmnoticias.com\/labravaradiofm\/#\/schema\/person\/78ff63fb371c799850071f4b5feb0b7a"},"headline":"El que cree que la transformaci\u00f3n duerme, se equivoca: Sheinbaum; quieren regresar al Porfiriato, se\u00f1ala","datePublished":"2025-11-20T18:27:03+00:00","dateModified":"2025-11-20T18:27:07+00:00","mainEntityOfPage":{"@id":"https:\/\/www.bbmnoticias.com\/labravaradiofm\/2025\/11\/20\/el-que-cree-que-la-transformacion-duerme-se-equivoca-sheinbaum-quieren-regresar-al-porfiriato-senala\/"},"wordCount":495,"image":{"@id":"https:\/\/www.bbmnoticias.com\/el-que-cree-que-la-transformacion-duerme-se-equivoca-sheinbaum-quieren-regresar-al-porfiriato-senala\/#primaryimage"},"thumbnailUrl":"https:\/\/www.bbmnoticias.com\/labravaradiofm\/wp-content\/uploads\/sites\/5\/2025\/11\/f848x477-1208588_1266391_4721.jpg","articleSection":["LOCAL","NACIONAL"],"inLanguage":"es"},{"@type":"WebPage","@id":"https:\/\/www.bbmnoticias.com\/labravaradiofm\/2025\/11\/20\/el-que-cree-que-la-transformacion-duerme-se-equivoca-sheinbaum-quieren-regresar-al-porfiriato-senala\/","url":"https:\/\/www.bbmnoticias.com\/el-que-cree-que-la-transformacion-duerme-se-equivoca-sheinbaum-quieren-regresar-al-porfiriato-senala\/","name":"El que cree que la transformaci\u00f3n duerme, se equivoca: Sheinbaum; quieren regresar al Porfiriato, se\u00f1ala - LA BRAVA RADIO","isPartOf":{"@id":"https:\/\/www.bbmnoticias.com\/labravaradiofm\/#website"},"primaryImageOfPage":{"@id":"https:\/\/www.bbmnoticias.com\/el-que-cree-que-la-transformacion-duerme-se-equivoca-sheinbaum-quieren-regresar-al-porfiriato-senala\/#primaryimage"},"image":{"@id":"https:\/\/www.bbmnoticias.com\/el-que-cree-que-la-transformacion-duerme-se-equivoca-sheinbaum-quieren-regresar-al-porfiriato-senala\/#primaryimage"},"thumbnailUrl":"https:\/\/www.bbmnoticias.com\/labravaradiofm\/wp-content\/uploads\/sites\/5\/2025\/11\/f848x477-1208588_1266391_4721.jpg","datePublished":"2025-11-20T18:27:03+00:00","dateModified":"2025-11-20T18:27:07+00:00","author":{"@id":"https:\/\/www.bbmnoticias.com\/labravaradiofm\/#\/schema\/person\/78ff63fb371c799850071f4b5feb0b7a"},"breadcrumb":{"@id":"https:\/\/www.bbmnoticias.com\/el-que-cree-que-la-transformacion-duerme-se-equivoca-sheinbaum-quieren-regresar-al-porfiriato-senala\/#breadcrumb"},"inLanguage":"es","potentialAction":[{"@type":"ReadAction","target":["https:\/\/www.bbmnoticias.com\/el-que-cree-que-la-transformacion-duerme-se-equivoca-sheinbaum-quieren-regresar-al-porfiriato-senala\/"]}]},{"@type":"ImageObject","inLanguage":"es","@id":"https:\/\/www.bbmnoticias.com\/el-que-cree-que-la-transformacion-duerme-se-equivoca-sheinbaum-quieren-regresar-al-porfiriato-senala\/#primaryimage","url":"https:\/\/www.bbmnoticias.com\/labravaradiofm\/wp-content\/uploads\/sites\/5\/2025\/11\/f848x477-1208588_1266391_4721.jpg","contentUrl":"https:\/\/www.bbmnoticias.com\/labravaradiofm\/wp-content\/uploads\/sites\/5\/2025\/11\/f848x477-1208588_1266391_4721.jpg","width":848,"height":477},{"@type":"BreadcrumbList","@id":"https:\/\/www.bbmnoticias.com\/el-que-cree-que-la-transformacion-duerme-se-equivoca-sheinbaum-quieren-regresar-al-porfiriato-senala\/#breadcrumb","itemListElement":[{"@type":"ListItem","position":1,"name":"Inicio","item":"https:\/\/www.bbmnoticias.com\/labravaradiofm\/"},{"@type":"ListItem","position":2,"name":"El que cree que la transformaci\u00f3n duerme, se equivoca: Sheinbaum; quieren regresar al Porfiriato, se\u00f1ala"}]},{"@type":"WebSite","@id":"https:\/\/www.bbmnoticias.com\/labravaradiofm\/#website","url":"https:\/\/www.bbmnoticias.com\/labravaradiofm\/","name":"LA BRAVA RADIO","description":"Empresa productora de medios, Radiodifusi\u00f3n, Noticias, tendencias y todo lo que necesitas saber de la pol\u00edtica mexicana e internacional; entretenimiento, espect\u00e1culos, salud y mucho m\u00e1s.","potentialAction":[{"@type":"SearchAction","target":{"@type":"EntryPoint","urlTemplate":"https:\/\/www.bbmnoticias.com\/labravaradiofm\/?s={search_term_string}"},"query-input":{"@type":"PropertyValueSpecification","valueRequired":true,"valueName":"search_term_string"}}],"inLanguage":"es"},{"@type":"Person","@id":"https:\/\/www.bbmnoticias.com\/labravaradiofm\/#\/schema\/person\/78ff63fb371c799850071f4b5feb0b7a","name":"El Heraldo","image":{"@type":"ImageObject","inLanguage":"es","@id":"https:\/\/secure.gravatar.com\/avatar\/463017be041288b5a196814ef7242bd62699b857f306e4b5b61b533e8a87f404?s=96&d=mm&r=g","url":"https:\/\/secure.gravatar.com\/avatar\/463017be041288b5a196814ef7242bd62699b857f306e4b5b61b533e8a87f404?s=96&d=mm&r=g","contentUrl":"https:\/\/secure.gravatar.com\/avatar\/463017be041288b5a196814ef7242bd62699b857f306e4b5b61b533e8a87f404?s=96&d=mm&r=g","caption":"El Heraldo"},"url":"https:\/\/www.bbmnoticias.com\/labravaradiofm\/author\/heraldo\/"}]}},"_links":{"self":[{"href":"https:\/\/www.bbmnoticias.com\/labravaradiofm\/wp-json\/wp\/v2\/posts\/70069","targetHints":{"allow":["GET"]}}],"collection":[{"href":"https:\/\/www.bbmnoticias.com\/labravaradiofm\/wp-json\/wp\/v2\/posts"}],"about":[{"href":"https:\/\/www.bbmnoticias.com\/labravaradiofm\/wp-json\/wp\/v2\/types\/post"}],"author":[{"embeddable":true,"href":"https:\/\/www.bbmnoticias.com\/labravaradiofm\/wp-json\/wp\/v2\/users\/15"}],"replies":[{"embeddable":true,"href":"https:\/\/www.bbmnoticias.com\/labravaradiofm\/wp-json\/wp\/v2\/comments?post=70069"}],"version-history":[{"count":0,"href":"https:\/\/www.bbmnoticias.com\/labravaradiofm\/wp-json\/wp\/v2\/posts\/70069\/revisions"}],"wp:featuredmedia":[{"embeddable":true,"href":"https:\/\/www.bbmnoticias.com\/labravaradiofm\/wp-json\/wp\/v2\/media\/70071"}],"wp:attachment":[{"href":"https:\/\/www.bbmnoticias.com\/labravaradiofm\/wp-json\/wp\/v2\/media?parent=70069"}],"wp:term":[{"taxonomy":"category","embeddable":true,"href":"https:\/\/www.bbmnoticias.com\/labravaradiofm\/wp-json\/wp\/v2\/categories?post=70069"},{"taxonomy":"post_tag","embeddable":true,"href":"https:\/\/www.bbmnoticias.com\/labravaradiofm\/wp-json\/wp\/v2\/tags?post=70069"}],"curies":[{"name":"wp","href":"https:\/\/api.w.org\/{rel}","templated":true}]}}