{"id":70066,"date":"2025-11-20T12:22:52","date_gmt":"2025-11-20T18:22:52","guid":{"rendered":"https:\/\/www.bbmnoticias.com\/labravaradiofm\/2025\/11\/20\/hombre-graba-accidente-y-por-ir-distraido-choca-contra-una-moto-eso-me-pasa-por-mitotero\/"},"modified":"2025-11-20T12:30:15","modified_gmt":"2025-11-20T18:30:15","slug":"hombre-graba-accidente-y-por-ir-distraido-choca-contra-una-moto-eso-me-pasa-por-mitotero","status":"publish","type":"post","link":"https:\/\/www.bbmnoticias.com\/labravaradiofm\/2025\/11\/20\/hombre-graba-accidente-y-por-ir-distraido-choca-contra-una-moto-eso-me-pasa-por-mitotero\/","title":{"rendered":"Hombre graba accidente y por ir distra\u00eddo choca contra una moto: &#8220;Eso me pasa por mitotero&#8221;"},"content":{"rendered":"<div style=\"margin-top: 0px; margin-bottom: 0px;\" class=\"sharethis-inline-share-buttons\" ><\/div>\n<p>\u00bfTe imaginas ir <strong>grabando un accidente<\/strong> y que por un <strong>descuido <\/strong>termines ocasionando otro <strong>siniestro<\/strong>? Esto fue exactamente lo que le pas\u00f3 a un <strong>hombre <\/strong>quien mientras iba <strong>conduciendo <\/strong>su auto, pas\u00f3 por una zona en la que minutos antes hab\u00eda ocurrido un <strong>percance via<\/strong>l que dej\u00f3 a una <strong>v\u00edctima sobre el asfalto<\/strong> y una <strong>motocicleta <\/strong>en plena avenida.\u00a0<\/p>\n\n\n\n<p>A trav\u00e9s de <strong>TikTok<\/strong>, un hombre de nombre <strong>Rub\u00e9n Salas <\/strong>comparti\u00f3 la<strong> grabaci\u00f3n del momento exacto <\/strong>en el que por distra\u00eddo termin\u00f3 <strong>chocando <\/strong>contra una <strong>motocicleta <\/strong>en un momento que se volvi\u00f3 sumamente <strong>viral <\/strong>en <strong>redes sociales<\/strong>. \u00a1Pues adem\u00e1s se accident\u00f3 frente a una <strong>patrulla <\/strong>que ya auxiliaba a las <strong>v\u00edctimas <\/strong>del primer <strong>incidente<\/strong>!<\/p>\n\n\n\n<p>El video de escasos 24 segundos muestra la escena de un <strong>accidente<\/strong>, mientras el <strong>conductor <\/strong>graba con su celular para dar aviso de una <strong>persona atropellada,<\/strong> mismo que ya era atendido por un grupo de <strong>polic\u00edas<\/strong>. Pero su error fue<strong> no frenar la marcha<\/strong> y continuar <strong>manejando<\/strong>, aparentemente sin prestar atenci\u00f3n al camino.&nbsp;<\/p>\n\n\n\n<p>\u201cAqu\u00ed tenemos un accidente, atropellaron a una persona, est\u00e1n los oficiales aqu\u00ed\u2026 \u00a1A la v*\u201d$%!\u201d, se le escucha decir al hombre.<\/p>\n\n\n\n<p>En el clip no solo se muestra el movimiento brusco a bordo de la unidad, sino tambi\u00e9n el impacto de la hojalater\u00eda de la <strong>moto <\/strong>con el auto. Enseguida, un <strong>hombre <\/strong>desde afuera le grita al <strong>conductor<\/strong>: \u201c\u00bfNo est\u00e1s viendo, p*%&amp;\/jo?\u201d.&nbsp;<\/p>\n\n\n\n<p>Mientras tanto, el <strong>conductor <\/strong>y su <strong>copiloto <\/strong>se hablan el uno al otro para mencionar que la <strong>motocicleta <\/strong>no se ve\u00eda a simple vista; sin embargo, todo parece indicar que la unidad estaba parada a media calle, aunque se desconoce si estuvo involucrada en el <strong>primer accidente.&nbsp;<\/strong><\/p>\n\n\n\n<p>No se sabe cu\u00e1l fue el final de esta <strong>historia<\/strong>; sin embargo, el video ya acumula m\u00e1s de 12 millones de reproducciones en <strong>TikTok <\/strong>y adem\u00e1s de que el hombre se burl\u00f3 de s\u00ed mismo por el <strong>incidente <\/strong>al decir:<strong> \u201cEso me pasa por mitotero\u201d,<\/strong> en redes los internautas tambi\u00e9n reaccionaron con humor a la situaci\u00f3n.&nbsp;<\/p>\n\n\n\n<p>En la secci\u00f3n de comentarios se leen mensajes como:<\/p>\n\n\n\n<ul class=\"wp-block-list\">\n<li>Aqu\u00ed tenemos un accidente\u2026 y aqu\u00ed tenemos otro.\u00a0<\/li>\n\n\n\n<li>No se mira o no la miraste.<\/li>\n\n\n\n<li>Y por qu\u00e9 hab\u00eda una moto parada en ese carril?<\/li>\n\n\n\n<li>Y le echa la culpa a la moto.\u00a0<\/li>\n\n\n\n<li>El de la moto: Eh, wey mi moto.\u00a0<\/li>\n\n\n\n<li>Pinchi moto qu\u00e9 no ves que voy grabando.\u00a0<\/li>\n\n\n\n<li>No la vio por ir haciendo el video.\u00a0<\/li>\n\n\n\n<li>De espectador a protagonista.\u00a0<\/li>\n\n\n\n<li>Pues c\u00f3mo la vas a ver si vas viendo para otro lado.\u00a0<\/li>\n\n\n\n<li>Aqu\u00ed tenemos un accidente y aqu\u00ed caus\u00e9 otro yo jajajaa<\/li>\n\n\n\n<li>Hasta las ganas de grabar se le quitaron.<\/li>\n<\/ul>\n\n\n\n<figure class=\"wp-block-embed is-type-video is-provider-tiktok wp-block-embed-tiktok\"><div class=\"wp-block-embed__wrapper\">\n<blockquote class=\"tiktok-embed\" cite=\"https:\/\/www.tiktok.com\/@rubensalas43\/video\/7573529610747415839\" data-video-id=\"7573529610747415839\" data-embed-from=\"oembed\" style=\"max-width:605px; min-width:325px;\"> <section> <a target=\"_blank\" title=\"@rubensalas43\" href=\"https:\/\/www.tiktok.com\/@rubensalas43?refer=embed\">@rubensalas43<\/a> <p><\/p> <a target=\"_blank\" title=\"\u266c sonido original - Ruben Salas\" href=\"https:\/\/www.tiktok.com\/music\/sonido-original-7573530070892579614?refer=embed\">\u266c sonido original &#8211; Ruben Salas<\/a> <\/section> <\/blockquote> <script async src=\"https:\/\/www.tiktok.com\/embed.js\"><\/script>\n<\/div><\/figure>\n","protected":false},"excerpt":{"rendered":"<p>\u00bfTe imaginas ir grabando un accidente y que por un descuido termines ocasionando otro siniestro? Esto fue exactamente lo que le pas\u00f3 a un hombre quien mientras iba conduciendo su auto, pas\u00f3 por una zona en la que minutos antes hab\u00eda ocurrido un percance vial que dej\u00f3 a una v\u00edctima sobre el asfalto y una [&hellip;]<\/p>\n","protected":false},"author":2,"featured_media":70068,"comment_status":"closed","ping_status":"","sticky":false,"template":"","format":"standard","meta":{"footnotes":""},"categories":[949,2,19],"tags":[],"class_list":{"0":"post-70066","1":"post","2":"type-post","3":"status-publish","4":"format-standard","5":"has-post-thumbnail","7":"category-espectaculos","8":"category-oaxaca","9":"category-nacional"},"yoast_head":"<!-- This site is optimized with the Yoast SEO plugin v27.4 - https:\/\/yoast.com\/product\/yoast-seo-wordpress\/ -->\n<title>Hombre graba accidente y por ir distra\u00eddo choca contra una moto: &quot;Eso me pasa por mitotero&quot; - LA BRAVA RADIO<\/title>\n<meta name=\"robots\" content=\"index, follow, max-snippet:-1, max-image-preview:large, max-video-preview:-1\" \/>\n<link rel=\"canonical\" href=\"https:\/\/www.bbmnoticias.com\/hombre-graba-accidente-y-por-ir-distraido-choca-contra-una-moto-eso-me-pasa-por-mitotero\/\" \/>\n<meta property=\"og:locale\" content=\"es_MX\" \/>\n<meta property=\"og:type\" content=\"article\" \/>\n<meta property=\"og:title\" content=\"Hombre graba accidente y por ir distra\u00eddo choca contra una moto: &quot;Eso me pasa por mitotero&quot; - LA BRAVA RADIO\" \/>\n<meta property=\"og:description\" content=\"\u00bfTe imaginas ir grabando un accidente y que por un descuido termines ocasionando otro siniestro? Esto fue exactamente lo que le pas\u00f3 a un hombre quien mientras iba conduciendo su auto, pas\u00f3 por una zona en la que minutos antes hab\u00eda ocurrido un percance vial que dej\u00f3 a una v\u00edctima sobre el asfalto y una [&hellip;]\" \/>\n<meta property=\"og:url\" content=\"https:\/\/www.bbmnoticias.com\/hombre-graba-accidente-y-por-ir-distraido-choca-contra-una-moto-eso-me-pasa-por-mitotero\/\" \/>\n<meta property=\"og:site_name\" content=\"LA BRAVA RADIO\" \/>\n<meta property=\"article:published_time\" content=\"2025-11-20T18:22:52+00:00\" \/>\n<meta property=\"article:modified_time\" content=\"2025-11-20T18:30:15+00:00\" \/>\n<meta property=\"og:image\" content=\"https:\/\/www.bbmnoticias.com\/labravaradiofm\/wp-content\/uploads\/sites\/5\/2025\/11\/f768x1-1211911_1212038_5050.jpg\" \/>\n\t<meta property=\"og:image:width\" content=\"768\" \/>\n\t<meta property=\"og:image:height\" content=\"503\" \/>\n\t<meta property=\"og:image:type\" content=\"image\/jpeg\" \/>\n<meta name=\"author\" content=\"Staff\" \/>\n<meta name=\"twitter:card\" content=\"summary_large_image\" \/>\n<meta name=\"twitter:label1\" content=\"Escrito por\" \/>\n\t<meta name=\"twitter:data1\" content=\"Staff\" \/>\n\t<meta name=\"twitter:label2\" content=\"Tiempo de lectura\" \/>\n\t<meta name=\"twitter:data2\" content=\"3 minutos\" \/>\n<script type=\"application\/ld+json\" class=\"yoast-schema-graph\">{\"@context\":\"https:\\\/\\\/schema.org\",\"@graph\":[{\"@type\":\"Article\",\"@id\":\"https:\\\/\\\/www.bbmnoticias.com\\\/hombre-graba-accidente-y-por-ir-distraido-choca-contra-una-moto-eso-me-pasa-por-mitotero\\\/#article\",\"isPartOf\":{\"@id\":\"https:\\\/\\\/www.bbmnoticias.com\\\/labravaradiofm\\\/2025\\\/11\\\/20\\\/hombre-graba-accidente-y-por-ir-distraido-choca-contra-una-moto-eso-me-pasa-por-mitotero\\\/\"},\"author\":{\"name\":\"Staff\",\"@id\":\"https:\\\/\\\/www.bbmnoticias.com\\\/labravaradiofm\\\/#\\\/schema\\\/person\\\/68a9e9036ef3c5b55aeb2b71dc8bab45\"},\"headline\":\"Hombre graba accidente y por ir distra\u00eddo choca contra una moto: &#8220;Eso me pasa por mitotero&#8221;\",\"datePublished\":\"2025-11-20T18:22:52+00:00\",\"dateModified\":\"2025-11-20T18:30:15+00:00\",\"mainEntityOfPage\":{\"@id\":\"https:\\\/\\\/www.bbmnoticias.com\\\/labravaradiofm\\\/2025\\\/11\\\/20\\\/hombre-graba-accidente-y-por-ir-distraido-choca-contra-una-moto-eso-me-pasa-por-mitotero\\\/\"},\"wordCount\":522,\"image\":{\"@id\":\"https:\\\/\\\/www.bbmnoticias.com\\\/hombre-graba-accidente-y-por-ir-distraido-choca-contra-una-moto-eso-me-pasa-por-mitotero\\\/#primaryimage\"},\"thumbnailUrl\":\"https:\\\/\\\/www.bbmnoticias.com\\\/labravaradiofm\\\/wp-content\\\/uploads\\\/sites\\\/5\\\/2025\\\/11\\\/f768x1-1211911_1212038_5050.jpg\",\"articleSection\":[\"ESPECT\u00c1CULOS\",\"LOCAL\",\"NACIONAL\"],\"inLanguage\":\"es\"},{\"@type\":\"WebPage\",\"@id\":\"https:\\\/\\\/www.bbmnoticias.com\\\/labravaradiofm\\\/2025\\\/11\\\/20\\\/hombre-graba-accidente-y-por-ir-distraido-choca-contra-una-moto-eso-me-pasa-por-mitotero\\\/\",\"url\":\"https:\\\/\\\/www.bbmnoticias.com\\\/hombre-graba-accidente-y-por-ir-distraido-choca-contra-una-moto-eso-me-pasa-por-mitotero\\\/\",\"name\":\"Hombre graba accidente y por ir distra\u00eddo choca contra una moto: \\\"Eso me pasa por mitotero\\\" - LA BRAVA RADIO\",\"isPartOf\":{\"@id\":\"https:\\\/\\\/www.bbmnoticias.com\\\/labravaradiofm\\\/#website\"},\"primaryImageOfPage\":{\"@id\":\"https:\\\/\\\/www.bbmnoticias.com\\\/hombre-graba-accidente-y-por-ir-distraido-choca-contra-una-moto-eso-me-pasa-por-mitotero\\\/#primaryimage\"},\"image\":{\"@id\":\"https:\\\/\\\/www.bbmnoticias.com\\\/hombre-graba-accidente-y-por-ir-distraido-choca-contra-una-moto-eso-me-pasa-por-mitotero\\\/#primaryimage\"},\"thumbnailUrl\":\"https:\\\/\\\/www.bbmnoticias.com\\\/labravaradiofm\\\/wp-content\\\/uploads\\\/sites\\\/5\\\/2025\\\/11\\\/f768x1-1211911_1212038_5050.jpg\",\"datePublished\":\"2025-11-20T18:22:52+00:00\",\"dateModified\":\"2025-11-20T18:30:15+00:00\",\"author\":{\"@id\":\"https:\\\/\\\/www.bbmnoticias.com\\\/labravaradiofm\\\/#\\\/schema\\\/person\\\/68a9e9036ef3c5b55aeb2b71dc8bab45\"},\"breadcrumb\":{\"@id\":\"https:\\\/\\\/www.bbmnoticias.com\\\/hombre-graba-accidente-y-por-ir-distraido-choca-contra-una-moto-eso-me-pasa-por-mitotero\\\/#breadcrumb\"},\"inLanguage\":\"es\",\"potentialAction\":[{\"@type\":\"ReadAction\",\"target\":[\"https:\\\/\\\/www.bbmnoticias.com\\\/hombre-graba-accidente-y-por-ir-distraido-choca-contra-una-moto-eso-me-pasa-por-mitotero\\\/\"]}]},{\"@type\":\"ImageObject\",\"inLanguage\":\"es\",\"@id\":\"https:\\\/\\\/www.bbmnoticias.com\\\/hombre-graba-accidente-y-por-ir-distraido-choca-contra-una-moto-eso-me-pasa-por-mitotero\\\/#primaryimage\",\"url\":\"https:\\\/\\\/www.bbmnoticias.com\\\/labravaradiofm\\\/wp-content\\\/uploads\\\/sites\\\/5\\\/2025\\\/11\\\/f768x1-1211911_1212038_5050.jpg\",\"contentUrl\":\"https:\\\/\\\/www.bbmnoticias.com\\\/labravaradiofm\\\/wp-content\\\/uploads\\\/sites\\\/5\\\/2025\\\/11\\\/f768x1-1211911_1212038_5050.jpg\",\"width\":768,\"height\":503},{\"@type\":\"BreadcrumbList\",\"@id\":\"https:\\\/\\\/www.bbmnoticias.com\\\/hombre-graba-accidente-y-por-ir-distraido-choca-contra-una-moto-eso-me-pasa-por-mitotero\\\/#breadcrumb\",\"itemListElement\":[{\"@type\":\"ListItem\",\"position\":1,\"name\":\"Inicio\",\"item\":\"https:\\\/\\\/www.bbmnoticias.com\\\/labravaradiofm\\\/\"},{\"@type\":\"ListItem\",\"position\":2,\"name\":\"Hombre graba accidente y por ir distra\u00eddo choca contra una moto: &#8220;Eso me pasa por mitotero&#8221;\"}]},{\"@type\":\"WebSite\",\"@id\":\"https:\\\/\\\/www.bbmnoticias.com\\\/labravaradiofm\\\/#website\",\"url\":\"https:\\\/\\\/www.bbmnoticias.com\\\/labravaradiofm\\\/\",\"name\":\"LA BRAVA RADIO\",\"description\":\"Empresa productora de medios, Radiodifusi\u00f3n, Noticias, tendencias y todo lo que necesitas saber de la pol\u00edtica mexicana e internacional; entretenimiento, espect\u00e1culos, salud y mucho m\u00e1s.\",\"potentialAction\":[{\"@type\":\"SearchAction\",\"target\":{\"@type\":\"EntryPoint\",\"urlTemplate\":\"https:\\\/\\\/www.bbmnoticias.com\\\/labravaradiofm\\\/?s={search_term_string}\"},\"query-input\":{\"@type\":\"PropertyValueSpecification\",\"valueRequired\":true,\"valueName\":\"search_term_string\"}}],\"inLanguage\":\"es\"},{\"@type\":\"Person\",\"@id\":\"https:\\\/\\\/www.bbmnoticias.com\\\/labravaradiofm\\\/#\\\/schema\\\/person\\\/68a9e9036ef3c5b55aeb2b71dc8bab45\",\"name\":\"Staff\",\"image\":{\"@type\":\"ImageObject\",\"inLanguage\":\"es\",\"@id\":\"https:\\\/\\\/secure.gravatar.com\\\/avatar\\\/fdd21ad66fd8b98c407f9dee5b5e588cfe7f0d8579ec20fa6527cd59bab7f0f0?s=96&d=mm&r=g\",\"url\":\"https:\\\/\\\/secure.gravatar.com\\\/avatar\\\/fdd21ad66fd8b98c407f9dee5b5e588cfe7f0d8579ec20fa6527cd59bab7f0f0?s=96&d=mm&r=g\",\"contentUrl\":\"https:\\\/\\\/secure.gravatar.com\\\/avatar\\\/fdd21ad66fd8b98c407f9dee5b5e588cfe7f0d8579ec20fa6527cd59bab7f0f0?s=96&d=mm&r=g\",\"caption\":\"Staff\"},\"url\":\"https:\\\/\\\/www.bbmnoticias.com\\\/labravaradiofm\\\/author\\\/redaccion\\\/\"}]}<\/script>\n<!-- \/ Yoast SEO plugin. -->","yoast_head_json":{"title":"Hombre graba accidente y por ir distra\u00eddo choca contra una moto: \"Eso me pasa por mitotero\" - LA BRAVA RADIO","robots":{"index":"index","follow":"follow","max-snippet":"max-snippet:-1","max-image-preview":"max-image-preview:large","max-video-preview":"max-video-preview:-1"},"canonical":"https:\/\/www.bbmnoticias.com\/hombre-graba-accidente-y-por-ir-distraido-choca-contra-una-moto-eso-me-pasa-por-mitotero\/","og_locale":"es_MX","og_type":"article","og_title":"Hombre graba accidente y por ir distra\u00eddo choca contra una moto: \"Eso me pasa por mitotero\" - LA BRAVA RADIO","og_description":"\u00bfTe imaginas ir grabando un accidente y que por un descuido termines ocasionando otro siniestro? Esto fue exactamente lo que le pas\u00f3 a un hombre quien mientras iba conduciendo su auto, pas\u00f3 por una zona en la que minutos antes hab\u00eda ocurrido un percance vial que dej\u00f3 a una v\u00edctima sobre el asfalto y una [&hellip;]","og_url":"https:\/\/www.bbmnoticias.com\/hombre-graba-accidente-y-por-ir-distraido-choca-contra-una-moto-eso-me-pasa-por-mitotero\/","og_site_name":"LA BRAVA RADIO","article_published_time":"2025-11-20T18:22:52+00:00","article_modified_time":"2025-11-20T18:30:15+00:00","og_image":[{"width":768,"height":503,"url":"https:\/\/www.bbmnoticias.com\/labravaradiofm\/wp-content\/uploads\/sites\/5\/2025\/11\/f768x1-1211911_1212038_5050.jpg","type":"image\/jpeg"}],"author":"Staff","twitter_card":"summary_large_image","twitter_misc":{"Escrito por":"Staff","Tiempo de lectura":"3 minutos"},"schema":{"@context":"https:\/\/schema.org","@graph":[{"@type":"Article","@id":"https:\/\/www.bbmnoticias.com\/hombre-graba-accidente-y-por-ir-distraido-choca-contra-una-moto-eso-me-pasa-por-mitotero\/#article","isPartOf":{"@id":"https:\/\/www.bbmnoticias.com\/labravaradiofm\/2025\/11\/20\/hombre-graba-accidente-y-por-ir-distraido-choca-contra-una-moto-eso-me-pasa-por-mitotero\/"},"author":{"name":"Staff","@id":"https:\/\/www.bbmnoticias.com\/labravaradiofm\/#\/schema\/person\/68a9e9036ef3c5b55aeb2b71dc8bab45"},"headline":"Hombre graba accidente y por ir distra\u00eddo choca contra una moto: &#8220;Eso me pasa por mitotero&#8221;","datePublished":"2025-11-20T18:22:52+00:00","dateModified":"2025-11-20T18:30:15+00:00","mainEntityOfPage":{"@id":"https:\/\/www.bbmnoticias.com\/labravaradiofm\/2025\/11\/20\/hombre-graba-accidente-y-por-ir-distraido-choca-contra-una-moto-eso-me-pasa-por-mitotero\/"},"wordCount":522,"image":{"@id":"https:\/\/www.bbmnoticias.com\/hombre-graba-accidente-y-por-ir-distraido-choca-contra-una-moto-eso-me-pasa-por-mitotero\/#primaryimage"},"thumbnailUrl":"https:\/\/www.bbmnoticias.com\/labravaradiofm\/wp-content\/uploads\/sites\/5\/2025\/11\/f768x1-1211911_1212038_5050.jpg","articleSection":["ESPECT\u00c1CULOS","LOCAL","NACIONAL"],"inLanguage":"es"},{"@type":"WebPage","@id":"https:\/\/www.bbmnoticias.com\/labravaradiofm\/2025\/11\/20\/hombre-graba-accidente-y-por-ir-distraido-choca-contra-una-moto-eso-me-pasa-por-mitotero\/","url":"https:\/\/www.bbmnoticias.com\/hombre-graba-accidente-y-por-ir-distraido-choca-contra-una-moto-eso-me-pasa-por-mitotero\/","name":"Hombre graba accidente y por ir distra\u00eddo choca contra una moto: \"Eso me pasa por mitotero\" - LA BRAVA RADIO","isPartOf":{"@id":"https:\/\/www.bbmnoticias.com\/labravaradiofm\/#website"},"primaryImageOfPage":{"@id":"https:\/\/www.bbmnoticias.com\/hombre-graba-accidente-y-por-ir-distraido-choca-contra-una-moto-eso-me-pasa-por-mitotero\/#primaryimage"},"image":{"@id":"https:\/\/www.bbmnoticias.com\/hombre-graba-accidente-y-por-ir-distraido-choca-contra-una-moto-eso-me-pasa-por-mitotero\/#primaryimage"},"thumbnailUrl":"https:\/\/www.bbmnoticias.com\/labravaradiofm\/wp-content\/uploads\/sites\/5\/2025\/11\/f768x1-1211911_1212038_5050.jpg","datePublished":"2025-11-20T18:22:52+00:00","dateModified":"2025-11-20T18:30:15+00:00","author":{"@id":"https:\/\/www.bbmnoticias.com\/labravaradiofm\/#\/schema\/person\/68a9e9036ef3c5b55aeb2b71dc8bab45"},"breadcrumb":{"@id":"https:\/\/www.bbmnoticias.com\/hombre-graba-accidente-y-por-ir-distraido-choca-contra-una-moto-eso-me-pasa-por-mitotero\/#breadcrumb"},"inLanguage":"es","potentialAction":[{"@type":"ReadAction","target":["https:\/\/www.bbmnoticias.com\/hombre-graba-accidente-y-por-ir-distraido-choca-contra-una-moto-eso-me-pasa-por-mitotero\/"]}]},{"@type":"ImageObject","inLanguage":"es","@id":"https:\/\/www.bbmnoticias.com\/hombre-graba-accidente-y-por-ir-distraido-choca-contra-una-moto-eso-me-pasa-por-mitotero\/#primaryimage","url":"https:\/\/www.bbmnoticias.com\/labravaradiofm\/wp-content\/uploads\/sites\/5\/2025\/11\/f768x1-1211911_1212038_5050.jpg","contentUrl":"https:\/\/www.bbmnoticias.com\/labravaradiofm\/wp-content\/uploads\/sites\/5\/2025\/11\/f768x1-1211911_1212038_5050.jpg","width":768,"height":503},{"@type":"BreadcrumbList","@id":"https:\/\/www.bbmnoticias.com\/hombre-graba-accidente-y-por-ir-distraido-choca-contra-una-moto-eso-me-pasa-por-mitotero\/#breadcrumb","itemListElement":[{"@type":"ListItem","position":1,"name":"Inicio","item":"https:\/\/www.bbmnoticias.com\/labravaradiofm\/"},{"@type":"ListItem","position":2,"name":"Hombre graba accidente y por ir distra\u00eddo choca contra una moto: &#8220;Eso me pasa por mitotero&#8221;"}]},{"@type":"WebSite","@id":"https:\/\/www.bbmnoticias.com\/labravaradiofm\/#website","url":"https:\/\/www.bbmnoticias.com\/labravaradiofm\/","name":"LA BRAVA RADIO","description":"Empresa productora de medios, Radiodifusi\u00f3n, Noticias, tendencias y todo lo que necesitas saber de la pol\u00edtica mexicana e internacional; entretenimiento, espect\u00e1culos, salud y mucho m\u00e1s.","potentialAction":[{"@type":"SearchAction","target":{"@type":"EntryPoint","urlTemplate":"https:\/\/www.bbmnoticias.com\/labravaradiofm\/?s={search_term_string}"},"query-input":{"@type":"PropertyValueSpecification","valueRequired":true,"valueName":"search_term_string"}}],"inLanguage":"es"},{"@type":"Person","@id":"https:\/\/www.bbmnoticias.com\/labravaradiofm\/#\/schema\/person\/68a9e9036ef3c5b55aeb2b71dc8bab45","name":"Staff","image":{"@type":"ImageObject","inLanguage":"es","@id":"https:\/\/secure.gravatar.com\/avatar\/fdd21ad66fd8b98c407f9dee5b5e588cfe7f0d8579ec20fa6527cd59bab7f0f0?s=96&d=mm&r=g","url":"https:\/\/secure.gravatar.com\/avatar\/fdd21ad66fd8b98c407f9dee5b5e588cfe7f0d8579ec20fa6527cd59bab7f0f0?s=96&d=mm&r=g","contentUrl":"https:\/\/secure.gravatar.com\/avatar\/fdd21ad66fd8b98c407f9dee5b5e588cfe7f0d8579ec20fa6527cd59bab7f0f0?s=96&d=mm&r=g","caption":"Staff"},"url":"https:\/\/www.bbmnoticias.com\/labravaradiofm\/author\/redaccion\/"}]}},"_links":{"self":[{"href":"https:\/\/www.bbmnoticias.com\/labravaradiofm\/wp-json\/wp\/v2\/posts\/70066","targetHints":{"allow":["GET"]}}],"collection":[{"href":"https:\/\/www.bbmnoticias.com\/labravaradiofm\/wp-json\/wp\/v2\/posts"}],"about":[{"href":"https:\/\/www.bbmnoticias.com\/labravaradiofm\/wp-json\/wp\/v2\/types\/post"}],"author":[{"embeddable":true,"href":"https:\/\/www.bbmnoticias.com\/labravaradiofm\/wp-json\/wp\/v2\/users\/2"}],"replies":[{"embeddable":true,"href":"https:\/\/www.bbmnoticias.com\/labravaradiofm\/wp-json\/wp\/v2\/comments?post=70066"}],"version-history":[{"count":0,"href":"https:\/\/www.bbmnoticias.com\/labravaradiofm\/wp-json\/wp\/v2\/posts\/70066\/revisions"}],"wp:featuredmedia":[{"embeddable":true,"href":"https:\/\/www.bbmnoticias.com\/labravaradiofm\/wp-json\/wp\/v2\/media\/70068"}],"wp:attachment":[{"href":"https:\/\/www.bbmnoticias.com\/labravaradiofm\/wp-json\/wp\/v2\/media?parent=70066"}],"wp:term":[{"taxonomy":"category","embeddable":true,"href":"https:\/\/www.bbmnoticias.com\/labravaradiofm\/wp-json\/wp\/v2\/categories?post=70066"},{"taxonomy":"post_tag","embeddable":true,"href":"https:\/\/www.bbmnoticias.com\/labravaradiofm\/wp-json\/wp\/v2\/tags?post=70066"}],"curies":[{"name":"wp","href":"https:\/\/api.w.org\/{rel}","templated":true}]}}