{"id":70057,"date":"2025-11-20T11:54:21","date_gmt":"2025-11-20T17:54:21","guid":{"rendered":"https:\/\/www.bbmnoticias.com\/labravaradiofm\/2025\/11\/20\/el-museo-del-prado-expone-un-murillo-robado-en-1897\/"},"modified":"2025-11-20T11:54:42","modified_gmt":"2025-11-20T17:54:42","slug":"el-museo-del-prado-expone-un-murillo-robado-en-1897","status":"publish","type":"post","link":"https:\/\/www.bbmnoticias.com\/labravaradiofm\/2025\/11\/20\/el-museo-del-prado-expone-un-murillo-robado-en-1897\/","title":{"rendered":"El Museo del Prado expone un Murillo Robado en 1897"},"content":{"rendered":"<div style=\"margin-top: 0px; margin-bottom: 0px;\" class=\"sharethis-inline-share-buttons\" ><\/div>\n<p><strong>Madrid, Espa\u00f1a.<\/strong>&#8211;&nbsp; Los visitantes que vayan al Museo del Prado en Madrid; en las vacaciones de invierno pueden ver \u201cSanta Ana dando una lecci\u00f3n a la Virgen\u201d se trata del boceto de mano del artista,&nbsp; Bartolom\u00e9 Esteban Murillo fue un pintor barroco espa\u00f1ol. La obra que se ver\u00e1&nbsp; proven\u00eda de la colecci\u00f3n de Isabel de Farnesio, fue sustra\u00edda en el Prado a finales del XIX y estaba expuesto en Pau, Francia.<\/p>\n\n\n\n<p>Est\u00e1 historia es de pel\u00edcula con un final feliz. Resulta que durante una misi\u00f3n de inventario dirigida por el Museo del Louvre en el Museo de Pau en 2024 (operaci\u00f3n obligatoria cada 10 a\u00f1os desde la aprobaci\u00f3n de una norma que obliga a catalogar todas las obras) uno de los t\u00e9cnicos encargados consider\u00f3 la posibilidad de que&nbsp; la obra de \u201cSanta Ana dando una lecci\u00f3n a la Virgen\u201d correspondiera al autor sevillano.<\/p>\n\n\n\n<p>Voceros del Prado informan que gracias a la colaboraci\u00f3n de las autoridades culturales de ambos pa\u00edses y los Museos de Pau y el Louvre.&nbsp; El Museo del Prado expondr\u00e1 un Murillo robado en 1897 que se exhib\u00eda en Francia. El cuadro llega como cesi\u00f3n temporal por diez a\u00f1os a la espera de una norma que prepara el Gobierno franc\u00e9s para abordar este tipo de situaciones. El Museo Nacional del Prado se ha coordinado con el Ministerio de Cultura para los tr\u00e1mites de traslado y pr\u00e9stamo, asumidos desde el Museo.<\/p>\n\n\n\n<p>Informan que la posibilidad de que el cuadro estuviera en Pau ya se recog\u00eda en la prensa espa\u00f1ola de comienzos del siglo XX. En 1906 se pod\u00eda leer que \u2018un boceto de Murillo recientemente desaparecido, pudiera encontrarse en un museo franc\u00e9s\u201d y en la investigaci\u00f3n posterior se ha encontrado un art\u00edculo del Imparcial de 20 de febrero de 1909 en el que se mencionaba en referencia a la obra que \u201cest\u00e1 expuesta al p\u00fablico en el Museo Municipal de Pau\u201d.<\/p>\n\n\n\n<p>Se han encontrado referencias similares en prensa en a\u00f1os posteriores, incluso en abril de 1936 el diario Ahora vuelve a hablar del robo, de su aparici\u00f3n en Pau y de las negociaciones llevadas a cabo con el director del museo franc\u00e9s para su restituci\u00f3n. La impresi\u00f3n de los encargados del inventario franc\u00e9s en Pau fue refrendada por el catedr\u00e1tico de Historia del Arte de la Universidad Complutense, Benito Navarrete, quien fue contactado por Charlotte Chastel-Rousseau, la especialista en pintura espa\u00f1ola del Museo del Louvre. El propio Navarrete puso al Museo del Prado al tanto de esta circunstancia.&nbsp;<\/p>\n\n\n\n<p>Agregan que sin embargo, la revisi\u00f3n de la documentaci\u00f3n oficial en el Archivo Hist\u00f3rico Nacional y en el Archivo General de la Administraci\u00f3n correspondiente a la Embajada y Consulados de Par\u00eds y Pau (1897-1917) no ha arrojado ning\u00fan dato. La pieza, que perteneci\u00f3 a la colecci\u00f3n de Isabel de Farnesio, ser\u00e1 expuesta pr\u00f3ximamente y se podr\u00e1 ver en el itinerario que el Prado dedicar\u00e1 a esta reina desde el pr\u00f3ximo d\u00eda 1 de diciembre, enmarcado en su proyecto \u201cEl Prado en femenino\u201d.<\/p>\n\n\n\n<p>Sobre el pintor voceros del Prado indican que: \u201cBartolom\u00e9 Esteban Murillo naci\u00f3 en Sevilla y fue bautizado all\u00ed el 1 de enero de 1618. Su padre, Gaspar Esteban, era barbero-cirujano; su madre, Mar\u00eda P\u00e9rez Murillo, proven\u00eda de una familia de plateros y pintores. Siguiendo la tradici\u00f3n andaluza, el pintor adopt\u00f3 el apellido materno, Murillo, en vez del paterno. Qued\u00f3 hu\u00e9rfano a la edad de nueve a\u00f1os cuando, en un plazo de seis meses, perdi\u00f3 a ambos padres&#8230;Murillo combina la influencia de la pintura de Francisco de Herrera el Viejo con el naturalismo y el tenebrismo de Francisco de Zurbar\u00e1n. En este per\u00edodo temprano pint\u00f3 a menudo im\u00e1genes de ni\u00f1os, por lo que adquiri\u00f3 fama en el extranjero, especialmente en Inglaterra y Francia. Sus pinturas de la Virgen y el Ni\u00f1o contribuyeron a popularizar a\u00fan m\u00e1s este tema.<\/p>\n\n\n\n<p>Murillo produjo una cantidad considerable de obras de car\u00e1cter religioso, entre ellas numerosas im\u00e1genes de la Inmaculada Concepci\u00f3n. Fue tambi\u00e9n uno de los m\u00e1s grandes retratistas de su \u00e9poca.<\/p>\n\n\n\n<p>En enero de 1660, Murillo, Francisco de Herrera el Joven y varios otros artistas prominentes fundaron la Real Academia de Bellas Artes de Santa Isabel de Hungr\u00eda en Sevilla, con Murillo como presidente. En 1663, Murillo se mud\u00f3 a la parroquia de San Bartolom\u00e9. Su esposa muri\u00f3 en diciembre de ese a\u00f1o. La d\u00e9cada siguiente a esta muerte fue la m\u00e1s prol\u00edfica del artista. Cuando trabajaba en un altar para la iglesia de Santa Catalina, en C\u00e1diz, Murillo sufri\u00f3 una ca\u00edda de un andamio. Falleci\u00f3 pocos meses m\u00e1s tarde.<\/p>\n","protected":false},"excerpt":{"rendered":"<p>Madrid, Espa\u00f1a.&#8211;&nbsp; Los visitantes que vayan al Museo del Prado en Madrid; en las vacaciones de invierno pueden ver \u201cSanta Ana dando una lecci\u00f3n a la Virgen\u201d se trata del boceto de mano del artista,&nbsp; Bartolom\u00e9 Esteban Murillo fue un pintor barroco espa\u00f1ol. La obra que se ver\u00e1&nbsp; proven\u00eda de la colecci\u00f3n de Isabel de [&hellip;]<\/p>\n","protected":false},"author":2,"featured_media":70059,"comment_status":"closed","ping_status":"","sticky":false,"template":"","format":"standard","meta":{"footnotes":""},"categories":[949,2],"tags":[],"class_list":{"0":"post-70057","1":"post","2":"type-post","3":"status-publish","4":"format-standard","5":"has-post-thumbnail","7":"category-espectaculos","8":"category-oaxaca"},"yoast_head":"<!-- This site is optimized with the Yoast SEO plugin v27.4 - https:\/\/yoast.com\/product\/yoast-seo-wordpress\/ -->\n<title>El Museo del Prado expone un Murillo Robado en 1897 - LA BRAVA RADIO<\/title>\n<meta name=\"robots\" content=\"index, follow, max-snippet:-1, max-image-preview:large, max-video-preview:-1\" \/>\n<link rel=\"canonical\" href=\"https:\/\/www.bbmnoticias.com\/el-museo-del-prado-expone-un-murillo-robado-en-1897\/\" \/>\n<meta property=\"og:locale\" content=\"es_MX\" \/>\n<meta property=\"og:type\" content=\"article\" \/>\n<meta property=\"og:title\" content=\"El Museo del Prado expone un Murillo Robado en 1897 - LA BRAVA RADIO\" \/>\n<meta property=\"og:description\" content=\"Madrid, Espa\u00f1a.&#8211;&nbsp; Los visitantes que vayan al Museo del Prado en Madrid; en las vacaciones de invierno pueden ver \u201cSanta Ana dando una lecci\u00f3n a la Virgen\u201d se trata del boceto de mano del artista,&nbsp; Bartolom\u00e9 Esteban Murillo fue un pintor barroco espa\u00f1ol. La obra que se ver\u00e1&nbsp; proven\u00eda de la colecci\u00f3n de Isabel de [&hellip;]\" \/>\n<meta property=\"og:url\" content=\"https:\/\/www.bbmnoticias.com\/el-museo-del-prado-expone-un-murillo-robado-en-1897\/\" \/>\n<meta property=\"og:site_name\" content=\"LA BRAVA RADIO\" \/>\n<meta property=\"article:published_time\" content=\"2025-11-20T17:54:21+00:00\" \/>\n<meta property=\"article:modified_time\" content=\"2025-11-20T17:54:42+00:00\" \/>\n<meta property=\"og:image\" content=\"https:\/\/www.bbmnoticias.com\/labravaradiofm\/wp-content\/uploads\/sites\/5\/2025\/11\/6563lo.jpg\" \/>\n\t<meta property=\"og:image:width\" content=\"915\" \/>\n\t<meta property=\"og:image:height\" content=\"737\" \/>\n\t<meta property=\"og:image:type\" content=\"image\/jpeg\" \/>\n<meta name=\"author\" content=\"Staff\" \/>\n<meta name=\"twitter:card\" content=\"summary_large_image\" \/>\n<meta name=\"twitter:label1\" content=\"Escrito por\" \/>\n\t<meta name=\"twitter:data1\" content=\"Staff\" \/>\n\t<meta name=\"twitter:label2\" content=\"Tiempo de lectura\" \/>\n\t<meta name=\"twitter:data2\" content=\"4 minutos\" \/>\n<script type=\"application\/ld+json\" class=\"yoast-schema-graph\">{\"@context\":\"https:\\\/\\\/schema.org\",\"@graph\":[{\"@type\":\"Article\",\"@id\":\"https:\\\/\\\/www.bbmnoticias.com\\\/el-museo-del-prado-expone-un-murillo-robado-en-1897\\\/#article\",\"isPartOf\":{\"@id\":\"https:\\\/\\\/www.bbmnoticias.com\\\/labravaradiofm\\\/2025\\\/11\\\/20\\\/el-museo-del-prado-expone-un-murillo-robado-en-1897\\\/\"},\"author\":{\"name\":\"Staff\",\"@id\":\"https:\\\/\\\/www.bbmnoticias.com\\\/labravaradiofm\\\/#\\\/schema\\\/person\\\/68a9e9036ef3c5b55aeb2b71dc8bab45\"},\"headline\":\"El Museo del Prado expone un Murillo Robado en 1897\",\"datePublished\":\"2025-11-20T17:54:21+00:00\",\"dateModified\":\"2025-11-20T17:54:42+00:00\",\"mainEntityOfPage\":{\"@id\":\"https:\\\/\\\/www.bbmnoticias.com\\\/labravaradiofm\\\/2025\\\/11\\\/20\\\/el-museo-del-prado-expone-un-murillo-robado-en-1897\\\/\"},\"wordCount\":823,\"image\":{\"@id\":\"https:\\\/\\\/www.bbmnoticias.com\\\/el-museo-del-prado-expone-un-murillo-robado-en-1897\\\/#primaryimage\"},\"thumbnailUrl\":\"https:\\\/\\\/www.bbmnoticias.com\\\/labravaradiofm\\\/wp-content\\\/uploads\\\/sites\\\/5\\\/2025\\\/11\\\/6563lo.jpg\",\"articleSection\":[\"ESPECT\u00c1CULOS\",\"LOCAL\"],\"inLanguage\":\"es\"},{\"@type\":\"WebPage\",\"@id\":\"https:\\\/\\\/www.bbmnoticias.com\\\/labravaradiofm\\\/2025\\\/11\\\/20\\\/el-museo-del-prado-expone-un-murillo-robado-en-1897\\\/\",\"url\":\"https:\\\/\\\/www.bbmnoticias.com\\\/el-museo-del-prado-expone-un-murillo-robado-en-1897\\\/\",\"name\":\"El Museo del Prado expone un Murillo Robado en 1897 - LA BRAVA RADIO\",\"isPartOf\":{\"@id\":\"https:\\\/\\\/www.bbmnoticias.com\\\/labravaradiofm\\\/#website\"},\"primaryImageOfPage\":{\"@id\":\"https:\\\/\\\/www.bbmnoticias.com\\\/el-museo-del-prado-expone-un-murillo-robado-en-1897\\\/#primaryimage\"},\"image\":{\"@id\":\"https:\\\/\\\/www.bbmnoticias.com\\\/el-museo-del-prado-expone-un-murillo-robado-en-1897\\\/#primaryimage\"},\"thumbnailUrl\":\"https:\\\/\\\/www.bbmnoticias.com\\\/labravaradiofm\\\/wp-content\\\/uploads\\\/sites\\\/5\\\/2025\\\/11\\\/6563lo.jpg\",\"datePublished\":\"2025-11-20T17:54:21+00:00\",\"dateModified\":\"2025-11-20T17:54:42+00:00\",\"author\":{\"@id\":\"https:\\\/\\\/www.bbmnoticias.com\\\/labravaradiofm\\\/#\\\/schema\\\/person\\\/68a9e9036ef3c5b55aeb2b71dc8bab45\"},\"breadcrumb\":{\"@id\":\"https:\\\/\\\/www.bbmnoticias.com\\\/el-museo-del-prado-expone-un-murillo-robado-en-1897\\\/#breadcrumb\"},\"inLanguage\":\"es\",\"potentialAction\":[{\"@type\":\"ReadAction\",\"target\":[\"https:\\\/\\\/www.bbmnoticias.com\\\/el-museo-del-prado-expone-un-murillo-robado-en-1897\\\/\"]}]},{\"@type\":\"ImageObject\",\"inLanguage\":\"es\",\"@id\":\"https:\\\/\\\/www.bbmnoticias.com\\\/el-museo-del-prado-expone-un-murillo-robado-en-1897\\\/#primaryimage\",\"url\":\"https:\\\/\\\/www.bbmnoticias.com\\\/labravaradiofm\\\/wp-content\\\/uploads\\\/sites\\\/5\\\/2025\\\/11\\\/6563lo.jpg\",\"contentUrl\":\"https:\\\/\\\/www.bbmnoticias.com\\\/labravaradiofm\\\/wp-content\\\/uploads\\\/sites\\\/5\\\/2025\\\/11\\\/6563lo.jpg\",\"width\":915,\"height\":737},{\"@type\":\"BreadcrumbList\",\"@id\":\"https:\\\/\\\/www.bbmnoticias.com\\\/el-museo-del-prado-expone-un-murillo-robado-en-1897\\\/#breadcrumb\",\"itemListElement\":[{\"@type\":\"ListItem\",\"position\":1,\"name\":\"Inicio\",\"item\":\"https:\\\/\\\/www.bbmnoticias.com\\\/labravaradiofm\\\/\"},{\"@type\":\"ListItem\",\"position\":2,\"name\":\"El Museo del Prado expone un Murillo Robado en 1897\"}]},{\"@type\":\"WebSite\",\"@id\":\"https:\\\/\\\/www.bbmnoticias.com\\\/labravaradiofm\\\/#website\",\"url\":\"https:\\\/\\\/www.bbmnoticias.com\\\/labravaradiofm\\\/\",\"name\":\"LA BRAVA RADIO\",\"description\":\"Empresa productora de medios, Radiodifusi\u00f3n, Noticias, tendencias y todo lo que necesitas saber de la pol\u00edtica mexicana e internacional; entretenimiento, espect\u00e1culos, salud y mucho m\u00e1s.\",\"potentialAction\":[{\"@type\":\"SearchAction\",\"target\":{\"@type\":\"EntryPoint\",\"urlTemplate\":\"https:\\\/\\\/www.bbmnoticias.com\\\/labravaradiofm\\\/?s={search_term_string}\"},\"query-input\":{\"@type\":\"PropertyValueSpecification\",\"valueRequired\":true,\"valueName\":\"search_term_string\"}}],\"inLanguage\":\"es\"},{\"@type\":\"Person\",\"@id\":\"https:\\\/\\\/www.bbmnoticias.com\\\/labravaradiofm\\\/#\\\/schema\\\/person\\\/68a9e9036ef3c5b55aeb2b71dc8bab45\",\"name\":\"Staff\",\"image\":{\"@type\":\"ImageObject\",\"inLanguage\":\"es\",\"@id\":\"https:\\\/\\\/secure.gravatar.com\\\/avatar\\\/fdd21ad66fd8b98c407f9dee5b5e588cfe7f0d8579ec20fa6527cd59bab7f0f0?s=96&d=mm&r=g\",\"url\":\"https:\\\/\\\/secure.gravatar.com\\\/avatar\\\/fdd21ad66fd8b98c407f9dee5b5e588cfe7f0d8579ec20fa6527cd59bab7f0f0?s=96&d=mm&r=g\",\"contentUrl\":\"https:\\\/\\\/secure.gravatar.com\\\/avatar\\\/fdd21ad66fd8b98c407f9dee5b5e588cfe7f0d8579ec20fa6527cd59bab7f0f0?s=96&d=mm&r=g\",\"caption\":\"Staff\"},\"url\":\"https:\\\/\\\/www.bbmnoticias.com\\\/labravaradiofm\\\/author\\\/redaccion\\\/\"}]}<\/script>\n<!-- \/ Yoast SEO plugin. -->","yoast_head_json":{"title":"El Museo del Prado expone un Murillo Robado en 1897 - LA BRAVA RADIO","robots":{"index":"index","follow":"follow","max-snippet":"max-snippet:-1","max-image-preview":"max-image-preview:large","max-video-preview":"max-video-preview:-1"},"canonical":"https:\/\/www.bbmnoticias.com\/el-museo-del-prado-expone-un-murillo-robado-en-1897\/","og_locale":"es_MX","og_type":"article","og_title":"El Museo del Prado expone un Murillo Robado en 1897 - LA BRAVA RADIO","og_description":"Madrid, Espa\u00f1a.&#8211;&nbsp; Los visitantes que vayan al Museo del Prado en Madrid; en las vacaciones de invierno pueden ver \u201cSanta Ana dando una lecci\u00f3n a la Virgen\u201d se trata del boceto de mano del artista,&nbsp; Bartolom\u00e9 Esteban Murillo fue un pintor barroco espa\u00f1ol. La obra que se ver\u00e1&nbsp; proven\u00eda de la colecci\u00f3n de Isabel de [&hellip;]","og_url":"https:\/\/www.bbmnoticias.com\/el-museo-del-prado-expone-un-murillo-robado-en-1897\/","og_site_name":"LA BRAVA RADIO","article_published_time":"2025-11-20T17:54:21+00:00","article_modified_time":"2025-11-20T17:54:42+00:00","og_image":[{"width":915,"height":737,"url":"https:\/\/www.bbmnoticias.com\/labravaradiofm\/wp-content\/uploads\/sites\/5\/2025\/11\/6563lo.jpg","type":"image\/jpeg"}],"author":"Staff","twitter_card":"summary_large_image","twitter_misc":{"Escrito por":"Staff","Tiempo de lectura":"4 minutos"},"schema":{"@context":"https:\/\/schema.org","@graph":[{"@type":"Article","@id":"https:\/\/www.bbmnoticias.com\/el-museo-del-prado-expone-un-murillo-robado-en-1897\/#article","isPartOf":{"@id":"https:\/\/www.bbmnoticias.com\/labravaradiofm\/2025\/11\/20\/el-museo-del-prado-expone-un-murillo-robado-en-1897\/"},"author":{"name":"Staff","@id":"https:\/\/www.bbmnoticias.com\/labravaradiofm\/#\/schema\/person\/68a9e9036ef3c5b55aeb2b71dc8bab45"},"headline":"El Museo del Prado expone un Murillo Robado en 1897","datePublished":"2025-11-20T17:54:21+00:00","dateModified":"2025-11-20T17:54:42+00:00","mainEntityOfPage":{"@id":"https:\/\/www.bbmnoticias.com\/labravaradiofm\/2025\/11\/20\/el-museo-del-prado-expone-un-murillo-robado-en-1897\/"},"wordCount":823,"image":{"@id":"https:\/\/www.bbmnoticias.com\/el-museo-del-prado-expone-un-murillo-robado-en-1897\/#primaryimage"},"thumbnailUrl":"https:\/\/www.bbmnoticias.com\/labravaradiofm\/wp-content\/uploads\/sites\/5\/2025\/11\/6563lo.jpg","articleSection":["ESPECT\u00c1CULOS","LOCAL"],"inLanguage":"es"},{"@type":"WebPage","@id":"https:\/\/www.bbmnoticias.com\/labravaradiofm\/2025\/11\/20\/el-museo-del-prado-expone-un-murillo-robado-en-1897\/","url":"https:\/\/www.bbmnoticias.com\/el-museo-del-prado-expone-un-murillo-robado-en-1897\/","name":"El Museo del Prado expone un Murillo Robado en 1897 - LA BRAVA RADIO","isPartOf":{"@id":"https:\/\/www.bbmnoticias.com\/labravaradiofm\/#website"},"primaryImageOfPage":{"@id":"https:\/\/www.bbmnoticias.com\/el-museo-del-prado-expone-un-murillo-robado-en-1897\/#primaryimage"},"image":{"@id":"https:\/\/www.bbmnoticias.com\/el-museo-del-prado-expone-un-murillo-robado-en-1897\/#primaryimage"},"thumbnailUrl":"https:\/\/www.bbmnoticias.com\/labravaradiofm\/wp-content\/uploads\/sites\/5\/2025\/11\/6563lo.jpg","datePublished":"2025-11-20T17:54:21+00:00","dateModified":"2025-11-20T17:54:42+00:00","author":{"@id":"https:\/\/www.bbmnoticias.com\/labravaradiofm\/#\/schema\/person\/68a9e9036ef3c5b55aeb2b71dc8bab45"},"breadcrumb":{"@id":"https:\/\/www.bbmnoticias.com\/el-museo-del-prado-expone-un-murillo-robado-en-1897\/#breadcrumb"},"inLanguage":"es","potentialAction":[{"@type":"ReadAction","target":["https:\/\/www.bbmnoticias.com\/el-museo-del-prado-expone-un-murillo-robado-en-1897\/"]}]},{"@type":"ImageObject","inLanguage":"es","@id":"https:\/\/www.bbmnoticias.com\/el-museo-del-prado-expone-un-murillo-robado-en-1897\/#primaryimage","url":"https:\/\/www.bbmnoticias.com\/labravaradiofm\/wp-content\/uploads\/sites\/5\/2025\/11\/6563lo.jpg","contentUrl":"https:\/\/www.bbmnoticias.com\/labravaradiofm\/wp-content\/uploads\/sites\/5\/2025\/11\/6563lo.jpg","width":915,"height":737},{"@type":"BreadcrumbList","@id":"https:\/\/www.bbmnoticias.com\/el-museo-del-prado-expone-un-murillo-robado-en-1897\/#breadcrumb","itemListElement":[{"@type":"ListItem","position":1,"name":"Inicio","item":"https:\/\/www.bbmnoticias.com\/labravaradiofm\/"},{"@type":"ListItem","position":2,"name":"El Museo del Prado expone un Murillo Robado en 1897"}]},{"@type":"WebSite","@id":"https:\/\/www.bbmnoticias.com\/labravaradiofm\/#website","url":"https:\/\/www.bbmnoticias.com\/labravaradiofm\/","name":"LA BRAVA RADIO","description":"Empresa productora de medios, Radiodifusi\u00f3n, Noticias, tendencias y todo lo que necesitas saber de la pol\u00edtica mexicana e internacional; entretenimiento, espect\u00e1culos, salud y mucho m\u00e1s.","potentialAction":[{"@type":"SearchAction","target":{"@type":"EntryPoint","urlTemplate":"https:\/\/www.bbmnoticias.com\/labravaradiofm\/?s={search_term_string}"},"query-input":{"@type":"PropertyValueSpecification","valueRequired":true,"valueName":"search_term_string"}}],"inLanguage":"es"},{"@type":"Person","@id":"https:\/\/www.bbmnoticias.com\/labravaradiofm\/#\/schema\/person\/68a9e9036ef3c5b55aeb2b71dc8bab45","name":"Staff","image":{"@type":"ImageObject","inLanguage":"es","@id":"https:\/\/secure.gravatar.com\/avatar\/fdd21ad66fd8b98c407f9dee5b5e588cfe7f0d8579ec20fa6527cd59bab7f0f0?s=96&d=mm&r=g","url":"https:\/\/secure.gravatar.com\/avatar\/fdd21ad66fd8b98c407f9dee5b5e588cfe7f0d8579ec20fa6527cd59bab7f0f0?s=96&d=mm&r=g","contentUrl":"https:\/\/secure.gravatar.com\/avatar\/fdd21ad66fd8b98c407f9dee5b5e588cfe7f0d8579ec20fa6527cd59bab7f0f0?s=96&d=mm&r=g","caption":"Staff"},"url":"https:\/\/www.bbmnoticias.com\/labravaradiofm\/author\/redaccion\/"}]}},"_links":{"self":[{"href":"https:\/\/www.bbmnoticias.com\/labravaradiofm\/wp-json\/wp\/v2\/posts\/70057","targetHints":{"allow":["GET"]}}],"collection":[{"href":"https:\/\/www.bbmnoticias.com\/labravaradiofm\/wp-json\/wp\/v2\/posts"}],"about":[{"href":"https:\/\/www.bbmnoticias.com\/labravaradiofm\/wp-json\/wp\/v2\/types\/post"}],"author":[{"embeddable":true,"href":"https:\/\/www.bbmnoticias.com\/labravaradiofm\/wp-json\/wp\/v2\/users\/2"}],"replies":[{"embeddable":true,"href":"https:\/\/www.bbmnoticias.com\/labravaradiofm\/wp-json\/wp\/v2\/comments?post=70057"}],"version-history":[{"count":0,"href":"https:\/\/www.bbmnoticias.com\/labravaradiofm\/wp-json\/wp\/v2\/posts\/70057\/revisions"}],"wp:featuredmedia":[{"embeddable":true,"href":"https:\/\/www.bbmnoticias.com\/labravaradiofm\/wp-json\/wp\/v2\/media\/70059"}],"wp:attachment":[{"href":"https:\/\/www.bbmnoticias.com\/labravaradiofm\/wp-json\/wp\/v2\/media?parent=70057"}],"wp:term":[{"taxonomy":"category","embeddable":true,"href":"https:\/\/www.bbmnoticias.com\/labravaradiofm\/wp-json\/wp\/v2\/categories?post=70057"},{"taxonomy":"post_tag","embeddable":true,"href":"https:\/\/www.bbmnoticias.com\/labravaradiofm\/wp-json\/wp\/v2\/tags?post=70057"}],"curies":[{"name":"wp","href":"https:\/\/api.w.org\/{rel}","templated":true}]}}