{"id":70051,"date":"2025-11-20T07:47:36","date_gmt":"2025-11-20T13:47:36","guid":{"rendered":"https:\/\/www.bbmnoticias.com\/labravaradiofm\/2025\/11\/20\/sindica-de-oaxaca-denuncia-desvio-millonario-de-alcalde-y-la-encarcelan\/"},"modified":"2025-11-20T07:47:39","modified_gmt":"2025-11-20T13:47:39","slug":"sindica-de-oaxaca-denuncia-desvio-millonario-de-alcalde-y-la-encarcelan","status":"publish","type":"post","link":"https:\/\/www.bbmnoticias.com\/labravaradiofm\/2025\/11\/20\/sindica-de-oaxaca-denuncia-desvio-millonario-de-alcalde-y-la-encarcelan\/","title":{"rendered":"S\u00edndica de Oaxaca denuncia desv\u00edo millonario de alcalde y la encarcelan"},"content":{"rendered":"<div style=\"margin-top: 0px; margin-bottom: 0px;\" class=\"sharethis-inline-share-buttons\" ><\/div>\n<p>OAXACA.- La <strong>s\u00edndica municipal<\/strong> de <strong>Santa Mar\u00eda Apazco<\/strong>, perteneciente al distrito de <strong>Nochixtl\u00e1n<\/strong>, <strong>Oaxaca<\/strong>, <strong>Alejandra Jim\u00e9nez<\/strong>, fue <strong>encarcelada<\/strong> en los separos municipales de la comunidad de Tierra Colorada esta semana. La funcionaria fue presuntamente privada de su libertad por denunciar y negarse a firmar documentos que avalaban un <strong>desv\u00edo de recursos p\u00fablicos<\/strong> por m\u00e1s de 10 millones de pesos por parte del <strong>presidente municipal<\/strong>, <strong>Omar Bautista<\/strong>.<\/p>\n\n\n\n<p>De acuerdo a medios locales, la <strong>s\u00edndica Alejandra Jim\u00e9nez<\/strong> hab\u00eda hecho un llamado de auxilio con anticipaci\u00f3n, advirtiendo que no fue escuchada antes de enfrentar la situaci\u00f3n de su detenci\u00f3n.<\/p>\n\n\n\n<p>Se dio a conocer que la detenci\u00f3n de la <strong>s\u00edndica<\/strong> fue arbitraria y ocurri\u00f3 para impedir que asistiera a la asamblea general donde expondr\u00eda las irregularidades y la falta de transparencia en el manejo de los recursos.<\/p>\n\n\n\n<p>El encarcelamiento se dio en un contexto electoral, ya que Jim\u00e9nez fue llamada inicialmente por el supuesto nombramiento de un comit\u00e9 electoral que no fue avalado de manera democr\u00e1tica, en un municipio que se rige por el Sistema Normativo Interno de usos y costumbres. La <strong>s\u00edndica<\/strong> manifest\u00f3 que su detenci\u00f3n es producto de un proceso electoral fraudulento orquestado por el presidente municipal y otros funcionarios.<\/p>\n\n\n\n<p>Jim\u00e9nez se\u00f1al\u00f3 directamente al presidente municipal Omar Bautista Rodr\u00edguez, as\u00ed como al alcalde tesorero, regidor de obras, regidora de educaci\u00f3n y regidora de salud, como los responsables de orquestar su detenci\u00f3n.<\/p>\n\n\n\n<figure class=\"wp-block-image\"><img decoding=\"async\" src=\"https:\/\/lasillarota.com\/u\/fotografias\/m\/2025\/11\/19\/f768x1-807609_807736_5050.jpeg\" alt=\"\"\/><figcaption class=\"wp-element-caption\">Especial<\/figcaption><\/figure>\n\n\n\n<h2 class=\"wp-block-heading\">Las acusaciones que lanz\u00f3 la <strong>s\u00edndica oaxaque\u00f1a<\/strong><\/h2>\n\n\n\n<p>La detenci\u00f3n est\u00e1 estrechamente ligada a las acusaciones que la <strong>s\u00edndica<\/strong> hizo p\u00fablicas previamente, en el mes de agosto, en medios digitales. Entre las anomal\u00edas denunciadas se incluyen:<\/p>\n\n\n\n<p>Denuncia de un <strong>desv\u00edo millonario<\/strong>, espec\u00edficamente de m\u00e1s de 10 millones de pesos en recursos p\u00fablicos.<\/p>\n\n\n\n<p>La <strong>s\u00edndica<\/strong> acus\u00f3 la falsificaci\u00f3n de su firma en varios documentos que implicaban el manejo de recursos. En una entrevista, detall\u00f3 que la falsificaci\u00f3n se us\u00f3 para avalar la venta de un volteo a una empresa de materiales en <strong>Nochixtl\u00e1n<\/strong>.<\/p>\n\n\n\n<p>Denunci\u00f3 que el mun\u00edcipe supuestamente contrat\u00f3 asesor\u00eda t\u00e9cnica y contable, pero ella encontr\u00f3 documentos que indicaban que se trataba de su mismo despacho, lo cual constituye un acto de corrupci\u00f3n. Adem\u00e1s, se\u00f1al\u00f3 la integraci\u00f3n de familiares del presidente en la n\u00f3mina municipal sin que realizaran trabajo (nepotismo).<\/p>\n\n\n\n<p>La <strong>s\u00edndica Alejandra Jim\u00e9nez<\/strong> hab\u00eda interpuesto esta denuncia ante el \u00f3rgano fiscalizador de <strong>Oaxaca<\/strong> y la Fiscal\u00eda Anticorrupci\u00f3n.<\/p>\n\n\n\n<p>Tras las acusaciones de la funcionaria, se han orquestado campa\u00f1as de desprestigio contra ella, amenazas y persecuci\u00f3n, en lo que se ha catalogado como violencia simb\u00f3lica.<\/p>\n\n\n\n<p><strong>Alejandra Jim\u00e9nez<\/strong> enfatiz\u00f3 que \u201cesta sindicatura nunca ha sido c\u00f3mplice ni ha solapado ninguna anomal\u00eda que lastime o da\u00f1e la integridad de la paz social de mi municipio\u201d. Por su parte, la <strong>s\u00edndica<\/strong> hizo responsable al IEEPCO y al Tribunal Electoral por permitir la situaci\u00f3n.<\/p>\n\n\n\n<h2 class=\"wp-block-heading\">Otra versi\u00f3n de los hechos<\/h2>\n\n\n\n<p>Un grupo de pobladores afines al presidente municipal alegan que fue la propia <strong>s\u00edndica<\/strong> quien se encarcel\u00f3, supuestamente con el objetivo de desestabilizar el orden p\u00fablico.<\/p>\n\n\n\n<p>Finalmente, la <strong>s\u00edndica<\/strong> concluy\u00f3 sobre su situaci\u00f3n: \u201chice un llamado de auxilio con anticipaci\u00f3n, no fui escuchada y hoy enfrent\u00f3 est\u00e1 situaci\u00f3n lamentable\u201d.<\/p>\n\n\n\n<p>Con informaci\u00f3n de la Silla Rota<\/p>\n","protected":false},"excerpt":{"rendered":"<p>OAXACA.- La s\u00edndica municipal de Santa Mar\u00eda Apazco, perteneciente al distrito de Nochixtl\u00e1n, Oaxaca, Alejandra Jim\u00e9nez, fue encarcelada en los separos municipales de la comunidad de Tierra Colorada esta semana. La funcionaria fue presuntamente privada de su libertad por denunciar y negarse a firmar documentos que avalaban un desv\u00edo de recursos p\u00fablicos por m\u00e1s de [&hellip;]<\/p>\n","protected":false},"author":4,"featured_media":70053,"comment_status":"closed","ping_status":"","sticky":false,"template":"","format":"standard","meta":{"footnotes":""},"categories":[2],"tags":[],"class_list":{"0":"post-70051","1":"post","2":"type-post","3":"status-publish","4":"format-standard","5":"has-post-thumbnail","7":"category-oaxaca"},"yoast_head":"<!-- This site is optimized with the Yoast SEO plugin v27.4 - https:\/\/yoast.com\/product\/yoast-seo-wordpress\/ -->\n<title>S\u00edndica de Oaxaca denuncia desv\u00edo millonario de alcalde y la encarcelan - LA BRAVA RADIO<\/title>\n<meta name=\"robots\" content=\"index, follow, max-snippet:-1, max-image-preview:large, max-video-preview:-1\" \/>\n<link rel=\"canonical\" href=\"https:\/\/www.bbmnoticias.com\/sindica-de-oaxaca-denuncia-desvio-millonario-de-alcalde-y-la-encarcelan\/\" \/>\n<meta property=\"og:locale\" content=\"es_MX\" \/>\n<meta property=\"og:type\" content=\"article\" \/>\n<meta property=\"og:title\" content=\"S\u00edndica de Oaxaca denuncia desv\u00edo millonario de alcalde y la encarcelan - LA BRAVA RADIO\" \/>\n<meta property=\"og:description\" content=\"OAXACA.- La s\u00edndica municipal de Santa Mar\u00eda Apazco, perteneciente al distrito de Nochixtl\u00e1n, Oaxaca, Alejandra Jim\u00e9nez, fue encarcelada en los separos municipales de la comunidad de Tierra Colorada esta semana. La funcionaria fue presuntamente privada de su libertad por denunciar y negarse a firmar documentos que avalaban un desv\u00edo de recursos p\u00fablicos por m\u00e1s de [&hellip;]\" \/>\n<meta property=\"og:url\" content=\"https:\/\/www.bbmnoticias.com\/sindica-de-oaxaca-denuncia-desvio-millonario-de-alcalde-y-la-encarcelan\/\" \/>\n<meta property=\"og:site_name\" content=\"LA BRAVA RADIO\" \/>\n<meta property=\"article:published_time\" content=\"2025-11-20T13:47:36+00:00\" \/>\n<meta property=\"article:modified_time\" content=\"2025-11-20T13:47:39+00:00\" \/>\n<meta property=\"og:image\" content=\"https:\/\/www.bbmnoticias.com\/labravaradiofm\/wp-content\/uploads\/sites\/5\/2025\/11\/sindica_oaxaca.jpeg\" \/>\n\t<meta property=\"og:image:width\" content=\"960\" \/>\n\t<meta property=\"og:image:height\" content=\"540\" \/>\n\t<meta property=\"og:image:type\" content=\"image\/jpeg\" \/>\n<meta name=\"author\" content=\"Agencias\" \/>\n<meta name=\"twitter:card\" content=\"summary_large_image\" \/>\n<meta name=\"twitter:label1\" content=\"Escrito por\" \/>\n\t<meta name=\"twitter:data1\" content=\"Agencias\" \/>\n\t<meta name=\"twitter:label2\" content=\"Tiempo de lectura\" \/>\n\t<meta name=\"twitter:data2\" content=\"3 minutos\" \/>\n<script type=\"application\/ld+json\" class=\"yoast-schema-graph\">{\"@context\":\"https:\\\/\\\/schema.org\",\"@graph\":[{\"@type\":\"Article\",\"@id\":\"https:\\\/\\\/www.bbmnoticias.com\\\/sindica-de-oaxaca-denuncia-desvio-millonario-de-alcalde-y-la-encarcelan\\\/#article\",\"isPartOf\":{\"@id\":\"https:\\\/\\\/www.bbmnoticias.com\\\/labravaradiofm\\\/2025\\\/11\\\/20\\\/sindica-de-oaxaca-denuncia-desvio-millonario-de-alcalde-y-la-encarcelan\\\/\"},\"author\":{\"name\":\"Agencias\",\"@id\":\"https:\\\/\\\/www.bbmnoticias.com\\\/labravaradiofm\\\/#\\\/schema\\\/person\\\/000bdaf0a8fb5bff0d537c4d0778e33f\"},\"headline\":\"S\u00edndica de Oaxaca denuncia desv\u00edo millonario de alcalde y la encarcelan\",\"datePublished\":\"2025-11-20T13:47:36+00:00\",\"dateModified\":\"2025-11-20T13:47:39+00:00\",\"mainEntityOfPage\":{\"@id\":\"https:\\\/\\\/www.bbmnoticias.com\\\/labravaradiofm\\\/2025\\\/11\\\/20\\\/sindica-de-oaxaca-denuncia-desvio-millonario-de-alcalde-y-la-encarcelan\\\/\"},\"wordCount\":598,\"image\":{\"@id\":\"https:\\\/\\\/www.bbmnoticias.com\\\/sindica-de-oaxaca-denuncia-desvio-millonario-de-alcalde-y-la-encarcelan\\\/#primaryimage\"},\"thumbnailUrl\":\"https:\\\/\\\/www.bbmnoticias.com\\\/labravaradiofm\\\/wp-content\\\/uploads\\\/sites\\\/5\\\/2025\\\/11\\\/sindica_oaxaca.jpeg\",\"articleSection\":[\"LOCAL\"],\"inLanguage\":\"es\"},{\"@type\":\"WebPage\",\"@id\":\"https:\\\/\\\/www.bbmnoticias.com\\\/labravaradiofm\\\/2025\\\/11\\\/20\\\/sindica-de-oaxaca-denuncia-desvio-millonario-de-alcalde-y-la-encarcelan\\\/\",\"url\":\"https:\\\/\\\/www.bbmnoticias.com\\\/sindica-de-oaxaca-denuncia-desvio-millonario-de-alcalde-y-la-encarcelan\\\/\",\"name\":\"S\u00edndica de Oaxaca denuncia desv\u00edo millonario de alcalde y la encarcelan - LA BRAVA RADIO\",\"isPartOf\":{\"@id\":\"https:\\\/\\\/www.bbmnoticias.com\\\/labravaradiofm\\\/#website\"},\"primaryImageOfPage\":{\"@id\":\"https:\\\/\\\/www.bbmnoticias.com\\\/sindica-de-oaxaca-denuncia-desvio-millonario-de-alcalde-y-la-encarcelan\\\/#primaryimage\"},\"image\":{\"@id\":\"https:\\\/\\\/www.bbmnoticias.com\\\/sindica-de-oaxaca-denuncia-desvio-millonario-de-alcalde-y-la-encarcelan\\\/#primaryimage\"},\"thumbnailUrl\":\"https:\\\/\\\/www.bbmnoticias.com\\\/labravaradiofm\\\/wp-content\\\/uploads\\\/sites\\\/5\\\/2025\\\/11\\\/sindica_oaxaca.jpeg\",\"datePublished\":\"2025-11-20T13:47:36+00:00\",\"dateModified\":\"2025-11-20T13:47:39+00:00\",\"author\":{\"@id\":\"https:\\\/\\\/www.bbmnoticias.com\\\/labravaradiofm\\\/#\\\/schema\\\/person\\\/000bdaf0a8fb5bff0d537c4d0778e33f\"},\"breadcrumb\":{\"@id\":\"https:\\\/\\\/www.bbmnoticias.com\\\/sindica-de-oaxaca-denuncia-desvio-millonario-de-alcalde-y-la-encarcelan\\\/#breadcrumb\"},\"inLanguage\":\"es\",\"potentialAction\":[{\"@type\":\"ReadAction\",\"target\":[\"https:\\\/\\\/www.bbmnoticias.com\\\/sindica-de-oaxaca-denuncia-desvio-millonario-de-alcalde-y-la-encarcelan\\\/\"]}]},{\"@type\":\"ImageObject\",\"inLanguage\":\"es\",\"@id\":\"https:\\\/\\\/www.bbmnoticias.com\\\/sindica-de-oaxaca-denuncia-desvio-millonario-de-alcalde-y-la-encarcelan\\\/#primaryimage\",\"url\":\"https:\\\/\\\/www.bbmnoticias.com\\\/labravaradiofm\\\/wp-content\\\/uploads\\\/sites\\\/5\\\/2025\\\/11\\\/sindica_oaxaca.jpeg\",\"contentUrl\":\"https:\\\/\\\/www.bbmnoticias.com\\\/labravaradiofm\\\/wp-content\\\/uploads\\\/sites\\\/5\\\/2025\\\/11\\\/sindica_oaxaca.jpeg\",\"width\":960,\"height\":540},{\"@type\":\"BreadcrumbList\",\"@id\":\"https:\\\/\\\/www.bbmnoticias.com\\\/sindica-de-oaxaca-denuncia-desvio-millonario-de-alcalde-y-la-encarcelan\\\/#breadcrumb\",\"itemListElement\":[{\"@type\":\"ListItem\",\"position\":1,\"name\":\"Inicio\",\"item\":\"https:\\\/\\\/www.bbmnoticias.com\\\/labravaradiofm\\\/\"},{\"@type\":\"ListItem\",\"position\":2,\"name\":\"S\u00edndica de Oaxaca denuncia desv\u00edo millonario de alcalde y la encarcelan\"}]},{\"@type\":\"WebSite\",\"@id\":\"https:\\\/\\\/www.bbmnoticias.com\\\/labravaradiofm\\\/#website\",\"url\":\"https:\\\/\\\/www.bbmnoticias.com\\\/labravaradiofm\\\/\",\"name\":\"LA BRAVA RADIO\",\"description\":\"Empresa productora de medios, Radiodifusi\u00f3n, Noticias, tendencias y todo lo que necesitas saber de la pol\u00edtica mexicana e internacional; entretenimiento, espect\u00e1culos, salud y mucho m\u00e1s.\",\"potentialAction\":[{\"@type\":\"SearchAction\",\"target\":{\"@type\":\"EntryPoint\",\"urlTemplate\":\"https:\\\/\\\/www.bbmnoticias.com\\\/labravaradiofm\\\/?s={search_term_string}\"},\"query-input\":{\"@type\":\"PropertyValueSpecification\",\"valueRequired\":true,\"valueName\":\"search_term_string\"}}],\"inLanguage\":\"es\"},{\"@type\":\"Person\",\"@id\":\"https:\\\/\\\/www.bbmnoticias.com\\\/labravaradiofm\\\/#\\\/schema\\\/person\\\/000bdaf0a8fb5bff0d537c4d0778e33f\",\"name\":\"Agencias\",\"image\":{\"@type\":\"ImageObject\",\"inLanguage\":\"es\",\"@id\":\"https:\\\/\\\/secure.gravatar.com\\\/avatar\\\/739e0b61adf9e398b425c36718c8752286da0e8cd90f20ce9a86678abc26aa0d?s=96&d=mm&r=g\",\"url\":\"https:\\\/\\\/secure.gravatar.com\\\/avatar\\\/739e0b61adf9e398b425c36718c8752286da0e8cd90f20ce9a86678abc26aa0d?s=96&d=mm&r=g\",\"contentUrl\":\"https:\\\/\\\/secure.gravatar.com\\\/avatar\\\/739e0b61adf9e398b425c36718c8752286da0e8cd90f20ce9a86678abc26aa0d?s=96&d=mm&r=g\",\"caption\":\"Agencias\"},\"url\":\"https:\\\/\\\/www.bbmnoticias.com\\\/labravaradiofm\\\/author\\\/agencias\\\/\"}]}<\/script>\n<!-- \/ Yoast SEO plugin. -->","yoast_head_json":{"title":"S\u00edndica de Oaxaca denuncia desv\u00edo millonario de alcalde y la encarcelan - LA BRAVA RADIO","robots":{"index":"index","follow":"follow","max-snippet":"max-snippet:-1","max-image-preview":"max-image-preview:large","max-video-preview":"max-video-preview:-1"},"canonical":"https:\/\/www.bbmnoticias.com\/sindica-de-oaxaca-denuncia-desvio-millonario-de-alcalde-y-la-encarcelan\/","og_locale":"es_MX","og_type":"article","og_title":"S\u00edndica de Oaxaca denuncia desv\u00edo millonario de alcalde y la encarcelan - LA BRAVA RADIO","og_description":"OAXACA.- La s\u00edndica municipal de Santa Mar\u00eda Apazco, perteneciente al distrito de Nochixtl\u00e1n, Oaxaca, Alejandra Jim\u00e9nez, fue encarcelada en los separos municipales de la comunidad de Tierra Colorada esta semana. La funcionaria fue presuntamente privada de su libertad por denunciar y negarse a firmar documentos que avalaban un desv\u00edo de recursos p\u00fablicos por m\u00e1s de [&hellip;]","og_url":"https:\/\/www.bbmnoticias.com\/sindica-de-oaxaca-denuncia-desvio-millonario-de-alcalde-y-la-encarcelan\/","og_site_name":"LA BRAVA RADIO","article_published_time":"2025-11-20T13:47:36+00:00","article_modified_time":"2025-11-20T13:47:39+00:00","og_image":[{"width":960,"height":540,"url":"https:\/\/www.bbmnoticias.com\/labravaradiofm\/wp-content\/uploads\/sites\/5\/2025\/11\/sindica_oaxaca.jpeg","type":"image\/jpeg"}],"author":"Agencias","twitter_card":"summary_large_image","twitter_misc":{"Escrito por":"Agencias","Tiempo de lectura":"3 minutos"},"schema":{"@context":"https:\/\/schema.org","@graph":[{"@type":"Article","@id":"https:\/\/www.bbmnoticias.com\/sindica-de-oaxaca-denuncia-desvio-millonario-de-alcalde-y-la-encarcelan\/#article","isPartOf":{"@id":"https:\/\/www.bbmnoticias.com\/labravaradiofm\/2025\/11\/20\/sindica-de-oaxaca-denuncia-desvio-millonario-de-alcalde-y-la-encarcelan\/"},"author":{"name":"Agencias","@id":"https:\/\/www.bbmnoticias.com\/labravaradiofm\/#\/schema\/person\/000bdaf0a8fb5bff0d537c4d0778e33f"},"headline":"S\u00edndica de Oaxaca denuncia desv\u00edo millonario de alcalde y la encarcelan","datePublished":"2025-11-20T13:47:36+00:00","dateModified":"2025-11-20T13:47:39+00:00","mainEntityOfPage":{"@id":"https:\/\/www.bbmnoticias.com\/labravaradiofm\/2025\/11\/20\/sindica-de-oaxaca-denuncia-desvio-millonario-de-alcalde-y-la-encarcelan\/"},"wordCount":598,"image":{"@id":"https:\/\/www.bbmnoticias.com\/sindica-de-oaxaca-denuncia-desvio-millonario-de-alcalde-y-la-encarcelan\/#primaryimage"},"thumbnailUrl":"https:\/\/www.bbmnoticias.com\/labravaradiofm\/wp-content\/uploads\/sites\/5\/2025\/11\/sindica_oaxaca.jpeg","articleSection":["LOCAL"],"inLanguage":"es"},{"@type":"WebPage","@id":"https:\/\/www.bbmnoticias.com\/labravaradiofm\/2025\/11\/20\/sindica-de-oaxaca-denuncia-desvio-millonario-de-alcalde-y-la-encarcelan\/","url":"https:\/\/www.bbmnoticias.com\/sindica-de-oaxaca-denuncia-desvio-millonario-de-alcalde-y-la-encarcelan\/","name":"S\u00edndica de Oaxaca denuncia desv\u00edo millonario de alcalde y la encarcelan - LA BRAVA RADIO","isPartOf":{"@id":"https:\/\/www.bbmnoticias.com\/labravaradiofm\/#website"},"primaryImageOfPage":{"@id":"https:\/\/www.bbmnoticias.com\/sindica-de-oaxaca-denuncia-desvio-millonario-de-alcalde-y-la-encarcelan\/#primaryimage"},"image":{"@id":"https:\/\/www.bbmnoticias.com\/sindica-de-oaxaca-denuncia-desvio-millonario-de-alcalde-y-la-encarcelan\/#primaryimage"},"thumbnailUrl":"https:\/\/www.bbmnoticias.com\/labravaradiofm\/wp-content\/uploads\/sites\/5\/2025\/11\/sindica_oaxaca.jpeg","datePublished":"2025-11-20T13:47:36+00:00","dateModified":"2025-11-20T13:47:39+00:00","author":{"@id":"https:\/\/www.bbmnoticias.com\/labravaradiofm\/#\/schema\/person\/000bdaf0a8fb5bff0d537c4d0778e33f"},"breadcrumb":{"@id":"https:\/\/www.bbmnoticias.com\/sindica-de-oaxaca-denuncia-desvio-millonario-de-alcalde-y-la-encarcelan\/#breadcrumb"},"inLanguage":"es","potentialAction":[{"@type":"ReadAction","target":["https:\/\/www.bbmnoticias.com\/sindica-de-oaxaca-denuncia-desvio-millonario-de-alcalde-y-la-encarcelan\/"]}]},{"@type":"ImageObject","inLanguage":"es","@id":"https:\/\/www.bbmnoticias.com\/sindica-de-oaxaca-denuncia-desvio-millonario-de-alcalde-y-la-encarcelan\/#primaryimage","url":"https:\/\/www.bbmnoticias.com\/labravaradiofm\/wp-content\/uploads\/sites\/5\/2025\/11\/sindica_oaxaca.jpeg","contentUrl":"https:\/\/www.bbmnoticias.com\/labravaradiofm\/wp-content\/uploads\/sites\/5\/2025\/11\/sindica_oaxaca.jpeg","width":960,"height":540},{"@type":"BreadcrumbList","@id":"https:\/\/www.bbmnoticias.com\/sindica-de-oaxaca-denuncia-desvio-millonario-de-alcalde-y-la-encarcelan\/#breadcrumb","itemListElement":[{"@type":"ListItem","position":1,"name":"Inicio","item":"https:\/\/www.bbmnoticias.com\/labravaradiofm\/"},{"@type":"ListItem","position":2,"name":"S\u00edndica de Oaxaca denuncia desv\u00edo millonario de alcalde y la encarcelan"}]},{"@type":"WebSite","@id":"https:\/\/www.bbmnoticias.com\/labravaradiofm\/#website","url":"https:\/\/www.bbmnoticias.com\/labravaradiofm\/","name":"LA BRAVA RADIO","description":"Empresa productora de medios, Radiodifusi\u00f3n, Noticias, tendencias y todo lo que necesitas saber de la pol\u00edtica mexicana e internacional; entretenimiento, espect\u00e1culos, salud y mucho m\u00e1s.","potentialAction":[{"@type":"SearchAction","target":{"@type":"EntryPoint","urlTemplate":"https:\/\/www.bbmnoticias.com\/labravaradiofm\/?s={search_term_string}"},"query-input":{"@type":"PropertyValueSpecification","valueRequired":true,"valueName":"search_term_string"}}],"inLanguage":"es"},{"@type":"Person","@id":"https:\/\/www.bbmnoticias.com\/labravaradiofm\/#\/schema\/person\/000bdaf0a8fb5bff0d537c4d0778e33f","name":"Agencias","image":{"@type":"ImageObject","inLanguage":"es","@id":"https:\/\/secure.gravatar.com\/avatar\/739e0b61adf9e398b425c36718c8752286da0e8cd90f20ce9a86678abc26aa0d?s=96&d=mm&r=g","url":"https:\/\/secure.gravatar.com\/avatar\/739e0b61adf9e398b425c36718c8752286da0e8cd90f20ce9a86678abc26aa0d?s=96&d=mm&r=g","contentUrl":"https:\/\/secure.gravatar.com\/avatar\/739e0b61adf9e398b425c36718c8752286da0e8cd90f20ce9a86678abc26aa0d?s=96&d=mm&r=g","caption":"Agencias"},"url":"https:\/\/www.bbmnoticias.com\/labravaradiofm\/author\/agencias\/"}]}},"_links":{"self":[{"href":"https:\/\/www.bbmnoticias.com\/labravaradiofm\/wp-json\/wp\/v2\/posts\/70051","targetHints":{"allow":["GET"]}}],"collection":[{"href":"https:\/\/www.bbmnoticias.com\/labravaradiofm\/wp-json\/wp\/v2\/posts"}],"about":[{"href":"https:\/\/www.bbmnoticias.com\/labravaradiofm\/wp-json\/wp\/v2\/types\/post"}],"author":[{"embeddable":true,"href":"https:\/\/www.bbmnoticias.com\/labravaradiofm\/wp-json\/wp\/v2\/users\/4"}],"replies":[{"embeddable":true,"href":"https:\/\/www.bbmnoticias.com\/labravaradiofm\/wp-json\/wp\/v2\/comments?post=70051"}],"version-history":[{"count":0,"href":"https:\/\/www.bbmnoticias.com\/labravaradiofm\/wp-json\/wp\/v2\/posts\/70051\/revisions"}],"wp:featuredmedia":[{"embeddable":true,"href":"https:\/\/www.bbmnoticias.com\/labravaradiofm\/wp-json\/wp\/v2\/media\/70053"}],"wp:attachment":[{"href":"https:\/\/www.bbmnoticias.com\/labravaradiofm\/wp-json\/wp\/v2\/media?parent=70051"}],"wp:term":[{"taxonomy":"category","embeddable":true,"href":"https:\/\/www.bbmnoticias.com\/labravaradiofm\/wp-json\/wp\/v2\/categories?post=70051"},{"taxonomy":"post_tag","embeddable":true,"href":"https:\/\/www.bbmnoticias.com\/labravaradiofm\/wp-json\/wp\/v2\/tags?post=70051"}],"curies":[{"name":"wp","href":"https:\/\/api.w.org\/{rel}","templated":true}]}}